{"id":9633,"date":"2022-05-17T16:05:34","date_gmt":"2022-05-17T14:05:34","guid":{"rendered":"https:\/\/sites.hslu.ch\/architektur\/?p=9633"},"modified":"2022-05-17T16:05:36","modified_gmt":"2022-05-17T14:05:36","slug":"veredelungsstelle","status":"publish","type":"post","link":"https:\/\/sites.hslu.ch\/architektur\/veredelungsstelle\/","title":{"rendered":"Veredelungsstelle"},"content":{"rendered":"\n<h3 class=\"wp-block-heading\">W\u00e4hrend der ersten vier Studienwochen entwarfen und realisierten die Studierenden im Projektmodul STRUKTUR (Bachelor Basic) einen Stuhl im Massstab 1:1. Sie suchten nach einem durchdachten Umgang mit Materialien und deren Verbindung(en) \u2013 nach der Veredelungsstelle, welche die Einzelteile zu einem edlen Ganzen vereinen.&nbsp;<\/h3>\n\n\n\n<p>Die F\u00fcgungsprinzipien \u00abVerbinden\/Spannen\u00bb, \u00abGiessen\/Pressen\u00bb und \u00abSchichten\/Stapeln\u00bb wurden vorgegeben. Um sich auf die F\u00fcgung von Materialien zu konzentieren und gleichzeitig die Umweltbelastung sowie Kosten tief zu halten, wurde in der Vor\u00fcbung haupts\u00e4chlich mit Altmaterial gearbeitet.<\/p>\n\n\n\n<h3 class=\"wp-block-heading\">Paper in motion<\/h3>\n\n\n\n<p><strong>Lukas Ehrler <\/strong>und <strong>Lewin Bregy<\/strong> aus dem Atelier von Besa Zajmi arbeiteten mit dem Material Papier und dem F\u00fcgungsprinzip \u00abschichten und stapeln\u00bb. Sie schreiben folgendes zu ihrem Konzept: <br>Beim sitzenden Menschen leitet das Sitzbein Vertikalkr\u00e4fte direkt auf den Untergrund weiter. Wie in der Architektur bildet der Stuhl ein stabiles Fundament und geht an der Sitzoberfl\u00e4che auf die K\u00f6rpereigenschaften des Menschen ein. Durch das Verbiegen, in eine \u00abTropfform\u00bb, erreicht Papier den federnden Effekt. Es entstand ein Stuhl mit dynamischer Formsprache. Geschichtetes Papier ergibt die einzelnen \u00abBaukl\u00f6tze\u00bb. Diese unterschiedlichen Elemente sind gezielt neben- (schichten) und aufeinander (stapeln) angeordnet. Dank dem Fu\u0308gungsprinzip des \u00abschnu\u0308ren\u00bb kann der Stuhl zuru\u0308ck bis zum einzelnen Blatt zerlegt werden. Papier und Faden sind sich materiell in ihren Rohstoffen verwandt und haben sich ihr Zusammenspiel beim schweizer Altpapierbu\u0308ndel u\u0308ber Jahre bew\u00e4hrt<br>und durchgesetzt.<\/p>\n\n\n    <div class=\"ms-gallery \">\n        <div class=\"ms-gallery-sizer\"><\/div>\n        <div class=\"ms-gallery-gutter\"><\/div>\n                                        <div class=\"ms-gallery-item narrow\">\n                                                            <a href=\"https:\/\/sites.hslu.ch\/architektur\/wp-content\/uploads\/sites\/11\/2022\/05\/Lewin-Bregy-Lukas-Ehrler.jpg\" data-lightbox=\"masonery-gallery\"  data-size=\"narrow\"  data-title=\"\" data-alt=\"\">\n                        <img decoding=\"async\" class=\"ms-gallery-item__image\"  data-size=\"narrow\"  src=\"https:\/\/sites.hslu.ch\/architektur\/wp-content\/uploads\/sites\/11\/2022\/05\/Lewin-Bregy-Lukas-Ehrler.jpg\" alt=\"\" \/>\n                    <\/a>\n                                        <\/div>\n\n                                                                    <div class=\"ms-gallery-item narrow\">\n                                                            <a href=\"https:\/\/sites.hslu.ch\/architektur\/wp-content\/uploads\/sites\/11\/2022\/05\/Lewin-Bregy-Lukas-Ehrler9.jpg\" data-lightbox=\"masonery-gallery\"  data-size=\"narrow\"  data-title=\"\" data-alt=\"\">\n                        <img decoding=\"async\" class=\"ms-gallery-item__image\"  data-size=\"narrow\"  src=\"https:\/\/sites.hslu.ch\/architektur\/wp-content\/uploads\/sites\/11\/2022\/05\/Lewin-Bregy-Lukas-Ehrler9.jpg\" alt=\"\" \/>\n                    <\/a>\n                                        <\/div>\n\n                                                                    <div class=\"ms-gallery-item narrow\">\n                                                            <a href=\"https:\/\/sites.hslu.ch\/architektur\/wp-content\/uploads\/sites\/11\/2022\/05\/Lewin-Bregy-Lukas-Ehrler3.jpg\" data-lightbox=\"masonery-gallery\"  data-size=\"narrow\"  data-title=\"\" data-alt=\"\">\n                        <img decoding=\"async\" class=\"ms-gallery-item__image\"  data-size=\"narrow\"  src=\"https:\/\/sites.hslu.ch\/architektur\/wp-content\/uploads\/sites\/11\/2022\/05\/Lewin-Bregy-Lukas-Ehrler3.jpg\" alt=\"\" \/>\n                    <\/a>\n                                        <\/div>\n\n                                                    <div class=\"ms-gallery-item narrow\">\n                <\/div>\n                <\/div>\n            \n\n\n<p>Die beiden Studierenden erstellten auch eine Bauanleitung f\u00fcr ihren Stuhl:<\/p>\n\n\n    <div class=\"ms-gallery \">\n        <div class=\"ms-gallery-sizer\"><\/div>\n        <div class=\"ms-gallery-gutter\"><\/div>\n                                        <div class=\"ms-gallery-item narrow\">\n                                                            <a href=\"https:\/\/sites.hslu.ch\/architektur\/wp-content\/uploads\/sites\/11\/2022\/05\/Lewin-Bregy-Lukas-Ehrler-Seite16.jpg\" data-lightbox=\"masonery-gallery\"  data-size=\"narrow\"  data-title=\"\" data-alt=\"\">\n                        <img decoding=\"async\" class=\"ms-gallery-item__image\"  data-size=\"narrow\"  src=\"https:\/\/sites.hslu.ch\/architektur\/wp-content\/uploads\/sites\/11\/2022\/05\/Lewin-Bregy-Lukas-Ehrler-Seite16.jpg\" alt=\"\" \/>\n                    <\/a>\n                                        <\/div>\n\n                                                                    <div class=\"ms-gallery-item narrow\">\n                                                            <a href=\"https:\/\/sites.hslu.ch\/architektur\/wp-content\/uploads\/sites\/11\/2022\/05\/Lewin-Bregy-Lukas-Ehrler-Seite17.jpg\" data-lightbox=\"masonery-gallery\"  data-size=\"narrow\"  data-title=\"\" data-alt=\"\">\n                        <img decoding=\"async\" class=\"ms-gallery-item__image\"  data-size=\"narrow\"  src=\"https:\/\/sites.hslu.ch\/architektur\/wp-content\/uploads\/sites\/11\/2022\/05\/Lewin-Bregy-Lukas-Ehrler-Seite17.jpg\" alt=\"\" \/>\n                    <\/a>\n                                        <\/div>\n\n                                                                    <div class=\"ms-gallery-item narrow\">\n                                                            <a href=\"https:\/\/sites.hslu.ch\/architektur\/wp-content\/uploads\/sites\/11\/2022\/05\/Lewin-Bregy-Lukas-Ehrler-Seite18.jpg\" data-lightbox=\"masonery-gallery\"  data-size=\"narrow\"  data-title=\"\" data-alt=\"\">\n                        <img decoding=\"async\" class=\"ms-gallery-item__image\"  data-size=\"narrow\"  src=\"https:\/\/sites.hslu.ch\/architektur\/wp-content\/uploads\/sites\/11\/2022\/05\/Lewin-Bregy-Lukas-Ehrler-Seite18.jpg\" alt=\"\" \/>\n                    <\/a>\n                                        <\/div>\n\n                                                                    <div class=\"ms-gallery-item narrow\">\n                                                            <a href=\"https:\/\/sites.hslu.ch\/architektur\/wp-content\/uploads\/sites\/11\/2022\/05\/Lewin-Bregy-Lukas-Ehrler-Seite19.jpg\" data-lightbox=\"masonery-gallery\"  data-size=\"narrow\"  data-title=\"\" data-alt=\"\">\n                        <img decoding=\"async\" class=\"ms-gallery-item__image\"  data-size=\"narrow\"  src=\"https:\/\/sites.hslu.ch\/architektur\/wp-content\/uploads\/sites\/11\/2022\/05\/Lewin-Bregy-Lukas-Ehrler-Seite19.jpg\" alt=\"\" \/>\n                    <\/a>\n                                        <\/div>\n\n                                                    <div class=\"ms-gallery-item narrow\">\n                <\/div>\n                <\/div>\n            \n\n\n<h3 class=\"wp-block-heading\">Halbzeug<\/h3>\n\n\n\n<p>Die Studierenden <strong>Leon Haueter<\/strong> und <strong>Vincent Suter<\/strong> aus dem Atelier von Matthew Howell und Nina Cattaneo arbeiteten mit dem F\u00fcgungsprinzip Stapeln und Schichten. Sie schreiben \u00fcber ihre Arbeit:<br>Aluminium und Kupfer, zwei Metalle, die in der Baubranche noch immer zu den meistverwendeten geh\u00f6ren. Als endliche Ressourcen und recyklierbare Rohstoffe ist denn auch ihr Marktwert hoch. Alleine die im Hocker verbauten 10m Aluminiumkabelkanal und die 420m Kupferkabel sind 150 Franken wert.<br>Die eingeschnittenen Rohre bilden durch die Stapelung einen Verband, der die statischen Eigenschaften der Rohrgeometrie zum tragen bringt. Die Sitzfl\u00e4che entsteht durch 1400 Kabelstu\u0308cke, zu Schlaufen gebogen und dicht in die Rohr\u00f6ffnungen der obersten Rohrreihe eingesteckt. Nach innen und aussen gebogen entsteht durch die isolierten Kupferkabel ein konfortabler Sitz in der Kabelkrone.<\/p>\n\n\n    <div class=\"ms-gallery \">\n        <div class=\"ms-gallery-sizer\"><\/div>\n        <div class=\"ms-gallery-gutter\"><\/div>\n                                    <div class=\"ms-gallery-item wide\">\n                                                        <a href=\"https:\/\/sites.hslu.ch\/architektur\/wp-content\/uploads\/sites\/11\/2022\/05\/Leon-Haueter_Vincent-Suter2-1.jpg\" data-lightbox=\"masonery-gallery\"  data-size=\"wide\"  data-title=\"\" data-alt=\"\">\n                        <img decoding=\"async\" class=\"ms-gallery-item__image\"  data-size=\"wide\"  src=\"https:\/\/sites.hslu.ch\/architektur\/wp-content\/uploads\/sites\/11\/2022\/05\/Leon-Haueter_Vincent-Suter2-1.jpg\" alt=\"\" \/>\n                    <\/a>\n                                        <\/div>\n\n                                                                    <div class=\"ms-gallery-item narrow\">\n                                                            <a href=\"https:\/\/sites.hslu.ch\/architektur\/wp-content\/uploads\/sites\/11\/2022\/05\/Leon-Haueter_Vincent-Suter.jpg\" data-lightbox=\"masonery-gallery\"  data-size=\"narrow\"  data-title=\"\" data-alt=\"\">\n                        <img decoding=\"async\" class=\"ms-gallery-item__image\"  data-size=\"narrow\"  src=\"https:\/\/sites.hslu.ch\/architektur\/wp-content\/uploads\/sites\/11\/2022\/05\/Leon-Haueter_Vincent-Suter.jpg\" alt=\"\" \/>\n                    <\/a>\n                                        <\/div>\n\n                                                                <div class=\"ms-gallery-item wide\">\n                                                        <a href=\"https:\/\/sites.hslu.ch\/architektur\/wp-content\/uploads\/sites\/11\/2022\/05\/Leon-Haueter_Vincent-Suter1.jpg\" data-lightbox=\"masonery-gallery\"  data-size=\"wide\"  data-title=\"\" data-alt=\"\">\n                        <img decoding=\"async\" class=\"ms-gallery-item__image\"  data-size=\"wide\"  src=\"https:\/\/sites.hslu.ch\/architektur\/wp-content\/uploads\/sites\/11\/2022\/05\/Leon-Haueter_Vincent-Suter1.jpg\" alt=\"\" \/>\n                    <\/a>\n                                        <\/div>\n\n                                                    <div class=\"ms-gallery-item narrow\">\n                <\/div>\n                <\/div>\n            \n\n\n<h3 class=\"wp-block-heading\">Impressionen von der Schlusskritik dieser Vor\u00fcbung<\/h3>\n\n\n    <div class=\"ms-gallery \">\n        <div class=\"ms-gallery-sizer\"><\/div>\n        <div class=\"ms-gallery-gutter\"><\/div>\n                                        <div class=\"ms-gallery-item narrow\">\n                                                            <a href=\"https:\/\/sites.hslu.ch\/architektur\/wp-content\/uploads\/sites\/11\/2022\/05\/22fs_1_Basic_Kritik_Stuhl_1866.jpg\" data-lightbox=\"masonery-gallery\"  data-size=\"narrow\"  data-title=\"\" data-alt=\"\">\n                        <img decoding=\"async\" class=\"ms-gallery-item__image\"  data-size=\"narrow\"  src=\"https:\/\/sites.hslu.ch\/architektur\/wp-content\/uploads\/sites\/11\/2022\/05\/22fs_1_Basic_Kritik_Stuhl_1866.jpg\" alt=\"\" \/>\n                    <\/a>\n                                        <\/div>\n\n                                                                <div class=\"ms-gallery-item wide\">\n                                                        <a href=\"https:\/\/sites.hslu.ch\/architektur\/wp-content\/uploads\/sites\/11\/2022\/05\/22fs_1_Basic_Kritik_Stuhl_1888.jpg\" data-lightbox=\"masonery-gallery\"  data-size=\"wide\"  data-title=\"\" data-alt=\"\">\n                        <img decoding=\"async\" class=\"ms-gallery-item__image\"  data-size=\"wide\"  src=\"https:\/\/sites.hslu.ch\/architektur\/wp-content\/uploads\/sites\/11\/2022\/05\/22fs_1_Basic_Kritik_Stuhl_1888.jpg\" alt=\"\" \/>\n                    <\/a>\n                                        <\/div>\n\n                                                                    <div class=\"ms-gallery-item narrow\">\n                                                            <a href=\"https:\/\/sites.hslu.ch\/architektur\/wp-content\/uploads\/sites\/11\/2022\/05\/22fs_1_Basic_Kritik_Stuhl_1912.jpg\" data-lightbox=\"masonery-gallery\"  data-size=\"narrow\"  data-title=\"\" data-alt=\"\">\n                        <img decoding=\"async\" class=\"ms-gallery-item__image\"  data-size=\"narrow\"  src=\"https:\/\/sites.hslu.ch\/architektur\/wp-content\/uploads\/sites\/11\/2022\/05\/22fs_1_Basic_Kritik_Stuhl_1912.jpg\" alt=\"\" \/>\n                    <\/a>\n                                        <\/div>\n\n                                                                    <div class=\"ms-gallery-item narrow\">\n                                                            <a href=\"https:\/\/sites.hslu.ch\/architektur\/wp-content\/uploads\/sites\/11\/2022\/05\/22fs_1_Basic_Kritik_Stuhl_1959.jpg\" data-lightbox=\"masonery-gallery\"  data-size=\"narrow\"  data-title=\"\" data-alt=\"\">\n                        <img decoding=\"async\" class=\"ms-gallery-item__image\"  data-size=\"narrow\"  src=\"https:\/\/sites.hslu.ch\/architektur\/wp-content\/uploads\/sites\/11\/2022\/05\/22fs_1_Basic_Kritik_Stuhl_1959.jpg\" alt=\"\" \/>\n                    <\/a>\n                                        <\/div>\n\n                                                                <div class=\"ms-gallery-item wide\">\n                                                        <a href=\"https:\/\/sites.hslu.ch\/architektur\/wp-content\/uploads\/sites\/11\/2022\/05\/22fs_1_Basic_Kritik_Stuhl_1971.jpg\" data-lightbox=\"masonery-gallery\"  data-size=\"wide\"  data-title=\"\" data-alt=\"\">\n                        <img decoding=\"async\" class=\"ms-gallery-item__image\"  data-size=\"wide\"  src=\"https:\/\/sites.hslu.ch\/architektur\/wp-content\/uploads\/sites\/11\/2022\/05\/22fs_1_Basic_Kritik_Stuhl_1971.jpg\" alt=\"\" \/>\n                    <\/a>\n                                        <\/div>\n\n                                                                <div class=\"ms-gallery-item wide\">\n                                                        <a href=\"https:\/\/sites.hslu.ch\/architektur\/wp-content\/uploads\/sites\/11\/2022\/05\/22fs_1_Basic_Kritik_Stuhl_1975.jpg\" data-lightbox=\"masonery-gallery\"  data-size=\"wide\"  data-title=\"\" data-alt=\"\">\n                        <img decoding=\"async\" class=\"ms-gallery-item__image\"  data-size=\"wide\"  src=\"https:\/\/sites.hslu.ch\/architektur\/wp-content\/uploads\/sites\/11\/2022\/05\/22fs_1_Basic_Kritik_Stuhl_1975.jpg\" alt=\"\" \/>\n                    <\/a>\n                                        <\/div>\n\n                                                                    <div class=\"ms-gallery-item narrow\">\n                                                            <a href=\"https:\/\/sites.hslu.ch\/architektur\/wp-content\/uploads\/sites\/11\/2022\/05\/22fs_1_Basic_Kritik_Stuhl_1981.jpg\" data-lightbox=\"masonery-gallery\"  data-size=\"narrow\"  data-title=\"\" data-alt=\"\">\n                        <img decoding=\"async\" class=\"ms-gallery-item__image\"  data-size=\"narrow\"  src=\"https:\/\/sites.hslu.ch\/architektur\/wp-content\/uploads\/sites\/11\/2022\/05\/22fs_1_Basic_Kritik_Stuhl_1981.jpg\" alt=\"\" \/>\n                    <\/a>\n                                        <\/div>\n\n                                                                    <div class=\"ms-gallery-item narrow\">\n                                                            <a href=\"https:\/\/sites.hslu.ch\/architektur\/wp-content\/uploads\/sites\/11\/2022\/05\/22fs_1_Basic_Kritik_Stuhl_2035.jpg\" data-lightbox=\"masonery-gallery\"  data-size=\"narrow\"  data-title=\"\" data-alt=\"\">\n                        <img decoding=\"async\" class=\"ms-gallery-item__image\"  data-size=\"narrow\"  src=\"https:\/\/sites.hslu.ch\/architektur\/wp-content\/uploads\/sites\/11\/2022\/05\/22fs_1_Basic_Kritik_Stuhl_2035.jpg\" alt=\"\" \/>\n                    <\/a>\n                                        <\/div>\n\n                                                                <div class=\"ms-gallery-item wide\">\n                                                        <a href=\"https:\/\/sites.hslu.ch\/architektur\/wp-content\/uploads\/sites\/11\/2022\/05\/22fs_1_Basic_Kritik_Stuhl_2058.jpg\" data-lightbox=\"masonery-gallery\"  data-size=\"wide\"  data-title=\"\" data-alt=\"\">\n                        <img decoding=\"async\" class=\"ms-gallery-item__image\"  data-size=\"wide\"  src=\"https:\/\/sites.hslu.ch\/architektur\/wp-content\/uploads\/sites\/11\/2022\/05\/22fs_1_Basic_Kritik_Stuhl_2058.jpg\" alt=\"\" \/>\n                    <\/a>\n                                        <\/div>\n\n                                                                    <div class=\"ms-gallery-item narrow\">\n                                                            <a href=\"https:\/\/sites.hslu.ch\/architektur\/wp-content\/uploads\/sites\/11\/2022\/05\/22fs_1_Basic_Kritik_Stuhl_2070.jpg\" data-lightbox=\"masonery-gallery\"  data-size=\"narrow\"  data-title=\"\" data-alt=\"\">\n                        <img decoding=\"async\" class=\"ms-gallery-item__image\"  data-size=\"narrow\"  src=\"https:\/\/sites.hslu.ch\/architektur\/wp-content\/uploads\/sites\/11\/2022\/05\/22fs_1_Basic_Kritik_Stuhl_2070.jpg\" alt=\"\" \/>\n                    <\/a>\n                                        <\/div>\n\n                                                                    <div class=\"ms-gallery-item narrow\">\n                                                            <a href=\"https:\/\/sites.hslu.ch\/architektur\/wp-content\/uploads\/sites\/11\/2022\/05\/22fs_1_Basic_Kritik_Stuhl_2100.jpg\" data-lightbox=\"masonery-gallery\"  data-size=\"narrow\"  data-title=\"\" data-alt=\"\">\n                        <img decoding=\"async\" class=\"ms-gallery-item__image\"  data-size=\"narrow\"  src=\"https:\/\/sites.hslu.ch\/architektur\/wp-content\/uploads\/sites\/11\/2022\/05\/22fs_1_Basic_Kritik_Stuhl_2100.jpg\" alt=\"\" \/>\n                    <\/a>\n                                        <\/div>\n\n                                                                    <div class=\"ms-gallery-item narrow\">\n                                                            <a href=\"https:\/\/sites.hslu.ch\/architektur\/wp-content\/uploads\/sites\/11\/2022\/05\/22fs_1_Basic_Kritik_Stuhl_2107.jpg\" data-lightbox=\"masonery-gallery\"  data-size=\"narrow\"  data-title=\"\" data-alt=\"\">\n                        <img decoding=\"async\" class=\"ms-gallery-item__image\"  data-size=\"narrow\"  src=\"https:\/\/sites.hslu.ch\/architektur\/wp-content\/uploads\/sites\/11\/2022\/05\/22fs_1_Basic_Kritik_Stuhl_2107.jpg\" alt=\"\" \/>\n                    <\/a>\n                                        <\/div>\n\n                                                                    <div class=\"ms-gallery-item narrow\">\n                                                            <a href=\"https:\/\/sites.hslu.ch\/architektur\/wp-content\/uploads\/sites\/11\/2022\/05\/22fs_1_Basic_Kritik_Stuhl_2116.jpg\" data-lightbox=\"masonery-gallery\"  data-size=\"narrow\"  data-title=\"\" data-alt=\"\">\n                        <img decoding=\"async\" class=\"ms-gallery-item__image\"  data-size=\"narrow\"  src=\"https:\/\/sites.hslu.ch\/architektur\/wp-content\/uploads\/sites\/11\/2022\/05\/22fs_1_Basic_Kritik_Stuhl_2116.jpg\" alt=\"\" \/>\n                    <\/a>\n                                        <\/div>\n\n                                                                <div class=\"ms-gallery-item wide\">\n                                                        <a href=\"https:\/\/sites.hslu.ch\/architektur\/wp-content\/uploads\/sites\/11\/2022\/05\/22fs_1_Basic_Kritik_Stuhl_2118.jpg\" data-lightbox=\"masonery-gallery\"  data-size=\"wide\"  data-title=\"\" data-alt=\"\">\n                        <img decoding=\"async\" class=\"ms-gallery-item__image\"  data-size=\"wide\"  src=\"https:\/\/sites.hslu.ch\/architektur\/wp-content\/uploads\/sites\/11\/2022\/05\/22fs_1_Basic_Kritik_Stuhl_2118.jpg\" alt=\"\" \/>\n                    <\/a>\n                                        <\/div>\n\n                                                    <div class=\"ms-gallery-item narrow\">\n                <\/div>\n                <\/div>\n            ","protected":false},"excerpt":{"rendered":"<p>W\u00e4hrend der ersten vier Studienwochen entwarfen und realisierten die Studierenden im Projektmodul STRUKTUR (Bachelor Basic) einen Stuhl im Massstab 1:1. Sie suchten nach einem durchdachten Umgang mit Materialien und deren [&hellip;]<\/p>\n","protected":false},"author":44,"featured_media":9638,"comment_status":"closed","ping_status":"closed","sticky":false,"template":"","format":"standard","meta":{"_acf_changed":false,"footnotes":""},"categories":[6,220,15,22],"tags":[],"class_list":["post-9633","post","type-post","status-publish","format-standard","has-post-thumbnail","hentry","category-bachelor-architektur","category-fs2022","category-projektmodule","category-semester-jahr"],"acf":[],"yoast_head":"<!-- This site is optimized with the Yoast SEO plugin v27.5 - https:\/\/yoast.com\/product\/yoast-seo-wordpress\/ -->\n<title>Veredelungsstelle - Architektur an der Hochschule Luzern<\/title>\n<meta name=\"robots\" content=\"index, follow, max-snippet:-1, max-image-preview:large, max-video-preview:-1\" \/>\n<link rel=\"canonical\" href=\"https:\/\/sites.hslu.ch\/architektur\/veredelungsstelle\/\" \/>\n<meta property=\"og:locale\" content=\"de_DE\" \/>\n<meta property=\"og:type\" content=\"article\" \/>\n<meta property=\"og:title\" content=\"Veredelungsstelle - Architektur an der Hochschule Luzern\" \/>\n<meta property=\"og:description\" content=\"W\u00e4hrend der ersten vier Studienwochen entwarfen und realisierten die Studierenden im Projektmodul STRUKTUR (Bachelor Basic) einen Stuhl im Massstab 1:1. Sie suchten nach einem durchdachten Umgang mit Materialien und deren [&hellip;]\" \/>\n<meta property=\"og:url\" content=\"https:\/\/sites.hslu.ch\/architektur\/veredelungsstelle\/\" \/>\n<meta property=\"og:site_name\" content=\"Architektur an der Hochschule Luzern\" \/>\n<meta property=\"article:published_time\" content=\"2022-05-17T14:05:34+00:00\" \/>\n<meta property=\"article:modified_time\" content=\"2022-05-17T14:05:36+00:00\" \/>\n<meta property=\"og:image\" content=\"https:\/\/sites.hslu.ch\/architektur\/wp-content\/uploads\/sites\/11\/2022\/05\/Leon-Haueter_Vincent-Suter2.jpg\" \/>\n\t<meta property=\"og:image:width\" content=\"1920\" \/>\n\t<meta property=\"og:image:height\" content=\"1366\" \/>\n\t<meta property=\"og:image:type\" content=\"image\/jpeg\" \/>\n<meta name=\"author\" content=\"jaramalevez\" \/>\n<meta name=\"twitter:card\" content=\"summary_large_image\" \/>\n<meta name=\"twitter:label1\" content=\"Verfasst von\" \/>\n\t<meta name=\"twitter:data1\" content=\"jaramalevez\" \/>\n\t<meta name=\"twitter:label2\" content=\"Gesch\u00e4tzte Lesezeit\" \/>\n\t<meta name=\"twitter:data2\" content=\"2\u00a0Minuten\" \/>\n<script type=\"application\/ld+json\" class=\"yoast-schema-graph\">{\"@context\":\"https:\\\/\\\/schema.org\",\"@graph\":[{\"@type\":\"Article\",\"@id\":\"https:\\\/\\\/sites.hslu.ch\\\/architektur\\\/veredelungsstelle\\\/#article\",\"isPartOf\":{\"@id\":\"https:\\\/\\\/sites.hslu.ch\\\/architektur\\\/veredelungsstelle\\\/\"},\"author\":{\"name\":\"jaramalevez\",\"@id\":\"https:\\\/\\\/sites.hslu.ch\\\/architektur\\\/#\\\/schema\\\/person\\\/001cee0914381b1d1d390e0f07da2aad\"},\"headline\":\"Veredelungsstelle\",\"datePublished\":\"2022-05-17T14:05:34+00:00\",\"dateModified\":\"2022-05-17T14:05:36+00:00\",\"mainEntityOfPage\":{\"@id\":\"https:\\\/\\\/sites.hslu.ch\\\/architektur\\\/veredelungsstelle\\\/\"},\"wordCount\":377,\"image\":{\"@id\":\"https:\\\/\\\/sites.hslu.ch\\\/architektur\\\/veredelungsstelle\\\/#primaryimage\"},\"thumbnailUrl\":\"https:\\\/\\\/sites.hslu.ch\\\/architektur\\\/wp-content\\\/uploads\\\/sites\\\/11\\\/2022\\\/05\\\/Leon-Haueter_Vincent-Suter2.jpg\",\"articleSection\":[\"Bachelor Architektur\",\"FS2022\",\"Projektmodule\",\"Semester\\\/Jahr\"],\"inLanguage\":\"de\"},{\"@type\":\"WebPage\",\"@id\":\"https:\\\/\\\/sites.hslu.ch\\\/architektur\\\/veredelungsstelle\\\/\",\"url\":\"https:\\\/\\\/sites.hslu.ch\\\/architektur\\\/veredelungsstelle\\\/\",\"name\":\"Veredelungsstelle - Architektur an der Hochschule Luzern\",\"isPartOf\":{\"@id\":\"https:\\\/\\\/sites.hslu.ch\\\/architektur\\\/#website\"},\"primaryImageOfPage\":{\"@id\":\"https:\\\/\\\/sites.hslu.ch\\\/architektur\\\/veredelungsstelle\\\/#primaryimage\"},\"image\":{\"@id\":\"https:\\\/\\\/sites.hslu.ch\\\/architektur\\\/veredelungsstelle\\\/#primaryimage\"},\"thumbnailUrl\":\"https:\\\/\\\/sites.hslu.ch\\\/architektur\\\/wp-content\\\/uploads\\\/sites\\\/11\\\/2022\\\/05\\\/Leon-Haueter_Vincent-Suter2.jpg\",\"datePublished\":\"2022-05-17T14:05:34+00:00\",\"dateModified\":\"2022-05-17T14:05:36+00:00\",\"author\":{\"@id\":\"https:\\\/\\\/sites.hslu.ch\\\/architektur\\\/#\\\/schema\\\/person\\\/001cee0914381b1d1d390e0f07da2aad\"},\"breadcrumb\":{\"@id\":\"https:\\\/\\\/sites.hslu.ch\\\/architektur\\\/veredelungsstelle\\\/#breadcrumb\"},\"inLanguage\":\"de\",\"potentialAction\":[{\"@type\":\"ReadAction\",\"target\":[\"https:\\\/\\\/sites.hslu.ch\\\/architektur\\\/veredelungsstelle\\\/\"]}]},{\"@type\":\"ImageObject\",\"inLanguage\":\"de\",\"@id\":\"https:\\\/\\\/sites.hslu.ch\\\/architektur\\\/veredelungsstelle\\\/#primaryimage\",\"url\":\"https:\\\/\\\/sites.hslu.ch\\\/architektur\\\/wp-content\\\/uploads\\\/sites\\\/11\\\/2022\\\/05\\\/Leon-Haueter_Vincent-Suter2.jpg\",\"contentUrl\":\"https:\\\/\\\/sites.hslu.ch\\\/architektur\\\/wp-content\\\/uploads\\\/sites\\\/11\\\/2022\\\/05\\\/Leon-Haueter_Vincent-Suter2.jpg\",\"width\":1920,\"height\":1366},{\"@type\":\"BreadcrumbList\",\"@id\":\"https:\\\/\\\/sites.hslu.ch\\\/architektur\\\/veredelungsstelle\\\/#breadcrumb\",\"itemListElement\":[{\"@type\":\"ListItem\",\"position\":1,\"name\":\"Home\",\"item\":\"https:\\\/\\\/sites.hslu.ch\\\/architektur\\\/\"},{\"@type\":\"ListItem\",\"position\":2,\"name\":\"Veredelungsstelle\"}]},{\"@type\":\"WebSite\",\"@id\":\"https:\\\/\\\/sites.hslu.ch\\\/architektur\\\/#website\",\"url\":\"https:\\\/\\\/sites.hslu.ch\\\/architektur\\\/\",\"name\":\"Architektur an der Hochschule Luzern\",\"description\":\"\",\"potentialAction\":[{\"@type\":\"SearchAction\",\"target\":{\"@type\":\"EntryPoint\",\"urlTemplate\":\"https:\\\/\\\/sites.hslu.ch\\\/architektur\\\/?s={search_term_string}\"},\"query-input\":{\"@type\":\"PropertyValueSpecification\",\"valueRequired\":true,\"valueName\":\"search_term_string\"}}],\"inLanguage\":\"de\"},{\"@type\":\"Person\",\"@id\":\"https:\\\/\\\/sites.hslu.ch\\\/architektur\\\/#\\\/schema\\\/person\\\/001cee0914381b1d1d390e0f07da2aad\",\"name\":\"jaramalevez\",\"url\":\"https:\\\/\\\/sites.hslu.ch\\\/architektur\\\/author\\\/jaramalevez\\\/\"}]}<\/script>\n<!-- \/ Yoast SEO plugin. -->","yoast_head_json":{"title":"Veredelungsstelle - Architektur an der Hochschule Luzern","robots":{"index":"index","follow":"follow","max-snippet":"max-snippet:-1","max-image-preview":"max-image-preview:large","max-video-preview":"max-video-preview:-1"},"canonical":"https:\/\/sites.hslu.ch\/architektur\/veredelungsstelle\/","og_locale":"de_DE","og_type":"article","og_title":"Veredelungsstelle - Architektur an der Hochschule Luzern","og_description":"W\u00e4hrend der ersten vier Studienwochen entwarfen und realisierten die Studierenden im Projektmodul STRUKTUR (Bachelor Basic) einen Stuhl im Massstab 1:1. Sie suchten nach einem durchdachten Umgang mit Materialien und deren [&hellip;]","og_url":"https:\/\/sites.hslu.ch\/architektur\/veredelungsstelle\/","og_site_name":"Architektur an der Hochschule Luzern","article_published_time":"2022-05-17T14:05:34+00:00","article_modified_time":"2022-05-17T14:05:36+00:00","og_image":[{"width":1920,"height":1366,"url":"https:\/\/sites.hslu.ch\/architektur\/wp-content\/uploads\/sites\/11\/2022\/05\/Leon-Haueter_Vincent-Suter2.jpg","type":"image\/jpeg"}],"author":"jaramalevez","twitter_card":"summary_large_image","twitter_misc":{"Verfasst von":"jaramalevez","Gesch\u00e4tzte Lesezeit":"2\u00a0Minuten"},"schema":{"@context":"https:\/\/schema.org","@graph":[{"@type":"Article","@id":"https:\/\/sites.hslu.ch\/architektur\/veredelungsstelle\/#article","isPartOf":{"@id":"https:\/\/sites.hslu.ch\/architektur\/veredelungsstelle\/"},"author":{"name":"jaramalevez","@id":"https:\/\/sites.hslu.ch\/architektur\/#\/schema\/person\/001cee0914381b1d1d390e0f07da2aad"},"headline":"Veredelungsstelle","datePublished":"2022-05-17T14:05:34+00:00","dateModified":"2022-05-17T14:05:36+00:00","mainEntityOfPage":{"@id":"https:\/\/sites.hslu.ch\/architektur\/veredelungsstelle\/"},"wordCount":377,"image":{"@id":"https:\/\/sites.hslu.ch\/architektur\/veredelungsstelle\/#primaryimage"},"thumbnailUrl":"https:\/\/sites.hslu.ch\/architektur\/wp-content\/uploads\/sites\/11\/2022\/05\/Leon-Haueter_Vincent-Suter2.jpg","articleSection":["Bachelor Architektur","FS2022","Projektmodule","Semester\/Jahr"],"inLanguage":"de"},{"@type":"WebPage","@id":"https:\/\/sites.hslu.ch\/architektur\/veredelungsstelle\/","url":"https:\/\/sites.hslu.ch\/architektur\/veredelungsstelle\/","name":"Veredelungsstelle - Architektur an der Hochschule Luzern","isPartOf":{"@id":"https:\/\/sites.hslu.ch\/architektur\/#website"},"primaryImageOfPage":{"@id":"https:\/\/sites.hslu.ch\/architektur\/veredelungsstelle\/#primaryimage"},"image":{"@id":"https:\/\/sites.hslu.ch\/architektur\/veredelungsstelle\/#primaryimage"},"thumbnailUrl":"https:\/\/sites.hslu.ch\/architektur\/wp-content\/uploads\/sites\/11\/2022\/05\/Leon-Haueter_Vincent-Suter2.jpg","datePublished":"2022-05-17T14:05:34+00:00","dateModified":"2022-05-17T14:05:36+00:00","author":{"@id":"https:\/\/sites.hslu.ch\/architektur\/#\/schema\/person\/001cee0914381b1d1d390e0f07da2aad"},"breadcrumb":{"@id":"https:\/\/sites.hslu.ch\/architektur\/veredelungsstelle\/#breadcrumb"},"inLanguage":"de","potentialAction":[{"@type":"ReadAction","target":["https:\/\/sites.hslu.ch\/architektur\/veredelungsstelle\/"]}]},{"@type":"ImageObject","inLanguage":"de","@id":"https:\/\/sites.hslu.ch\/architektur\/veredelungsstelle\/#primaryimage","url":"https:\/\/sites.hslu.ch\/architektur\/wp-content\/uploads\/sites\/11\/2022\/05\/Leon-Haueter_Vincent-Suter2.jpg","contentUrl":"https:\/\/sites.hslu.ch\/architektur\/wp-content\/uploads\/sites\/11\/2022\/05\/Leon-Haueter_Vincent-Suter2.jpg","width":1920,"height":1366},{"@type":"BreadcrumbList","@id":"https:\/\/sites.hslu.ch\/architektur\/veredelungsstelle\/#breadcrumb","itemListElement":[{"@type":"ListItem","position":1,"name":"Home","item":"https:\/\/sites.hslu.ch\/architektur\/"},{"@type":"ListItem","position":2,"name":"Veredelungsstelle"}]},{"@type":"WebSite","@id":"https:\/\/sites.hslu.ch\/architektur\/#website","url":"https:\/\/sites.hslu.ch\/architektur\/","name":"Architektur an der Hochschule Luzern","description":"","potentialAction":[{"@type":"SearchAction","target":{"@type":"EntryPoint","urlTemplate":"https:\/\/sites.hslu.ch\/architektur\/?s={search_term_string}"},"query-input":{"@type":"PropertyValueSpecification","valueRequired":true,"valueName":"search_term_string"}}],"inLanguage":"de"},{"@type":"Person","@id":"https:\/\/sites.hslu.ch\/architektur\/#\/schema\/person\/001cee0914381b1d1d390e0f07da2aad","name":"jaramalevez","url":"https:\/\/sites.hslu.ch\/architektur\/author\/jaramalevez\/"}]}},"_links":{"self":[{"href":"https:\/\/sites.hslu.ch\/architektur\/wp-json\/wp\/v2\/posts\/9633","targetHints":{"allow":["GET"]}}],"collection":[{"href":"https:\/\/sites.hslu.ch\/architektur\/wp-json\/wp\/v2\/posts"}],"about":[{"href":"https:\/\/sites.hslu.ch\/architektur\/wp-json\/wp\/v2\/types\/post"}],"author":[{"embeddable":true,"href":"https:\/\/sites.hslu.ch\/architektur\/wp-json\/wp\/v2\/users\/44"}],"replies":[{"embeddable":true,"href":"https:\/\/sites.hslu.ch\/architektur\/wp-json\/wp\/v2\/comments?post=9633"}],"version-history":[{"count":14,"href":"https:\/\/sites.hslu.ch\/architektur\/wp-json\/wp\/v2\/posts\/9633\/revisions"}],"predecessor-version":[{"id":9728,"href":"https:\/\/sites.hslu.ch\/architektur\/wp-json\/wp\/v2\/posts\/9633\/revisions\/9728"}],"wp:featuredmedia":[{"embeddable":true,"href":"https:\/\/sites.hslu.ch\/architektur\/wp-json\/wp\/v2\/media\/9638"}],"wp:attachment":[{"href":"https:\/\/sites.hslu.ch\/architektur\/wp-json\/wp\/v2\/media?parent=9633"}],"wp:term":[{"taxonomy":"category","embeddable":true,"href":"https:\/\/sites.hslu.ch\/architektur\/wp-json\/wp\/v2\/categories?post=9633"},{"taxonomy":"post_tag","embeddable":true,"href":"https:\/\/sites.hslu.ch\/architektur\/wp-json\/wp\/v2\/tags?post=9633"}],"curies":[{"name":"wp","href":"https:\/\/api.w.org\/{rel}","templated":true}]}}