{"id":855,"date":"2021-09-07T14:13:45","date_gmt":"2021-09-07T12:13:45","guid":{"rendered":"https:\/\/sites.hslu.ch\/architektur\/?p=855"},"modified":"2021-12-08T20:37:05","modified_gmt":"2021-12-08T19:37:05","slug":"bourbaki-panorama","status":"publish","type":"post","link":"https:\/\/sites.hslu.ch\/architektur\/bourbaki-panorama\/","title":{"rendered":"Bourbaki Panorama"},"content":{"rendered":"\n<h3 class=\"wp-block-heading\">Im Modul R\u00e4umliche Vision besch\u00e4ftigen sich die Studierenden mit einem Kunstwerk. Sie w\u00e4hlen f\u00fcr ihre Arbeit sowohl das Kunstwerk wie auch das Medium, mit dem sie ihre visuelle Analyse durchf\u00fchren. Zeichnung, Fotografie, Video, Malerei \u2013 alles ist m\u00f6glich. Die Studierenden Fabio Gsell, Jo\u00ebl Mari\u00e9thod und Elisa Vello haben sich im FS2016 mit dem Bourbaki Panorama Luzern auseinandergesetzt. Enstanden ist ein Video, eine Prozessdokumentation und ein kleines Heft.<\/h3>\n\n\n\n<p>Die Studierenden beschreiben den Prozess des untenstehenden Videos wie folgt:<br>Um die Wirkung des Bourbaki Panoramas st\u00e4rker zu erfahren, begaben wir uns an den Schauplatz des Geschehens auf dem Bild. Der Ort befindet sich im Jura, im Val de Travers, neben einem Dorf namens Les Verri\u00e8res. Ziemlich genau durch die Mitte dieses Dorfes verl\u00e4uft die schweizerisch-franz\u00f6sische Grenze mit dem dazugeh\u00f6rigen Zollhaus. Anhand der Tatsache, dass der Originalschauplatz sich in diesem Tal an der Grenze befindet, war der genaue Ort leicht auszumachen.<br>Am Ort angekommen machten wir uns auf die Suche nach dem genauen Standpunkt. Die Hu\u0308gel seitlich des Tals sowie das heute noch benutzte Bahngleis fu\u0308hrten in den ungef\u00e4hren Umkreis. Jedoch konnte der Standpunkt erst mit Hilfe des Kirchturms und zwei Geb\u00e4uden, welche auf dem Panorama deutlich zu erkennen sind, ermittelt werden.<br>Dort angekommen machten wir Fotos, welche wir sp\u00e4ter mit der Merge-Funktion zu einem Panorama zusammenfu\u0308gten. So hatten wir den direkten Vergleich des gemalten Bildes und des Schauplatzes, wie er heute aussieht.<\/p>\n\n\n\n<figure class=\"wp-block-embed is-type-video is-provider-vimeo wp-block-embed-vimeo wp-embed-aspect-16-9 wp-has-aspect-ratio\"><div class=\"wp-block-embed__wrapper\">\n<iframe loading=\"lazy\" title=\"FS16_RAUMV_Bourbaki_Panorama\" src=\"https:\/\/player.vimeo.com\/video\/210774480?app_id=122963\" width=\"640\" height=\"360\" frameborder=\"0\" allow=\"autoplay; fullscreen; picture-in-picture; clipboard-write\"><\/iframe>\n<\/div><figcaption>Video Bourbaki Panorama Luzern und Les Verri\u00e8res, Jura<\/figcaption><\/figure>\n\n\n\n<p><a href=\"https:\/\/sites.hslu.ch\/architektur\/wp-content\/uploads\/sites\/11\/2021\/09\/04c_Mariet.J.160602.Raum_V_Prozess-Dokumentation_Elisa_Fabio_Joel_kl.pdf\">Download Prozessdokumentation <\/a><\/p>\n","protected":false},"excerpt":{"rendered":"<p>Im Modul R\u00e4umliche Vision besch\u00e4ftigen sich die Studierenden mit einem Kunstwerk. Sie w\u00e4hlen f\u00fcr ihre Arbeit sowohl das Kunstwerk wie auch das Medium, mit dem sie ihre visuelle Analyse durchf\u00fchren. [&hellip;]<\/p>\n","protected":false},"author":44,"featured_media":856,"comment_status":"closed","ping_status":"closed","sticky":false,"template":"","format":"standard","meta":{"_acf_changed":false,"footnotes":""},"categories":[23,12,22],"tags":[],"class_list":["post-855","post","type-post","status-publish","format-standard","has-post-thumbnail","hentry","category-fs2017","category-gestaltung","category-semester-jahr"],"acf":[],"yoast_head":"<!-- This site is optimized with the Yoast SEO plugin v27.5 - https:\/\/yoast.com\/product\/yoast-seo-wordpress\/ -->\n<title>Bourbaki Panorama - Architektur an der Hochschule Luzern<\/title>\n<meta name=\"robots\" content=\"index, follow, max-snippet:-1, max-image-preview:large, max-video-preview:-1\" \/>\n<link rel=\"canonical\" href=\"https:\/\/sites.hslu.ch\/architektur\/bourbaki-panorama\/\" \/>\n<meta property=\"og:locale\" content=\"de_DE\" \/>\n<meta property=\"og:type\" content=\"article\" \/>\n<meta property=\"og:title\" content=\"Bourbaki Panorama - Architektur an der Hochschule Luzern\" \/>\n<meta property=\"og:description\" content=\"Im Modul R\u00e4umliche Vision besch\u00e4ftigen sich die Studierenden mit einem Kunstwerk. Sie w\u00e4hlen f\u00fcr ihre Arbeit sowohl das Kunstwerk wie auch das Medium, mit dem sie ihre visuelle Analyse durchf\u00fchren. [&hellip;]\" \/>\n<meta property=\"og:url\" content=\"https:\/\/sites.hslu.ch\/architektur\/bourbaki-panorama\/\" \/>\n<meta property=\"og:site_name\" content=\"Architektur an der Hochschule Luzern\" \/>\n<meta property=\"article:published_time\" content=\"2021-09-07T12:13:45+00:00\" \/>\n<meta property=\"article:modified_time\" content=\"2021-12-08T19:37:05+00:00\" \/>\n<meta property=\"og:image\" content=\"https:\/\/sites.hslu.ch\/architektur\/wp-content\/uploads\/sites\/11\/2021\/09\/Standbild_Bourbaki_Panorama_RAUM-V.jpg\" \/>\n\t<meta property=\"og:image:width\" content=\"960\" \/>\n\t<meta property=\"og:image:height\" content=\"540\" \/>\n\t<meta property=\"og:image:type\" content=\"image\/jpeg\" \/>\n<meta name=\"author\" content=\"jaramalevez\" \/>\n<meta name=\"twitter:card\" content=\"summary_large_image\" \/>\n<meta name=\"twitter:label1\" content=\"Verfasst von\" \/>\n\t<meta name=\"twitter:data1\" content=\"jaramalevez\" \/>\n\t<meta name=\"twitter:label2\" content=\"Gesch\u00e4tzte Lesezeit\" \/>\n\t<meta name=\"twitter:data2\" content=\"2\u00a0Minuten\" \/>\n<script type=\"application\/ld+json\" class=\"yoast-schema-graph\">{\"@context\":\"https:\\\/\\\/schema.org\",\"@graph\":[{\"@type\":\"Article\",\"@id\":\"https:\\\/\\\/sites.hslu.ch\\\/architektur\\\/bourbaki-panorama\\\/#article\",\"isPartOf\":{\"@id\":\"https:\\\/\\\/sites.hslu.ch\\\/architektur\\\/bourbaki-panorama\\\/\"},\"author\":{\"name\":\"jaramalevez\",\"@id\":\"https:\\\/\\\/sites.hslu.ch\\\/architektur\\\/#\\\/schema\\\/person\\\/001cee0914381b1d1d390e0f07da2aad\"},\"headline\":\"Bourbaki Panorama\",\"datePublished\":\"2021-09-07T12:13:45+00:00\",\"dateModified\":\"2021-12-08T19:37:05+00:00\",\"mainEntityOfPage\":{\"@id\":\"https:\\\/\\\/sites.hslu.ch\\\/architektur\\\/bourbaki-panorama\\\/\"},\"wordCount\":264,\"image\":{\"@id\":\"https:\\\/\\\/sites.hslu.ch\\\/architektur\\\/bourbaki-panorama\\\/#primaryimage\"},\"thumbnailUrl\":\"https:\\\/\\\/sites.hslu.ch\\\/architektur\\\/wp-content\\\/uploads\\\/sites\\\/11\\\/2021\\\/09\\\/Standbild_Bourbaki_Panorama_RAUM-V.jpg\",\"articleSection\":[\"FS2017\",\"Gestaltung\",\"Semester\\\/Jahr\"],\"inLanguage\":\"de\"},{\"@type\":\"WebPage\",\"@id\":\"https:\\\/\\\/sites.hslu.ch\\\/architektur\\\/bourbaki-panorama\\\/\",\"url\":\"https:\\\/\\\/sites.hslu.ch\\\/architektur\\\/bourbaki-panorama\\\/\",\"name\":\"Bourbaki Panorama - Architektur an der Hochschule Luzern\",\"isPartOf\":{\"@id\":\"https:\\\/\\\/sites.hslu.ch\\\/architektur\\\/#website\"},\"primaryImageOfPage\":{\"@id\":\"https:\\\/\\\/sites.hslu.ch\\\/architektur\\\/bourbaki-panorama\\\/#primaryimage\"},\"image\":{\"@id\":\"https:\\\/\\\/sites.hslu.ch\\\/architektur\\\/bourbaki-panorama\\\/#primaryimage\"},\"thumbnailUrl\":\"https:\\\/\\\/sites.hslu.ch\\\/architektur\\\/wp-content\\\/uploads\\\/sites\\\/11\\\/2021\\\/09\\\/Standbild_Bourbaki_Panorama_RAUM-V.jpg\",\"datePublished\":\"2021-09-07T12:13:45+00:00\",\"dateModified\":\"2021-12-08T19:37:05+00:00\",\"author\":{\"@id\":\"https:\\\/\\\/sites.hslu.ch\\\/architektur\\\/#\\\/schema\\\/person\\\/001cee0914381b1d1d390e0f07da2aad\"},\"breadcrumb\":{\"@id\":\"https:\\\/\\\/sites.hslu.ch\\\/architektur\\\/bourbaki-panorama\\\/#breadcrumb\"},\"inLanguage\":\"de\",\"potentialAction\":[{\"@type\":\"ReadAction\",\"target\":[\"https:\\\/\\\/sites.hslu.ch\\\/architektur\\\/bourbaki-panorama\\\/\"]}]},{\"@type\":\"ImageObject\",\"inLanguage\":\"de\",\"@id\":\"https:\\\/\\\/sites.hslu.ch\\\/architektur\\\/bourbaki-panorama\\\/#primaryimage\",\"url\":\"https:\\\/\\\/sites.hslu.ch\\\/architektur\\\/wp-content\\\/uploads\\\/sites\\\/11\\\/2021\\\/09\\\/Standbild_Bourbaki_Panorama_RAUM-V.jpg\",\"contentUrl\":\"https:\\\/\\\/sites.hslu.ch\\\/architektur\\\/wp-content\\\/uploads\\\/sites\\\/11\\\/2021\\\/09\\\/Standbild_Bourbaki_Panorama_RAUM-V.jpg\",\"width\":960,\"height\":540},{\"@type\":\"BreadcrumbList\",\"@id\":\"https:\\\/\\\/sites.hslu.ch\\\/architektur\\\/bourbaki-panorama\\\/#breadcrumb\",\"itemListElement\":[{\"@type\":\"ListItem\",\"position\":1,\"name\":\"Home\",\"item\":\"https:\\\/\\\/sites.hslu.ch\\\/architektur\\\/\"},{\"@type\":\"ListItem\",\"position\":2,\"name\":\"Bourbaki Panorama\"}]},{\"@type\":\"WebSite\",\"@id\":\"https:\\\/\\\/sites.hslu.ch\\\/architektur\\\/#website\",\"url\":\"https:\\\/\\\/sites.hslu.ch\\\/architektur\\\/\",\"name\":\"Architektur an der Hochschule Luzern\",\"description\":\"\",\"potentialAction\":[{\"@type\":\"SearchAction\",\"target\":{\"@type\":\"EntryPoint\",\"urlTemplate\":\"https:\\\/\\\/sites.hslu.ch\\\/architektur\\\/?s={search_term_string}\"},\"query-input\":{\"@type\":\"PropertyValueSpecification\",\"valueRequired\":true,\"valueName\":\"search_term_string\"}}],\"inLanguage\":\"de\"},{\"@type\":\"Person\",\"@id\":\"https:\\\/\\\/sites.hslu.ch\\\/architektur\\\/#\\\/schema\\\/person\\\/001cee0914381b1d1d390e0f07da2aad\",\"name\":\"jaramalevez\",\"url\":\"https:\\\/\\\/sites.hslu.ch\\\/architektur\\\/author\\\/jaramalevez\\\/\"}]}<\/script>\n<!-- \/ Yoast SEO plugin. -->","yoast_head_json":{"title":"Bourbaki Panorama - Architektur an der Hochschule Luzern","robots":{"index":"index","follow":"follow","max-snippet":"max-snippet:-1","max-image-preview":"max-image-preview:large","max-video-preview":"max-video-preview:-1"},"canonical":"https:\/\/sites.hslu.ch\/architektur\/bourbaki-panorama\/","og_locale":"de_DE","og_type":"article","og_title":"Bourbaki Panorama - Architektur an der Hochschule Luzern","og_description":"Im Modul R\u00e4umliche Vision besch\u00e4ftigen sich die Studierenden mit einem Kunstwerk. Sie w\u00e4hlen f\u00fcr ihre Arbeit sowohl das Kunstwerk wie auch das Medium, mit dem sie ihre visuelle Analyse durchf\u00fchren. [&hellip;]","og_url":"https:\/\/sites.hslu.ch\/architektur\/bourbaki-panorama\/","og_site_name":"Architektur an der Hochschule Luzern","article_published_time":"2021-09-07T12:13:45+00:00","article_modified_time":"2021-12-08T19:37:05+00:00","og_image":[{"width":960,"height":540,"url":"https:\/\/sites.hslu.ch\/architektur\/wp-content\/uploads\/sites\/11\/2021\/09\/Standbild_Bourbaki_Panorama_RAUM-V.jpg","type":"image\/jpeg"}],"author":"jaramalevez","twitter_card":"summary_large_image","twitter_misc":{"Verfasst von":"jaramalevez","Gesch\u00e4tzte Lesezeit":"2\u00a0Minuten"},"schema":{"@context":"https:\/\/schema.org","@graph":[{"@type":"Article","@id":"https:\/\/sites.hslu.ch\/architektur\/bourbaki-panorama\/#article","isPartOf":{"@id":"https:\/\/sites.hslu.ch\/architektur\/bourbaki-panorama\/"},"author":{"name":"jaramalevez","@id":"https:\/\/sites.hslu.ch\/architektur\/#\/schema\/person\/001cee0914381b1d1d390e0f07da2aad"},"headline":"Bourbaki Panorama","datePublished":"2021-09-07T12:13:45+00:00","dateModified":"2021-12-08T19:37:05+00:00","mainEntityOfPage":{"@id":"https:\/\/sites.hslu.ch\/architektur\/bourbaki-panorama\/"},"wordCount":264,"image":{"@id":"https:\/\/sites.hslu.ch\/architektur\/bourbaki-panorama\/#primaryimage"},"thumbnailUrl":"https:\/\/sites.hslu.ch\/architektur\/wp-content\/uploads\/sites\/11\/2021\/09\/Standbild_Bourbaki_Panorama_RAUM-V.jpg","articleSection":["FS2017","Gestaltung","Semester\/Jahr"],"inLanguage":"de"},{"@type":"WebPage","@id":"https:\/\/sites.hslu.ch\/architektur\/bourbaki-panorama\/","url":"https:\/\/sites.hslu.ch\/architektur\/bourbaki-panorama\/","name":"Bourbaki Panorama - Architektur an der Hochschule Luzern","isPartOf":{"@id":"https:\/\/sites.hslu.ch\/architektur\/#website"},"primaryImageOfPage":{"@id":"https:\/\/sites.hslu.ch\/architektur\/bourbaki-panorama\/#primaryimage"},"image":{"@id":"https:\/\/sites.hslu.ch\/architektur\/bourbaki-panorama\/#primaryimage"},"thumbnailUrl":"https:\/\/sites.hslu.ch\/architektur\/wp-content\/uploads\/sites\/11\/2021\/09\/Standbild_Bourbaki_Panorama_RAUM-V.jpg","datePublished":"2021-09-07T12:13:45+00:00","dateModified":"2021-12-08T19:37:05+00:00","author":{"@id":"https:\/\/sites.hslu.ch\/architektur\/#\/schema\/person\/001cee0914381b1d1d390e0f07da2aad"},"breadcrumb":{"@id":"https:\/\/sites.hslu.ch\/architektur\/bourbaki-panorama\/#breadcrumb"},"inLanguage":"de","potentialAction":[{"@type":"ReadAction","target":["https:\/\/sites.hslu.ch\/architektur\/bourbaki-panorama\/"]}]},{"@type":"ImageObject","inLanguage":"de","@id":"https:\/\/sites.hslu.ch\/architektur\/bourbaki-panorama\/#primaryimage","url":"https:\/\/sites.hslu.ch\/architektur\/wp-content\/uploads\/sites\/11\/2021\/09\/Standbild_Bourbaki_Panorama_RAUM-V.jpg","contentUrl":"https:\/\/sites.hslu.ch\/architektur\/wp-content\/uploads\/sites\/11\/2021\/09\/Standbild_Bourbaki_Panorama_RAUM-V.jpg","width":960,"height":540},{"@type":"BreadcrumbList","@id":"https:\/\/sites.hslu.ch\/architektur\/bourbaki-panorama\/#breadcrumb","itemListElement":[{"@type":"ListItem","position":1,"name":"Home","item":"https:\/\/sites.hslu.ch\/architektur\/"},{"@type":"ListItem","position":2,"name":"Bourbaki Panorama"}]},{"@type":"WebSite","@id":"https:\/\/sites.hslu.ch\/architektur\/#website","url":"https:\/\/sites.hslu.ch\/architektur\/","name":"Architektur an der Hochschule Luzern","description":"","potentialAction":[{"@type":"SearchAction","target":{"@type":"EntryPoint","urlTemplate":"https:\/\/sites.hslu.ch\/architektur\/?s={search_term_string}"},"query-input":{"@type":"PropertyValueSpecification","valueRequired":true,"valueName":"search_term_string"}}],"inLanguage":"de"},{"@type":"Person","@id":"https:\/\/sites.hslu.ch\/architektur\/#\/schema\/person\/001cee0914381b1d1d390e0f07da2aad","name":"jaramalevez","url":"https:\/\/sites.hslu.ch\/architektur\/author\/jaramalevez\/"}]}},"_links":{"self":[{"href":"https:\/\/sites.hslu.ch\/architektur\/wp-json\/wp\/v2\/posts\/855","targetHints":{"allow":["GET"]}}],"collection":[{"href":"https:\/\/sites.hslu.ch\/architektur\/wp-json\/wp\/v2\/posts"}],"about":[{"href":"https:\/\/sites.hslu.ch\/architektur\/wp-json\/wp\/v2\/types\/post"}],"author":[{"embeddable":true,"href":"https:\/\/sites.hslu.ch\/architektur\/wp-json\/wp\/v2\/users\/44"}],"replies":[{"embeddable":true,"href":"https:\/\/sites.hslu.ch\/architektur\/wp-json\/wp\/v2\/comments?post=855"}],"version-history":[{"count":5,"href":"https:\/\/sites.hslu.ch\/architektur\/wp-json\/wp\/v2\/posts\/855\/revisions"}],"predecessor-version":[{"id":864,"href":"https:\/\/sites.hslu.ch\/architektur\/wp-json\/wp\/v2\/posts\/855\/revisions\/864"}],"wp:featuredmedia":[{"embeddable":true,"href":"https:\/\/sites.hslu.ch\/architektur\/wp-json\/wp\/v2\/media\/856"}],"wp:attachment":[{"href":"https:\/\/sites.hslu.ch\/architektur\/wp-json\/wp\/v2\/media?parent=855"}],"wp:term":[{"taxonomy":"category","embeddable":true,"href":"https:\/\/sites.hslu.ch\/architektur\/wp-json\/wp\/v2\/categories?post=855"},{"taxonomy":"post_tag","embeddable":true,"href":"https:\/\/sites.hslu.ch\/architektur\/wp-json\/wp\/v2\/tags?post=855"}],"curies":[{"name":"wp","href":"https:\/\/api.w.org\/{rel}","templated":true}]}}