{"id":52448,"date":"2026-08-31T09:43:55","date_gmt":"2026-08-31T07:43:55","guid":{"rendered":"https:\/\/sites.hslu.ch\/architektur\/?p=52448"},"modified":"2026-08-31T09:44:00","modified_gmt":"2026-08-31T07:44:00","slug":"diplomausstellung-2026","status":"publish","type":"post","link":"https:\/\/sites.hslu.ch\/architektur\/diplomausstellung-2026\/","title":{"rendered":"Diplomausstellung 2026"},"content":{"rendered":"\n<p class=\"is-style-lead-text wp-block-paragraph\">Das erste Mal seit langem hat das Institut f\u00fcr Architektur diesen Sommer wieder eine Diplomausstellung veranstaltet. Im Rahmen der Vernissage fand ein Podiumsgespr\u00e4ch mit internen und externen G\u00e4sten zum Thema \u00abFit f\u00fcr die Zukunft?\u00bb statt.<\/p>\n\n\n\n<h3 class=\"wp-block-heading\">Einblicke in einen gemeinsamen Denkraum<\/h3>\n\n\n\n<p class=\"wp-block-paragraph\">Zehn Tage lang zeigte das Institut f\u00fcr Architektur \u00fcber 90 Thesisprojekte aus den Studieng\u00e4ngen Bachelor und Master Architektur sowie erstmals auch aus dem neuen Masterprogramm in kollaborativer Raumentwicklung. An der gut besuchten Vernissage erlebten Studierende, ihre Freund:innen und Familien, Studieninteressierte sowie Mitarbeitende die Arbeiten dort, wo sie entstanden sind: im offenen Atelier des Instituts.<\/p>\n\n\n\n<p class=\"wp-block-paragraph\">Die einzelnen Arbeiten geben individuelle Antworten auf unterschiedliche Fragestellungen und entstanden in Studios mit jeweils spezifischen Methoden und Haltungen. Zugleich machte die Ausstellung kollektive Denk- und Arbeitsprozesse sichtbar \u2013 eine gemeinsame Praxis des Entwerfens, Forschens, Diskutierens und Reflektierens, die die Ausbildung am Institut pr\u00e4gt. Inhaltlich verband viele Projekte die Auseinandersetzung mit der Transformation bestehender Geb\u00e4ude, R\u00e4ume und Strukturen sowie die Frage nach einem verantwortungsvollen Umgang mit dem Vorhandenen.<\/p>\n\n\n\n<figure class=\"wp-block-embed is-type-video is-provider-vimeo wp-block-embed-vimeo wp-embed-aspect-16-9 wp-has-aspect-ratio\"><div class=\"wp-block-embed__wrapper\">\n<iframe loading=\"lazy\" title=\"26FS_INS_Vernissage_Diplomausstellung\" src=\"https:\/\/player.vimeo.com\/video\/1219920917?h=effd2326d3&amp;app_id=122963\" width=\"640\" height=\"360\" frameborder=\"0\" allow=\"autoplay; fullscreen; picture-in-picture; clipboard-write; encrypted-media; web-share\" referrerpolicy=\"strict-origin-when-cross-origin\"><\/iframe>\n<\/div><\/figure>\n\n\n    <div class=\"ms-gallery \">\n        <div class=\"ms-gallery-sizer\"><\/div>\n        <div class=\"ms-gallery-gutter\"><\/div>\n                                    <div class=\"ms-gallery-item wide\">\n                                                        <a href=\"https:\/\/sites.hslu.ch\/architektur\/wp-content\/uploads\/sites\/11\/2026\/08\/26FS_Diplomausstellung_w7a8623a.jpg\" data-lightbox=\"masonery-gallery\"  data-size=\"wide\"  data-title=\"\" data-alt=\"\">\n                        <img decoding=\"async\" class=\"ms-gallery-item__image\"  data-size=\"wide\"  src=\"https:\/\/sites.hslu.ch\/architektur\/wp-content\/uploads\/sites\/11\/2026\/08\/26FS_Diplomausstellung_w7a8623a.jpg\" alt=\"\" \/>\n                    <\/a>\n                                        <\/div>\n\n                                                                <div class=\"ms-gallery-item wide\">\n                                                        <a href=\"https:\/\/sites.hslu.ch\/architektur\/wp-content\/uploads\/sites\/11\/2026\/08\/26FS_Diplomausstellung_w7a8538a.jpg\" data-lightbox=\"masonery-gallery\"  data-size=\"wide\"  data-title=\"\" data-alt=\"\">\n                        <img decoding=\"async\" class=\"ms-gallery-item__image\"  data-size=\"wide\"  src=\"https:\/\/sites.hslu.ch\/architektur\/wp-content\/uploads\/sites\/11\/2026\/08\/26FS_Diplomausstellung_w7a8538a.jpg\" alt=\"\" \/>\n                    <\/a>\n                                        <\/div>\n\n                                                                <div class=\"ms-gallery-item wide\">\n                                                        <a href=\"https:\/\/sites.hslu.ch\/architektur\/wp-content\/uploads\/sites\/11\/2026\/08\/26FS_Diplomausstellung_w7a8548a.jpg\" data-lightbox=\"masonery-gallery\"  data-size=\"wide\"  data-title=\"\" data-alt=\"\">\n                        <img decoding=\"async\" class=\"ms-gallery-item__image\"  data-size=\"wide\"  src=\"https:\/\/sites.hslu.ch\/architektur\/wp-content\/uploads\/sites\/11\/2026\/08\/26FS_Diplomausstellung_w7a8548a.jpg\" alt=\"\" \/>\n                    <\/a>\n                                        <\/div>\n\n                                                    <div class=\"ms-gallery-item narrow\">\n                <\/div>\n                <\/div>\n            \n\n\n<h3 class=\"wp-block-heading\">Fit f\u00fcr die Zukunft?<\/h3>\n\n\n\n<p class=\"wp-block-paragraph\">Welche Architekt:innen&nbsp;und Raumentwickler:innen&nbsp;braucht unsere Gesellschaft in Zukunft? Dar\u00fcber diskutierten im Rahmen der Ausstellungser\u00f6ffnung die drei Absolvent:innen&nbsp;Pascal de Kegel, Franka H\u00fcttche und Nils M\u00fcller mit der Architektin Esther Deubelbeiss (Gut Deubelbeiss Nill Architekten), der Raumplanerin Melanie Lienhard (Gemeinde Hitzkirch) und dem Architekten Daniele Savi (Lussi + Partner). Moderiert wurde das Gespr\u00e4ch von Torsten Lange (Leiter des Instituts f\u00fcr Architektur).<\/p>\n\n\n\n<p class=\"wp-block-paragraph\">Im Zentrum standen der \u00dcbergang vom Studium in die Praxis und die Frage, welche Aufgaben und Kompetenzen die n\u00e4chste Generation pr\u00e4gen werden. Diskutiert wurden der Umgang mit Bestand und Ressourcen, die Gestaltung gesellschaftlicher Transformation, interdisziplin\u00e4re Zusammenarbeit sowie die Erwartungen junger Praktizierender&nbsp;an eine zeitgem\u00e4sse Arbeitskultur. \u00abFit f\u00fcr die Zukunft?\u00bb wurde damit auch zur Frage nach Haltung, Verantwortung und neuen Formen der Zusammenarbeit.<\/p>\n\n\n\n<figure class=\"wp-block-embed is-type-video is-provider-vimeo wp-block-embed-vimeo wp-embed-aspect-16-9 wp-has-aspect-ratio\"><div class=\"wp-block-embed__wrapper\">\n<iframe loading=\"lazy\" title=\"26FS_INS_Diplomausstellung_Podium\" src=\"https:\/\/player.vimeo.com\/video\/1221055959?h=ecd702937e&amp;app_id=122963\" width=\"640\" height=\"360\" frameborder=\"0\" allow=\"autoplay; fullscreen; picture-in-picture; clipboard-write; encrypted-media; web-share\" referrerpolicy=\"strict-origin-when-cross-origin\"><\/iframe>\n<\/div><\/figure>\n\n\n    <div class=\"ms-gallery \">\n        <div class=\"ms-gallery-sizer\"><\/div>\n        <div class=\"ms-gallery-gutter\"><\/div>\n                                    <div class=\"ms-gallery-item wide\">\n                                                        <a href=\"https:\/\/sites.hslu.ch\/architektur\/wp-content\/uploads\/sites\/11\/2026\/08\/26fs_Diplomausstellung_Podium_y2a0673a.jpg\" data-lightbox=\"masonery-gallery\"  data-size=\"wide\"  data-title=\"\" data-alt=\"\">\n                        <img decoding=\"async\" class=\"ms-gallery-item__image\"  data-size=\"wide\"  src=\"https:\/\/sites.hslu.ch\/architektur\/wp-content\/uploads\/sites\/11\/2026\/08\/26fs_Diplomausstellung_Podium_y2a0673a.jpg\" alt=\"\" \/>\n                    <\/a>\n                                        <\/div>\n\n                                                                <div class=\"ms-gallery-item wide\">\n                                                        <a href=\"https:\/\/sites.hslu.ch\/architektur\/wp-content\/uploads\/sites\/11\/2026\/08\/26fs_Diplomausstellung_Podium_y2a0697a.jpg\" data-lightbox=\"masonery-gallery\"  data-size=\"wide\"  data-title=\"\" data-alt=\"\">\n                        <img decoding=\"async\" class=\"ms-gallery-item__image\"  data-size=\"wide\"  src=\"https:\/\/sites.hslu.ch\/architektur\/wp-content\/uploads\/sites\/11\/2026\/08\/26fs_Diplomausstellung_Podium_y2a0697a.jpg\" alt=\"\" \/>\n                    <\/a>\n                                        <\/div>\n\n                                                                <div class=\"ms-gallery-item wide\">\n                                                        <a href=\"https:\/\/sites.hslu.ch\/architektur\/wp-content\/uploads\/sites\/11\/2026\/08\/26fs_Diplomausstellung_Podium_y2a0757a.jpg\" data-lightbox=\"masonery-gallery\"  data-size=\"wide\"  data-title=\"\" data-alt=\"\">\n                        <img decoding=\"async\" class=\"ms-gallery-item__image\"  data-size=\"wide\"  src=\"https:\/\/sites.hslu.ch\/architektur\/wp-content\/uploads\/sites\/11\/2026\/08\/26fs_Diplomausstellung_Podium_y2a0757a.jpg\" alt=\"\" \/>\n                    <\/a>\n                                        <\/div>\n\n                                                                <div class=\"ms-gallery-item wide\">\n                                                        <a href=\"https:\/\/sites.hslu.ch\/architektur\/wp-content\/uploads\/sites\/11\/2026\/08\/26fs_Diplomausstellung_Podium_y2a0900a.jpg\" data-lightbox=\"masonery-gallery\"  data-size=\"wide\"  data-title=\"\" data-alt=\"\">\n                        <img decoding=\"async\" class=\"ms-gallery-item__image\"  data-size=\"wide\"  src=\"https:\/\/sites.hslu.ch\/architektur\/wp-content\/uploads\/sites\/11\/2026\/08\/26fs_Diplomausstellung_Podium_y2a0900a.jpg\" alt=\"\" \/>\n                    <\/a>\n                                        <\/div>\n\n                                                                <div class=\"ms-gallery-item wide\">\n                                                        <a href=\"https:\/\/sites.hslu.ch\/architektur\/wp-content\/uploads\/sites\/11\/2026\/08\/26fs_Diplomausstellung_Podium_y2a0897a.jpg\" data-lightbox=\"masonery-gallery\"  data-size=\"wide\"  data-title=\"\" data-alt=\"\">\n                        <img decoding=\"async\" class=\"ms-gallery-item__image\"  data-size=\"wide\"  src=\"https:\/\/sites.hslu.ch\/architektur\/wp-content\/uploads\/sites\/11\/2026\/08\/26fs_Diplomausstellung_Podium_y2a0897a.jpg\" alt=\"\" \/>\n                    <\/a>\n                                        <\/div>\n\n                                                                <div class=\"ms-gallery-item wide\">\n                                                        <a href=\"https:\/\/sites.hslu.ch\/architektur\/wp-content\/uploads\/sites\/11\/2026\/08\/26fs_Diplomausstellung_Podium_y2a0782a.jpg\" data-lightbox=\"masonery-gallery\"  data-size=\"wide\"  data-title=\"\" data-alt=\"\">\n                        <img decoding=\"async\" class=\"ms-gallery-item__image\"  data-size=\"wide\"  src=\"https:\/\/sites.hslu.ch\/architektur\/wp-content\/uploads\/sites\/11\/2026\/08\/26fs_Diplomausstellung_Podium_y2a0782a.jpg\" alt=\"\" \/>\n                    <\/a>\n                                        <\/div>\n\n                                                                <div class=\"ms-gallery-item wide\">\n                                                        <a href=\"https:\/\/sites.hslu.ch\/architektur\/wp-content\/uploads\/sites\/11\/2026\/08\/26fs_Diplomausstellung_Podium_y2a0814a.jpg\" data-lightbox=\"masonery-gallery\"  data-size=\"wide\"  data-title=\"\" data-alt=\"\">\n                        <img decoding=\"async\" class=\"ms-gallery-item__image\"  data-size=\"wide\"  src=\"https:\/\/sites.hslu.ch\/architektur\/wp-content\/uploads\/sites\/11\/2026\/08\/26fs_Diplomausstellung_Podium_y2a0814a.jpg\" alt=\"\" \/>\n                    <\/a>\n                                        <\/div>\n\n                                                                <div class=\"ms-gallery-item wide\">\n                                                        <a href=\"https:\/\/sites.hslu.ch\/architektur\/wp-content\/uploads\/sites\/11\/2026\/08\/26fs_Diplomausstellung_Podium_y2a0937a.jpg\" data-lightbox=\"masonery-gallery\"  data-size=\"wide\"  data-title=\"\" data-alt=\"\">\n                        <img decoding=\"async\" class=\"ms-gallery-item__image\"  data-size=\"wide\"  src=\"https:\/\/sites.hslu.ch\/architektur\/wp-content\/uploads\/sites\/11\/2026\/08\/26fs_Diplomausstellung_Podium_y2a0937a.jpg\" alt=\"\" \/>\n                    <\/a>\n                                        <\/div>\n\n                                                                <div class=\"ms-gallery-item wide\">\n                                                        <a href=\"https:\/\/sites.hslu.ch\/architektur\/wp-content\/uploads\/sites\/11\/2026\/08\/26fs_Diplomausstellung_Podium_y2a0885a.jpg\" data-lightbox=\"masonery-gallery\"  data-size=\"wide\"  data-title=\"\" data-alt=\"\">\n                        <img decoding=\"async\" class=\"ms-gallery-item__image\"  data-size=\"wide\"  src=\"https:\/\/sites.hslu.ch\/architektur\/wp-content\/uploads\/sites\/11\/2026\/08\/26fs_Diplomausstellung_Podium_y2a0885a.jpg\" alt=\"\" \/>\n                    <\/a>\n                                        <\/div>\n\n                                                    <div class=\"ms-gallery-item narrow\">\n                <\/div>\n                <\/div>\n            \n\n\n<figure class=\"wp-block-image size-full\"><img loading=\"lazy\" decoding=\"async\" width=\"1358\" height=\"1920\" src=\"https:\/\/sites.hslu.ch\/architektur\/wp-content\/uploads\/sites\/11\/2026\/08\/26FS_INS_Plakat_Diplomausstellung.jpg\" alt=\"\" class=\"wp-image-52486\" srcset=\"https:\/\/sites.hslu.ch\/architektur\/wp-content\/uploads\/sites\/11\/2026\/08\/26FS_INS_Plakat_Diplomausstellung.jpg 1358w, https:\/\/sites.hslu.ch\/architektur\/wp-content\/uploads\/sites\/11\/2026\/08\/26FS_INS_Plakat_Diplomausstellung-212x300.jpg 212w, https:\/\/sites.hslu.ch\/architektur\/wp-content\/uploads\/sites\/11\/2026\/08\/26FS_INS_Plakat_Diplomausstellung-724x1024.jpg 724w, https:\/\/sites.hslu.ch\/architektur\/wp-content\/uploads\/sites\/11\/2026\/08\/26FS_INS_Plakat_Diplomausstellung-768x1086.jpg 768w, https:\/\/sites.hslu.ch\/architektur\/wp-content\/uploads\/sites\/11\/2026\/08\/26FS_INS_Plakat_Diplomausstellung-1086x1536.jpg 1086w, https:\/\/sites.hslu.ch\/architektur\/wp-content\/uploads\/sites\/11\/2026\/08\/26FS_INS_Plakat_Diplomausstellung-600x848.jpg 600w\" sizes=\"auto, (max-width: 1358px) 100vw, 1358px\" \/><\/figure>\n","protected":false},"excerpt":{"rendered":"<p>Das erste Mal seit langem hat das Institut f\u00fcr Architektur diesen Sommer wieder eine Diplomausstellung veranstaltet. Dabei wurden alle Diplomarbeiten aus den Studieng\u00e4ngen Bachelor Architektur, Master Architektur und Master Kollaborative Raumentwicklung des Fr\u00fchlingssemesters 2026 pr\u00e4sentiert. Im Rahmen der Vernissage fand ein Podiumsgespr\u00e4ch mit internen und externen G\u00e4sten zum Thema \u00abFit f\u00fcr die Zukunft?\u00bb statt. Nun steht die Videoaufzeichnung davon online zur Verf\u00fcgung. <\/p>\n","protected":false},"author":44,"featured_media":52449,"comment_status":"closed","ping_status":"closed","sticky":false,"template":"","format":"standard","meta":{"_acf_changed":false,"footnotes":"","_members_access_role":[],"_members_access_error":""},"categories":[127,6,7,29,286,47,250,54,22],"tags":[],"class_list":["post-52448","post","type-post","status-publish","format-standard","has-post-thumbnail","hentry","category-ausstellungen","category-bachelor-architektur","category-bachelor-thesis","category-events","category-fs2026","category-master-architektur","category-master-kollaborative-raumentwicklung","category-master-thesis","category-semester-jahr"],"acf":[],"yoast_head":"<!-- This site is optimized with the Yoast SEO plugin v28.3 - https:\/\/yoast.com\/product\/yoast-seo-wordpress\/ -->\n<title>Diplomausstellung 2026 - Architektur an der Hochschule Luzern<\/title>\n<meta name=\"robots\" content=\"index, follow, max-snippet:-1, max-image-preview:large, max-video-preview:-1\" \/>\n<link rel=\"canonical\" href=\"https:\/\/sites.hslu.ch\/architektur\/diplomausstellung-2026\/\" \/>\n<meta property=\"og:locale\" content=\"de_DE\" \/>\n<meta property=\"og:type\" content=\"article\" \/>\n<meta property=\"og:title\" content=\"Diplomausstellung 2026 - Architektur an der Hochschule Luzern\" \/>\n<meta property=\"og:description\" content=\"Das erste Mal seit langem hat das Institut f\u00fcr Architektur diesen Sommer wieder eine Diplomausstellung veranstaltet. Dabei wurden alle Diplomarbeiten aus den Studieng\u00e4ngen Bachelor Architektur, Master Architektur und Master Kollaborative Raumentwicklung des Fr\u00fchlingssemesters 2026 pr\u00e4sentiert. Im Rahmen der Vernissage fand ein Podiumsgespr\u00e4ch mit internen und externen G\u00e4sten zum Thema \u00abFit f\u00fcr die Zukunft?\u00bb statt. Nun steht die Videoaufzeichnung davon online zur Verf\u00fcgung.\" \/>\n<meta property=\"og:url\" content=\"https:\/\/sites.hslu.ch\/architektur\/diplomausstellung-2026\/\" \/>\n<meta property=\"og:site_name\" content=\"Architektur an der Hochschule Luzern\" \/>\n<meta property=\"article:published_time\" content=\"2026-08-31T07:43:55+00:00\" \/>\n<meta property=\"article:modified_time\" content=\"2026-08-31T07:44:00+00:00\" \/>\n<meta property=\"og:image\" content=\"https:\/\/sites.hslu.ch\/architektur\/wp-content\/uploads\/sites\/11\/2026\/08\/26fs_Diplomausstellung_Podium_y2a0673a.jpg\" \/>\n\t<meta property=\"og:image:width\" content=\"1920\" \/>\n\t<meta property=\"og:image:height\" content=\"1280\" \/>\n\t<meta property=\"og:image:type\" content=\"image\/jpeg\" \/>\n<meta name=\"author\" content=\"jaramalevez\" \/>\n<meta name=\"twitter:card\" content=\"summary_large_image\" \/>\n<meta name=\"twitter:label1\" content=\"Verfasst von\" \/>\n\t<meta name=\"twitter:data1\" content=\"jaramalevez\" \/>\n\t<meta name=\"twitter:label2\" content=\"Gesch\u00e4tzte Lesezeit\" \/>\n\t<meta name=\"twitter:data2\" content=\"3\u00a0Minuten\" \/>\n<script type=\"application\/ld+json\" class=\"yoast-schema-graph\">{\"@context\":\"https:\\\/\\\/schema.org\",\"@graph\":[{\"@type\":\"Article\",\"@id\":\"https:\\\/\\\/sites.hslu.ch\\\/architektur\\\/diplomausstellung-2026\\\/#article\",\"isPartOf\":{\"@id\":\"https:\\\/\\\/sites.hslu.ch\\\/architektur\\\/diplomausstellung-2026\\\/\"},\"author\":{\"name\":\"jaramalevez\",\"@id\":\"https:\\\/\\\/sites.hslu.ch\\\/architektur\\\/#\\\/schema\\\/person\\\/001cee0914381b1d1d390e0f07da2aad\"},\"headline\":\"Diplomausstellung 2026\",\"datePublished\":\"2026-08-31T07:43:55+00:00\",\"dateModified\":\"2026-08-31T07:44:00+00:00\",\"mainEntityOfPage\":{\"@id\":\"https:\\\/\\\/sites.hslu.ch\\\/architektur\\\/diplomausstellung-2026\\\/\"},\"wordCount\":342,\"image\":{\"@id\":\"https:\\\/\\\/sites.hslu.ch\\\/architektur\\\/diplomausstellung-2026\\\/#primaryimage\"},\"thumbnailUrl\":\"https:\\\/\\\/sites.hslu.ch\\\/architektur\\\/wp-content\\\/uploads\\\/sites\\\/11\\\/2026\\\/08\\\/26fs_Diplomausstellung_Podium_y2a0673a.jpg\",\"articleSection\":[\"Ausstellungen\",\"Bachelor Architektur\",\"Bachelor Thesis\",\"Events\",\"FS2026\",\"Master Architektur\",\"Master Kollaborative Raumentwicklung\",\"Master Thesis\",\"Semester\\\/Jahr\"],\"inLanguage\":\"de\"},{\"@type\":\"WebPage\",\"@id\":\"https:\\\/\\\/sites.hslu.ch\\\/architektur\\\/diplomausstellung-2026\\\/\",\"url\":\"https:\\\/\\\/sites.hslu.ch\\\/architektur\\\/diplomausstellung-2026\\\/\",\"name\":\"Diplomausstellung 2026 - Architektur an der Hochschule Luzern\",\"isPartOf\":{\"@id\":\"https:\\\/\\\/sites.hslu.ch\\\/architektur\\\/#website\"},\"primaryImageOfPage\":{\"@id\":\"https:\\\/\\\/sites.hslu.ch\\\/architektur\\\/diplomausstellung-2026\\\/#primaryimage\"},\"image\":{\"@id\":\"https:\\\/\\\/sites.hslu.ch\\\/architektur\\\/diplomausstellung-2026\\\/#primaryimage\"},\"thumbnailUrl\":\"https:\\\/\\\/sites.hslu.ch\\\/architektur\\\/wp-content\\\/uploads\\\/sites\\\/11\\\/2026\\\/08\\\/26fs_Diplomausstellung_Podium_y2a0673a.jpg\",\"datePublished\":\"2026-08-31T07:43:55+00:00\",\"dateModified\":\"2026-08-31T07:44:00+00:00\",\"author\":{\"@id\":\"https:\\\/\\\/sites.hslu.ch\\\/architektur\\\/#\\\/schema\\\/person\\\/001cee0914381b1d1d390e0f07da2aad\"},\"breadcrumb\":{\"@id\":\"https:\\\/\\\/sites.hslu.ch\\\/architektur\\\/diplomausstellung-2026\\\/#breadcrumb\"},\"inLanguage\":\"de\",\"potentialAction\":[{\"@type\":\"ReadAction\",\"target\":[\"https:\\\/\\\/sites.hslu.ch\\\/architektur\\\/diplomausstellung-2026\\\/\"]}]},{\"@type\":\"ImageObject\",\"inLanguage\":\"de\",\"@id\":\"https:\\\/\\\/sites.hslu.ch\\\/architektur\\\/diplomausstellung-2026\\\/#primaryimage\",\"url\":\"https:\\\/\\\/sites.hslu.ch\\\/architektur\\\/wp-content\\\/uploads\\\/sites\\\/11\\\/2026\\\/08\\\/26fs_Diplomausstellung_Podium_y2a0673a.jpg\",\"contentUrl\":\"https:\\\/\\\/sites.hslu.ch\\\/architektur\\\/wp-content\\\/uploads\\\/sites\\\/11\\\/2026\\\/08\\\/26fs_Diplomausstellung_Podium_y2a0673a.jpg\",\"width\":1920,\"height\":1280},{\"@type\":\"BreadcrumbList\",\"@id\":\"https:\\\/\\\/sites.hslu.ch\\\/architektur\\\/diplomausstellung-2026\\\/#breadcrumb\",\"itemListElement\":[{\"@type\":\"ListItem\",\"position\":1,\"name\":\"Home\",\"item\":\"https:\\\/\\\/sites.hslu.ch\\\/architektur\\\/\"},{\"@type\":\"ListItem\",\"position\":2,\"name\":\"Diplomausstellung 2026\"}]},{\"@type\":\"WebSite\",\"@id\":\"https:\\\/\\\/sites.hslu.ch\\\/architektur\\\/#website\",\"url\":\"https:\\\/\\\/sites.hslu.ch\\\/architektur\\\/\",\"name\":\"Architektur an der Hochschule Luzern\",\"description\":\"\",\"potentialAction\":[{\"@type\":\"SearchAction\",\"target\":{\"@type\":\"EntryPoint\",\"urlTemplate\":\"https:\\\/\\\/sites.hslu.ch\\\/architektur\\\/?s={search_term_string}\"},\"query-input\":{\"@type\":\"PropertyValueSpecification\",\"valueRequired\":true,\"valueName\":\"search_term_string\"}}],\"inLanguage\":\"de\"},{\"@type\":\"Person\",\"@id\":\"https:\\\/\\\/sites.hslu.ch\\\/architektur\\\/#\\\/schema\\\/person\\\/001cee0914381b1d1d390e0f07da2aad\",\"name\":\"jaramalevez\",\"url\":\"https:\\\/\\\/sites.hslu.ch\\\/architektur\\\/author\\\/jaramalevez\\\/\"}]}<\/script>\n<!-- \/ Yoast SEO plugin. -->","yoast_head_json":{"title":"Diplomausstellung 2026 - Architektur an der Hochschule Luzern","robots":{"index":"index","follow":"follow","max-snippet":"max-snippet:-1","max-image-preview":"max-image-preview:large","max-video-preview":"max-video-preview:-1"},"canonical":"https:\/\/sites.hslu.ch\/architektur\/diplomausstellung-2026\/","og_locale":"de_DE","og_type":"article","og_title":"Diplomausstellung 2026 - Architektur an der Hochschule Luzern","og_description":"Das erste Mal seit langem hat das Institut f\u00fcr Architektur diesen Sommer wieder eine Diplomausstellung veranstaltet. Dabei wurden alle Diplomarbeiten aus den Studieng\u00e4ngen Bachelor Architektur, Master Architektur und Master Kollaborative Raumentwicklung des Fr\u00fchlingssemesters 2026 pr\u00e4sentiert. Im Rahmen der Vernissage fand ein Podiumsgespr\u00e4ch mit internen und externen G\u00e4sten zum Thema \u00abFit f\u00fcr die Zukunft?\u00bb statt. Nun steht die Videoaufzeichnung davon online zur Verf\u00fcgung.","og_url":"https:\/\/sites.hslu.ch\/architektur\/diplomausstellung-2026\/","og_site_name":"Architektur an der Hochschule Luzern","article_published_time":"2026-08-31T07:43:55+00:00","article_modified_time":"2026-08-31T07:44:00+00:00","og_image":[{"width":1920,"height":1280,"url":"https:\/\/sites.hslu.ch\/architektur\/wp-content\/uploads\/sites\/11\/2026\/08\/26fs_Diplomausstellung_Podium_y2a0673a.jpg","type":"image\/jpeg"}],"author":"jaramalevez","twitter_card":"summary_large_image","twitter_misc":{"Verfasst von":"jaramalevez","Gesch\u00e4tzte Lesezeit":"3\u00a0Minuten"},"schema":{"@context":"https:\/\/schema.org","@graph":[{"@type":"Article","@id":"https:\/\/sites.hslu.ch\/architektur\/diplomausstellung-2026\/#article","isPartOf":{"@id":"https:\/\/sites.hslu.ch\/architektur\/diplomausstellung-2026\/"},"author":{"name":"jaramalevez","@id":"https:\/\/sites.hslu.ch\/architektur\/#\/schema\/person\/001cee0914381b1d1d390e0f07da2aad"},"headline":"Diplomausstellung 2026","datePublished":"2026-08-31T07:43:55+00:00","dateModified":"2026-08-31T07:44:00+00:00","mainEntityOfPage":{"@id":"https:\/\/sites.hslu.ch\/architektur\/diplomausstellung-2026\/"},"wordCount":342,"image":{"@id":"https:\/\/sites.hslu.ch\/architektur\/diplomausstellung-2026\/#primaryimage"},"thumbnailUrl":"https:\/\/sites.hslu.ch\/architektur\/wp-content\/uploads\/sites\/11\/2026\/08\/26fs_Diplomausstellung_Podium_y2a0673a.jpg","articleSection":["Ausstellungen","Bachelor Architektur","Bachelor Thesis","Events","FS2026","Master Architektur","Master Kollaborative Raumentwicklung","Master Thesis","Semester\/Jahr"],"inLanguage":"de"},{"@type":"WebPage","@id":"https:\/\/sites.hslu.ch\/architektur\/diplomausstellung-2026\/","url":"https:\/\/sites.hslu.ch\/architektur\/diplomausstellung-2026\/","name":"Diplomausstellung 2026 - Architektur an der Hochschule Luzern","isPartOf":{"@id":"https:\/\/sites.hslu.ch\/architektur\/#website"},"primaryImageOfPage":{"@id":"https:\/\/sites.hslu.ch\/architektur\/diplomausstellung-2026\/#primaryimage"},"image":{"@id":"https:\/\/sites.hslu.ch\/architektur\/diplomausstellung-2026\/#primaryimage"},"thumbnailUrl":"https:\/\/sites.hslu.ch\/architektur\/wp-content\/uploads\/sites\/11\/2026\/08\/26fs_Diplomausstellung_Podium_y2a0673a.jpg","datePublished":"2026-08-31T07:43:55+00:00","dateModified":"2026-08-31T07:44:00+00:00","author":{"@id":"https:\/\/sites.hslu.ch\/architektur\/#\/schema\/person\/001cee0914381b1d1d390e0f07da2aad"},"breadcrumb":{"@id":"https:\/\/sites.hslu.ch\/architektur\/diplomausstellung-2026\/#breadcrumb"},"inLanguage":"de","potentialAction":[{"@type":"ReadAction","target":["https:\/\/sites.hslu.ch\/architektur\/diplomausstellung-2026\/"]}]},{"@type":"ImageObject","inLanguage":"de","@id":"https:\/\/sites.hslu.ch\/architektur\/diplomausstellung-2026\/#primaryimage","url":"https:\/\/sites.hslu.ch\/architektur\/wp-content\/uploads\/sites\/11\/2026\/08\/26fs_Diplomausstellung_Podium_y2a0673a.jpg","contentUrl":"https:\/\/sites.hslu.ch\/architektur\/wp-content\/uploads\/sites\/11\/2026\/08\/26fs_Diplomausstellung_Podium_y2a0673a.jpg","width":1920,"height":1280},{"@type":"BreadcrumbList","@id":"https:\/\/sites.hslu.ch\/architektur\/diplomausstellung-2026\/#breadcrumb","itemListElement":[{"@type":"ListItem","position":1,"name":"Home","item":"https:\/\/sites.hslu.ch\/architektur\/"},{"@type":"ListItem","position":2,"name":"Diplomausstellung 2026"}]},{"@type":"WebSite","@id":"https:\/\/sites.hslu.ch\/architektur\/#website","url":"https:\/\/sites.hslu.ch\/architektur\/","name":"Architektur an der Hochschule Luzern","description":"","potentialAction":[{"@type":"SearchAction","target":{"@type":"EntryPoint","urlTemplate":"https:\/\/sites.hslu.ch\/architektur\/?s={search_term_string}"},"query-input":{"@type":"PropertyValueSpecification","valueRequired":true,"valueName":"search_term_string"}}],"inLanguage":"de"},{"@type":"Person","@id":"https:\/\/sites.hslu.ch\/architektur\/#\/schema\/person\/001cee0914381b1d1d390e0f07da2aad","name":"jaramalevez","url":"https:\/\/sites.hslu.ch\/architektur\/author\/jaramalevez\/"}]}},"_links":{"self":[{"href":"https:\/\/sites.hslu.ch\/architektur\/wp-json\/wp\/v2\/posts\/52448","targetHints":{"allow":["GET"]}}],"collection":[{"href":"https:\/\/sites.hslu.ch\/architektur\/wp-json\/wp\/v2\/posts"}],"about":[{"href":"https:\/\/sites.hslu.ch\/architektur\/wp-json\/wp\/v2\/types\/post"}],"author":[{"embeddable":true,"href":"https:\/\/sites.hslu.ch\/architektur\/wp-json\/wp\/v2\/users\/44"}],"replies":[{"embeddable":true,"href":"https:\/\/sites.hslu.ch\/architektur\/wp-json\/wp\/v2\/comments?post=52448"}],"version-history":[{"count":10,"href":"https:\/\/sites.hslu.ch\/architektur\/wp-json\/wp\/v2\/posts\/52448\/revisions"}],"predecessor-version":[{"id":52920,"href":"https:\/\/sites.hslu.ch\/architektur\/wp-json\/wp\/v2\/posts\/52448\/revisions\/52920"}],"wp:featuredmedia":[{"embeddable":true,"href":"https:\/\/sites.hslu.ch\/architektur\/wp-json\/wp\/v2\/media\/52449"}],"wp:attachment":[{"href":"https:\/\/sites.hslu.ch\/architektur\/wp-json\/wp\/v2\/media?parent=52448"}],"wp:term":[{"taxonomy":"category","embeddable":true,"href":"https:\/\/sites.hslu.ch\/architektur\/wp-json\/wp\/v2\/categories?post=52448"},{"taxonomy":"post_tag","embeddable":true,"href":"https:\/\/sites.hslu.ch\/architektur\/wp-json\/wp\/v2\/tags?post=52448"}],"curies":[{"name":"wp","href":"https:\/\/api.w.org\/{rel}","templated":true}]}}