{"id":4758,"date":"2021-09-05T13:11:00","date_gmt":"2021-09-05T11:11:00","guid":{"rendered":"https:\/\/sites.hslu.ch\/architektur\/?p=4758"},"modified":"2022-01-06T10:29:18","modified_gmt":"2022-01-06T09:29:18","slug":"leuchtturm","status":"publish","type":"post","link":"https:\/\/sites.hslu.ch\/architektur\/leuchtturm\/","title":{"rendered":"Leuchtturm"},"content":{"rendered":"\n<h3 class=\"wp-block-heading\">Studierende der Hochschule Luzern \u2013 Technik &amp; Architektur haben das Wahrzeichen des Horwer Kulturprojekts \u00abHalbinsel\u00bb entworfen. Der Turm wurde im Zentrum von Horw aufgebaut. <\/h3>\n\n\n\n<p>Das Ziel war, mit diesem &nbsp;\u00abLeuchtturm\u00bb ein auff\u00e4lliges Zeichen zu setzen, um auf das Projekt aufmerksam zu machen. Er sollte zudem Raum f\u00fcr eine Ausstellung bieten, die \u00fcber die \u00abHalbinsel\u00bb-Anl\u00e4sse informiert. Elf Ideen wurden erarbeitet, schliesslich wurde der Entwurf \u00abRaumgitter\u00bb von Shiyao Li und Feng Wang ausgew\u00e4hlt und zur Baureife weiterentwickelt.&nbsp;<br><br>Der 15 Meter hohe und 6,5 Tonnen schwere Leuchtturm war ein Gemeinschaftswerk der Hochschule Luzern \u2013 Technik &amp; Architektur, des Berufsbildungszentrums Bau und Gewerbe Luzern, der Korporation Horw und der \u00abschaerholzbau ag\u00bb. Bei der Holzbaufirma wurde der Turm mit Holz aus der Region gefertigt, Lernende des Berufsbildungszentrums Bau und Gewerbe halfen massgeblich mit.&nbsp;<br><br>Das Horwer Kulturprojekt \u00abHalbinsel\u00bb fand 2015-2016. Mehr als 40 Veranstaltungen standen auf dem Programm, wie zum Beispiel Theaterauff\u00fchrungen, ein Chorprojekt mit 100 Kindern, Jugendlichen und Erwachsenen oder eine Filmnacht.<\/p>\n\n\n\n<figure class=\"wp-block-embed is-type-video is-provider-vimeo wp-block-embed-vimeo wp-embed-aspect-16-9 wp-has-aspect-ratio\"><div class=\"wp-block-embed__wrapper\">\n<iframe loading=\"lazy\" title=\"15fs_LG_Lighttower_Final_Complete_24_August_2015.mp4\" src=\"https:\/\/player.vimeo.com\/video\/658889751?app_id=122963\" width=\"640\" height=\"360\" frameborder=\"0\" allow=\"autoplay; fullscreen; picture-in-picture; clipboard-write\"><\/iframe>\n<\/div><figcaption>Film zur Entstehung des Leuchtturms von Lukas Galantay<\/figcaption><\/figure>\n","protected":false},"excerpt":{"rendered":"<p>Studierende der Hochschule Luzern \u2013 Technik &amp; Architektur haben das Wahrzeichen des Horwer Kulturprojekts \u00abHalbinsel\u00bb entworfen. Der Turm wurde im Zentrum von Horw aufgebaut. Das Ziel war, mit diesem &nbsp;\u00abLeuchtturm\u00bb [&hellip;]<\/p>\n","protected":false},"author":44,"featured_media":4759,"comment_status":"closed","ping_status":"closed","sticky":false,"template":"","format":"standard","meta":{"_acf_changed":false,"footnotes":""},"categories":[127,6,18,29,47,21],"tags":[],"class_list":["post-4758","post","type-post","status-publish","format-standard","has-post-thumbnail","hentry","category-ausstellungen","category-bachelor-architektur","category-campus","category-events","category-master-architektur","category-werkstatten"],"acf":[],"yoast_head":"<!-- This site is optimized with the Yoast SEO plugin v27.5 - https:\/\/yoast.com\/product\/yoast-seo-wordpress\/ -->\n<title>Leuchtturm - Architektur an der Hochschule Luzern<\/title>\n<meta name=\"robots\" content=\"index, follow, max-snippet:-1, max-image-preview:large, max-video-preview:-1\" \/>\n<link rel=\"canonical\" href=\"https:\/\/sites.hslu.ch\/architektur\/leuchtturm\/\" \/>\n<meta property=\"og:locale\" content=\"de_DE\" \/>\n<meta property=\"og:type\" content=\"article\" \/>\n<meta property=\"og:title\" content=\"Leuchtturm - Architektur an der Hochschule Luzern\" \/>\n<meta property=\"og:description\" content=\"Studierende der Hochschule Luzern \u2013 Technik &amp; Architektur haben das Wahrzeichen des Horwer Kulturprojekts \u00abHalbinsel\u00bb entworfen. Der Turm wurde im Zentrum von Horw aufgebaut. Das Ziel war, mit diesem &nbsp;\u00abLeuchtturm\u00bb [&hellip;]\" \/>\n<meta property=\"og:url\" content=\"https:\/\/sites.hslu.ch\/architektur\/leuchtturm\/\" \/>\n<meta property=\"og:site_name\" content=\"Architektur an der Hochschule Luzern\" \/>\n<meta property=\"article:published_time\" content=\"2021-09-05T11:11:00+00:00\" \/>\n<meta property=\"article:modified_time\" content=\"2022-01-06T09:29:18+00:00\" \/>\n<meta property=\"og:image\" content=\"https:\/\/sites.hslu.ch\/architektur\/wp-content\/uploads\/sites\/11\/2021\/12\/Standbild_\u00a9Lukas_Lee_Galantay_Aufrichtshot.jpg\" \/>\n\t<meta property=\"og:image:width\" content=\"1920\" \/>\n\t<meta property=\"og:image:height\" content=\"1439\" \/>\n\t<meta property=\"og:image:type\" content=\"image\/jpeg\" \/>\n<meta name=\"author\" content=\"jaramalevez\" \/>\n<meta name=\"twitter:card\" content=\"summary_large_image\" \/>\n<meta name=\"twitter:label1\" content=\"Verfasst von\" \/>\n\t<meta name=\"twitter:data1\" content=\"jaramalevez\" \/>\n\t<meta name=\"twitter:label2\" content=\"Gesch\u00e4tzte Lesezeit\" \/>\n\t<meta name=\"twitter:data2\" content=\"1\u00a0Minute\" \/>\n<script type=\"application\/ld+json\" class=\"yoast-schema-graph\">{\"@context\":\"https:\\\/\\\/schema.org\",\"@graph\":[{\"@type\":\"Article\",\"@id\":\"https:\\\/\\\/sites.hslu.ch\\\/architektur\\\/leuchtturm\\\/#article\",\"isPartOf\":{\"@id\":\"https:\\\/\\\/sites.hslu.ch\\\/architektur\\\/leuchtturm\\\/\"},\"author\":{\"name\":\"jaramalevez\",\"@id\":\"https:\\\/\\\/sites.hslu.ch\\\/architektur\\\/#\\\/schema\\\/person\\\/001cee0914381b1d1d390e0f07da2aad\"},\"headline\":\"Leuchtturm\",\"datePublished\":\"2021-09-05T11:11:00+00:00\",\"dateModified\":\"2022-01-06T09:29:18+00:00\",\"mainEntityOfPage\":{\"@id\":\"https:\\\/\\\/sites.hslu.ch\\\/architektur\\\/leuchtturm\\\/\"},\"wordCount\":175,\"image\":{\"@id\":\"https:\\\/\\\/sites.hslu.ch\\\/architektur\\\/leuchtturm\\\/#primaryimage\"},\"thumbnailUrl\":\"https:\\\/\\\/sites.hslu.ch\\\/architektur\\\/wp-content\\\/uploads\\\/sites\\\/11\\\/2021\\\/12\\\/Standbild_\u00a9Lukas_Lee_Galantay_Aufrichtshot.jpg\",\"articleSection\":[\"Ausstellungen\",\"Bachelor Architektur\",\"Campus\",\"Events\",\"Master Architektur\",\"Werkst\u00e4tten\"],\"inLanguage\":\"de\"},{\"@type\":\"WebPage\",\"@id\":\"https:\\\/\\\/sites.hslu.ch\\\/architektur\\\/leuchtturm\\\/\",\"url\":\"https:\\\/\\\/sites.hslu.ch\\\/architektur\\\/leuchtturm\\\/\",\"name\":\"Leuchtturm - Architektur an der Hochschule Luzern\",\"isPartOf\":{\"@id\":\"https:\\\/\\\/sites.hslu.ch\\\/architektur\\\/#website\"},\"primaryImageOfPage\":{\"@id\":\"https:\\\/\\\/sites.hslu.ch\\\/architektur\\\/leuchtturm\\\/#primaryimage\"},\"image\":{\"@id\":\"https:\\\/\\\/sites.hslu.ch\\\/architektur\\\/leuchtturm\\\/#primaryimage\"},\"thumbnailUrl\":\"https:\\\/\\\/sites.hslu.ch\\\/architektur\\\/wp-content\\\/uploads\\\/sites\\\/11\\\/2021\\\/12\\\/Standbild_\u00a9Lukas_Lee_Galantay_Aufrichtshot.jpg\",\"datePublished\":\"2021-09-05T11:11:00+00:00\",\"dateModified\":\"2022-01-06T09:29:18+00:00\",\"author\":{\"@id\":\"https:\\\/\\\/sites.hslu.ch\\\/architektur\\\/#\\\/schema\\\/person\\\/001cee0914381b1d1d390e0f07da2aad\"},\"breadcrumb\":{\"@id\":\"https:\\\/\\\/sites.hslu.ch\\\/architektur\\\/leuchtturm\\\/#breadcrumb\"},\"inLanguage\":\"de\",\"potentialAction\":[{\"@type\":\"ReadAction\",\"target\":[\"https:\\\/\\\/sites.hslu.ch\\\/architektur\\\/leuchtturm\\\/\"]}]},{\"@type\":\"ImageObject\",\"inLanguage\":\"de\",\"@id\":\"https:\\\/\\\/sites.hslu.ch\\\/architektur\\\/leuchtturm\\\/#primaryimage\",\"url\":\"https:\\\/\\\/sites.hslu.ch\\\/architektur\\\/wp-content\\\/uploads\\\/sites\\\/11\\\/2021\\\/12\\\/Standbild_\u00a9Lukas_Lee_Galantay_Aufrichtshot.jpg\",\"contentUrl\":\"https:\\\/\\\/sites.hslu.ch\\\/architektur\\\/wp-content\\\/uploads\\\/sites\\\/11\\\/2021\\\/12\\\/Standbild_\u00a9Lukas_Lee_Galantay_Aufrichtshot.jpg\",\"width\":1920,\"height\":1439},{\"@type\":\"BreadcrumbList\",\"@id\":\"https:\\\/\\\/sites.hslu.ch\\\/architektur\\\/leuchtturm\\\/#breadcrumb\",\"itemListElement\":[{\"@type\":\"ListItem\",\"position\":1,\"name\":\"Home\",\"item\":\"https:\\\/\\\/sites.hslu.ch\\\/architektur\\\/\"},{\"@type\":\"ListItem\",\"position\":2,\"name\":\"Leuchtturm\"}]},{\"@type\":\"WebSite\",\"@id\":\"https:\\\/\\\/sites.hslu.ch\\\/architektur\\\/#website\",\"url\":\"https:\\\/\\\/sites.hslu.ch\\\/architektur\\\/\",\"name\":\"Architektur an der Hochschule Luzern\",\"description\":\"\",\"potentialAction\":[{\"@type\":\"SearchAction\",\"target\":{\"@type\":\"EntryPoint\",\"urlTemplate\":\"https:\\\/\\\/sites.hslu.ch\\\/architektur\\\/?s={search_term_string}\"},\"query-input\":{\"@type\":\"PropertyValueSpecification\",\"valueRequired\":true,\"valueName\":\"search_term_string\"}}],\"inLanguage\":\"de\"},{\"@type\":\"Person\",\"@id\":\"https:\\\/\\\/sites.hslu.ch\\\/architektur\\\/#\\\/schema\\\/person\\\/001cee0914381b1d1d390e0f07da2aad\",\"name\":\"jaramalevez\",\"url\":\"https:\\\/\\\/sites.hslu.ch\\\/architektur\\\/author\\\/jaramalevez\\\/\"}]}<\/script>\n<!-- \/ Yoast SEO plugin. -->","yoast_head_json":{"title":"Leuchtturm - Architektur an der Hochschule Luzern","robots":{"index":"index","follow":"follow","max-snippet":"max-snippet:-1","max-image-preview":"max-image-preview:large","max-video-preview":"max-video-preview:-1"},"canonical":"https:\/\/sites.hslu.ch\/architektur\/leuchtturm\/","og_locale":"de_DE","og_type":"article","og_title":"Leuchtturm - Architektur an der Hochschule Luzern","og_description":"Studierende der Hochschule Luzern \u2013 Technik &amp; Architektur haben das Wahrzeichen des Horwer Kulturprojekts \u00abHalbinsel\u00bb entworfen. Der Turm wurde im Zentrum von Horw aufgebaut. Das Ziel war, mit diesem &nbsp;\u00abLeuchtturm\u00bb [&hellip;]","og_url":"https:\/\/sites.hslu.ch\/architektur\/leuchtturm\/","og_site_name":"Architektur an der Hochschule Luzern","article_published_time":"2021-09-05T11:11:00+00:00","article_modified_time":"2022-01-06T09:29:18+00:00","og_image":[{"width":1920,"height":1439,"url":"https:\/\/sites.hslu.ch\/architektur\/wp-content\/uploads\/sites\/11\/2021\/12\/Standbild_\u00a9Lukas_Lee_Galantay_Aufrichtshot.jpg","type":"image\/jpeg"}],"author":"jaramalevez","twitter_card":"summary_large_image","twitter_misc":{"Verfasst von":"jaramalevez","Gesch\u00e4tzte Lesezeit":"1\u00a0Minute"},"schema":{"@context":"https:\/\/schema.org","@graph":[{"@type":"Article","@id":"https:\/\/sites.hslu.ch\/architektur\/leuchtturm\/#article","isPartOf":{"@id":"https:\/\/sites.hslu.ch\/architektur\/leuchtturm\/"},"author":{"name":"jaramalevez","@id":"https:\/\/sites.hslu.ch\/architektur\/#\/schema\/person\/001cee0914381b1d1d390e0f07da2aad"},"headline":"Leuchtturm","datePublished":"2021-09-05T11:11:00+00:00","dateModified":"2022-01-06T09:29:18+00:00","mainEntityOfPage":{"@id":"https:\/\/sites.hslu.ch\/architektur\/leuchtturm\/"},"wordCount":175,"image":{"@id":"https:\/\/sites.hslu.ch\/architektur\/leuchtturm\/#primaryimage"},"thumbnailUrl":"https:\/\/sites.hslu.ch\/architektur\/wp-content\/uploads\/sites\/11\/2021\/12\/Standbild_\u00a9Lukas_Lee_Galantay_Aufrichtshot.jpg","articleSection":["Ausstellungen","Bachelor Architektur","Campus","Events","Master Architektur","Werkst\u00e4tten"],"inLanguage":"de"},{"@type":"WebPage","@id":"https:\/\/sites.hslu.ch\/architektur\/leuchtturm\/","url":"https:\/\/sites.hslu.ch\/architektur\/leuchtturm\/","name":"Leuchtturm - Architektur an der Hochschule Luzern","isPartOf":{"@id":"https:\/\/sites.hslu.ch\/architektur\/#website"},"primaryImageOfPage":{"@id":"https:\/\/sites.hslu.ch\/architektur\/leuchtturm\/#primaryimage"},"image":{"@id":"https:\/\/sites.hslu.ch\/architektur\/leuchtturm\/#primaryimage"},"thumbnailUrl":"https:\/\/sites.hslu.ch\/architektur\/wp-content\/uploads\/sites\/11\/2021\/12\/Standbild_\u00a9Lukas_Lee_Galantay_Aufrichtshot.jpg","datePublished":"2021-09-05T11:11:00+00:00","dateModified":"2022-01-06T09:29:18+00:00","author":{"@id":"https:\/\/sites.hslu.ch\/architektur\/#\/schema\/person\/001cee0914381b1d1d390e0f07da2aad"},"breadcrumb":{"@id":"https:\/\/sites.hslu.ch\/architektur\/leuchtturm\/#breadcrumb"},"inLanguage":"de","potentialAction":[{"@type":"ReadAction","target":["https:\/\/sites.hslu.ch\/architektur\/leuchtturm\/"]}]},{"@type":"ImageObject","inLanguage":"de","@id":"https:\/\/sites.hslu.ch\/architektur\/leuchtturm\/#primaryimage","url":"https:\/\/sites.hslu.ch\/architektur\/wp-content\/uploads\/sites\/11\/2021\/12\/Standbild_\u00a9Lukas_Lee_Galantay_Aufrichtshot.jpg","contentUrl":"https:\/\/sites.hslu.ch\/architektur\/wp-content\/uploads\/sites\/11\/2021\/12\/Standbild_\u00a9Lukas_Lee_Galantay_Aufrichtshot.jpg","width":1920,"height":1439},{"@type":"BreadcrumbList","@id":"https:\/\/sites.hslu.ch\/architektur\/leuchtturm\/#breadcrumb","itemListElement":[{"@type":"ListItem","position":1,"name":"Home","item":"https:\/\/sites.hslu.ch\/architektur\/"},{"@type":"ListItem","position":2,"name":"Leuchtturm"}]},{"@type":"WebSite","@id":"https:\/\/sites.hslu.ch\/architektur\/#website","url":"https:\/\/sites.hslu.ch\/architektur\/","name":"Architektur an der Hochschule Luzern","description":"","potentialAction":[{"@type":"SearchAction","target":{"@type":"EntryPoint","urlTemplate":"https:\/\/sites.hslu.ch\/architektur\/?s={search_term_string}"},"query-input":{"@type":"PropertyValueSpecification","valueRequired":true,"valueName":"search_term_string"}}],"inLanguage":"de"},{"@type":"Person","@id":"https:\/\/sites.hslu.ch\/architektur\/#\/schema\/person\/001cee0914381b1d1d390e0f07da2aad","name":"jaramalevez","url":"https:\/\/sites.hslu.ch\/architektur\/author\/jaramalevez\/"}]}},"_links":{"self":[{"href":"https:\/\/sites.hslu.ch\/architektur\/wp-json\/wp\/v2\/posts\/4758","targetHints":{"allow":["GET"]}}],"collection":[{"href":"https:\/\/sites.hslu.ch\/architektur\/wp-json\/wp\/v2\/posts"}],"about":[{"href":"https:\/\/sites.hslu.ch\/architektur\/wp-json\/wp\/v2\/types\/post"}],"author":[{"embeddable":true,"href":"https:\/\/sites.hslu.ch\/architektur\/wp-json\/wp\/v2\/users\/44"}],"replies":[{"embeddable":true,"href":"https:\/\/sites.hslu.ch\/architektur\/wp-json\/wp\/v2\/comments?post=4758"}],"version-history":[{"count":7,"href":"https:\/\/sites.hslu.ch\/architektur\/wp-json\/wp\/v2\/posts\/4758\/revisions"}],"predecessor-version":[{"id":5549,"href":"https:\/\/sites.hslu.ch\/architektur\/wp-json\/wp\/v2\/posts\/4758\/revisions\/5549"}],"wp:featuredmedia":[{"embeddable":true,"href":"https:\/\/sites.hslu.ch\/architektur\/wp-json\/wp\/v2\/media\/4759"}],"wp:attachment":[{"href":"https:\/\/sites.hslu.ch\/architektur\/wp-json\/wp\/v2\/media?parent=4758"}],"wp:term":[{"taxonomy":"category","embeddable":true,"href":"https:\/\/sites.hslu.ch\/architektur\/wp-json\/wp\/v2\/categories?post=4758"},{"taxonomy":"post_tag","embeddable":true,"href":"https:\/\/sites.hslu.ch\/architektur\/wp-json\/wp\/v2\/tags?post=4758"}],"curies":[{"name":"wp","href":"https:\/\/api.w.org\/{rel}","templated":true}]}}