{"id":46177,"date":"2025-11-04T16:47:54","date_gmt":"2025-11-04T15:47:54","guid":{"rendered":"https:\/\/sites.hslu.ch\/architektur\/?p=46177"},"modified":"2025-11-04T16:48:01","modified_gmt":"2025-11-04T15:48:01","slug":"zwischenkritik-1-bachelor-basic-hs25","status":"publish","type":"post","link":"https:\/\/sites.hslu.ch\/architektur\/zwischenkritik-1-bachelor-basic-hs25\/","title":{"rendered":"Zwischenkritik 1 Bachelor Basic HS25"},"content":{"rendered":"\n<p class=\"is-style-lead-text\">Das Projektmodul \u00abRaum\u00bb im Bachelor Basic steht im Herbstsemester 2025 unter dem Titel \u00abRaum der Kr\u00e4fte\u00bb. Die Studierenden entwickeln Entw\u00fcrfe an drei unterschiedlichen, bemerkenswerten Orten in den Alpen. Raum wird dabei nicht als Form verstanden, sondern als Erfahrung: Licht, \u00dcbergang, Atmosph\u00e4re. Architektur soll Resonanz erzeugen, nicht dominieren. Die Alpen fordern Massstabs- und Perspektivwechsel \u2013 vom Landschaftsraum zum Innenraum, vom Fragment zum Ganzen.<\/p>\n\n\n\n<p>Der Alpenraum ist den unterschiedlichsten Kr\u00e4ften ausgesetzt: der Natur, der Kultur und der Wirtschaft. Was einst verl\u00e4sslich und stabil schien, beginnt an verschiedenen Orten \u2013 sowohl w\u00f6rtlich als auch metaphorisch \u2013 zu br\u00f6ckeln. Gletscher schmelzen, B\u00f6den rutschen und Fl\u00fcsse suchen sich neue Wege. Auch unsere Beziehung zur Landschaft ver\u00e4ndert sich. Dieser Wandel hinterl\u00e4sst Spuren \u2013 sichtbar, f\u00fchlbar, erz\u00e4hlbar.&nbsp;<\/p>\n\n\n\n<p>Zum Einstieg ins Studium widmen sich die Studierenden dem Raum der Kr\u00e4fte \u2013 kreativ, produktiv, wandelnd, bedrohlich, zerst\u00f6rerisch. Die Gruppen arbeiten an einer kollektive Synthese ihrer Erkenntnisse durch Modelle, Zeichnungen und Bilder.<\/p>\n\n\n\n<p>Mit einer Zwischenkritik wird nach sechs Wochen die erste Phase der Gruppenarbeiten abgeschlossen. <\/p>\n\n\n    <div class=\"ms-gallery \">\n        <div class=\"ms-gallery-sizer\"><\/div>\n        <div class=\"ms-gallery-gutter\"><\/div>\n                                        <div class=\"ms-gallery-item narrow\">\n                                                            <a href=\"https:\/\/sites.hslu.ch\/architektur\/wp-content\/uploads\/sites\/11\/2025\/10\/25hs_8_Basic_Voruebung_2096.webp\" data-lightbox=\"masonery-gallery\"  data-size=\"narrow\"  data-title=\"\" data-alt=\"\">\n                        <img decoding=\"async\" class=\"ms-gallery-item__image\"  data-size=\"narrow\"  src=\"https:\/\/sites.hslu.ch\/architektur\/wp-content\/uploads\/sites\/11\/2025\/10\/25hs_8_Basic_Voruebung_2096.webp\" alt=\"\" \/>\n                    <\/a>\n                                        <\/div>\n\n                                                                <div class=\"ms-gallery-item wide\">\n                                                        <a href=\"https:\/\/sites.hslu.ch\/architektur\/wp-content\/uploads\/sites\/11\/2025\/10\/25hs_8_Basic_Voruebung_2101.webp\" data-lightbox=\"masonery-gallery\"  data-size=\"wide\"  data-title=\"\" data-alt=\"\">\n                        <img decoding=\"async\" class=\"ms-gallery-item__image\"  data-size=\"wide\"  src=\"https:\/\/sites.hslu.ch\/architektur\/wp-content\/uploads\/sites\/11\/2025\/10\/25hs_8_Basic_Voruebung_2101.webp\" alt=\"\" \/>\n                    <\/a>\n                                        <\/div>\n\n                                                                    <div class=\"ms-gallery-item narrow\">\n                                                            <a href=\"https:\/\/sites.hslu.ch\/architektur\/wp-content\/uploads\/sites\/11\/2025\/10\/25hs_8_Basic_Voruebung_2189.webp\" data-lightbox=\"masonery-gallery\"  data-size=\"narrow\"  data-title=\"\" data-alt=\"\">\n                        <img decoding=\"async\" class=\"ms-gallery-item__image\"  data-size=\"narrow\"  src=\"https:\/\/sites.hslu.ch\/architektur\/wp-content\/uploads\/sites\/11\/2025\/10\/25hs_8_Basic_Voruebung_2189.webp\" alt=\"\" \/>\n                    <\/a>\n                                        <\/div>\n\n                                                                <div class=\"ms-gallery-item wide\">\n                                                        <a href=\"https:\/\/sites.hslu.ch\/architektur\/wp-content\/uploads\/sites\/11\/2025\/10\/25hs_8_Basic_Voruebung_2376.webp\" data-lightbox=\"masonery-gallery\"  data-size=\"wide\"  data-title=\"\" data-alt=\"\">\n                        <img decoding=\"async\" class=\"ms-gallery-item__image\"  data-size=\"wide\"  src=\"https:\/\/sites.hslu.ch\/architektur\/wp-content\/uploads\/sites\/11\/2025\/10\/25hs_8_Basic_Voruebung_2376.webp\" alt=\"\" \/>\n                    <\/a>\n                                        <\/div>\n\n                                                                <div class=\"ms-gallery-item wide\">\n                                                        <a href=\"https:\/\/sites.hslu.ch\/architektur\/wp-content\/uploads\/sites\/11\/2025\/10\/25hs_8_Basic_Voruebung_2254.webp\" data-lightbox=\"masonery-gallery\"  data-size=\"wide\"  data-title=\"\" data-alt=\"\">\n                        <img decoding=\"async\" class=\"ms-gallery-item__image\"  data-size=\"wide\"  src=\"https:\/\/sites.hslu.ch\/architektur\/wp-content\/uploads\/sites\/11\/2025\/10\/25hs_8_Basic_Voruebung_2254.webp\" alt=\"\" \/>\n                    <\/a>\n                                        <\/div>\n\n                                                    <div class=\"ms-gallery-item narrow\">\n                <\/div>\n                <\/div>\n            \n\n    <div class=\"ms-gallery \">\n        <div class=\"ms-gallery-sizer\"><\/div>\n        <div class=\"ms-gallery-gutter\"><\/div>\n                                        <div class=\"ms-gallery-item narrow\">\n                                                            <a href=\"https:\/\/sites.hslu.ch\/architektur\/wp-content\/uploads\/sites\/11\/2025\/10\/25hs_8_Basic_Voruebung_2318.webp\" data-lightbox=\"masonery-gallery\"  data-size=\"narrow\"  data-title=\"\" data-alt=\"\">\n                        <img decoding=\"async\" class=\"ms-gallery-item__image\"  data-size=\"narrow\"  src=\"https:\/\/sites.hslu.ch\/architektur\/wp-content\/uploads\/sites\/11\/2025\/10\/25hs_8_Basic_Voruebung_2318.webp\" alt=\"\" \/>\n                    <\/a>\n                                        <\/div>\n\n                                                                                                                                                                    <div class=\"ms-gallery-item narrow\">\n                                                            <a href=\"https:\/\/sites.hslu.ch\/architektur\/wp-content\/uploads\/sites\/11\/2025\/10\/25hs_8_Basic_Voruebung_2390.webp\" data-lightbox=\"masonery-gallery\"  data-size=\"narrow\"  data-title=\"\" data-alt=\"\">\n                        <img decoding=\"async\" class=\"ms-gallery-item__image\"  data-size=\"narrow\"  src=\"https:\/\/sites.hslu.ch\/architektur\/wp-content\/uploads\/sites\/11\/2025\/10\/25hs_8_Basic_Voruebung_2390.webp\" alt=\"\" \/>\n                    <\/a>\n                                        <\/div>\n\n                                                                                                                                                                    <div class=\"ms-gallery-item narrow\">\n                                                            <a href=\"https:\/\/sites.hslu.ch\/architektur\/wp-content\/uploads\/sites\/11\/2025\/10\/25hs_8_Basic_Voruebung_2496.webp\" data-lightbox=\"masonery-gallery\"  data-size=\"narrow\"  data-title=\"\" data-alt=\"\">\n                        <img decoding=\"async\" class=\"ms-gallery-item__image\"  data-size=\"narrow\"  src=\"https:\/\/sites.hslu.ch\/architektur\/wp-content\/uploads\/sites\/11\/2025\/10\/25hs_8_Basic_Voruebung_2496.webp\" alt=\"\" \/>\n                    <\/a>\n                                        <\/div>\n\n                                                                                                                                                                    <div class=\"ms-gallery-item narrow\">\n                                                            <a href=\"https:\/\/sites.hslu.ch\/architektur\/wp-content\/uploads\/sites\/11\/2025\/10\/25hs_8_Basic_Voruebung_2503.webp\" data-lightbox=\"masonery-gallery\"  data-size=\"narrow\"  data-title=\"\" data-alt=\"\">\n                        <img decoding=\"async\" class=\"ms-gallery-item__image\"  data-size=\"narrow\"  src=\"https:\/\/sites.hslu.ch\/architektur\/wp-content\/uploads\/sites\/11\/2025\/10\/25hs_8_Basic_Voruebung_2503.webp\" alt=\"\" \/>\n                    <\/a>\n                                        <\/div>\n\n                                                                                                                                                                    <div class=\"ms-gallery-item narrow\">\n                                                            <a href=\"https:\/\/sites.hslu.ch\/architektur\/wp-content\/uploads\/sites\/11\/2025\/10\/25hs_8_Basic_Voruebung_2535.webp\" data-lightbox=\"masonery-gallery\"  data-size=\"narrow\"  data-title=\"\" data-alt=\"\">\n                        <img decoding=\"async\" class=\"ms-gallery-item__image\"  data-size=\"narrow\"  src=\"https:\/\/sites.hslu.ch\/architektur\/wp-content\/uploads\/sites\/11\/2025\/10\/25hs_8_Basic_Voruebung_2535.webp\" alt=\"\" \/>\n                    <\/a>\n                                        <\/div>\n\n                                                                                                                                                                    <div class=\"ms-gallery-item narrow\">\n                                                            <a href=\"https:\/\/sites.hslu.ch\/architektur\/wp-content\/uploads\/sites\/11\/2025\/10\/25hs_8_Basic_Voruebung_2576.webp\" data-lightbox=\"masonery-gallery\"  data-size=\"narrow\"  data-title=\"\" data-alt=\"\">\n                        <img decoding=\"async\" class=\"ms-gallery-item__image\"  data-size=\"narrow\"  src=\"https:\/\/sites.hslu.ch\/architektur\/wp-content\/uploads\/sites\/11\/2025\/10\/25hs_8_Basic_Voruebung_2576.webp\" alt=\"\" \/>\n                    <\/a>\n                                        <\/div>\n\n                                                                                                                                                    <div class=\"ms-gallery-item narrow\">\n                <\/div>\n                <\/div>\n            \n\n    <div class=\"ms-gallery \">\n        <div class=\"ms-gallery-sizer\"><\/div>\n        <div class=\"ms-gallery-gutter\"><\/div>\n                                        <div class=\"ms-gallery-item narrow\">\n                                                            <a href=\"https:\/\/sites.hslu.ch\/architektur\/wp-content\/uploads\/sites\/11\/2025\/10\/25hs_8_Basic_Voruebung_2206.webp\" data-lightbox=\"masonery-gallery\"  data-size=\"narrow\"  data-title=\"\" data-alt=\"\">\n                        <img decoding=\"async\" class=\"ms-gallery-item__image\"  data-size=\"narrow\"  src=\"https:\/\/sites.hslu.ch\/architektur\/wp-content\/uploads\/sites\/11\/2025\/10\/25hs_8_Basic_Voruebung_2206.webp\" alt=\"\" \/>\n                    <\/a>\n                                        <\/div>\n\n                                                                <div class=\"ms-gallery-item wide\">\n                                                        <a href=\"https:\/\/sites.hslu.ch\/architektur\/wp-content\/uploads\/sites\/11\/2025\/10\/25hs_8_Basic_Voruebung_2199.webp\" data-lightbox=\"masonery-gallery\"  data-size=\"wide\"  data-title=\"\" data-alt=\"\">\n                        <img decoding=\"async\" class=\"ms-gallery-item__image\"  data-size=\"wide\"  src=\"https:\/\/sites.hslu.ch\/architektur\/wp-content\/uploads\/sites\/11\/2025\/10\/25hs_8_Basic_Voruebung_2199.webp\" alt=\"\" \/>\n                    <\/a>\n                                        <\/div>\n\n                                                                    <div class=\"ms-gallery-item narrow\">\n                                                            <a href=\"https:\/\/sites.hslu.ch\/architektur\/wp-content\/uploads\/sites\/11\/2025\/10\/HS25_RAUM_Probst_Tim_Prozessdokumentation.jpeg\" data-lightbox=\"masonery-gallery\"  data-size=\"narrow\"  data-title=\"Tim Probst\" data-alt=\"\">\n                        <img decoding=\"async\" class=\"ms-gallery-item__image\"  data-size=\"narrow\"  src=\"https:\/\/sites.hslu.ch\/architektur\/wp-content\/uploads\/sites\/11\/2025\/10\/HS25_RAUM_Probst_Tim_Prozessdokumentation.jpeg\" alt=\"\" \/>\n                    <\/a>\n                                            <p>Tim Probst<\/p>\n                                        <\/div>\n\n                                                                <div class=\"ms-gallery-item wide\">\n                                                        <a href=\"https:\/\/sites.hslu.ch\/architektur\/wp-content\/uploads\/sites\/11\/2025\/10\/25hs_8_Basic_Voruebung_2243.webp\" data-lightbox=\"masonery-gallery\"  data-size=\"wide\"  data-title=\"\" data-alt=\"\">\n                        <img decoding=\"async\" class=\"ms-gallery-item__image\"  data-size=\"wide\"  src=\"https:\/\/sites.hslu.ch\/architektur\/wp-content\/uploads\/sites\/11\/2025\/10\/25hs_8_Basic_Voruebung_2243.webp\" alt=\"\" \/>\n                    <\/a>\n                                        <\/div>\n\n                                                                <div class=\"ms-gallery-item wide\">\n                                                        <a href=\"https:\/\/sites.hslu.ch\/architektur\/wp-content\/uploads\/sites\/11\/2025\/10\/HS25_RAUM_Muriel-Gaudin_Tina-Mangott_Prozessdokumentation_2.jpeg\" data-lightbox=\"masonery-gallery\"  data-size=\"wide\"  data-title=\"Muriel Gaudin, Tina Mangott\" data-alt=\"\">\n                        <img decoding=\"async\" class=\"ms-gallery-item__image\"  data-size=\"wide\"  src=\"https:\/\/sites.hslu.ch\/architektur\/wp-content\/uploads\/sites\/11\/2025\/10\/HS25_RAUM_Muriel-Gaudin_Tina-Mangott_Prozessdokumentation_2.jpeg\" alt=\"\" \/>\n                    <\/a>\n                                            <p>Muriel Gaudin, Tina Mangott<\/p>\n                                        <\/div>\n\n                                                                <div class=\"ms-gallery-item wide\">\n                                                        <a href=\"https:\/\/sites.hslu.ch\/architektur\/wp-content\/uploads\/sites\/11\/2025\/10\/HS25_RAUM_Abaecherli_Timo_Meyer_Lukas_Prozessdokumentation.jpeg\" data-lightbox=\"masonery-gallery\"  data-size=\"wide\"  data-title=\"Timo Ab\u00e4cherli, Lukas Meyer\" data-alt=\"\">\n                        <img decoding=\"async\" class=\"ms-gallery-item__image\"  data-size=\"wide\"  src=\"https:\/\/sites.hslu.ch\/architektur\/wp-content\/uploads\/sites\/11\/2025\/10\/HS25_RAUM_Abaecherli_Timo_Meyer_Lukas_Prozessdokumentation.jpeg\" alt=\"\" \/>\n                    <\/a>\n                                            <p>Timo Ab\u00e4cherli, Lukas Meyer<\/p>\n                                        <\/div>\n\n                                                                <div class=\"ms-gallery-item wide\">\n                                                        <a href=\"https:\/\/sites.hslu.ch\/architektur\/wp-content\/uploads\/sites\/11\/2025\/11\/HS25_RAUM_Probst_Tim_Prozessdokumentation_2.jpeg\" data-lightbox=\"masonery-gallery\"  data-size=\"wide\"  data-title=\"Tim Probst\" data-alt=\"\">\n                        <img decoding=\"async\" class=\"ms-gallery-item__image\"  data-size=\"wide\"  src=\"https:\/\/sites.hslu.ch\/architektur\/wp-content\/uploads\/sites\/11\/2025\/11\/HS25_RAUM_Probst_Tim_Prozessdokumentation_2.jpeg\" alt=\"\" \/>\n                    <\/a>\n                                            <p>Tim Probst<\/p>\n                                        <\/div>\n\n                                                                    <div class=\"ms-gallery-item narrow\">\n                                                            <a href=\"https:\/\/sites.hslu.ch\/architektur\/wp-content\/uploads\/sites\/11\/2025\/10\/HS25_RAUM_Muriel-Gaudin_Tina-Mangott_Prozessdokumentation.jpeg\" data-lightbox=\"masonery-gallery\"  data-size=\"narrow\"  data-title=\"Muriel Gaudin, Tina Mangott\" data-alt=\"\">\n                        <img decoding=\"async\" class=\"ms-gallery-item__image\"  data-size=\"narrow\"  src=\"https:\/\/sites.hslu.ch\/architektur\/wp-content\/uploads\/sites\/11\/2025\/10\/HS25_RAUM_Muriel-Gaudin_Tina-Mangott_Prozessdokumentation.jpeg\" alt=\"\" \/>\n                    <\/a>\n                                            <p>Muriel Gaudin, Tina Mangott<\/p>\n                                        <\/div>\n\n                                                                <div class=\"ms-gallery-item wide\">\n                                                        <a href=\"https:\/\/sites.hslu.ch\/architektur\/wp-content\/uploads\/sites\/11\/2025\/10\/25hs_8_Basic_Voruebung_2425.webp\" data-lightbox=\"masonery-gallery\"  data-size=\"wide\"  data-title=\"\" data-alt=\"\">\n                        <img decoding=\"async\" class=\"ms-gallery-item__image\"  data-size=\"wide\"  src=\"https:\/\/sites.hslu.ch\/architektur\/wp-content\/uploads\/sites\/11\/2025\/10\/25hs_8_Basic_Voruebung_2425.webp\" alt=\"\" \/>\n                    <\/a>\n                                        <\/div>\n\n                                                                <div class=\"ms-gallery-item wide\">\n                                                        <a href=\"https:\/\/sites.hslu.ch\/architektur\/wp-content\/uploads\/sites\/11\/2025\/11\/HS25_RAUM_Sarrakshi-Wani-_Elena-Kalberer_Prozessdokumentation.jpeg\" data-lightbox=\"masonery-gallery\"  data-size=\"wide\"  data-title=\"Sarrakshi Wani, Elena Kalberer\" data-alt=\"\">\n                        <img decoding=\"async\" class=\"ms-gallery-item__image\"  data-size=\"wide\"  src=\"https:\/\/sites.hslu.ch\/architektur\/wp-content\/uploads\/sites\/11\/2025\/11\/HS25_RAUM_Sarrakshi-Wani-_Elena-Kalberer_Prozessdokumentation.jpeg\" alt=\"\" \/>\n                    <\/a>\n                                            <p>Sarrakshi Wani, Elena Kalberer<\/p>\n                                        <\/div>\n\n                                                    <div class=\"ms-gallery-item narrow\">\n                <\/div>\n                <\/div>\n            \n\n    <div class=\"ms-gallery \">\n        <div class=\"ms-gallery-sizer\"><\/div>\n        <div class=\"ms-gallery-gutter\"><\/div>\n                                        <div class=\"ms-gallery-item narrow\">\n                                                            <a href=\"https:\/\/sites.hslu.ch\/architektur\/wp-content\/uploads\/sites\/11\/2025\/10\/25hs_8_Basic_Voruebung_2141.webp\" data-lightbox=\"masonery-gallery\"  data-size=\"narrow\"  data-title=\"\" data-alt=\"\">\n                        <img decoding=\"async\" class=\"ms-gallery-item__image\"  data-size=\"narrow\"  src=\"https:\/\/sites.hslu.ch\/architektur\/wp-content\/uploads\/sites\/11\/2025\/10\/25hs_8_Basic_Voruebung_2141.webp\" alt=\"\" \/>\n                    <\/a>\n                                        <\/div>\n\n                                                                    <div class=\"ms-gallery-item narrow\">\n                                                            <a href=\"https:\/\/sites.hslu.ch\/architektur\/wp-content\/uploads\/sites\/11\/2025\/10\/HS25_RAUM_Gerhard_Anita_Prozessdokumentation.jpeg\" data-lightbox=\"masonery-gallery\"  data-size=\"narrow\"  data-title=\"Anita Gerhard\" data-alt=\"\">\n                        <img decoding=\"async\" class=\"ms-gallery-item__image\"  data-size=\"narrow\"  src=\"https:\/\/sites.hslu.ch\/architektur\/wp-content\/uploads\/sites\/11\/2025\/10\/HS25_RAUM_Gerhard_Anita_Prozessdokumentation.jpeg\" alt=\"\" \/>\n                    <\/a>\n                                            <p>Anita Gerhard<\/p>\n                                        <\/div>\n\n                                                                    <div class=\"ms-gallery-item narrow\">\n                                                            <a href=\"https:\/\/sites.hslu.ch\/architektur\/wp-content\/uploads\/sites\/11\/2025\/10\/25hs_8_Basic_Voruebung_2442.webp\" data-lightbox=\"masonery-gallery\"  data-size=\"narrow\"  data-title=\"\" data-alt=\"\">\n                        <img decoding=\"async\" class=\"ms-gallery-item__image\"  data-size=\"narrow\"  src=\"https:\/\/sites.hslu.ch\/architektur\/wp-content\/uploads\/sites\/11\/2025\/10\/25hs_8_Basic_Voruebung_2442.webp\" alt=\"\" \/>\n                    <\/a>\n                                        <\/div>\n\n                                                                <div class=\"ms-gallery-item wide\">\n                                                        <a href=\"https:\/\/sites.hslu.ch\/architektur\/wp-content\/uploads\/sites\/11\/2025\/10\/25hs_8_Basic_Voruebung_2291.webp\" data-lightbox=\"masonery-gallery\"  data-size=\"wide\"  data-title=\"\" data-alt=\"\">\n                        <img decoding=\"async\" class=\"ms-gallery-item__image\"  data-size=\"wide\"  src=\"https:\/\/sites.hslu.ch\/architektur\/wp-content\/uploads\/sites\/11\/2025\/10\/25hs_8_Basic_Voruebung_2291.webp\" alt=\"\" \/>\n                    <\/a>\n                                        <\/div>\n\n                                                                    <div class=\"ms-gallery-item narrow\">\n                                                            <a href=\"https:\/\/sites.hslu.ch\/architektur\/wp-content\/uploads\/sites\/11\/2025\/10\/HS25_RAUM_Sager_Morris_Prozessdokumentation.jpeg\" data-lightbox=\"masonery-gallery\"  data-size=\"narrow\"  data-title=\"Morris Sager\" data-alt=\"\">\n                        <img decoding=\"async\" class=\"ms-gallery-item__image\"  data-size=\"narrow\"  src=\"https:\/\/sites.hslu.ch\/architektur\/wp-content\/uploads\/sites\/11\/2025\/10\/HS25_RAUM_Sager_Morris_Prozessdokumentation.jpeg\" alt=\"\" \/>\n                    <\/a>\n                                            <p>Morris Sager<\/p>\n                                        <\/div>\n\n                                                                    <div class=\"ms-gallery-item narrow\">\n                                                            <a href=\"https:\/\/sites.hslu.ch\/architektur\/wp-content\/uploads\/sites\/11\/2025\/10\/25hs_8_Basic_Voruebung_2147.webp\" data-lightbox=\"masonery-gallery\"  data-size=\"narrow\"  data-title=\"\" data-alt=\"\">\n                        <img decoding=\"async\" class=\"ms-gallery-item__image\"  data-size=\"narrow\"  src=\"https:\/\/sites.hslu.ch\/architektur\/wp-content\/uploads\/sites\/11\/2025\/10\/25hs_8_Basic_Voruebung_2147.webp\" alt=\"\" \/>\n                    <\/a>\n                                        <\/div>\n\n                                                                <div class=\"ms-gallery-item wide\">\n                                                        <a href=\"https:\/\/sites.hslu.ch\/architektur\/wp-content\/uploads\/sites\/11\/2025\/11\/HS25_Raum_Lang_Flurina_Prozessdokumentation-1.jpeg\" data-lightbox=\"masonery-gallery\"  data-size=\"wide\"  data-title=\"Flurina Lang\" data-alt=\"\">\n                        <img decoding=\"async\" class=\"ms-gallery-item__image\"  data-size=\"wide\"  src=\"https:\/\/sites.hslu.ch\/architektur\/wp-content\/uploads\/sites\/11\/2025\/11\/HS25_Raum_Lang_Flurina_Prozessdokumentation-1.jpeg\" alt=\"\" \/>\n                    <\/a>\n                                            <p>Flurina Lang<\/p>\n                                        <\/div>\n\n                                                                    <div class=\"ms-gallery-item narrow\">\n                                                            <a href=\"https:\/\/sites.hslu.ch\/architektur\/wp-content\/uploads\/sites\/11\/2025\/10\/25hs_8_Basic_Voruebung_2497.webp\" data-lightbox=\"masonery-gallery\"  data-size=\"narrow\"  data-title=\"\" data-alt=\"\">\n                        <img decoding=\"async\" class=\"ms-gallery-item__image\"  data-size=\"narrow\"  src=\"https:\/\/sites.hslu.ch\/architektur\/wp-content\/uploads\/sites\/11\/2025\/10\/25hs_8_Basic_Voruebung_2497.webp\" alt=\"\" \/>\n                    <\/a>\n                                        <\/div>\n\n                                                    <div class=\"ms-gallery-item narrow\">\n                <\/div>\n                <\/div>\n            \n\n\n<p><strong>Modul<\/strong>: Raum HS25 <strong>Lehrteam<\/strong>: Bianca Anna Boeckle, Matthew Howell, Bas Princen, <a href=\"https:\/\/sites.hslu.ch\/architektur\/wolfgang-rossbauer\/\" target=\"_blank\" rel=\"noreferrer noopener\">Wolfgang Rossbauer<\/a>, Thomas Summermatter, Norma Tollmann <strong>Assistenz<\/strong>: Jana Mulle, Achille Pat\u00e0<\/p>\n\n\n\n<p><\/p>\n","protected":false},"excerpt":{"rendered":"<p>Das Projektmodul \u00abRaum\u00bb im Bachelor Basic steht im Herbstsemester 2025 unter dem Titel \u00abRaum der Kr\u00e4fte\u00bb. Die Studierenden entwickeln Entw\u00fcrfe an drei unterschiedlichen, bemerkenswerten Orten in den Alpen. Raum wird dabei nicht als Form verstanden, sondern als Erfahrung: Licht, \u00dcbergang, Atmosph\u00e4re. Architektur soll Resonanz erzeugen, nicht dominieren. Die Alpen fordern Massstabs- und Perspektivwechsel \u2013 vom Landschaftsraum zum Innenraum, vom Fragment zum Ganzen.<\/p>\n","protected":false},"author":44,"featured_media":46232,"comment_status":"closed","ping_status":"closed","sticky":false,"template":"","format":"standard","meta":{"_acf_changed":false,"footnotes":""},"categories":[6,279,15,22],"tags":[],"class_list":["post-46177","post","type-post","status-publish","format-standard","has-post-thumbnail","hentry","category-bachelor-architektur","category-hs2025","category-projektmodule","category-semester-jahr"],"acf":[],"yoast_head":"<!-- This site is optimized with the Yoast SEO plugin v27.5 - https:\/\/yoast.com\/product\/yoast-seo-wordpress\/ -->\n<title>Zwischenkritik 1 Bachelor Basic HS25 - Architektur an der Hochschule Luzern<\/title>\n<meta name=\"robots\" content=\"index, follow, max-snippet:-1, max-image-preview:large, max-video-preview:-1\" \/>\n<link rel=\"canonical\" href=\"https:\/\/sites.hslu.ch\/architektur\/zwischenkritik-1-bachelor-basic-hs25\/\" \/>\n<meta property=\"og:locale\" content=\"de_DE\" \/>\n<meta property=\"og:type\" content=\"article\" \/>\n<meta property=\"og:title\" content=\"Zwischenkritik 1 Bachelor Basic HS25 - Architektur an der Hochschule Luzern\" \/>\n<meta property=\"og:description\" content=\"Das Projektmodul \u00abRaum\u00bb im Bachelor Basic steht im Herbstsemester 2025 unter dem Titel \u00abRaum der Kr\u00e4fte\u00bb. Die Studierenden entwickeln Entw\u00fcrfe an drei unterschiedlichen, bemerkenswerten Orten in den Alpen. Raum wird dabei nicht als Form verstanden, sondern als Erfahrung: Licht, \u00dcbergang, Atmosph\u00e4re. Architektur soll Resonanz erzeugen, nicht dominieren. Die Alpen fordern Massstabs- und Perspektivwechsel \u2013 vom Landschaftsraum zum Innenraum, vom Fragment zum Ganzen.\" \/>\n<meta property=\"og:url\" content=\"https:\/\/sites.hslu.ch\/architektur\/zwischenkritik-1-bachelor-basic-hs25\/\" \/>\n<meta property=\"og:site_name\" content=\"Architektur an der Hochschule Luzern\" \/>\n<meta property=\"article:published_time\" content=\"2025-11-04T15:47:54+00:00\" \/>\n<meta property=\"article:modified_time\" content=\"2025-11-04T15:48:01+00:00\" \/>\n<meta property=\"og:image\" content=\"https:\/\/sites.hslu.ch\/architektur\/wp-content\/uploads\/sites\/11\/2025\/10\/25hs_8_Basic_Voruebung_2503.webp\" \/>\n\t<meta property=\"og:image:width\" content=\"1280\" \/>\n\t<meta property=\"og:image:height\" content=\"1920\" \/>\n\t<meta property=\"og:image:type\" content=\"image\/webp\" \/>\n<meta name=\"author\" content=\"jaramalevez\" \/>\n<meta name=\"twitter:card\" content=\"summary_large_image\" \/>\n<meta name=\"twitter:label1\" content=\"Verfasst von\" \/>\n\t<meta name=\"twitter:data1\" content=\"jaramalevez\" \/>\n\t<meta name=\"twitter:label2\" content=\"Gesch\u00e4tzte Lesezeit\" \/>\n\t<meta name=\"twitter:data2\" content=\"2\u00a0Minuten\" \/>\n<script type=\"application\/ld+json\" class=\"yoast-schema-graph\">{\"@context\":\"https:\\\/\\\/schema.org\",\"@graph\":[{\"@type\":\"Article\",\"@id\":\"https:\\\/\\\/sites.hslu.ch\\\/architektur\\\/zwischenkritik-1-bachelor-basic-hs25\\\/#article\",\"isPartOf\":{\"@id\":\"https:\\\/\\\/sites.hslu.ch\\\/architektur\\\/zwischenkritik-1-bachelor-basic-hs25\\\/\"},\"author\":{\"name\":\"jaramalevez\",\"@id\":\"https:\\\/\\\/sites.hslu.ch\\\/architektur\\\/#\\\/schema\\\/person\\\/001cee0914381b1d1d390e0f07da2aad\"},\"headline\":\"Zwischenkritik 1 Bachelor Basic HS25\",\"datePublished\":\"2025-11-04T15:47:54+00:00\",\"dateModified\":\"2025-11-04T15:48:01+00:00\",\"mainEntityOfPage\":{\"@id\":\"https:\\\/\\\/sites.hslu.ch\\\/architektur\\\/zwischenkritik-1-bachelor-basic-hs25\\\/\"},\"wordCount\":201,\"image\":{\"@id\":\"https:\\\/\\\/sites.hslu.ch\\\/architektur\\\/zwischenkritik-1-bachelor-basic-hs25\\\/#primaryimage\"},\"thumbnailUrl\":\"https:\\\/\\\/sites.hslu.ch\\\/architektur\\\/wp-content\\\/uploads\\\/sites\\\/11\\\/2025\\\/10\\\/25hs_8_Basic_Voruebung_2503.webp\",\"articleSection\":[\"Bachelor Architektur\",\"HS2025\",\"Projektmodule\",\"Semester\\\/Jahr\"],\"inLanguage\":\"de\"},{\"@type\":\"WebPage\",\"@id\":\"https:\\\/\\\/sites.hslu.ch\\\/architektur\\\/zwischenkritik-1-bachelor-basic-hs25\\\/\",\"url\":\"https:\\\/\\\/sites.hslu.ch\\\/architektur\\\/zwischenkritik-1-bachelor-basic-hs25\\\/\",\"name\":\"Zwischenkritik 1 Bachelor Basic HS25 - Architektur an der Hochschule Luzern\",\"isPartOf\":{\"@id\":\"https:\\\/\\\/sites.hslu.ch\\\/architektur\\\/#website\"},\"primaryImageOfPage\":{\"@id\":\"https:\\\/\\\/sites.hslu.ch\\\/architektur\\\/zwischenkritik-1-bachelor-basic-hs25\\\/#primaryimage\"},\"image\":{\"@id\":\"https:\\\/\\\/sites.hslu.ch\\\/architektur\\\/zwischenkritik-1-bachelor-basic-hs25\\\/#primaryimage\"},\"thumbnailUrl\":\"https:\\\/\\\/sites.hslu.ch\\\/architektur\\\/wp-content\\\/uploads\\\/sites\\\/11\\\/2025\\\/10\\\/25hs_8_Basic_Voruebung_2503.webp\",\"datePublished\":\"2025-11-04T15:47:54+00:00\",\"dateModified\":\"2025-11-04T15:48:01+00:00\",\"author\":{\"@id\":\"https:\\\/\\\/sites.hslu.ch\\\/architektur\\\/#\\\/schema\\\/person\\\/001cee0914381b1d1d390e0f07da2aad\"},\"breadcrumb\":{\"@id\":\"https:\\\/\\\/sites.hslu.ch\\\/architektur\\\/zwischenkritik-1-bachelor-basic-hs25\\\/#breadcrumb\"},\"inLanguage\":\"de\",\"potentialAction\":[{\"@type\":\"ReadAction\",\"target\":[\"https:\\\/\\\/sites.hslu.ch\\\/architektur\\\/zwischenkritik-1-bachelor-basic-hs25\\\/\"]}]},{\"@type\":\"ImageObject\",\"inLanguage\":\"de\",\"@id\":\"https:\\\/\\\/sites.hslu.ch\\\/architektur\\\/zwischenkritik-1-bachelor-basic-hs25\\\/#primaryimage\",\"url\":\"https:\\\/\\\/sites.hslu.ch\\\/architektur\\\/wp-content\\\/uploads\\\/sites\\\/11\\\/2025\\\/10\\\/25hs_8_Basic_Voruebung_2503.webp\",\"contentUrl\":\"https:\\\/\\\/sites.hslu.ch\\\/architektur\\\/wp-content\\\/uploads\\\/sites\\\/11\\\/2025\\\/10\\\/25hs_8_Basic_Voruebung_2503.webp\",\"width\":1280,\"height\":1920},{\"@type\":\"BreadcrumbList\",\"@id\":\"https:\\\/\\\/sites.hslu.ch\\\/architektur\\\/zwischenkritik-1-bachelor-basic-hs25\\\/#breadcrumb\",\"itemListElement\":[{\"@type\":\"ListItem\",\"position\":1,\"name\":\"Home\",\"item\":\"https:\\\/\\\/sites.hslu.ch\\\/architektur\\\/\"},{\"@type\":\"ListItem\",\"position\":2,\"name\":\"Zwischenkritik 1 Bachelor Basic HS25\"}]},{\"@type\":\"WebSite\",\"@id\":\"https:\\\/\\\/sites.hslu.ch\\\/architektur\\\/#website\",\"url\":\"https:\\\/\\\/sites.hslu.ch\\\/architektur\\\/\",\"name\":\"Architektur an der Hochschule Luzern\",\"description\":\"\",\"potentialAction\":[{\"@type\":\"SearchAction\",\"target\":{\"@type\":\"EntryPoint\",\"urlTemplate\":\"https:\\\/\\\/sites.hslu.ch\\\/architektur\\\/?s={search_term_string}\"},\"query-input\":{\"@type\":\"PropertyValueSpecification\",\"valueRequired\":true,\"valueName\":\"search_term_string\"}}],\"inLanguage\":\"de\"},{\"@type\":\"Person\",\"@id\":\"https:\\\/\\\/sites.hslu.ch\\\/architektur\\\/#\\\/schema\\\/person\\\/001cee0914381b1d1d390e0f07da2aad\",\"name\":\"jaramalevez\",\"url\":\"https:\\\/\\\/sites.hslu.ch\\\/architektur\\\/author\\\/jaramalevez\\\/\"}]}<\/script>\n<!-- \/ Yoast SEO plugin. -->","yoast_head_json":{"title":"Zwischenkritik 1 Bachelor Basic HS25 - Architektur an der Hochschule Luzern","robots":{"index":"index","follow":"follow","max-snippet":"max-snippet:-1","max-image-preview":"max-image-preview:large","max-video-preview":"max-video-preview:-1"},"canonical":"https:\/\/sites.hslu.ch\/architektur\/zwischenkritik-1-bachelor-basic-hs25\/","og_locale":"de_DE","og_type":"article","og_title":"Zwischenkritik 1 Bachelor Basic HS25 - Architektur an der Hochschule Luzern","og_description":"Das Projektmodul \u00abRaum\u00bb im Bachelor Basic steht im Herbstsemester 2025 unter dem Titel \u00abRaum der Kr\u00e4fte\u00bb. Die Studierenden entwickeln Entw\u00fcrfe an drei unterschiedlichen, bemerkenswerten Orten in den Alpen. Raum wird dabei nicht als Form verstanden, sondern als Erfahrung: Licht, \u00dcbergang, Atmosph\u00e4re. Architektur soll Resonanz erzeugen, nicht dominieren. Die Alpen fordern Massstabs- und Perspektivwechsel \u2013 vom Landschaftsraum zum Innenraum, vom Fragment zum Ganzen.","og_url":"https:\/\/sites.hslu.ch\/architektur\/zwischenkritik-1-bachelor-basic-hs25\/","og_site_name":"Architektur an der Hochschule Luzern","article_published_time":"2025-11-04T15:47:54+00:00","article_modified_time":"2025-11-04T15:48:01+00:00","og_image":[{"width":1280,"height":1920,"url":"https:\/\/sites.hslu.ch\/architektur\/wp-content\/uploads\/sites\/11\/2025\/10\/25hs_8_Basic_Voruebung_2503.webp","type":"image\/webp"}],"author":"jaramalevez","twitter_card":"summary_large_image","twitter_misc":{"Verfasst von":"jaramalevez","Gesch\u00e4tzte Lesezeit":"2\u00a0Minuten"},"schema":{"@context":"https:\/\/schema.org","@graph":[{"@type":"Article","@id":"https:\/\/sites.hslu.ch\/architektur\/zwischenkritik-1-bachelor-basic-hs25\/#article","isPartOf":{"@id":"https:\/\/sites.hslu.ch\/architektur\/zwischenkritik-1-bachelor-basic-hs25\/"},"author":{"name":"jaramalevez","@id":"https:\/\/sites.hslu.ch\/architektur\/#\/schema\/person\/001cee0914381b1d1d390e0f07da2aad"},"headline":"Zwischenkritik 1 Bachelor Basic HS25","datePublished":"2025-11-04T15:47:54+00:00","dateModified":"2025-11-04T15:48:01+00:00","mainEntityOfPage":{"@id":"https:\/\/sites.hslu.ch\/architektur\/zwischenkritik-1-bachelor-basic-hs25\/"},"wordCount":201,"image":{"@id":"https:\/\/sites.hslu.ch\/architektur\/zwischenkritik-1-bachelor-basic-hs25\/#primaryimage"},"thumbnailUrl":"https:\/\/sites.hslu.ch\/architektur\/wp-content\/uploads\/sites\/11\/2025\/10\/25hs_8_Basic_Voruebung_2503.webp","articleSection":["Bachelor Architektur","HS2025","Projektmodule","Semester\/Jahr"],"inLanguage":"de"},{"@type":"WebPage","@id":"https:\/\/sites.hslu.ch\/architektur\/zwischenkritik-1-bachelor-basic-hs25\/","url":"https:\/\/sites.hslu.ch\/architektur\/zwischenkritik-1-bachelor-basic-hs25\/","name":"Zwischenkritik 1 Bachelor Basic HS25 - Architektur an der Hochschule Luzern","isPartOf":{"@id":"https:\/\/sites.hslu.ch\/architektur\/#website"},"primaryImageOfPage":{"@id":"https:\/\/sites.hslu.ch\/architektur\/zwischenkritik-1-bachelor-basic-hs25\/#primaryimage"},"image":{"@id":"https:\/\/sites.hslu.ch\/architektur\/zwischenkritik-1-bachelor-basic-hs25\/#primaryimage"},"thumbnailUrl":"https:\/\/sites.hslu.ch\/architektur\/wp-content\/uploads\/sites\/11\/2025\/10\/25hs_8_Basic_Voruebung_2503.webp","datePublished":"2025-11-04T15:47:54+00:00","dateModified":"2025-11-04T15:48:01+00:00","author":{"@id":"https:\/\/sites.hslu.ch\/architektur\/#\/schema\/person\/001cee0914381b1d1d390e0f07da2aad"},"breadcrumb":{"@id":"https:\/\/sites.hslu.ch\/architektur\/zwischenkritik-1-bachelor-basic-hs25\/#breadcrumb"},"inLanguage":"de","potentialAction":[{"@type":"ReadAction","target":["https:\/\/sites.hslu.ch\/architektur\/zwischenkritik-1-bachelor-basic-hs25\/"]}]},{"@type":"ImageObject","inLanguage":"de","@id":"https:\/\/sites.hslu.ch\/architektur\/zwischenkritik-1-bachelor-basic-hs25\/#primaryimage","url":"https:\/\/sites.hslu.ch\/architektur\/wp-content\/uploads\/sites\/11\/2025\/10\/25hs_8_Basic_Voruebung_2503.webp","contentUrl":"https:\/\/sites.hslu.ch\/architektur\/wp-content\/uploads\/sites\/11\/2025\/10\/25hs_8_Basic_Voruebung_2503.webp","width":1280,"height":1920},{"@type":"BreadcrumbList","@id":"https:\/\/sites.hslu.ch\/architektur\/zwischenkritik-1-bachelor-basic-hs25\/#breadcrumb","itemListElement":[{"@type":"ListItem","position":1,"name":"Home","item":"https:\/\/sites.hslu.ch\/architektur\/"},{"@type":"ListItem","position":2,"name":"Zwischenkritik 1 Bachelor Basic HS25"}]},{"@type":"WebSite","@id":"https:\/\/sites.hslu.ch\/architektur\/#website","url":"https:\/\/sites.hslu.ch\/architektur\/","name":"Architektur an der Hochschule Luzern","description":"","potentialAction":[{"@type":"SearchAction","target":{"@type":"EntryPoint","urlTemplate":"https:\/\/sites.hslu.ch\/architektur\/?s={search_term_string}"},"query-input":{"@type":"PropertyValueSpecification","valueRequired":true,"valueName":"search_term_string"}}],"inLanguage":"de"},{"@type":"Person","@id":"https:\/\/sites.hslu.ch\/architektur\/#\/schema\/person\/001cee0914381b1d1d390e0f07da2aad","name":"jaramalevez","url":"https:\/\/sites.hslu.ch\/architektur\/author\/jaramalevez\/"}]}},"_links":{"self":[{"href":"https:\/\/sites.hslu.ch\/architektur\/wp-json\/wp\/v2\/posts\/46177","targetHints":{"allow":["GET"]}}],"collection":[{"href":"https:\/\/sites.hslu.ch\/architektur\/wp-json\/wp\/v2\/posts"}],"about":[{"href":"https:\/\/sites.hslu.ch\/architektur\/wp-json\/wp\/v2\/types\/post"}],"author":[{"embeddable":true,"href":"https:\/\/sites.hslu.ch\/architektur\/wp-json\/wp\/v2\/users\/44"}],"replies":[{"embeddable":true,"href":"https:\/\/sites.hslu.ch\/architektur\/wp-json\/wp\/v2\/comments?post=46177"}],"version-history":[{"count":26,"href":"https:\/\/sites.hslu.ch\/architektur\/wp-json\/wp\/v2\/posts\/46177\/revisions"}],"predecessor-version":[{"id":46317,"href":"https:\/\/sites.hslu.ch\/architektur\/wp-json\/wp\/v2\/posts\/46177\/revisions\/46317"}],"wp:featuredmedia":[{"embeddable":true,"href":"https:\/\/sites.hslu.ch\/architektur\/wp-json\/wp\/v2\/media\/46232"}],"wp:attachment":[{"href":"https:\/\/sites.hslu.ch\/architektur\/wp-json\/wp\/v2\/media?parent=46177"}],"wp:term":[{"taxonomy":"category","embeddable":true,"href":"https:\/\/sites.hslu.ch\/architektur\/wp-json\/wp\/v2\/categories?post=46177"},{"taxonomy":"post_tag","embeddable":true,"href":"https:\/\/sites.hslu.ch\/architektur\/wp-json\/wp\/v2\/tags?post=46177"}],"curies":[{"name":"wp","href":"https:\/\/api.w.org\/{rel}","templated":true}]}}