{"id":45046,"date":"2025-08-12T10:25:56","date_gmt":"2025-08-12T08:25:56","guid":{"rendered":"https:\/\/sites.hslu.ch\/architektur\/spekulationsarchitektur\/"},"modified":"2025-08-13T11:14:46","modified_gmt":"2025-08-13T09:14:46","slug":"spekulationsarchitektur","status":"publish","type":"post","link":"https:\/\/sites.hslu.ch\/architektur\/spekulationsarchitektur\/?lang=en","title":{"rendered":"Speculative architecture"},"content":{"rendered":"\n<p class=\"is-style-lead-text\">Viktoria Bosshard und Lucia Sp\u00f6rri worked on the Mattenhof neighbourhood in Kriens during the spring semester of 2025 in Studio Bessire\/Winter und DU Studio as part of their master&#8217;s degree in architecture. The neighbourhood is a central location in the development strategy of the city of Kriens, Lucerne and the municipality of Horw and has undergone rapid development in recent years. The area, which was once rural and then used for industrial purposes, is to be transformed into a diverse, urban living space.<\/p>\n\n\n    <div class=\"ms-gallery \">\n        <div class=\"ms-gallery-sizer\"><\/div>\n        <div class=\"ms-gallery-gutter\"><\/div>\n                                        <div class=\"ms-gallery-item narrow\">\n                                                            <a href=\"https:\/\/sites.hslu.ch\/architektur\/wp-content\/uploads\/sites\/11\/2025\/08\/25fs_20_Projektmodul_Bosshard_Spoerri_Studio-Fotosession-067-Bearbeitet-Bearbeitet.jpg\" data-lightbox=\"masonery-gallery\"  data-size=\"narrow\"  data-title=\"\" data-alt=\"\">\n                        <img decoding=\"async\" class=\"ms-gallery-item__image\"  data-size=\"narrow\"  src=\"https:\/\/sites.hslu.ch\/architektur\/wp-content\/uploads\/sites\/11\/2025\/08\/25fs_20_Projektmodul_Bosshard_Spoerri_Studio-Fotosession-067-Bearbeitet-Bearbeitet.jpg\" alt=\"\" \/>\n                    <\/a>\n                                        <\/div>\n\n                                                                    <div class=\"ms-gallery-item narrow\">\n                                                            <a href=\"https:\/\/sites.hslu.ch\/architektur\/wp-content\/uploads\/sites\/11\/2025\/08\/25fs_20_Projektmodul_Bosshard_Spoerri_Studio-Fotosession-037-Bearbeitet.webp\" data-lightbox=\"masonery-gallery\"  data-size=\"narrow\"  data-title=\"\" data-alt=\"\">\n                        <img decoding=\"async\" class=\"ms-gallery-item__image\"  data-size=\"narrow\"  src=\"https:\/\/sites.hslu.ch\/architektur\/wp-content\/uploads\/sites\/11\/2025\/08\/25fs_20_Projektmodul_Bosshard_Spoerri_Studio-Fotosession-037-Bearbeitet.webp\" alt=\"\" \/>\n                    <\/a>\n                                        <\/div>\n\n                                                                    <div class=\"ms-gallery-item narrow\">\n                                                            <a href=\"https:\/\/sites.hslu.ch\/architektur\/wp-content\/uploads\/sites\/11\/2025\/08\/25fs_20_Projektmodul_Bosshard_Spoerri_Studio-Fotosession-112-Bearbeitet_v2.jpg\" data-lightbox=\"masonery-gallery\"  data-size=\"narrow\"  data-title=\"\" data-alt=\"\">\n                        <img decoding=\"async\" class=\"ms-gallery-item__image\"  data-size=\"narrow\"  src=\"https:\/\/sites.hslu.ch\/architektur\/wp-content\/uploads\/sites\/11\/2025\/08\/25fs_20_Projektmodul_Bosshard_Spoerri_Studio-Fotosession-112-Bearbeitet_v2.jpg\" alt=\"\" \/>\n                    <\/a>\n                                        <\/div>\n\n                                                    <div class=\"ms-gallery-item narrow\">\n                <\/div>\n                <\/div>\n            \n\n\n<figure class=\"wp-block-embed is-type-video is-provider-vimeo wp-block-embed-vimeo wp-embed-aspect-16-9 wp-has-aspect-ratio\"><div class=\"wp-block-embed__wrapper\">\n<iframe loading=\"lazy\" title=\"25FS_MAS_LuciaSpoerri_ViktoriaBosshard\" src=\"https:\/\/player.vimeo.com\/video\/1107823841?h=a33882b918&amp;app_id=122963\" width=\"640\" height=\"360\" frameborder=\"0\" allow=\"autoplay; fullscreen; picture-in-picture; clipboard-write; encrypted-media; web-share\" referrerpolicy=\"strict-origin-when-cross-origin\"><\/iframe>\n<\/div><figcaption class=\"wp-element-caption\">Viktoria Bosshard and Lucia Sp\u00f6rri explain their project<\/figcaption><\/figure>\n\n\n\n<p>The two students write about their project:<\/p>\n\n\n\n<p>The heart of the project is a spacious, partially open roof structure that acts as a connecting element. The roof spans the existing building structure and the tracks with the train station, connecting the extension of the Allmend and Bireggwald forests with the main urban axis up to the existing roundabout. The basement will be opened up and converted into a green space as a continuation of the forest. The existing infrastructure for motorized traffic will remain, with the roundabout becoming the central hub and connection to the surrounding residential and working districts. This will create a clear separation between pedestrian and car traffic, as well as a distinct hierarchy of public, semi-public, and private spaces, which can be traversed step by step and ultimately converge in the atrium. The ground floor, with commercial, restaurant, and other public uses, serves as a lively pedestrian zone and central main axis, while the upper floors are used as living space with private gardens for residents. The aim is to create a place of communal living where public and private spaces intertwine harmoniously. An architectural motif of the project is the \u201cwindow to the courtyard\u201d (a reference to Alfred Hitchcock&#8217;s film \u201cRear Window\u201d), which symbolizes openness, insight, new social connections and reflects livable housing on a large scale.<\/p>\n\n\n    <div class=\"ms-gallery \">\n        <div class=\"ms-gallery-sizer\"><\/div>\n        <div class=\"ms-gallery-gutter\"><\/div>\n                                        <div class=\"ms-gallery-item narrow\">\n                                                            <a href=\"https:\/\/sites.hslu.ch\/architektur\/wp-content\/uploads\/sites\/11\/2025\/08\/06_Schwarzplan-Seite1_1920px.jpg\" data-lightbox=\"masonery-gallery\"  data-size=\"narrow\"  data-title=\"\" data-alt=\"\">\n                        <img decoding=\"async\" class=\"ms-gallery-item__image\"  data-size=\"narrow\"  src=\"https:\/\/sites.hslu.ch\/architektur\/wp-content\/uploads\/sites\/11\/2025\/08\/06_Schwarzplan-Seite1_1920px.jpg\" alt=\"\" \/>\n                    <\/a>\n                                        <\/div>\n\n                                                                <div class=\"ms-gallery-item wide\">\n                                                        <a href=\"https:\/\/sites.hslu.ch\/architektur\/wp-content\/uploads\/sites\/11\/2025\/08\/05_Map-Seite1_1920px.jpg\" data-lightbox=\"masonery-gallery\"  data-size=\"wide\"  data-title=\"\" data-alt=\"\">\n                        <img decoding=\"async\" class=\"ms-gallery-item__image\"  data-size=\"wide\"  src=\"https:\/\/sites.hslu.ch\/architektur\/wp-content\/uploads\/sites\/11\/2025\/08\/05_Map-Seite1_1920px.jpg\" alt=\"\" \/>\n                    <\/a>\n                                        <\/div>\n\n                                                                <div class=\"ms-gallery-item wide\">\n                                                        <a href=\"https:\/\/sites.hslu.ch\/architektur\/wp-content\/uploads\/sites\/11\/2025\/08\/03_Querschnitt-A-Seite1_1920px.jpg\" data-lightbox=\"masonery-gallery\"  data-size=\"wide\"  data-title=\"Querschnitt A\" data-alt=\"\">\n                        <img decoding=\"async\" class=\"ms-gallery-item__image\"  data-size=\"wide\"  src=\"https:\/\/sites.hslu.ch\/architektur\/wp-content\/uploads\/sites\/11\/2025\/08\/03_Querschnitt-A-Seite1_1920px.jpg\" alt=\"\" \/>\n                    <\/a>\n                                            <p>Querschnitt A<\/p>\n                                        <\/div>\n\n                                                                <div class=\"ms-gallery-item wide\">\n                                                        <a href=\"https:\/\/sites.hslu.ch\/architektur\/wp-content\/uploads\/sites\/11\/2025\/08\/04_Querschnitt-B-Seite1_1920px.jpg\" data-lightbox=\"masonery-gallery\"  data-size=\"wide\"  data-title=\"Querschnitt B\" data-alt=\"\">\n                        <img decoding=\"async\" class=\"ms-gallery-item__image\"  data-size=\"wide\"  src=\"https:\/\/sites.hslu.ch\/architektur\/wp-content\/uploads\/sites\/11\/2025\/08\/04_Querschnitt-B-Seite1_1920px.jpg\" alt=\"\" \/>\n                    <\/a>\n                                            <p>Querschnitt B<\/p>\n                                        <\/div>\n\n                                                                <div class=\"ms-gallery-item wide\">\n                                                        <a href=\"https:\/\/sites.hslu.ch\/architektur\/wp-content\/uploads\/sites\/11\/2025\/08\/1.UG_Grundriss-Seite1_1920px.jpg\" data-lightbox=\"masonery-gallery\"  data-size=\"wide\"  data-title=\"Grundriss UG\" data-alt=\"\">\n                        <img decoding=\"async\" class=\"ms-gallery-item__image\"  data-size=\"wide\"  src=\"https:\/\/sites.hslu.ch\/architektur\/wp-content\/uploads\/sites\/11\/2025\/08\/1.UG_Grundriss-Seite1_1920px.jpg\" alt=\"\" \/>\n                    <\/a>\n                                            <p>Grundriss UG<\/p>\n                                        <\/div>\n\n                                                                <div class=\"ms-gallery-item wide\">\n                                                        <a href=\"https:\/\/sites.hslu.ch\/architektur\/wp-content\/uploads\/sites\/11\/2025\/08\/00.EG_Grundriss-Seite1_1920px.jpg\" data-lightbox=\"masonery-gallery\"  data-size=\"wide\"  data-title=\"Grundriss EG\" data-alt=\"\">\n                        <img decoding=\"async\" class=\"ms-gallery-item__image\"  data-size=\"wide\"  src=\"https:\/\/sites.hslu.ch\/architektur\/wp-content\/uploads\/sites\/11\/2025\/08\/00.EG_Grundriss-Seite1_1920px.jpg\" alt=\"\" \/>\n                    <\/a>\n                                            <p>Grundriss EG<\/p>\n                                        <\/div>\n\n                                                                <div class=\"ms-gallery-item wide\">\n                                                        <a href=\"https:\/\/sites.hslu.ch\/architektur\/wp-content\/uploads\/sites\/11\/2025\/08\/01.OG_Grundriss-Seite1_1920px.jpg\" data-lightbox=\"masonery-gallery\"  data-size=\"wide\"  data-title=\"Grundriss 1.OG\" data-alt=\"\">\n                        <img decoding=\"async\" class=\"ms-gallery-item__image\"  data-size=\"wide\"  src=\"https:\/\/sites.hslu.ch\/architektur\/wp-content\/uploads\/sites\/11\/2025\/08\/01.OG_Grundriss-Seite1_1920px.jpg\" alt=\"\" \/>\n                    <\/a>\n                                            <p>Grundriss 1.OG<\/p>\n                                        <\/div>\n\n                                                                <div class=\"ms-gallery-item wide\">\n                                                        <a href=\"https:\/\/sites.hslu.ch\/architektur\/wp-content\/uploads\/sites\/11\/2025\/08\/02.OG_Grundriss-Seite1_1920px.jpg\" data-lightbox=\"masonery-gallery\"  data-size=\"wide\"  data-title=\"Grundriss 2.OG\" data-alt=\"\">\n                        <img decoding=\"async\" class=\"ms-gallery-item__image\"  data-size=\"wide\"  src=\"https:\/\/sites.hslu.ch\/architektur\/wp-content\/uploads\/sites\/11\/2025\/08\/02.OG_Grundriss-Seite1_1920px.jpg\" alt=\"\" \/>\n                    <\/a>\n                                            <p>Grundriss 2.OG<\/p>\n                                        <\/div>\n\n                                                    <div class=\"ms-gallery-item narrow\">\n                <\/div>\n                <\/div>\n            \n\n    <div class=\"ms-gallery \">\n        <div class=\"ms-gallery-sizer\"><\/div>\n        <div class=\"ms-gallery-gutter\"><\/div>\n                                        <div class=\"ms-gallery-item narrow\">\n                                                            <a href=\"https:\/\/sites.hslu.ch\/architektur\/wp-content\/uploads\/sites\/11\/2025\/08\/25fs_20_Projektmodul_Bosshard_Spoerri_03_Modellfoto1_500.jpg\" data-lightbox=\"masonery-gallery\"  data-size=\"narrow\"  data-title=\"\" data-alt=\"\">\n                        <img decoding=\"async\" class=\"ms-gallery-item__image\"  data-size=\"narrow\"  src=\"https:\/\/sites.hslu.ch\/architektur\/wp-content\/uploads\/sites\/11\/2025\/08\/25fs_20_Projektmodul_Bosshard_Spoerri_03_Modellfoto1_500.jpg\" alt=\"\" \/>\n                    <\/a>\n                                        <\/div>\n\n                                                                <div class=\"ms-gallery-item wide\">\n                                                        <a href=\"https:\/\/sites.hslu.ch\/architektur\/wp-content\/uploads\/sites\/11\/2025\/08\/25fs_20_Projektmodul_Bosshard_Spoerri_0541.jpg\" data-lightbox=\"masonery-gallery\"  data-size=\"wide\"  data-title=\"\" data-alt=\"\">\n                        <img decoding=\"async\" class=\"ms-gallery-item__image\"  data-size=\"wide\"  src=\"https:\/\/sites.hslu.ch\/architektur\/wp-content\/uploads\/sites\/11\/2025\/08\/25fs_20_Projektmodul_Bosshard_Spoerri_0541.jpg\" alt=\"\" \/>\n                    <\/a>\n                                        <\/div>\n\n                                                                    <div class=\"ms-gallery-item narrow\">\n                                                            <a href=\"https:\/\/sites.hslu.ch\/architektur\/wp-content\/uploads\/sites\/11\/2025\/08\/25fs_20_Projektmodul_Bosshard_Spoerri_9233.jpg\" data-lightbox=\"masonery-gallery\"  data-size=\"narrow\"  data-title=\"\" data-alt=\"\">\n                        <img decoding=\"async\" class=\"ms-gallery-item__image\"  data-size=\"narrow\"  src=\"https:\/\/sites.hslu.ch\/architektur\/wp-content\/uploads\/sites\/11\/2025\/08\/25fs_20_Projektmodul_Bosshard_Spoerri_9233.jpg\" alt=\"\" \/>\n                    <\/a>\n                                        <\/div>\n\n                                                    <div class=\"ms-gallery-item narrow\">\n                <\/div>\n                <\/div>\n            \n\n<div\n   class=\"cloudimage-360\"\n   data-amount=\"70\"\n   data-image-list='[\"https:\/\/sites.hslu.ch\/architektur\/wp-content\/uploads\/sites\/11\/2025\/08\/FS25_Modellfotografie_Master_LuciaSpoerri_ViktoriaBosshard_0002-2.jpg\",\"https:\/\/sites.hslu.ch\/architektur\/wp-content\/uploads\/sites\/11\/2025\/08\/FS25_Modellfotografie_Master_LuciaSpoerri_ViktoriaBosshard_0003-2.jpg\",\"https:\/\/sites.hslu.ch\/architektur\/wp-content\/uploads\/sites\/11\/2025\/08\/FS25_Modellfotografie_Master_LuciaSpoerri_ViktoriaBosshard_0004-2.jpg\",\"https:\/\/sites.hslu.ch\/architektur\/wp-content\/uploads\/sites\/11\/2025\/08\/FS25_Modellfotografie_Master_LuciaSpoerri_ViktoriaBosshard_0005.jpg\",\"https:\/\/sites.hslu.ch\/architektur\/wp-content\/uploads\/sites\/11\/2025\/08\/FS25_Modellfotografie_Master_LuciaSpoerri_ViktoriaBosshard_0006.jpg\",\"https:\/\/sites.hslu.ch\/architektur\/wp-content\/uploads\/sites\/11\/2025\/08\/FS25_Modellfotografie_Master_LuciaSpoerri_ViktoriaBosshard_0007.jpg\",\"https:\/\/sites.hslu.ch\/architektur\/wp-content\/uploads\/sites\/11\/2025\/08\/FS25_Modellfotografie_Master_LuciaSpoerri_ViktoriaBosshard_0008.jpg\",\"https:\/\/sites.hslu.ch\/architektur\/wp-content\/uploads\/sites\/11\/2025\/08\/FS25_Modellfotografie_Master_LuciaSpoerri_ViktoriaBosshard_0009.jpg\",\"https:\/\/sites.hslu.ch\/architektur\/wp-content\/uploads\/sites\/11\/2025\/08\/FS25_Modellfotografie_Master_LuciaSpoerri_ViktoriaBosshard_0010.jpg\",\"https:\/\/sites.hslu.ch\/architektur\/wp-content\/uploads\/sites\/11\/2025\/08\/FS25_Modellfotografie_Master_LuciaSpoerri_ViktoriaBosshard_0011.jpg\",\"https:\/\/sites.hslu.ch\/architektur\/wp-content\/uploads\/sites\/11\/2025\/08\/FS25_Modellfotografie_Master_LuciaSpoerri_ViktoriaBosshard_0012.jpg\",\"https:\/\/sites.hslu.ch\/architektur\/wp-content\/uploads\/sites\/11\/2025\/08\/FS25_Modellfotografie_Master_LuciaSpoerri_ViktoriaBosshard_0013.jpg\",\"https:\/\/sites.hslu.ch\/architektur\/wp-content\/uploads\/sites\/11\/2025\/08\/FS25_Modellfotografie_Master_LuciaSpoerri_ViktoriaBosshard_0014.jpg\",\"https:\/\/sites.hslu.ch\/architektur\/wp-content\/uploads\/sites\/11\/2025\/08\/FS25_Modellfotografie_Master_LuciaSpoerri_ViktoriaBosshard_0015.jpg\",\"https:\/\/sites.hslu.ch\/architektur\/wp-content\/uploads\/sites\/11\/2025\/08\/FS25_Modellfotografie_Master_LuciaSpoerri_ViktoriaBosshard_0016.jpg\",\"https:\/\/sites.hslu.ch\/architektur\/wp-content\/uploads\/sites\/11\/2025\/08\/FS25_Modellfotografie_Master_LuciaSpoerri_ViktoriaBosshard_0017.jpg\",\"https:\/\/sites.hslu.ch\/architektur\/wp-content\/uploads\/sites\/11\/2025\/08\/FS25_Modellfotografie_Master_LuciaSpoerri_ViktoriaBosshard_0018.jpg\",\"https:\/\/sites.hslu.ch\/architektur\/wp-content\/uploads\/sites\/11\/2025\/08\/FS25_Modellfotografie_Master_LuciaSpoerri_ViktoriaBosshard_0019.jpg\",\"https:\/\/sites.hslu.ch\/architektur\/wp-content\/uploads\/sites\/11\/2025\/08\/FS25_Modellfotografie_Master_LuciaSpoerri_ViktoriaBosshard_0020.jpg\",\"https:\/\/sites.hslu.ch\/architektur\/wp-content\/uploads\/sites\/11\/2025\/08\/FS25_Modellfotografie_Master_LuciaSpoerri_ViktoriaBosshard_0021.jpg\",\"https:\/\/sites.hslu.ch\/architektur\/wp-content\/uploads\/sites\/11\/2025\/08\/FS25_Modellfotografie_Master_LuciaSpoerri_ViktoriaBosshard_0022.jpg\",\"https:\/\/sites.hslu.ch\/architektur\/wp-content\/uploads\/sites\/11\/2025\/08\/FS25_Modellfotografie_Master_LuciaSpoerri_ViktoriaBosshard_0023.jpg\",\"https:\/\/sites.hslu.ch\/architektur\/wp-content\/uploads\/sites\/11\/2025\/08\/FS25_Modellfotografie_Master_LuciaSpoerri_ViktoriaBosshard_0024.jpg\",\"https:\/\/sites.hslu.ch\/architektur\/wp-content\/uploads\/sites\/11\/2025\/08\/FS25_Modellfotografie_Master_LuciaSpoerri_ViktoriaBosshard_0025.jpg\",\"https:\/\/sites.hslu.ch\/architektur\/wp-content\/uploads\/sites\/11\/2025\/08\/FS25_Modellfotografie_Master_LuciaSpoerri_ViktoriaBosshard_0026.jpg\",\"https:\/\/sites.hslu.ch\/architektur\/wp-content\/uploads\/sites\/11\/2025\/08\/FS25_Modellfotografie_Master_LuciaSpoerri_ViktoriaBosshard_0027.jpg\",\"https:\/\/sites.hslu.ch\/architektur\/wp-content\/uploads\/sites\/11\/2025\/08\/FS25_Modellfotografie_Master_LuciaSpoerri_ViktoriaBosshard_0028.jpg\",\"https:\/\/sites.hslu.ch\/architektur\/wp-content\/uploads\/sites\/11\/2025\/08\/FS25_Modellfotografie_Master_LuciaSpoerri_ViktoriaBosshard_0029.jpg\",\"https:\/\/sites.hslu.ch\/architektur\/wp-content\/uploads\/sites\/11\/2025\/08\/FS25_Modellfotografie_Master_LuciaSpoerri_ViktoriaBosshard_0030.jpg\",\"https:\/\/sites.hslu.ch\/architektur\/wp-content\/uploads\/sites\/11\/2025\/08\/FS25_Modellfotografie_Master_LuciaSpoerri_ViktoriaBosshard_0031.jpg\",\"https:\/\/sites.hslu.ch\/architektur\/wp-content\/uploads\/sites\/11\/2025\/08\/FS25_Modellfotografie_Master_LuciaSpoerri_ViktoriaBosshard_0032.jpg\",\"https:\/\/sites.hslu.ch\/architektur\/wp-content\/uploads\/sites\/11\/2025\/08\/FS25_Modellfotografie_Master_LuciaSpoerri_ViktoriaBosshard_0033.jpg\",\"https:\/\/sites.hslu.ch\/architektur\/wp-content\/uploads\/sites\/11\/2025\/08\/FS25_Modellfotografie_Master_LuciaSpoerri_ViktoriaBosshard_0034.jpg\",\"https:\/\/sites.hslu.ch\/architektur\/wp-content\/uploads\/sites\/11\/2025\/08\/FS25_Modellfotografie_Master_LuciaSpoerri_ViktoriaBosshard_0035.jpg\",\"https:\/\/sites.hslu.ch\/architektur\/wp-content\/uploads\/sites\/11\/2025\/08\/FS25_Modellfotografie_Master_LuciaSpoerri_ViktoriaBosshard_0036.jpg\",\"https:\/\/sites.hslu.ch\/architektur\/wp-content\/uploads\/sites\/11\/2025\/08\/FS25_Modellfotografie_Master_LuciaSpoerri_ViktoriaBosshard_0037.jpg\",\"https:\/\/sites.hslu.ch\/architektur\/wp-content\/uploads\/sites\/11\/2025\/08\/FS25_Modellfotografie_Master_LuciaSpoerri_ViktoriaBosshard_0038.jpg\",\"https:\/\/sites.hslu.ch\/architektur\/wp-content\/uploads\/sites\/11\/2025\/08\/FS25_Modellfotografie_Master_LuciaSpoerri_ViktoriaBosshard_0039.jpg\",\"https:\/\/sites.hslu.ch\/architektur\/wp-content\/uploads\/sites\/11\/2025\/08\/FS25_Modellfotografie_Master_LuciaSpoerri_ViktoriaBosshard_0040.jpg\",\"https:\/\/sites.hslu.ch\/architektur\/wp-content\/uploads\/sites\/11\/2025\/08\/FS25_Modellfotografie_Master_LuciaSpoerri_ViktoriaBosshard_0041.jpg\",\"https:\/\/sites.hslu.ch\/architektur\/wp-content\/uploads\/sites\/11\/2025\/08\/FS25_Modellfotografie_Master_LuciaSpoerri_ViktoriaBosshard_0042.jpg\",\"https:\/\/sites.hslu.ch\/architektur\/wp-content\/uploads\/sites\/11\/2025\/08\/FS25_Modellfotografie_Master_LuciaSpoerri_ViktoriaBosshard_0043.jpg\",\"https:\/\/sites.hslu.ch\/architektur\/wp-content\/uploads\/sites\/11\/2025\/08\/FS25_Modellfotografie_Master_LuciaSpoerri_ViktoriaBosshard_0044.jpg\",\"https:\/\/sites.hslu.ch\/architektur\/wp-content\/uploads\/sites\/11\/2025\/08\/FS25_Modellfotografie_Master_LuciaSpoerri_ViktoriaBosshard_0045.jpg\",\"https:\/\/sites.hslu.ch\/architektur\/wp-content\/uploads\/sites\/11\/2025\/08\/FS25_Modellfotografie_Master_LuciaSpoerri_ViktoriaBosshard_0046.jpg\",\"https:\/\/sites.hslu.ch\/architektur\/wp-content\/uploads\/sites\/11\/2025\/08\/FS25_Modellfotografie_Master_LuciaSpoerri_ViktoriaBosshard_0047.jpg\",\"https:\/\/sites.hslu.ch\/architektur\/wp-content\/uploads\/sites\/11\/2025\/08\/FS25_Modellfotografie_Master_LuciaSpoerri_ViktoriaBosshard_0048.jpg\",\"https:\/\/sites.hslu.ch\/architektur\/wp-content\/uploads\/sites\/11\/2025\/08\/FS25_Modellfotografie_Master_LuciaSpoerri_ViktoriaBosshard_0049.jpg\",\"https:\/\/sites.hslu.ch\/architektur\/wp-content\/uploads\/sites\/11\/2025\/08\/FS25_Modellfotografie_Master_LuciaSpoerri_ViktoriaBosshard_0050.jpg\",\"https:\/\/sites.hslu.ch\/architektur\/wp-content\/uploads\/sites\/11\/2025\/08\/FS25_Modellfotografie_Master_LuciaSpoerri_ViktoriaBosshard_0051.jpg\",\"https:\/\/sites.hslu.ch\/architektur\/wp-content\/uploads\/sites\/11\/2025\/08\/FS25_Modellfotografie_Master_LuciaSpoerri_ViktoriaBosshard_0052.jpg\",\"https:\/\/sites.hslu.ch\/architektur\/wp-content\/uploads\/sites\/11\/2025\/08\/FS25_Modellfotografie_Master_LuciaSpoerri_ViktoriaBosshard_0053.jpg\",\"https:\/\/sites.hslu.ch\/architektur\/wp-content\/uploads\/sites\/11\/2025\/08\/FS25_Modellfotografie_Master_LuciaSpoerri_ViktoriaBosshard_0054.jpg\",\"https:\/\/sites.hslu.ch\/architektur\/wp-content\/uploads\/sites\/11\/2025\/08\/FS25_Modellfotografie_Master_LuciaSpoerri_ViktoriaBosshard_0055.jpg\",\"https:\/\/sites.hslu.ch\/architektur\/wp-content\/uploads\/sites\/11\/2025\/08\/FS25_Modellfotografie_Master_LuciaSpoerri_ViktoriaBosshard_0056.jpg\",\"https:\/\/sites.hslu.ch\/architektur\/wp-content\/uploads\/sites\/11\/2025\/08\/FS25_Modellfotografie_Master_LuciaSpoerri_ViktoriaBosshard_0057.jpg\",\"https:\/\/sites.hslu.ch\/architektur\/wp-content\/uploads\/sites\/11\/2025\/08\/FS25_Modellfotografie_Master_LuciaSpoerri_ViktoriaBosshard_0058.jpg\",\"https:\/\/sites.hslu.ch\/architektur\/wp-content\/uploads\/sites\/11\/2025\/08\/FS25_Modellfotografie_Master_LuciaSpoerri_ViktoriaBosshard_0059.jpg\",\"https:\/\/sites.hslu.ch\/architektur\/wp-content\/uploads\/sites\/11\/2025\/08\/FS25_Modellfotografie_Master_LuciaSpoerri_ViktoriaBosshard_0060.jpg\",\"https:\/\/sites.hslu.ch\/architektur\/wp-content\/uploads\/sites\/11\/2025\/08\/FS25_Modellfotografie_Master_LuciaSpoerri_ViktoriaBosshard_0061.jpg\",\"https:\/\/sites.hslu.ch\/architektur\/wp-content\/uploads\/sites\/11\/2025\/08\/FS25_Modellfotografie_Master_LuciaSpoerri_ViktoriaBosshard_0062.jpg\",\"https:\/\/sites.hslu.ch\/architektur\/wp-content\/uploads\/sites\/11\/2025\/08\/FS25_Modellfotografie_Master_LuciaSpoerri_ViktoriaBosshard_0063.jpg\",\"https:\/\/sites.hslu.ch\/architektur\/wp-content\/uploads\/sites\/11\/2025\/08\/FS25_Modellfotografie_Master_LuciaSpoerri_ViktoriaBosshard_0064.jpg\",\"https:\/\/sites.hslu.ch\/architektur\/wp-content\/uploads\/sites\/11\/2025\/08\/FS25_Modellfotografie_Master_LuciaSpoerri_ViktoriaBosshard_0065.jpg\",\"https:\/\/sites.hslu.ch\/architektur\/wp-content\/uploads\/sites\/11\/2025\/08\/FS25_Modellfotografie_Master_LuciaSpoerri_ViktoriaBosshard_0066.jpg\",\"https:\/\/sites.hslu.ch\/architektur\/wp-content\/uploads\/sites\/11\/2025\/08\/FS25_Modellfotografie_Master_LuciaSpoerri_ViktoriaBosshard_0067.jpg\",\"https:\/\/sites.hslu.ch\/architektur\/wp-content\/uploads\/sites\/11\/2025\/08\/FS25_Modellfotografie_Master_LuciaSpoerri_ViktoriaBosshard_0068.jpg\",\"https:\/\/sites.hslu.ch\/architektur\/wp-content\/uploads\/sites\/11\/2025\/08\/FS25_Modellfotografie_Master_LuciaSpoerri_ViktoriaBosshard_0069.jpg\",\"https:\/\/sites.hslu.ch\/architektur\/wp-content\/uploads\/sites\/11\/2025\/08\/FS25_Modellfotografie_Master_LuciaSpoerri_ViktoriaBosshard_0070.jpg\",\"https:\/\/sites.hslu.ch\/architektur\/wp-content\/uploads\/sites\/11\/2025\/08\/FS25_Modellfotografie_Master_LuciaSpoerri_ViktoriaBosshard_0071.jpg\"]'\n   data-full-screen \n   >\n\t<button class=\"cloudimage-360-prev\"><\/button>\n\t<button class=\"cloudimage-360-next\"><\/button>\n<\/div>\n\n    <div class=\"ms-gallery \">\n        <div class=\"ms-gallery-sizer\"><\/div>\n        <div class=\"ms-gallery-gutter\"><\/div>\n                                        <div class=\"ms-gallery-item narrow\">\n                                                            <a href=\"https:\/\/sites.hslu.ch\/architektur\/wp-content\/uploads\/sites\/11\/2025\/08\/25fs_7_MA_Zwischenkritik_1866.jpg\" data-lightbox=\"masonery-gallery\"  data-size=\"narrow\"  data-title=\"\" data-alt=\"\">\n                        <img decoding=\"async\" class=\"ms-gallery-item__image\"  data-size=\"narrow\"  src=\"https:\/\/sites.hslu.ch\/architektur\/wp-content\/uploads\/sites\/11\/2025\/08\/25fs_7_MA_Zwischenkritik_1866.jpg\" alt=\"\" \/>\n                    <\/a>\n                                        <\/div>\n\n                                                                <div class=\"ms-gallery-item wide\">\n                                                        <a href=\"https:\/\/sites.hslu.ch\/architektur\/wp-content\/uploads\/sites\/11\/2025\/08\/25fs_7_MA_Zwischenkritik_1797.jpg\" data-lightbox=\"masonery-gallery\"  data-size=\"wide\"  data-title=\"\" data-alt=\"\">\n                        <img decoding=\"async\" class=\"ms-gallery-item__image\"  data-size=\"wide\"  src=\"https:\/\/sites.hslu.ch\/architektur\/wp-content\/uploads\/sites\/11\/2025\/08\/25fs_7_MA_Zwischenkritik_1797.jpg\" alt=\"\" \/>\n                    <\/a>\n                                        <\/div>\n\n                                                                    <div class=\"ms-gallery-item narrow\">\n                                                            <a href=\"https:\/\/sites.hslu.ch\/architektur\/wp-content\/uploads\/sites\/11\/2025\/08\/25fs_7_MA_Zwischenkritik_1851.jpg\" data-lightbox=\"masonery-gallery\"  data-size=\"narrow\"  data-title=\"\" data-alt=\"\">\n                        <img decoding=\"async\" class=\"ms-gallery-item__image\"  data-size=\"narrow\"  src=\"https:\/\/sites.hslu.ch\/architektur\/wp-content\/uploads\/sites\/11\/2025\/08\/25fs_7_MA_Zwischenkritik_1851.jpg\" alt=\"\" \/>\n                    <\/a>\n                                        <\/div>\n\n                                                                    <div class=\"ms-gallery-item narrow\">\n                                                            <a href=\"https:\/\/sites.hslu.ch\/architektur\/wp-content\/uploads\/sites\/11\/2025\/08\/25fs_7_MA_Zwischenkritik_1883.jpg\" data-lightbox=\"masonery-gallery\"  data-size=\"narrow\"  data-title=\"\" data-alt=\"\">\n                        <img decoding=\"async\" class=\"ms-gallery-item__image\"  data-size=\"narrow\"  src=\"https:\/\/sites.hslu.ch\/architektur\/wp-content\/uploads\/sites\/11\/2025\/08\/25fs_7_MA_Zwischenkritik_1883.jpg\" alt=\"\" \/>\n                    <\/a>\n                                        <\/div>\n\n                                                    <div class=\"ms-gallery-item narrow\">\n                <\/div>\n                <\/div>\n            \n\n\n<p><strong>Modul<\/strong>e: Focusproject SS25 <strong>Lecturers<\/strong>: C\u00e9line Bessire, Matthias Winter, Tina K\u00fcng, Steffen H\u00e4gele <strong>Assistant<\/strong>: Jo\u00e3o Moreira<\/p>\n\n\n\n<p><\/p>\n","protected":false},"excerpt":{"rendered":"<p>Viktoria Bosshard und Lucia Sp\u00f6rri haben sich im Fr\u00fchlingssemester 2025 im Studio Bessire\/Winter und DU Studio im Master Architektur mit dem Mattenhofquartier in Kriens befasst. Das Quartier ist ein zentraler Ort in der Entwicklungsstategie der Stadt Kriens, Luzern und der Gemeinde Horw und hat sich in den letzten Jahren rasant entwickelt. Das einst l\u00e4ndlich, dann industriell genutzte Gebiet soll sich in einen vielf\u00e4ltigen, urbanen Lebensraum transformieren.\u00a0<\/p>\n","protected":false},"author":44,"featured_media":43622,"comment_status":"closed","ping_status":"closed","sticky":false,"template":"","format":"standard","meta":{"_acf_changed":false,"footnotes":""},"categories":[168,166,120,272],"tags":[],"class_list":["post-45046","post","type-post","status-publish","format-standard","has-post-thumbnail","hentry","category-architektur-und-material-en","category-master-architektur-en","category-semester-jahr-en","category-fs2025-en"],"acf":[],"yoast_head":"<!-- This site is optimized with the Yoast SEO plugin v27.5 - https:\/\/yoast.com\/product\/yoast-seo-wordpress\/ -->\n<title>Speculative architecture - Architektur an der Hochschule Luzern<\/title>\n<meta name=\"robots\" content=\"index, follow, max-snippet:-1, max-image-preview:large, max-video-preview:-1\" \/>\n<link rel=\"canonical\" href=\"https:\/\/sites.hslu.ch\/architektur\/spekulationsarchitektur\/?lang=en\" \/>\n<meta property=\"og:locale\" content=\"de_DE\" \/>\n<meta property=\"og:type\" content=\"article\" \/>\n<meta property=\"og:title\" content=\"Speculative architecture - Architektur an der Hochschule Luzern\" \/>\n<meta property=\"og:description\" content=\"Viktoria Bosshard und Lucia Sp\u00f6rri haben sich im Fr\u00fchlingssemester 2025 im Studio Bessire\/Winter und DU Studio im Master Architektur mit dem Mattenhofquartier in Kriens befasst. Das Quartier ist ein zentraler Ort in der Entwicklungsstategie der Stadt Kriens, Luzern und der Gemeinde Horw und hat sich in den letzten Jahren rasant entwickelt. Das einst l\u00e4ndlich, dann industriell genutzte Gebiet soll sich in einen vielf\u00e4ltigen, urbanen Lebensraum transformieren.\u00a0\" \/>\n<meta property=\"og:url\" content=\"https:\/\/sites.hslu.ch\/architektur\/spekulationsarchitektur\/?lang=en\" \/>\n<meta property=\"og:site_name\" content=\"Architektur an der Hochschule Luzern\" \/>\n<meta property=\"article:published_time\" content=\"2025-08-12T08:25:56+00:00\" \/>\n<meta property=\"article:modified_time\" content=\"2025-08-13T09:14:46+00:00\" \/>\n<meta property=\"og:image\" content=\"https:\/\/sites.hslu.ch\/architektur\/wp-content\/uploads\/sites\/11\/2025\/08\/25fs_20_Projektmodul_Bosshard_Spoerri_Studio-Fotosession-112-Bearbeitet_v2.jpg\" \/>\n\t<meta property=\"og:image:width\" content=\"1280\" \/>\n\t<meta property=\"og:image:height\" content=\"1920\" \/>\n\t<meta property=\"og:image:type\" content=\"image\/jpeg\" \/>\n<meta name=\"author\" content=\"jaramalevez\" \/>\n<meta name=\"twitter:card\" content=\"summary_large_image\" \/>\n<meta name=\"twitter:label1\" content=\"Verfasst von\" \/>\n\t<meta name=\"twitter:data1\" content=\"jaramalevez\" \/>\n\t<meta name=\"twitter:label2\" content=\"Gesch\u00e4tzte Lesezeit\" \/>\n\t<meta name=\"twitter:data2\" content=\"3\u00a0Minuten\" \/>\n<script type=\"application\/ld+json\" class=\"yoast-schema-graph\">{\"@context\":\"https:\\\/\\\/schema.org\",\"@graph\":[{\"@type\":\"Article\",\"@id\":\"https:\\\/\\\/sites.hslu.ch\\\/architektur\\\/spekulationsarchitektur\\\/?lang=en#article\",\"isPartOf\":{\"@id\":\"https:\\\/\\\/sites.hslu.ch\\\/architektur\\\/spekulationsarchitektur\\\/?lang=en\"},\"author\":{\"name\":\"jaramalevez\",\"@id\":\"https:\\\/\\\/sites.hslu.ch\\\/architektur\\\/#\\\/schema\\\/person\\\/001cee0914381b1d1d390e0f07da2aad\"},\"headline\":\"Speculative architecture\",\"datePublished\":\"2025-08-12T08:25:56+00:00\",\"dateModified\":\"2025-08-13T09:14:46+00:00\",\"mainEntityOfPage\":{\"@id\":\"https:\\\/\\\/sites.hslu.ch\\\/architektur\\\/spekulationsarchitektur\\\/?lang=en\"},\"wordCount\":347,\"image\":{\"@id\":\"https:\\\/\\\/sites.hslu.ch\\\/architektur\\\/spekulationsarchitektur\\\/?lang=en#primaryimage\"},\"thumbnailUrl\":\"https:\\\/\\\/sites.hslu.ch\\\/architektur\\\/wp-content\\\/uploads\\\/sites\\\/11\\\/2025\\\/08\\\/25fs_20_Projektmodul_Bosshard_Spoerri_Studio-Fotosession-112-Bearbeitet_v2.jpg\",\"articleSection\":[\"Architecture &amp; Material\",\"Master Architecture\",\"Semester\\\/Year\",\"SS2025\"],\"inLanguage\":\"de\"},{\"@type\":\"WebPage\",\"@id\":\"https:\\\/\\\/sites.hslu.ch\\\/architektur\\\/spekulationsarchitektur\\\/?lang=en\",\"url\":\"https:\\\/\\\/sites.hslu.ch\\\/architektur\\\/spekulationsarchitektur\\\/?lang=en\",\"name\":\"Speculative architecture - Architektur an der Hochschule Luzern\",\"isPartOf\":{\"@id\":\"https:\\\/\\\/sites.hslu.ch\\\/architektur\\\/#website\"},\"primaryImageOfPage\":{\"@id\":\"https:\\\/\\\/sites.hslu.ch\\\/architektur\\\/spekulationsarchitektur\\\/?lang=en#primaryimage\"},\"image\":{\"@id\":\"https:\\\/\\\/sites.hslu.ch\\\/architektur\\\/spekulationsarchitektur\\\/?lang=en#primaryimage\"},\"thumbnailUrl\":\"https:\\\/\\\/sites.hslu.ch\\\/architektur\\\/wp-content\\\/uploads\\\/sites\\\/11\\\/2025\\\/08\\\/25fs_20_Projektmodul_Bosshard_Spoerri_Studio-Fotosession-112-Bearbeitet_v2.jpg\",\"datePublished\":\"2025-08-12T08:25:56+00:00\",\"dateModified\":\"2025-08-13T09:14:46+00:00\",\"author\":{\"@id\":\"https:\\\/\\\/sites.hslu.ch\\\/architektur\\\/#\\\/schema\\\/person\\\/001cee0914381b1d1d390e0f07da2aad\"},\"breadcrumb\":{\"@id\":\"https:\\\/\\\/sites.hslu.ch\\\/architektur\\\/spekulationsarchitektur\\\/?lang=en#breadcrumb\"},\"inLanguage\":\"de\",\"potentialAction\":[{\"@type\":\"ReadAction\",\"target\":[\"https:\\\/\\\/sites.hslu.ch\\\/architektur\\\/spekulationsarchitektur\\\/?lang=en\"]}]},{\"@type\":\"ImageObject\",\"inLanguage\":\"de\",\"@id\":\"https:\\\/\\\/sites.hslu.ch\\\/architektur\\\/spekulationsarchitektur\\\/?lang=en#primaryimage\",\"url\":\"https:\\\/\\\/sites.hslu.ch\\\/architektur\\\/wp-content\\\/uploads\\\/sites\\\/11\\\/2025\\\/08\\\/25fs_20_Projektmodul_Bosshard_Spoerri_Studio-Fotosession-112-Bearbeitet_v2.jpg\",\"contentUrl\":\"https:\\\/\\\/sites.hslu.ch\\\/architektur\\\/wp-content\\\/uploads\\\/sites\\\/11\\\/2025\\\/08\\\/25fs_20_Projektmodul_Bosshard_Spoerri_Studio-Fotosession-112-Bearbeitet_v2.jpg\",\"width\":1280,\"height\":1920},{\"@type\":\"BreadcrumbList\",\"@id\":\"https:\\\/\\\/sites.hslu.ch\\\/architektur\\\/spekulationsarchitektur\\\/?lang=en#breadcrumb\",\"itemListElement\":[{\"@type\":\"ListItem\",\"position\":1,\"name\":\"Home\",\"item\":\"https:\\\/\\\/sites.hslu.ch\\\/architektur\\\/\"},{\"@type\":\"ListItem\",\"position\":2,\"name\":\"Speculative architecture\"}]},{\"@type\":\"WebSite\",\"@id\":\"https:\\\/\\\/sites.hslu.ch\\\/architektur\\\/#website\",\"url\":\"https:\\\/\\\/sites.hslu.ch\\\/architektur\\\/\",\"name\":\"Architektur an der Hochschule Luzern\",\"description\":\"\",\"potentialAction\":[{\"@type\":\"SearchAction\",\"target\":{\"@type\":\"EntryPoint\",\"urlTemplate\":\"https:\\\/\\\/sites.hslu.ch\\\/architektur\\\/?s={search_term_string}\"},\"query-input\":{\"@type\":\"PropertyValueSpecification\",\"valueRequired\":true,\"valueName\":\"search_term_string\"}}],\"inLanguage\":\"de\"},{\"@type\":\"Person\",\"@id\":\"https:\\\/\\\/sites.hslu.ch\\\/architektur\\\/#\\\/schema\\\/person\\\/001cee0914381b1d1d390e0f07da2aad\",\"name\":\"jaramalevez\",\"url\":\"https:\\\/\\\/sites.hslu.ch\\\/architektur\\\/author\\\/jaramalevez\\\/\"}]}<\/script>\n<!-- \/ Yoast SEO plugin. -->","yoast_head_json":{"title":"Speculative architecture - Architektur an der Hochschule Luzern","robots":{"index":"index","follow":"follow","max-snippet":"max-snippet:-1","max-image-preview":"max-image-preview:large","max-video-preview":"max-video-preview:-1"},"canonical":"https:\/\/sites.hslu.ch\/architektur\/spekulationsarchitektur\/?lang=en","og_locale":"de_DE","og_type":"article","og_title":"Speculative architecture - Architektur an der Hochschule Luzern","og_description":"Viktoria Bosshard und Lucia Sp\u00f6rri haben sich im Fr\u00fchlingssemester 2025 im Studio Bessire\/Winter und DU Studio im Master Architektur mit dem Mattenhofquartier in Kriens befasst. Das Quartier ist ein zentraler Ort in der Entwicklungsstategie der Stadt Kriens, Luzern und der Gemeinde Horw und hat sich in den letzten Jahren rasant entwickelt. Das einst l\u00e4ndlich, dann industriell genutzte Gebiet soll sich in einen vielf\u00e4ltigen, urbanen Lebensraum transformieren.\u00a0","og_url":"https:\/\/sites.hslu.ch\/architektur\/spekulationsarchitektur\/?lang=en","og_site_name":"Architektur an der Hochschule Luzern","article_published_time":"2025-08-12T08:25:56+00:00","article_modified_time":"2025-08-13T09:14:46+00:00","og_image":[{"width":1280,"height":1920,"url":"https:\/\/sites.hslu.ch\/architektur\/wp-content\/uploads\/sites\/11\/2025\/08\/25fs_20_Projektmodul_Bosshard_Spoerri_Studio-Fotosession-112-Bearbeitet_v2.jpg","type":"image\/jpeg"}],"author":"jaramalevez","twitter_card":"summary_large_image","twitter_misc":{"Verfasst von":"jaramalevez","Gesch\u00e4tzte Lesezeit":"3\u00a0Minuten"},"schema":{"@context":"https:\/\/schema.org","@graph":[{"@type":"Article","@id":"https:\/\/sites.hslu.ch\/architektur\/spekulationsarchitektur\/?lang=en#article","isPartOf":{"@id":"https:\/\/sites.hslu.ch\/architektur\/spekulationsarchitektur\/?lang=en"},"author":{"name":"jaramalevez","@id":"https:\/\/sites.hslu.ch\/architektur\/#\/schema\/person\/001cee0914381b1d1d390e0f07da2aad"},"headline":"Speculative architecture","datePublished":"2025-08-12T08:25:56+00:00","dateModified":"2025-08-13T09:14:46+00:00","mainEntityOfPage":{"@id":"https:\/\/sites.hslu.ch\/architektur\/spekulationsarchitektur\/?lang=en"},"wordCount":347,"image":{"@id":"https:\/\/sites.hslu.ch\/architektur\/spekulationsarchitektur\/?lang=en#primaryimage"},"thumbnailUrl":"https:\/\/sites.hslu.ch\/architektur\/wp-content\/uploads\/sites\/11\/2025\/08\/25fs_20_Projektmodul_Bosshard_Spoerri_Studio-Fotosession-112-Bearbeitet_v2.jpg","articleSection":["Architecture &amp; Material","Master Architecture","Semester\/Year","SS2025"],"inLanguage":"de"},{"@type":"WebPage","@id":"https:\/\/sites.hslu.ch\/architektur\/spekulationsarchitektur\/?lang=en","url":"https:\/\/sites.hslu.ch\/architektur\/spekulationsarchitektur\/?lang=en","name":"Speculative architecture - Architektur an der Hochschule Luzern","isPartOf":{"@id":"https:\/\/sites.hslu.ch\/architektur\/#website"},"primaryImageOfPage":{"@id":"https:\/\/sites.hslu.ch\/architektur\/spekulationsarchitektur\/?lang=en#primaryimage"},"image":{"@id":"https:\/\/sites.hslu.ch\/architektur\/spekulationsarchitektur\/?lang=en#primaryimage"},"thumbnailUrl":"https:\/\/sites.hslu.ch\/architektur\/wp-content\/uploads\/sites\/11\/2025\/08\/25fs_20_Projektmodul_Bosshard_Spoerri_Studio-Fotosession-112-Bearbeitet_v2.jpg","datePublished":"2025-08-12T08:25:56+00:00","dateModified":"2025-08-13T09:14:46+00:00","author":{"@id":"https:\/\/sites.hslu.ch\/architektur\/#\/schema\/person\/001cee0914381b1d1d390e0f07da2aad"},"breadcrumb":{"@id":"https:\/\/sites.hslu.ch\/architektur\/spekulationsarchitektur\/?lang=en#breadcrumb"},"inLanguage":"de","potentialAction":[{"@type":"ReadAction","target":["https:\/\/sites.hslu.ch\/architektur\/spekulationsarchitektur\/?lang=en"]}]},{"@type":"ImageObject","inLanguage":"de","@id":"https:\/\/sites.hslu.ch\/architektur\/spekulationsarchitektur\/?lang=en#primaryimage","url":"https:\/\/sites.hslu.ch\/architektur\/wp-content\/uploads\/sites\/11\/2025\/08\/25fs_20_Projektmodul_Bosshard_Spoerri_Studio-Fotosession-112-Bearbeitet_v2.jpg","contentUrl":"https:\/\/sites.hslu.ch\/architektur\/wp-content\/uploads\/sites\/11\/2025\/08\/25fs_20_Projektmodul_Bosshard_Spoerri_Studio-Fotosession-112-Bearbeitet_v2.jpg","width":1280,"height":1920},{"@type":"BreadcrumbList","@id":"https:\/\/sites.hslu.ch\/architektur\/spekulationsarchitektur\/?lang=en#breadcrumb","itemListElement":[{"@type":"ListItem","position":1,"name":"Home","item":"https:\/\/sites.hslu.ch\/architektur\/"},{"@type":"ListItem","position":2,"name":"Speculative architecture"}]},{"@type":"WebSite","@id":"https:\/\/sites.hslu.ch\/architektur\/#website","url":"https:\/\/sites.hslu.ch\/architektur\/","name":"Architektur an der Hochschule Luzern","description":"","potentialAction":[{"@type":"SearchAction","target":{"@type":"EntryPoint","urlTemplate":"https:\/\/sites.hslu.ch\/architektur\/?s={search_term_string}"},"query-input":{"@type":"PropertyValueSpecification","valueRequired":true,"valueName":"search_term_string"}}],"inLanguage":"de"},{"@type":"Person","@id":"https:\/\/sites.hslu.ch\/architektur\/#\/schema\/person\/001cee0914381b1d1d390e0f07da2aad","name":"jaramalevez","url":"https:\/\/sites.hslu.ch\/architektur\/author\/jaramalevez\/"}]}},"_links":{"self":[{"href":"https:\/\/sites.hslu.ch\/architektur\/wp-json\/wp\/v2\/posts\/45046","targetHints":{"allow":["GET"]}}],"collection":[{"href":"https:\/\/sites.hslu.ch\/architektur\/wp-json\/wp\/v2\/posts"}],"about":[{"href":"https:\/\/sites.hslu.ch\/architektur\/wp-json\/wp\/v2\/types\/post"}],"author":[{"embeddable":true,"href":"https:\/\/sites.hslu.ch\/architektur\/wp-json\/wp\/v2\/users\/44"}],"replies":[{"embeddable":true,"href":"https:\/\/sites.hslu.ch\/architektur\/wp-json\/wp\/v2\/comments?post=45046"}],"version-history":[{"count":2,"href":"https:\/\/sites.hslu.ch\/architektur\/wp-json\/wp\/v2\/posts\/45046\/revisions"}],"predecessor-version":[{"id":45050,"href":"https:\/\/sites.hslu.ch\/architektur\/wp-json\/wp\/v2\/posts\/45046\/revisions\/45050"}],"wp:featuredmedia":[{"embeddable":true,"href":"https:\/\/sites.hslu.ch\/architektur\/wp-json\/wp\/v2\/media\/43622"}],"wp:attachment":[{"href":"https:\/\/sites.hslu.ch\/architektur\/wp-json\/wp\/v2\/media?parent=45046"}],"wp:term":[{"taxonomy":"category","embeddable":true,"href":"https:\/\/sites.hslu.ch\/architektur\/wp-json\/wp\/v2\/categories?post=45046"},{"taxonomy":"post_tag","embeddable":true,"href":"https:\/\/sites.hslu.ch\/architektur\/wp-json\/wp\/v2\/tags?post=45046"}],"curies":[{"name":"wp","href":"https:\/\/api.w.org\/{rel}","templated":true}]}}