{"id":41421,"date":"2025-04-01T12:18:25","date_gmt":"2025-04-01T10:18:25","guid":{"rendered":"https:\/\/sites.hslu.ch\/architektur\/?p=41421"},"modified":"2025-05-06T11:12:50","modified_gmt":"2025-05-06T09:12:50","slug":"baukultur-konkret-4-belle-terre-thonex","status":"publish","type":"post","link":"https:\/\/sites.hslu.ch\/architektur\/baukultur-konkret-4-belle-terre-thonex\/","title":{"rendered":"Baukultur konkret #4 \u2013 Belle-Terre Th\u00f4nex"},"content":{"rendered":"\n<p class=\"is-style-lead-text\">Unter dem Titel \u00abBaukultur konkret\u00bb haben Forschende der Hochschule Luzern in Zusammenarbeit mit der Stiftung Baukultur Schweiz eine Veranstaltungsreihe konzipiert, bei der es darum geht, die Debatte \u00fcber Baukultur \u00abvor Ort\u00bb \u2013 also mitten im Quartier \u2013 anzuregen: Die Gestaltung, der Gebrauch und die Wirkung konkreter Alltagsr\u00e4ume werden aus der Perspektive der Bewohnenden in \u00abWalking Think Tanks\u00bb thematisiert und mit Fachleuten aus Planung, Betrieb und Verwaltung im anschliessenden Podium reflektiert. Die vierte Veranstaltung der Reihe fand im neuen Quartier \u00abBelle-Terre\u00bb in Th\u00f4nex im Kanton Genf statt. Daf\u00fcr wurde eine Kooperation mit der Hochschule Freiburg eingegangen, welche die Veranstaltung in Th\u00f4nex vorbereitet und durchgef\u00fchrt hat.<\/p>\n\n\n\n<h3 class=\"wp-block-heading\">Walking ThinkTanks<\/h3>\n\n\n\n<p>Bewohnende und Nutzende sind die \u00ablokalen Expert:innen\u00bb f\u00fcr ihr Wohnumfeld. In \u00abWalking Think Tanks\u00bb f\u00fchren die Bewohnenden durch das Quartier und beschreiben ihre Sicht auf Aneignungs-, Aufenthalts-, und atmosph\u00e4rische Qualit\u00e4ten oder Defizite. Hier f\u00fchrten <strong>Julia Couture<\/strong> und <strong>Camille de Santana Costa<\/strong> sowie<strong> Elisabeth Zouboff<\/strong> durch ihr Quartier.<\/p>\n\n\n    <div class=\"ms-gallery \">\n        <div class=\"ms-gallery-sizer\"><\/div>\n        <div class=\"ms-gallery-gutter\"><\/div>\n                                    <div class=\"ms-gallery-item wide\">\n                                                        <a href=\"https:\/\/sites.hslu.ch\/architektur\/wp-content\/uploads\/sites\/11\/2025\/03\/Extraits-Walking-ThinkTanks-Belle-Terre.jpg\" data-lightbox=\"masonery-gallery\"  data-size=\"wide\"  data-title=\"\" data-alt=\"\">\n                        <img decoding=\"async\" class=\"ms-gallery-item__image\"  data-size=\"wide\"  src=\"https:\/\/sites.hslu.ch\/architektur\/wp-content\/uploads\/sites\/11\/2025\/03\/Extraits-Walking-ThinkTanks-Belle-Terre.jpg\" alt=\"\" \/>\n                    <\/a>\n                                        <\/div>\n\n                                                                                                        <div class=\"ms-gallery-item\">\n                                    <a class=\"ms-gallery-item__overlay\" href=\"https:\/\/player.vimeo.com\/video\/1069866255?h=fccdfb1c90&amp;app_id=122963\" data-title=\"Un quartier pour les enfants\" data-video=\"true\" data-lightbox=\"masonery-gallery\">\n                                    <\/a>\n                                    <div class=\"embed-container\">\n                                        <iframe loading=\"lazy\" title=\"Baukultur konkret \u2013 Belle-Terre Thonex \u2013 Un quartier pour les enfants\" src=\"https:\/\/player.vimeo.com\/video\/1069866255?h=fccdfb1c90&amp;app_id=122963\" width=\"640\" height=\"360\" frameborder=\"0\" allow=\"autoplay; fullscreen; picture-in-picture; clipboard-write; encrypted-media; web-share\" referrerpolicy=\"strict-origin-when-cross-origin\"><\/iframe>                                    <\/div>\n                                                                            <p>Un quartier pour les enfants<\/p>\n                                                                    <\/div>\n                                                                                                                <div class=\"ms-gallery-item\">\n                                    <a class=\"ms-gallery-item__overlay\" href=\"https:\/\/player.vimeo.com\/video\/1069884573?h=aa94093604&amp;app_id=122963\" data-title=\"L&#039;\u00e9cole, lieu de vie\" data-video=\"true\" data-lightbox=\"masonery-gallery\">\n                                    <\/a>\n                                    <div class=\"embed-container\">\n                                        <iframe loading=\"lazy\" title=\"Baukultur konkret \u2013 Belle-Terre Th\u00f4nex \u2013 L&#039;\u00e9cole, lieu de vie\" src=\"https:\/\/player.vimeo.com\/video\/1069884573?h=aa94093604&amp;app_id=122963\" width=\"640\" height=\"360\" frameborder=\"0\" allow=\"autoplay; fullscreen; picture-in-picture; clipboard-write; encrypted-media; web-share\" referrerpolicy=\"strict-origin-when-cross-origin\"><\/iframe>                                    <\/div>\n                                                                            <p>L&#039;\u00e9cole, lieu de vie<\/p>\n                                                                    <\/div>\n                                                                                                                <div class=\"ms-gallery-item\">\n                                    <a class=\"ms-gallery-item__overlay\" href=\"https:\/\/player.vimeo.com\/video\/1069954962?h=df772d38ab&amp;app_id=122963\" data-title=\"Habiter un nouveau quartier\" data-video=\"true\" data-lightbox=\"masonery-gallery\">\n                                    <\/a>\n                                    <div class=\"embed-container\">\n                                        <iframe loading=\"lazy\" title=\"Baukultur konkret \u2013 Belle-Terre Th\u00f4nex \u2013 Habiter un nouveau quartier\" src=\"https:\/\/player.vimeo.com\/video\/1069954962?h=df772d38ab&amp;app_id=122963\" width=\"640\" height=\"360\" frameborder=\"0\" allow=\"autoplay; fullscreen; picture-in-picture; clipboard-write; encrypted-media; web-share\" referrerpolicy=\"strict-origin-when-cross-origin\"><\/iframe>                                    <\/div>\n                                                                            <p>Habiter un nouveau quartier<\/p>\n                                                                    <\/div>\n                                                                                                                <div class=\"ms-gallery-item\">\n                                    <a class=\"ms-gallery-item__overlay\" href=\"https:\/\/player.vimeo.com\/video\/1069963758?h=ea31f4102a&amp;app_id=122963\" data-title=\"Des espaces communs de qualit\u00e9\" data-video=\"true\" data-lightbox=\"masonery-gallery\">\n                                    <\/a>\n                                    <div class=\"embed-container\">\n                                        <iframe loading=\"lazy\" title=\"Baukultur konkret \u2013 Belle-Terre Th\u00f4nex \u2013 Des espaces communs de qualit\u00e9\" src=\"https:\/\/player.vimeo.com\/video\/1069963758?h=ea31f4102a&amp;app_id=122963\" width=\"640\" height=\"360\" frameborder=\"0\" allow=\"autoplay; fullscreen; picture-in-picture; clipboard-write; encrypted-media; web-share\" referrerpolicy=\"strict-origin-when-cross-origin\"><\/iframe>                                    <\/div>\n                                                                            <p>Des espaces communs de qualit\u00e9<\/p>\n                                                                    <\/div>\n                                                                                                                <div class=\"ms-gallery-item\">\n                                    <a class=\"ms-gallery-item__overlay\" href=\"https:\/\/player.vimeo.com\/video\/1069962079?h=f7707a7150&amp;app_id=122963\" data-title=\"Le paysage depuis chez soi\" data-video=\"true\" data-lightbox=\"masonery-gallery\">\n                                    <\/a>\n                                    <div class=\"embed-container\">\n                                        <iframe loading=\"lazy\" title=\"Baukultur konkret \u2013 Belle-Terre Th\u00f4nex \u2013 Le paysage depuis chez soi\" src=\"https:\/\/player.vimeo.com\/video\/1069962079?h=f7707a7150&amp;app_id=122963\" width=\"640\" height=\"360\" frameborder=\"0\" allow=\"autoplay; fullscreen; picture-in-picture; clipboard-write; encrypted-media; web-share\" referrerpolicy=\"strict-origin-when-cross-origin\"><\/iframe>                                    <\/div>\n                                                                            <p>Le paysage depuis chez soi<\/p>\n                                                                    <\/div>\n                                                                                                        <div class=\"ms-gallery-item narrow\">\n                <\/div>\n                <\/div>\n            \n\n\n<h3 class=\"wp-block-heading\">Podiumsgespr\u00e4ch<\/h3>\n\n\n\n<p>Im Podiumsgespr\u00e4ch wird ankn\u00fcpfend an die \u00abWalking Think Tanks\u00bb nach den Zusammenh\u00e4ngen zwischen gebautem Lebensraum und Planungsprozessen gefragt und dar\u00fcber diskutiert, an welchen Kriterien sich gelebte Baukultur im Alltag festmachen l\u00e4sst. Auch wird thematisiert, worauf bei der Entwicklung von Quartieren in baukultureller Hinsicht k\u00fcnftig besonders zu achten ist.<\/p>\n\n\n\n<p>Am Podiumsgespr\u00e4ch nahmen folgende Personen teil: <strong>Marcellin Barthassat<\/strong>, quatre architecture territoire, <strong>Pierre Bonnet<\/strong>, Atelier Bonnet architectes, <strong>C\u00e9line Bourgeois,<\/strong> Office de l&#8217;urbanisme, R\u00e9publique et Canton de Gen\u00e8ve, <strong>Vanessa Dahan<\/strong>, Service de la coh\u00e9sion sociale, Commune de Th\u00f4nex, <strong>Yannos loannides<\/strong>, Comptoir immobilier SA, <strong>Cathy Perissutti Hafafsa<\/strong>, Association des habitants et <strong>Julie Calin<\/strong>, G\u00e9rance de quartier, Comptoir immobilier SA.<\/p>\n\n\n\n<p>Das Gespr\u00e4ch wurde moderiert durch <strong>St\u00e9phanie Sonnette<\/strong>, revue Trac\u00e9s.<\/p>\n\n\n    <div class=\"ms-gallery \">\n        <div class=\"ms-gallery-sizer\"><\/div>\n        <div class=\"ms-gallery-gutter\"><\/div>\n                                    <div class=\"ms-gallery-item wide\">\n                                                        <a href=\"https:\/\/sites.hslu.ch\/architektur\/wp-content\/uploads\/sites\/11\/2025\/03\/Extraits-Table-Ronde-Belle-Terre.jpg\" data-lightbox=\"masonery-gallery\"  data-size=\"wide\"  data-title=\"\" data-alt=\"\">\n                        <img decoding=\"async\" class=\"ms-gallery-item__image\"  data-size=\"wide\"  src=\"https:\/\/sites.hslu.ch\/architektur\/wp-content\/uploads\/sites\/11\/2025\/03\/Extraits-Table-Ronde-Belle-Terre.jpg\" alt=\"\" \/>\n                    <\/a>\n                                        <\/div>\n\n                                                                                                        <div class=\"ms-gallery-item\">\n                                    <a class=\"ms-gallery-item__overlay\" href=\"https:\/\/player.vimeo.com\/video\/1070108524?h=0a5fcb163f&amp;app_id=122963\" data-title=\"Cr\u00e9er une culture partag\u00e9e de projet\" data-video=\"true\" data-lightbox=\"masonery-gallery\">\n                                    <\/a>\n                                    <div class=\"embed-container\">\n                                        <iframe loading=\"lazy\" title=\"Baukultur konkret \u2013 Belle-Terre Th\u00f4nex \u2013 Cr\u00e9er une culture partag\u00e9e du projet\" src=\"https:\/\/player.vimeo.com\/video\/1070108524?h=0a5fcb163f&amp;app_id=122963\" width=\"640\" height=\"360\" frameborder=\"0\" allow=\"autoplay; fullscreen; picture-in-picture; clipboard-write; encrypted-media; web-share\" referrerpolicy=\"strict-origin-when-cross-origin\"><\/iframe>                                    <\/div>\n                                                                            <p>Cr\u00e9er une culture partag\u00e9e de projet<\/p>\n                                                                    <\/div>\n                                                                                                                <div class=\"ms-gallery-item\">\n                                    <a class=\"ms-gallery-item__overlay\" href=\"https:\/\/player.vimeo.com\/video\/1070107900?h=f00ceca59e&amp;app_id=122963\" data-title=\"Le paysage comme pr\u00e9alable\" data-video=\"true\" data-lightbox=\"masonery-gallery\">\n                                    <\/a>\n                                    <div class=\"embed-container\">\n                                        <iframe loading=\"lazy\" title=\"Baukultur konkret \u2013 Belle-Terre Th\u00f4nex \u2013 Le paysage comme pr\u00e9alable\" src=\"https:\/\/player.vimeo.com\/video\/1070107900?h=f00ceca59e&amp;app_id=122963\" width=\"640\" height=\"360\" frameborder=\"0\" allow=\"autoplay; fullscreen; picture-in-picture; clipboard-write; encrypted-media; web-share\" referrerpolicy=\"strict-origin-when-cross-origin\"><\/iframe>                                    <\/div>\n                                                                            <p>Le paysage comme pr\u00e9alable<\/p>\n                                                                    <\/div>\n                                                                                                                <div class=\"ms-gallery-item\">\n                                    <a class=\"ms-gallery-item__overlay\" href=\"https:\/\/player.vimeo.com\/video\/1070108193?h=09959993a9&amp;app_id=122963\" data-title=\"Habiter le paysage\" data-video=\"true\" data-lightbox=\"masonery-gallery\">\n                                    <\/a>\n                                    <div class=\"embed-container\">\n                                        <iframe loading=\"lazy\" title=\"Baukultur konkret \u2013 Belle-Terre Th\u00f4nex \u2013 Habiter le paysage\" src=\"https:\/\/player.vimeo.com\/video\/1070108193?h=09959993a9&amp;app_id=122963\" width=\"640\" height=\"360\" frameborder=\"0\" allow=\"autoplay; fullscreen; picture-in-picture; clipboard-write; encrypted-media; web-share\" referrerpolicy=\"strict-origin-when-cross-origin\"><\/iframe>                                    <\/div>\n                                                                            <p>Habiter le paysage<\/p>\n                                                                    <\/div>\n                                                                                                                <div class=\"ms-gallery-item\">\n                                    <a class=\"ms-gallery-item__overlay\" href=\"https:\/\/player.vimeo.com\/video\/1070107715?h=5e3f233433&amp;app_id=122963\" data-title=\"La qualit\u00e9 comme facteur d&#039;identit\u00e9 et d&#039;\u00e9quit\u00e9\" data-video=\"true\" data-lightbox=\"masonery-gallery\">\n                                    <\/a>\n                                    <div class=\"embed-container\">\n                                        <iframe loading=\"lazy\" title=\"Baukultur konkret \u2013 Belle-Terre Th\u00f4nex \u2013 La qualit\u00e9 comme facteur d&#039;identit\u00e9 et d&#039;\u00e9quit\u00e9\" src=\"https:\/\/player.vimeo.com\/video\/1070107715?h=5e3f233433&amp;app_id=122963\" width=\"640\" height=\"360\" frameborder=\"0\" allow=\"autoplay; fullscreen; picture-in-picture; clipboard-write; encrypted-media; web-share\" referrerpolicy=\"strict-origin-when-cross-origin\"><\/iframe>                                    <\/div>\n                                                                            <p>La qualit\u00e9 comme facteur d&#039;identit\u00e9 et d&#039;\u00e9quit\u00e9<\/p>\n                                                                    <\/div>\n                                                                                                                <div class=\"ms-gallery-item\">\n                                    <a class=\"ms-gallery-item__overlay\" href=\"https:\/\/player.vimeo.com\/video\/1070108064?h=a716c26a84&amp;app_id=122963\" data-title=\"Un partenariat public-priv\u00e9\" data-video=\"true\" data-lightbox=\"masonery-gallery\">\n                                    <\/a>\n                                    <div class=\"embed-container\">\n                                        <iframe loading=\"lazy\" title=\"Baukultur konkret \u2013 Belle-Terre Th\u00f4nex \u2013 Un partenariat public-priv\u00e9\" src=\"https:\/\/player.vimeo.com\/video\/1070108064?h=a716c26a84&amp;app_id=122963\" width=\"640\" height=\"360\" frameborder=\"0\" allow=\"autoplay; fullscreen; picture-in-picture; clipboard-write; encrypted-media; web-share\" referrerpolicy=\"strict-origin-when-cross-origin\"><\/iframe>                                    <\/div>\n                                                                            <p>Un partenariat public-priv\u00e9<\/p>\n                                                                    <\/div>\n                                                                                                                <div class=\"ms-gallery-item\">\n                                    <a class=\"ms-gallery-item__overlay\" href=\"https:\/\/player.vimeo.com\/video\/1070107483?h=0b70b2fd83&amp;app_id=122963\" data-title=\"La vie de quartier s&#039;accompagne\" data-video=\"true\" data-lightbox=\"masonery-gallery\">\n                                    <\/a>\n                                    <div class=\"embed-container\">\n                                        <iframe loading=\"lazy\" title=\"Baukultur konkret \u2013 Belle-Terre Th\u00f4nex \u2013 La vie de quartier s&#039;accompagne\" src=\"https:\/\/player.vimeo.com\/video\/1070107483?h=0b70b2fd83&amp;app_id=122963\" width=\"640\" height=\"360\" frameborder=\"0\" allow=\"autoplay; fullscreen; picture-in-picture; clipboard-write; encrypted-media; web-share\" referrerpolicy=\"strict-origin-when-cross-origin\"><\/iframe>                                    <\/div>\n                                                                            <p>La vie de quartier s&#039;accompagne<\/p>\n                                                                    <\/div>\n                                                                                                                <div class=\"ms-gallery-item\">\n                                    <a class=\"ms-gallery-item__overlay\" href=\"https:\/\/player.vimeo.com\/video\/1070108349?h=ad4237893b&amp;app_id=122963\" data-title=\"Plus qu&#039;une g\u00e9rance traditionelle\" data-video=\"true\" data-lightbox=\"masonery-gallery\">\n                                    <\/a>\n                                    <div class=\"embed-container\">\n                                        <iframe loading=\"lazy\" title=\"Baukultur konkret \u2013 Belle-Terre Th\u00f4nex \u2013Plus qu&#039;une g\u00e9rance traditionnelle\" src=\"https:\/\/player.vimeo.com\/video\/1070108349?h=ad4237893b&amp;app_id=122963\" width=\"640\" height=\"360\" frameborder=\"0\" allow=\"autoplay; fullscreen; picture-in-picture; clipboard-write; encrypted-media; web-share\" referrerpolicy=\"strict-origin-when-cross-origin\"><\/iframe>                                    <\/div>\n                                                                            <p>Plus qu&#039;une g\u00e9rance traditionelle<\/p>\n                                                                    <\/div>\n                                                                                                                <div class=\"ms-gallery-item\">\n                                    <a class=\"ms-gallery-item__overlay\" href=\"https:\/\/player.vimeo.com\/video\/1070110314?h=01a2ee59d9&amp;app_id=122963\" data-title=\"L&#039;importance du dialogue et du soin\" data-video=\"true\" data-lightbox=\"masonery-gallery\">\n                                    <\/a>\n                                    <div class=\"embed-container\">\n                                        <iframe loading=\"lazy\" title=\"Baukultur konkret \u2013 Belle-Terre Th\u00f4nex \u2013 L&#039;importance du dialogue et du soin\" src=\"https:\/\/player.vimeo.com\/video\/1070110314?h=01a2ee59d9&amp;app_id=122963\" width=\"640\" height=\"360\" frameborder=\"0\" allow=\"autoplay; fullscreen; picture-in-picture; clipboard-write; encrypted-media; web-share\" referrerpolicy=\"strict-origin-when-cross-origin\"><\/iframe>                                    <\/div>\n                                                                            <p>L&#039;importance du dialogue et du soin<\/p>\n                                                                    <\/div>\n                                                                                                                                                            <div class=\"ms-gallery-item narrow\">\n                <\/div>\n                <\/div>\n            \n\n\n<h3 class=\"wp-block-heading d-none\">Video des gesamten Podiumgespr\u00e4chs<\/h3>\n\n\n\n<figure class=\"wp-block-embed is-type-video is-provider-vimeo wp-block-embed-vimeo d-none wp-embed-aspect-16-9 wp-has-aspect-ratio\"><div class=\"wp-block-embed__wrapper\">\n<iframe loading=\"lazy\" title=\"Baukultur konkret \u2013 Belle-Terre Th\u00f4nex \u2013 Podiumsgespr\u00e4ch ganz\" src=\"https:\/\/player.vimeo.com\/video\/1038890338?h=6fc0118519&amp;app_id=122963\" width=\"640\" height=\"360\" frameborder=\"0\" allow=\"autoplay; fullscreen; picture-in-picture; clipboard-write; encrypted-media\"><\/iframe>\n<\/div><\/figure>\n\n\n\n<h3 class=\"wp-block-heading\">Dokumentation<\/h3>\n\n\n\n<p>Die Dokumentation zum Quartier Belle-Terre fasst die wichtigsten Daten, Merkmale und Charakteristika der Siedlung zusammen und gibt einen Einblick in die baulich-r\u00e4umlichen Strukturen. Erg\u00e4nzend werden die Perspektiven der Bewohnenden auf ihr Quartier und die Sicht der am Planungs- und Transformationsprozess beteiligten Akteur:innen dargelegt. Die unterschiedlichen Sichtweisen wurden im Vorfeld der Veranstaltung \u00abBaukultur konkret\u00bb in verschiedenen Interviews vom Forschungsteam in Erfahrung gebracht.<\/p>\n\n\n\n<p><a href=\"https:\/\/sites.hslu.ch\/architektur\/wp-content\/uploads\/sites\/11\/2025\/03\/Booklet_Belle-Terre_240920_WEB.pdf\" target=\"_blank\" rel=\"noreferrer noopener\">Die Dokumentation (in franz\u00f6sisch) kann hier heruntergeladen werden.<\/a><\/p>\n\n\n    <div class=\"ms-gallery \">\n        <div class=\"ms-gallery-sizer\"><\/div>\n        <div class=\"ms-gallery-gutter\"><\/div>\n                                        <div class=\"ms-gallery-item narrow\">\n                                                            <a href=\"https:\/\/sites.hslu.ch\/architektur\/wp-content\/uploads\/sites\/11\/2025\/03\/Booklet_Belle-Terre_240920_WEB-Seite1_1920px.jpg\" data-lightbox=\"masonery-gallery\"  data-size=\"narrow\"  data-title=\"\" data-alt=\"\">\n                        <img decoding=\"async\" class=\"ms-gallery-item__image\"  data-size=\"narrow\"  src=\"https:\/\/sites.hslu.ch\/architektur\/wp-content\/uploads\/sites\/11\/2025\/03\/Booklet_Belle-Terre_240920_WEB-Seite1_1920px.jpg\" alt=\"\" \/>\n                    <\/a>\n                                        <\/div>\n\n                                                                    <div class=\"ms-gallery-item narrow\">\n                                                            <a href=\"https:\/\/sites.hslu.ch\/architektur\/wp-content\/uploads\/sites\/11\/2025\/03\/Booklet_Belle-Terre_240920_WEB-Seite2_1920px.jpg\" data-lightbox=\"masonery-gallery\"  data-size=\"narrow\"  data-title=\"\" data-alt=\"\">\n                        <img decoding=\"async\" class=\"ms-gallery-item__image\"  data-size=\"narrow\"  src=\"https:\/\/sites.hslu.ch\/architektur\/wp-content\/uploads\/sites\/11\/2025\/03\/Booklet_Belle-Terre_240920_WEB-Seite2_1920px.jpg\" alt=\"\" \/>\n                    <\/a>\n                                        <\/div>\n\n                                                                    <div class=\"ms-gallery-item narrow\">\n                                                            <a href=\"https:\/\/sites.hslu.ch\/architektur\/wp-content\/uploads\/sites\/11\/2025\/03\/Booklet_Belle-Terre_240920_WEB-Seite3_1920px.jpg\" data-lightbox=\"masonery-gallery\"  data-size=\"narrow\"  data-title=\"\" data-alt=\"\">\n                        <img decoding=\"async\" class=\"ms-gallery-item__image\"  data-size=\"narrow\"  src=\"https:\/\/sites.hslu.ch\/architektur\/wp-content\/uploads\/sites\/11\/2025\/03\/Booklet_Belle-Terre_240920_WEB-Seite3_1920px.jpg\" alt=\"\" \/>\n                    <\/a>\n                                        <\/div>\n\n                                                                    <div class=\"ms-gallery-item narrow\">\n                                                            <a href=\"https:\/\/sites.hslu.ch\/architektur\/wp-content\/uploads\/sites\/11\/2025\/03\/Booklet_Belle-Terre_240920_WEB-Seite4_1920px.jpg\" data-lightbox=\"masonery-gallery\"  data-size=\"narrow\"  data-title=\"\" data-alt=\"\">\n                        <img decoding=\"async\" class=\"ms-gallery-item__image\"  data-size=\"narrow\"  src=\"https:\/\/sites.hslu.ch\/architektur\/wp-content\/uploads\/sites\/11\/2025\/03\/Booklet_Belle-Terre_240920_WEB-Seite4_1920px.jpg\" alt=\"\" \/>\n                    <\/a>\n                                        <\/div>\n\n                                                                    <div class=\"ms-gallery-item narrow\">\n                                                            <a href=\"https:\/\/sites.hslu.ch\/architektur\/wp-content\/uploads\/sites\/11\/2025\/03\/Booklet_Belle-Terre_240920_WEB-Seite5_1920px.jpg\" data-lightbox=\"masonery-gallery\"  data-size=\"narrow\"  data-title=\"\" data-alt=\"\">\n                        <img decoding=\"async\" class=\"ms-gallery-item__image\"  data-size=\"narrow\"  src=\"https:\/\/sites.hslu.ch\/architektur\/wp-content\/uploads\/sites\/11\/2025\/03\/Booklet_Belle-Terre_240920_WEB-Seite5_1920px.jpg\" alt=\"\" \/>\n                    <\/a>\n                                        <\/div>\n\n                                                                    <div class=\"ms-gallery-item narrow\">\n                                                            <a href=\"https:\/\/sites.hslu.ch\/architektur\/wp-content\/uploads\/sites\/11\/2025\/03\/Booklet_Belle-Terre_240920_WEB-Seite6_1920px.jpg\" data-lightbox=\"masonery-gallery\"  data-size=\"narrow\"  data-title=\"\" data-alt=\"\">\n                        <img decoding=\"async\" class=\"ms-gallery-item__image\"  data-size=\"narrow\"  src=\"https:\/\/sites.hslu.ch\/architektur\/wp-content\/uploads\/sites\/11\/2025\/03\/Booklet_Belle-Terre_240920_WEB-Seite6_1920px.jpg\" alt=\"\" \/>\n                    <\/a>\n                                        <\/div>\n\n                                                                    <div class=\"ms-gallery-item narrow\">\n                                                            <a href=\"https:\/\/sites.hslu.ch\/architektur\/wp-content\/uploads\/sites\/11\/2025\/03\/Booklet_Belle-Terre_240920_WEB-Seite7_1920px.jpg\" data-lightbox=\"masonery-gallery\"  data-size=\"narrow\"  data-title=\"\" data-alt=\"\">\n                        <img decoding=\"async\" class=\"ms-gallery-item__image\"  data-size=\"narrow\"  src=\"https:\/\/sites.hslu.ch\/architektur\/wp-content\/uploads\/sites\/11\/2025\/03\/Booklet_Belle-Terre_240920_WEB-Seite7_1920px.jpg\" alt=\"\" \/>\n                    <\/a>\n                                        <\/div>\n\n                                                                    <div class=\"ms-gallery-item narrow\">\n                                                            <a href=\"https:\/\/sites.hslu.ch\/architektur\/wp-content\/uploads\/sites\/11\/2025\/03\/Booklet_Belle-Terre_240920_WEB-Seite8_1920px.jpg\" data-lightbox=\"masonery-gallery\"  data-size=\"narrow\"  data-title=\"\" data-alt=\"\">\n                        <img decoding=\"async\" class=\"ms-gallery-item__image\"  data-size=\"narrow\"  src=\"https:\/\/sites.hslu.ch\/architektur\/wp-content\/uploads\/sites\/11\/2025\/03\/Booklet_Belle-Terre_240920_WEB-Seite8_1920px.jpg\" alt=\"\" \/>\n                    <\/a>\n                                        <\/div>\n\n                                                                    <div class=\"ms-gallery-item narrow\">\n                                                            <a href=\"https:\/\/sites.hslu.ch\/architektur\/wp-content\/uploads\/sites\/11\/2025\/03\/Booklet_Belle-Terre_240920_WEB-Seite9_1920px.jpg\" data-lightbox=\"masonery-gallery\"  data-size=\"narrow\"  data-title=\"\" data-alt=\"\">\n                        <img decoding=\"async\" class=\"ms-gallery-item__image\"  data-size=\"narrow\"  src=\"https:\/\/sites.hslu.ch\/architektur\/wp-content\/uploads\/sites\/11\/2025\/03\/Booklet_Belle-Terre_240920_WEB-Seite9_1920px.jpg\" alt=\"\" \/>\n                    <\/a>\n                                        <\/div>\n\n                                                                    <div class=\"ms-gallery-item narrow\">\n                                                            <a href=\"https:\/\/sites.hslu.ch\/architektur\/wp-content\/uploads\/sites\/11\/2025\/03\/Booklet_Belle-Terre_240920_WEB-Seite10_1920px.jpg\" data-lightbox=\"masonery-gallery\"  data-size=\"narrow\"  data-title=\"\" data-alt=\"\">\n                        <img decoding=\"async\" class=\"ms-gallery-item__image\"  data-size=\"narrow\"  src=\"https:\/\/sites.hslu.ch\/architektur\/wp-content\/uploads\/sites\/11\/2025\/03\/Booklet_Belle-Terre_240920_WEB-Seite10_1920px.jpg\" alt=\"\" \/>\n                    <\/a>\n                                        <\/div>\n\n                                                                    <div class=\"ms-gallery-item narrow\">\n                                                            <a href=\"https:\/\/sites.hslu.ch\/architektur\/wp-content\/uploads\/sites\/11\/2025\/03\/Booklet_Belle-Terre_240920_WEB-Seite11_1920px.jpg\" data-lightbox=\"masonery-gallery\"  data-size=\"narrow\"  data-title=\"\" data-alt=\"\">\n                        <img decoding=\"async\" class=\"ms-gallery-item__image\"  data-size=\"narrow\"  src=\"https:\/\/sites.hslu.ch\/architektur\/wp-content\/uploads\/sites\/11\/2025\/03\/Booklet_Belle-Terre_240920_WEB-Seite11_1920px.jpg\" alt=\"\" \/>\n                    <\/a>\n                                        <\/div>\n\n                                                                    <div class=\"ms-gallery-item narrow\">\n                                                            <a href=\"https:\/\/sites.hslu.ch\/architektur\/wp-content\/uploads\/sites\/11\/2025\/03\/Booklet_Belle-Terre_240920_WEB-Seite12_1920px.jpg\" data-lightbox=\"masonery-gallery\"  data-size=\"narrow\"  data-title=\"\" data-alt=\"\">\n                        <img decoding=\"async\" class=\"ms-gallery-item__image\"  data-size=\"narrow\"  src=\"https:\/\/sites.hslu.ch\/architektur\/wp-content\/uploads\/sites\/11\/2025\/03\/Booklet_Belle-Terre_240920_WEB-Seite12_1920px.jpg\" alt=\"\" \/>\n                    <\/a>\n                                        <\/div>\n\n                                                                    <div class=\"ms-gallery-item narrow\">\n                                                            <a href=\"https:\/\/sites.hslu.ch\/architektur\/wp-content\/uploads\/sites\/11\/2025\/03\/Booklet_Belle-Terre_240920_WEB-Seite13_1920px.jpg\" data-lightbox=\"masonery-gallery\"  data-size=\"narrow\"  data-title=\"\" data-alt=\"\">\n                        <img decoding=\"async\" class=\"ms-gallery-item__image\"  data-size=\"narrow\"  src=\"https:\/\/sites.hslu.ch\/architektur\/wp-content\/uploads\/sites\/11\/2025\/03\/Booklet_Belle-Terre_240920_WEB-Seite13_1920px.jpg\" alt=\"\" \/>\n                    <\/a>\n                                        <\/div>\n\n                                                                    <div class=\"ms-gallery-item narrow\">\n                                                            <a href=\"https:\/\/sites.hslu.ch\/architektur\/wp-content\/uploads\/sites\/11\/2025\/03\/Booklet_Belle-Terre_240920_WEB-Seite14_1920px.jpg\" data-lightbox=\"masonery-gallery\"  data-size=\"narrow\"  data-title=\"\" data-alt=\"\">\n                        <img decoding=\"async\" class=\"ms-gallery-item__image\"  data-size=\"narrow\"  src=\"https:\/\/sites.hslu.ch\/architektur\/wp-content\/uploads\/sites\/11\/2025\/03\/Booklet_Belle-Terre_240920_WEB-Seite14_1920px.jpg\" alt=\"\" \/>\n                    <\/a>\n                                        <\/div>\n\n                                                                    <div class=\"ms-gallery-item narrow\">\n                                                            <a href=\"https:\/\/sites.hslu.ch\/architektur\/wp-content\/uploads\/sites\/11\/2025\/03\/Booklet_Belle-Terre_240920_WEB-Seite15_1920px.jpg\" data-lightbox=\"masonery-gallery\"  data-size=\"narrow\"  data-title=\"\" data-alt=\"\">\n                        <img decoding=\"async\" class=\"ms-gallery-item__image\"  data-size=\"narrow\"  src=\"https:\/\/sites.hslu.ch\/architektur\/wp-content\/uploads\/sites\/11\/2025\/03\/Booklet_Belle-Terre_240920_WEB-Seite15_1920px.jpg\" alt=\"\" \/>\n                    <\/a>\n                                        <\/div>\n\n                                                                    <div class=\"ms-gallery-item narrow\">\n                                                            <a href=\"https:\/\/sites.hslu.ch\/architektur\/wp-content\/uploads\/sites\/11\/2025\/03\/Booklet_Belle-Terre_240920_WEB-Seite16_1920px.jpg\" data-lightbox=\"masonery-gallery\"  data-size=\"narrow\"  data-title=\"\" data-alt=\"\">\n                        <img decoding=\"async\" class=\"ms-gallery-item__image\"  data-size=\"narrow\"  src=\"https:\/\/sites.hslu.ch\/architektur\/wp-content\/uploads\/sites\/11\/2025\/03\/Booklet_Belle-Terre_240920_WEB-Seite16_1920px.jpg\" alt=\"\" \/>\n                    <\/a>\n                                        <\/div>\n\n                                                                    <div class=\"ms-gallery-item narrow\">\n                                                            <a href=\"https:\/\/sites.hslu.ch\/architektur\/wp-content\/uploads\/sites\/11\/2025\/03\/Booklet_Belle-Terre_240920_WEB-Seite17_1920px.jpg\" data-lightbox=\"masonery-gallery\"  data-size=\"narrow\"  data-title=\"\" data-alt=\"\">\n                        <img decoding=\"async\" class=\"ms-gallery-item__image\"  data-size=\"narrow\"  src=\"https:\/\/sites.hslu.ch\/architektur\/wp-content\/uploads\/sites\/11\/2025\/03\/Booklet_Belle-Terre_240920_WEB-Seite17_1920px.jpg\" alt=\"\" \/>\n                    <\/a>\n                                        <\/div>\n\n                                                                    <div class=\"ms-gallery-item narrow\">\n                                                            <a href=\"https:\/\/sites.hslu.ch\/architektur\/wp-content\/uploads\/sites\/11\/2025\/03\/Booklet_Belle-Terre_240920_WEB-Seite18_1920px.jpg\" data-lightbox=\"masonery-gallery\"  data-size=\"narrow\"  data-title=\"\" data-alt=\"\">\n                        <img decoding=\"async\" class=\"ms-gallery-item__image\"  data-size=\"narrow\"  src=\"https:\/\/sites.hslu.ch\/architektur\/wp-content\/uploads\/sites\/11\/2025\/03\/Booklet_Belle-Terre_240920_WEB-Seite18_1920px.jpg\" alt=\"\" \/>\n                    <\/a>\n                                        <\/div>\n\n                                                                    <div class=\"ms-gallery-item narrow\">\n                                                            <a href=\"https:\/\/sites.hslu.ch\/architektur\/wp-content\/uploads\/sites\/11\/2025\/03\/Booklet_Belle-Terre_240920_WEB-Seite19_1920px.jpg\" data-lightbox=\"masonery-gallery\"  data-size=\"narrow\"  data-title=\"\" data-alt=\"\">\n                        <img decoding=\"async\" class=\"ms-gallery-item__image\"  data-size=\"narrow\"  src=\"https:\/\/sites.hslu.ch\/architektur\/wp-content\/uploads\/sites\/11\/2025\/03\/Booklet_Belle-Terre_240920_WEB-Seite19_1920px.jpg\" alt=\"\" \/>\n                    <\/a>\n                                        <\/div>\n\n                                                                    <div class=\"ms-gallery-item narrow\">\n                                                            <a href=\"https:\/\/sites.hslu.ch\/architektur\/wp-content\/uploads\/sites\/11\/2025\/03\/Booklet_Belle-Terre_240920_WEB-Seite20_1920px.jpg\" data-lightbox=\"masonery-gallery\"  data-size=\"narrow\"  data-title=\"\" data-alt=\"\">\n                        <img decoding=\"async\" class=\"ms-gallery-item__image\"  data-size=\"narrow\"  src=\"https:\/\/sites.hslu.ch\/architektur\/wp-content\/uploads\/sites\/11\/2025\/03\/Booklet_Belle-Terre_240920_WEB-Seite20_1920px.jpg\" alt=\"\" \/>\n                    <\/a>\n                                        <\/div>\n\n                                                                    <div class=\"ms-gallery-item narrow\">\n                                                            <a href=\"https:\/\/sites.hslu.ch\/architektur\/wp-content\/uploads\/sites\/11\/2025\/03\/Booklet_Belle-Terre_240920_WEB-Seite21_1920px.jpg\" data-lightbox=\"masonery-gallery\"  data-size=\"narrow\"  data-title=\"\" data-alt=\"\">\n                        <img decoding=\"async\" class=\"ms-gallery-item__image\"  data-size=\"narrow\"  src=\"https:\/\/sites.hslu.ch\/architektur\/wp-content\/uploads\/sites\/11\/2025\/03\/Booklet_Belle-Terre_240920_WEB-Seite21_1920px.jpg\" alt=\"\" \/>\n                    <\/a>\n                                        <\/div>\n\n                                                                    <div class=\"ms-gallery-item narrow\">\n                                                            <a href=\"https:\/\/sites.hslu.ch\/architektur\/wp-content\/uploads\/sites\/11\/2025\/03\/Booklet_Belle-Terre_240920_WEB-Seite22_1920px.jpg\" data-lightbox=\"masonery-gallery\"  data-size=\"narrow\"  data-title=\"\" data-alt=\"\">\n                        <img decoding=\"async\" class=\"ms-gallery-item__image\"  data-size=\"narrow\"  src=\"https:\/\/sites.hslu.ch\/architektur\/wp-content\/uploads\/sites\/11\/2025\/03\/Booklet_Belle-Terre_240920_WEB-Seite22_1920px.jpg\" alt=\"\" \/>\n                    <\/a>\n                                        <\/div>\n\n                                                                    <div class=\"ms-gallery-item narrow\">\n                                                            <a href=\"https:\/\/sites.hslu.ch\/architektur\/wp-content\/uploads\/sites\/11\/2025\/03\/Booklet_Belle-Terre_240920_WEB-Seite23_1920px.jpg\" data-lightbox=\"masonery-gallery\"  data-size=\"narrow\"  data-title=\"\" data-alt=\"\">\n                        <img decoding=\"async\" class=\"ms-gallery-item__image\"  data-size=\"narrow\"  src=\"https:\/\/sites.hslu.ch\/architektur\/wp-content\/uploads\/sites\/11\/2025\/03\/Booklet_Belle-Terre_240920_WEB-Seite23_1920px.jpg\" alt=\"\" \/>\n                    <\/a>\n                                        <\/div>\n\n                                                                    <div class=\"ms-gallery-item narrow\">\n                                                            <a href=\"https:\/\/sites.hslu.ch\/architektur\/wp-content\/uploads\/sites\/11\/2025\/03\/Booklet_Belle-Terre_240920_WEB-Seite24_1920px.jpg\" data-lightbox=\"masonery-gallery\"  data-size=\"narrow\"  data-title=\"\" data-alt=\"\">\n                        <img decoding=\"async\" class=\"ms-gallery-item__image\"  data-size=\"narrow\"  src=\"https:\/\/sites.hslu.ch\/architektur\/wp-content\/uploads\/sites\/11\/2025\/03\/Booklet_Belle-Terre_240920_WEB-Seite24_1920px.jpg\" alt=\"\" \/>\n                    <\/a>\n                                        <\/div>\n\n                                                    <div class=\"ms-gallery-item narrow\">\n                <\/div>\n                <\/div>\n            \n\n\n<h3 class=\"wp-block-heading\">Projektteam<\/h3>\n\n\n\n<p><strong>Hochschule Luzern \u2013 Technik &amp; Architektur<br><\/strong>Kompetenzzentrum Typologie &amp; Planung in Architektur (CCTP)<br>Prof. Angelika Juppien<br>Lisa M\u00fchlebach<\/p>\n\n\n\n<p><strong>Hochschule f\u00fcr Technik und Architektur Freiburg<\/strong><br>Institut TRANSFORM<br>Prof. Isabel Concheiro Guisan<br><br><strong>Hochschule f\u00fcr Soziale Arbeit Freiburg<\/strong><br>Prof. Dr.&nbsp;Swetha Rao Dhananka<br><br><strong><a href=\"https:\/\/www.stiftung-baukultur-schweiz.ch\/\" target=\"_blank\" rel=\"noreferrer noopener\">Stiftung Baukultur Schweiz<\/a><\/strong><br>Lukas B\u00fchlmann<br>Ariane Widmer<\/p>\n\n\n\n<h3 class=\"wp-block-heading\">Projektfinanzierung<\/h3>\n\n\n\n<p>\u2013 Hochschule Luzern<br>\u2013 Stiftung Baukultur Schweiz<br>\u2013 Stiftung \u00abSotto Voce\u00bb<br>\u2013 Bundesamt f\u00fcr Kultur BAK<br>\u2013 Bundesamt f\u00fcr Wohnungswesen BWO<br>\u2013 Hochschule f\u00fcr Technik und Architektur Freiburg<br>\u2013 Hochschule f\u00fcr Soziale Arbeit Freiburg<br>\u2013 Prelco Pr\u00e9fabrication d\u2019\u00e9l\u00e9ments de construction S.A.<\/p>\n\n\n\n<h3 class=\"wp-block-heading\">Kontakt<\/h3>\n\n\n\n<p><strong>Prof.&nbsp;Angelika Juppien<\/strong><br>Projektleiterin<br>Institut f\u00fcr Architektur (IAR)<br>Kompetenzzentrum Typologie &amp; Planung in Architektur (CCTP)<br>T direkt + 41 78 889 28 78<br><a href=\"&#x6d;&#x61;&#x69;&#x6c;&#x74;&#x6f;&#x3a;&#x61;&#110;&#103;&#101;&#108;&#105;&#107;&#97;&#46;jup&#x70;&#x69;&#x65;&#x6e;&#x40;&#x68;&#x73;&#x6c;&#x75;&#46;&#99;&#104;\">&#97;n&#x67;e&#x6c;&#105;&#x6b;&#97;&#x2e;&#106;u&#x70;p&#x69;&#101;&#x6e;&#64;&#x68;&#115;&#x6c;&#117;&#46;&#x63;h<\/a><\/p>\n\n\n\n<p><strong>Prof. Isabel Concheiro Guisan<\/strong><br>Responsable Joint Master of Architecture Fribourg<br>Professeure associ\u00e9e HES<br>Haute \u00e9cole d\u2019ing\u00e9nierie et d\u2019architecture Fribourg, Institut TRANSFORM<br><a href=\"ma&#105;&#108;&#x74;&#x6f;&#x3a;&#x69;sa&#98;&#101;&#x6c;&#x2e;&#x63;&#x6f;nc&#104;&#101;&#105;&#x72;&#x6f;&#x67;&#x75;is&#97;&#110;&#x40;&#x68;&#x65;&#x66;r&#46;&#99;&#104;\" target=\"_blank\" rel=\"noreferrer noopener\">i&#115;&#97;&#x62;&#x65;&#x6c;&#x2e;c&#111;&#110;&#99;&#x68;&#x65;&#x69;ro&#103;&#117;&#x69;&#x73;&#x61;n&#64;&#104;&#101;&#x66;&#x72;&#x2e;ch<\/a><\/p>\n\n\n\n<p><\/p>\n","protected":false},"excerpt":{"rendered":"<p>Unter dem Titel \u00abBaukultur konkret\u00bb haben Forschende des Instituts f\u00fcr Architektur in Zusammenarbeit mit der Stiftung Baukultur Schweiz eine Veranstaltungsreihe konzipiert und durchgef\u00fchrt, bei der es darum ging, die Debatte \u00fcber Baukultur \u00abvor Ort\u00bb \u2013 also mitten im Quartier \u2013 anzuregen. Die vierte Veranstaltung fand im Neubauquartier \u00abBelle-Terre\u00bb in Th\u00f4nex im Kanton Genf statt.<\/p>\n","protected":false},"author":44,"featured_media":41510,"comment_status":"closed","ping_status":"closed","sticky":false,"template":"","format":"standard","meta":{"_acf_changed":false,"footnotes":""},"categories":[39,33,255,22],"tags":[],"class_list":["post-41421","post","type-post","status-publish","format-standard","has-post-thumbnail","hentry","category-cctp-projekte","category-forschung","category-hs2024","category-semester-jahr"],"acf":[],"yoast_head":"<!-- This site is optimized with the Yoast SEO plugin v27.4 - https:\/\/yoast.com\/product\/yoast-seo-wordpress\/ -->\n<title>Baukultur konkret #4 \u2013 Belle-Terre Th\u00f4nex - Architektur an der Hochschule Luzern<\/title>\n<meta name=\"robots\" content=\"index, follow, max-snippet:-1, max-image-preview:large, max-video-preview:-1\" \/>\n<link rel=\"canonical\" href=\"https:\/\/sites.hslu.ch\/architektur\/baukultur-konkret-4-belle-terre-thonex\/\" \/>\n<meta property=\"og:locale\" content=\"de_DE\" \/>\n<meta property=\"og:type\" content=\"article\" \/>\n<meta property=\"og:title\" content=\"Baukultur konkret #4 \u2013 Belle-Terre Th\u00f4nex - Architektur an der Hochschule Luzern\" \/>\n<meta property=\"og:description\" content=\"Unter dem Titel \u00abBaukultur konkret\u00bb haben Forschende des Instituts f\u00fcr Architektur in Zusammenarbeit mit der Stiftung Baukultur Schweiz eine Veranstaltungsreihe konzipiert und durchgef\u00fchrt, bei der es darum ging, die Debatte \u00fcber Baukultur \u00abvor Ort\u00bb \u2013 also mitten im Quartier \u2013 anzuregen. Die vierte Veranstaltung fand im Neubauquartier \u00abBelle-Terre\u00bb in Th\u00f4nex im Kanton Genf statt.\" \/>\n<meta property=\"og:url\" content=\"https:\/\/sites.hslu.ch\/architektur\/baukultur-konkret-4-belle-terre-thonex\/\" \/>\n<meta property=\"og:site_name\" content=\"Architektur an der Hochschule Luzern\" \/>\n<meta property=\"article:published_time\" content=\"2025-04-01T10:18:25+00:00\" \/>\n<meta property=\"article:modified_time\" content=\"2025-05-06T09:12:50+00:00\" \/>\n<meta property=\"og:image\" content=\"https:\/\/sites.hslu.ch\/architektur\/wp-content\/uploads\/sites\/11\/2025\/03\/Baukultur_konkret_Belle_Terre.jpg\" \/>\n\t<meta property=\"og:image:width\" content=\"1472\" \/>\n\t<meta property=\"og:image:height\" content=\"1293\" \/>\n\t<meta property=\"og:image:type\" content=\"image\/jpeg\" \/>\n<meta name=\"author\" content=\"jaramalevez\" \/>\n<meta name=\"twitter:card\" content=\"summary_large_image\" \/>\n<meta name=\"twitter:label1\" content=\"Verfasst von\" \/>\n\t<meta name=\"twitter:data1\" content=\"jaramalevez\" \/>\n\t<meta name=\"twitter:label2\" content=\"Gesch\u00e4tzte Lesezeit\" \/>\n\t<meta name=\"twitter:data2\" content=\"3\u00a0Minuten\" \/>\n<script type=\"application\/ld+json\" class=\"yoast-schema-graph\">{\"@context\":\"https:\\\/\\\/schema.org\",\"@graph\":[{\"@type\":\"Article\",\"@id\":\"https:\\\/\\\/sites.hslu.ch\\\/architektur\\\/baukultur-konkret-4-belle-terre-thonex\\\/#article\",\"isPartOf\":{\"@id\":\"https:\\\/\\\/sites.hslu.ch\\\/architektur\\\/baukultur-konkret-4-belle-terre-thonex\\\/\"},\"author\":{\"name\":\"jaramalevez\",\"@id\":\"https:\\\/\\\/sites.hslu.ch\\\/architektur\\\/#\\\/schema\\\/person\\\/001cee0914381b1d1d390e0f07da2aad\"},\"headline\":\"Baukultur konkret #4 \u2013 Belle-Terre Th\u00f4nex\",\"datePublished\":\"2025-04-01T10:18:25+00:00\",\"dateModified\":\"2025-05-06T09:12:50+00:00\",\"mainEntityOfPage\":{\"@id\":\"https:\\\/\\\/sites.hslu.ch\\\/architektur\\\/baukultur-konkret-4-belle-terre-thonex\\\/\"},\"wordCount\":523,\"image\":{\"@id\":\"https:\\\/\\\/sites.hslu.ch\\\/architektur\\\/baukultur-konkret-4-belle-terre-thonex\\\/#primaryimage\"},\"thumbnailUrl\":\"https:\\\/\\\/sites.hslu.ch\\\/architektur\\\/wp-content\\\/uploads\\\/sites\\\/11\\\/2025\\\/03\\\/Baukultur_konkret_Belle_Terre.jpg\",\"articleSection\":[\"CCTP Projekte\",\"Forschung\",\"HS2024\",\"Semester\\\/Jahr\"],\"inLanguage\":\"de\"},{\"@type\":\"WebPage\",\"@id\":\"https:\\\/\\\/sites.hslu.ch\\\/architektur\\\/baukultur-konkret-4-belle-terre-thonex\\\/\",\"url\":\"https:\\\/\\\/sites.hslu.ch\\\/architektur\\\/baukultur-konkret-4-belle-terre-thonex\\\/\",\"name\":\"Baukultur konkret #4 \u2013 Belle-Terre Th\u00f4nex - Architektur an der Hochschule Luzern\",\"isPartOf\":{\"@id\":\"https:\\\/\\\/sites.hslu.ch\\\/architektur\\\/#website\"},\"primaryImageOfPage\":{\"@id\":\"https:\\\/\\\/sites.hslu.ch\\\/architektur\\\/baukultur-konkret-4-belle-terre-thonex\\\/#primaryimage\"},\"image\":{\"@id\":\"https:\\\/\\\/sites.hslu.ch\\\/architektur\\\/baukultur-konkret-4-belle-terre-thonex\\\/#primaryimage\"},\"thumbnailUrl\":\"https:\\\/\\\/sites.hslu.ch\\\/architektur\\\/wp-content\\\/uploads\\\/sites\\\/11\\\/2025\\\/03\\\/Baukultur_konkret_Belle_Terre.jpg\",\"datePublished\":\"2025-04-01T10:18:25+00:00\",\"dateModified\":\"2025-05-06T09:12:50+00:00\",\"author\":{\"@id\":\"https:\\\/\\\/sites.hslu.ch\\\/architektur\\\/#\\\/schema\\\/person\\\/001cee0914381b1d1d390e0f07da2aad\"},\"breadcrumb\":{\"@id\":\"https:\\\/\\\/sites.hslu.ch\\\/architektur\\\/baukultur-konkret-4-belle-terre-thonex\\\/#breadcrumb\"},\"inLanguage\":\"de\",\"potentialAction\":[{\"@type\":\"ReadAction\",\"target\":[\"https:\\\/\\\/sites.hslu.ch\\\/architektur\\\/baukultur-konkret-4-belle-terre-thonex\\\/\"]}]},{\"@type\":\"ImageObject\",\"inLanguage\":\"de\",\"@id\":\"https:\\\/\\\/sites.hslu.ch\\\/architektur\\\/baukultur-konkret-4-belle-terre-thonex\\\/#primaryimage\",\"url\":\"https:\\\/\\\/sites.hslu.ch\\\/architektur\\\/wp-content\\\/uploads\\\/sites\\\/11\\\/2025\\\/03\\\/Baukultur_konkret_Belle_Terre.jpg\",\"contentUrl\":\"https:\\\/\\\/sites.hslu.ch\\\/architektur\\\/wp-content\\\/uploads\\\/sites\\\/11\\\/2025\\\/03\\\/Baukultur_konkret_Belle_Terre.jpg\",\"width\":1472,\"height\":1293},{\"@type\":\"BreadcrumbList\",\"@id\":\"https:\\\/\\\/sites.hslu.ch\\\/architektur\\\/baukultur-konkret-4-belle-terre-thonex\\\/#breadcrumb\",\"itemListElement\":[{\"@type\":\"ListItem\",\"position\":1,\"name\":\"Home\",\"item\":\"https:\\\/\\\/sites.hslu.ch\\\/architektur\\\/\"},{\"@type\":\"ListItem\",\"position\":2,\"name\":\"Baukultur konkret #4 \u2013 Belle-Terre Th\u00f4nex\"}]},{\"@type\":\"WebSite\",\"@id\":\"https:\\\/\\\/sites.hslu.ch\\\/architektur\\\/#website\",\"url\":\"https:\\\/\\\/sites.hslu.ch\\\/architektur\\\/\",\"name\":\"Architektur an der Hochschule Luzern\",\"description\":\"\",\"potentialAction\":[{\"@type\":\"SearchAction\",\"target\":{\"@type\":\"EntryPoint\",\"urlTemplate\":\"https:\\\/\\\/sites.hslu.ch\\\/architektur\\\/?s={search_term_string}\"},\"query-input\":{\"@type\":\"PropertyValueSpecification\",\"valueRequired\":true,\"valueName\":\"search_term_string\"}}],\"inLanguage\":\"de\"},{\"@type\":\"Person\",\"@id\":\"https:\\\/\\\/sites.hslu.ch\\\/architektur\\\/#\\\/schema\\\/person\\\/001cee0914381b1d1d390e0f07da2aad\",\"name\":\"jaramalevez\",\"url\":\"https:\\\/\\\/sites.hslu.ch\\\/architektur\\\/author\\\/jaramalevez\\\/\"}]}<\/script>\n<!-- \/ Yoast SEO plugin. -->","yoast_head_json":{"title":"Baukultur konkret #4 \u2013 Belle-Terre Th\u00f4nex - Architektur an der Hochschule Luzern","robots":{"index":"index","follow":"follow","max-snippet":"max-snippet:-1","max-image-preview":"max-image-preview:large","max-video-preview":"max-video-preview:-1"},"canonical":"https:\/\/sites.hslu.ch\/architektur\/baukultur-konkret-4-belle-terre-thonex\/","og_locale":"de_DE","og_type":"article","og_title":"Baukultur konkret #4 \u2013 Belle-Terre Th\u00f4nex - Architektur an der Hochschule Luzern","og_description":"Unter dem Titel \u00abBaukultur konkret\u00bb haben Forschende des Instituts f\u00fcr Architektur in Zusammenarbeit mit der Stiftung Baukultur Schweiz eine Veranstaltungsreihe konzipiert und durchgef\u00fchrt, bei der es darum ging, die Debatte \u00fcber Baukultur \u00abvor Ort\u00bb \u2013 also mitten im Quartier \u2013 anzuregen. Die vierte Veranstaltung fand im Neubauquartier \u00abBelle-Terre\u00bb in Th\u00f4nex im Kanton Genf statt.","og_url":"https:\/\/sites.hslu.ch\/architektur\/baukultur-konkret-4-belle-terre-thonex\/","og_site_name":"Architektur an der Hochschule Luzern","article_published_time":"2025-04-01T10:18:25+00:00","article_modified_time":"2025-05-06T09:12:50+00:00","og_image":[{"width":1472,"height":1293,"url":"https:\/\/sites.hslu.ch\/architektur\/wp-content\/uploads\/sites\/11\/2025\/03\/Baukultur_konkret_Belle_Terre.jpg","type":"image\/jpeg"}],"author":"jaramalevez","twitter_card":"summary_large_image","twitter_misc":{"Verfasst von":"jaramalevez","Gesch\u00e4tzte Lesezeit":"3\u00a0Minuten"},"schema":{"@context":"https:\/\/schema.org","@graph":[{"@type":"Article","@id":"https:\/\/sites.hslu.ch\/architektur\/baukultur-konkret-4-belle-terre-thonex\/#article","isPartOf":{"@id":"https:\/\/sites.hslu.ch\/architektur\/baukultur-konkret-4-belle-terre-thonex\/"},"author":{"name":"jaramalevez","@id":"https:\/\/sites.hslu.ch\/architektur\/#\/schema\/person\/001cee0914381b1d1d390e0f07da2aad"},"headline":"Baukultur konkret #4 \u2013 Belle-Terre Th\u00f4nex","datePublished":"2025-04-01T10:18:25+00:00","dateModified":"2025-05-06T09:12:50+00:00","mainEntityOfPage":{"@id":"https:\/\/sites.hslu.ch\/architektur\/baukultur-konkret-4-belle-terre-thonex\/"},"wordCount":523,"image":{"@id":"https:\/\/sites.hslu.ch\/architektur\/baukultur-konkret-4-belle-terre-thonex\/#primaryimage"},"thumbnailUrl":"https:\/\/sites.hslu.ch\/architektur\/wp-content\/uploads\/sites\/11\/2025\/03\/Baukultur_konkret_Belle_Terre.jpg","articleSection":["CCTP Projekte","Forschung","HS2024","Semester\/Jahr"],"inLanguage":"de"},{"@type":"WebPage","@id":"https:\/\/sites.hslu.ch\/architektur\/baukultur-konkret-4-belle-terre-thonex\/","url":"https:\/\/sites.hslu.ch\/architektur\/baukultur-konkret-4-belle-terre-thonex\/","name":"Baukultur konkret #4 \u2013 Belle-Terre Th\u00f4nex - Architektur an der Hochschule Luzern","isPartOf":{"@id":"https:\/\/sites.hslu.ch\/architektur\/#website"},"primaryImageOfPage":{"@id":"https:\/\/sites.hslu.ch\/architektur\/baukultur-konkret-4-belle-terre-thonex\/#primaryimage"},"image":{"@id":"https:\/\/sites.hslu.ch\/architektur\/baukultur-konkret-4-belle-terre-thonex\/#primaryimage"},"thumbnailUrl":"https:\/\/sites.hslu.ch\/architektur\/wp-content\/uploads\/sites\/11\/2025\/03\/Baukultur_konkret_Belle_Terre.jpg","datePublished":"2025-04-01T10:18:25+00:00","dateModified":"2025-05-06T09:12:50+00:00","author":{"@id":"https:\/\/sites.hslu.ch\/architektur\/#\/schema\/person\/001cee0914381b1d1d390e0f07da2aad"},"breadcrumb":{"@id":"https:\/\/sites.hslu.ch\/architektur\/baukultur-konkret-4-belle-terre-thonex\/#breadcrumb"},"inLanguage":"de","potentialAction":[{"@type":"ReadAction","target":["https:\/\/sites.hslu.ch\/architektur\/baukultur-konkret-4-belle-terre-thonex\/"]}]},{"@type":"ImageObject","inLanguage":"de","@id":"https:\/\/sites.hslu.ch\/architektur\/baukultur-konkret-4-belle-terre-thonex\/#primaryimage","url":"https:\/\/sites.hslu.ch\/architektur\/wp-content\/uploads\/sites\/11\/2025\/03\/Baukultur_konkret_Belle_Terre.jpg","contentUrl":"https:\/\/sites.hslu.ch\/architektur\/wp-content\/uploads\/sites\/11\/2025\/03\/Baukultur_konkret_Belle_Terre.jpg","width":1472,"height":1293},{"@type":"BreadcrumbList","@id":"https:\/\/sites.hslu.ch\/architektur\/baukultur-konkret-4-belle-terre-thonex\/#breadcrumb","itemListElement":[{"@type":"ListItem","position":1,"name":"Home","item":"https:\/\/sites.hslu.ch\/architektur\/"},{"@type":"ListItem","position":2,"name":"Baukultur konkret #4 \u2013 Belle-Terre Th\u00f4nex"}]},{"@type":"WebSite","@id":"https:\/\/sites.hslu.ch\/architektur\/#website","url":"https:\/\/sites.hslu.ch\/architektur\/","name":"Architektur an der Hochschule Luzern","description":"","potentialAction":[{"@type":"SearchAction","target":{"@type":"EntryPoint","urlTemplate":"https:\/\/sites.hslu.ch\/architektur\/?s={search_term_string}"},"query-input":{"@type":"PropertyValueSpecification","valueRequired":true,"valueName":"search_term_string"}}],"inLanguage":"de"},{"@type":"Person","@id":"https:\/\/sites.hslu.ch\/architektur\/#\/schema\/person\/001cee0914381b1d1d390e0f07da2aad","name":"jaramalevez","url":"https:\/\/sites.hslu.ch\/architektur\/author\/jaramalevez\/"}]}},"_links":{"self":[{"href":"https:\/\/sites.hslu.ch\/architektur\/wp-json\/wp\/v2\/posts\/41421","targetHints":{"allow":["GET"]}}],"collection":[{"href":"https:\/\/sites.hslu.ch\/architektur\/wp-json\/wp\/v2\/posts"}],"about":[{"href":"https:\/\/sites.hslu.ch\/architektur\/wp-json\/wp\/v2\/types\/post"}],"author":[{"embeddable":true,"href":"https:\/\/sites.hslu.ch\/architektur\/wp-json\/wp\/v2\/users\/44"}],"replies":[{"embeddable":true,"href":"https:\/\/sites.hslu.ch\/architektur\/wp-json\/wp\/v2\/comments?post=41421"}],"version-history":[{"count":24,"href":"https:\/\/sites.hslu.ch\/architektur\/wp-json\/wp\/v2\/posts\/41421\/revisions"}],"predecessor-version":[{"id":42423,"href":"https:\/\/sites.hslu.ch\/architektur\/wp-json\/wp\/v2\/posts\/41421\/revisions\/42423"}],"wp:featuredmedia":[{"embeddable":true,"href":"https:\/\/sites.hslu.ch\/architektur\/wp-json\/wp\/v2\/media\/41510"}],"wp:attachment":[{"href":"https:\/\/sites.hslu.ch\/architektur\/wp-json\/wp\/v2\/media?parent=41421"}],"wp:term":[{"taxonomy":"category","embeddable":true,"href":"https:\/\/sites.hslu.ch\/architektur\/wp-json\/wp\/v2\/categories?post=41421"},{"taxonomy":"post_tag","embeddable":true,"href":"https:\/\/sites.hslu.ch\/architektur\/wp-json\/wp\/v2\/tags?post=41421"}],"curies":[{"name":"wp","href":"https:\/\/api.w.org\/{rel}","templated":true}]}}