{"id":4098,"date":"2021-12-07T12:45:00","date_gmt":"2021-12-07T11:45:00","guid":{"rendered":"https:\/\/sites.hslu.ch\/architektur\/?p=4098"},"modified":"2021-12-14T12:57:25","modified_gmt":"2021-12-14T11:57:25","slug":"kesselhaus-josephsohn","status":"publish","type":"post","link":"https:\/\/sites.hslu.ch\/architektur\/kesselhaus-josephsohn\/","title":{"rendered":"Kesselhaus Josephsohn"},"content":{"rendered":"\n<p>Im Modul KUNST+ARCHITEKTUR (bis FS21) ging es um Kunst im \u00f6ffentlichen Raum. Die Studierenden entwickelten jeweils ein Projekt, welches Kunst und Architektur beispielhaft verbindet. Ziel war es, ein vertieftes Verst\u00e4ndnis der Beziehungen zwischen Objekt und Raum aufzubauen. Der soziale, kulturelle und historische Hintergrund von Kunst am Bau wurde vorgestellt. Die Aufgabe bestand im Fr\u00fchlingssemester 2021 darin, ein gestalterisches Konzept f\u00fcr einen Umbau des Platzes zwischen der Jesuitenkirche und dem Regierungsgeb\u00e4ude Luzern zu entwickeln. In diesen Platz sollten Skulpturen des Bildhauers Hans Josephsohn  integriert werden. <\/p>\n\n\n\n<p>Dazu war eine Exkursion zum Kesselhaus Josephsohn auf dem Areal der Kunstgiesserei Sitterwerk in St.Gallen geplant. Diese wurde jedoch pandemiebedingt abgesagt und den Studierenden deshalb in Form einer Videodokumentation zur Verf\u00fcgung gestellt. Untenstehend der Teaser zum Video&#8230;<\/p>\n\n\n\n<figure class=\"wp-block-embed is-type-video is-provider-vimeo wp-block-embed-vimeo wp-embed-aspect-16-9 wp-has-aspect-ratio\"><div class=\"wp-block-embed__wrapper\">\n<iframe loading=\"lazy\" title=\"KST+ARCH_FS21_EX_Josephsohn_Teaser.mp4\" src=\"https:\/\/player.vimeo.com\/video\/656541635?app_id=122963\" width=\"640\" height=\"360\" frameborder=\"0\" allow=\"autoplay; fullscreen; picture-in-picture; clipboard-write\"><\/iframe>\n<\/div><figcaption>Teaser Videodokumentation Exkursion Kesselhaus Josephsohn<\/figcaption><\/figure>\n","protected":false},"excerpt":{"rendered":"<p>Im Modul KUNST+ARCHITEKTUR (bis FS21) ging es um Kunst im \u00f6ffentlichen Raum. Die Studierenden entwickelten jeweils ein Projekt, welches Kunst und Architektur beispielhaft verbindet. Ziel war es, ein vertieftes Verst\u00e4ndnis [&hellip;]<\/p>\n","protected":false},"author":44,"featured_media":4099,"comment_status":"closed","ping_status":"closed","sticky":false,"template":"","format":"standard","meta":{"_acf_changed":false,"footnotes":""},"categories":[6,26,12,22],"tags":[],"class_list":["post-4098","post","type-post","status-publish","format-standard","has-post-thumbnail","hentry","category-bachelor-architektur","category-fs2021","category-gestaltung","category-semester-jahr"],"acf":[],"yoast_head":"<!-- This site is optimized with the Yoast SEO plugin v27.5 - https:\/\/yoast.com\/product\/yoast-seo-wordpress\/ -->\n<title>Kesselhaus Josephsohn - Architektur an der Hochschule Luzern<\/title>\n<meta name=\"robots\" content=\"index, follow, max-snippet:-1, max-image-preview:large, max-video-preview:-1\" \/>\n<link rel=\"canonical\" href=\"https:\/\/sites.hslu.ch\/architektur\/kesselhaus-josephsohn\/\" \/>\n<meta property=\"og:locale\" content=\"de_DE\" \/>\n<meta property=\"og:type\" content=\"article\" \/>\n<meta property=\"og:title\" content=\"Kesselhaus Josephsohn - Architektur an der Hochschule Luzern\" \/>\n<meta property=\"og:description\" content=\"Im Modul KUNST+ARCHITEKTUR (bis FS21) ging es um Kunst im \u00f6ffentlichen Raum. Die Studierenden entwickelten jeweils ein Projekt, welches Kunst und Architektur beispielhaft verbindet. Ziel war es, ein vertieftes Verst\u00e4ndnis [&hellip;]\" \/>\n<meta property=\"og:url\" content=\"https:\/\/sites.hslu.ch\/architektur\/kesselhaus-josephsohn\/\" \/>\n<meta property=\"og:site_name\" content=\"Architektur an der Hochschule Luzern\" \/>\n<meta property=\"article:published_time\" content=\"2021-12-07T11:45:00+00:00\" \/>\n<meta property=\"article:modified_time\" content=\"2021-12-14T11:57:25+00:00\" \/>\n<meta property=\"og:image\" content=\"https:\/\/sites.hslu.ch\/architektur\/wp-content\/uploads\/sites\/11\/2021\/12\/KSTARCH_FS21_EX_Josephsohn_Filmstill4.jpg\" \/>\n\t<meta property=\"og:image:width\" content=\"1280\" \/>\n\t<meta property=\"og:image:height\" content=\"720\" \/>\n\t<meta property=\"og:image:type\" content=\"image\/jpeg\" \/>\n<meta name=\"author\" content=\"jaramalevez\" \/>\n<meta name=\"twitter:card\" content=\"summary_large_image\" \/>\n<meta name=\"twitter:label1\" content=\"Verfasst von\" \/>\n\t<meta name=\"twitter:data1\" content=\"jaramalevez\" \/>\n\t<meta name=\"twitter:label2\" content=\"Gesch\u00e4tzte Lesezeit\" \/>\n\t<meta name=\"twitter:data2\" content=\"1\u00a0Minute\" \/>\n<script type=\"application\/ld+json\" class=\"yoast-schema-graph\">{\"@context\":\"https:\\\/\\\/schema.org\",\"@graph\":[{\"@type\":\"Article\",\"@id\":\"https:\\\/\\\/sites.hslu.ch\\\/architektur\\\/kesselhaus-josephsohn\\\/#article\",\"isPartOf\":{\"@id\":\"https:\\\/\\\/sites.hslu.ch\\\/architektur\\\/kesselhaus-josephsohn\\\/\"},\"author\":{\"name\":\"jaramalevez\",\"@id\":\"https:\\\/\\\/sites.hslu.ch\\\/architektur\\\/#\\\/schema\\\/person\\\/001cee0914381b1d1d390e0f07da2aad\"},\"headline\":\"Kesselhaus Josephsohn\",\"datePublished\":\"2021-12-07T11:45:00+00:00\",\"dateModified\":\"2021-12-14T11:57:25+00:00\",\"mainEntityOfPage\":{\"@id\":\"https:\\\/\\\/sites.hslu.ch\\\/architektur\\\/kesselhaus-josephsohn\\\/\"},\"wordCount\":139,\"image\":{\"@id\":\"https:\\\/\\\/sites.hslu.ch\\\/architektur\\\/kesselhaus-josephsohn\\\/#primaryimage\"},\"thumbnailUrl\":\"https:\\\/\\\/sites.hslu.ch\\\/architektur\\\/wp-content\\\/uploads\\\/sites\\\/11\\\/2021\\\/12\\\/KSTARCH_FS21_EX_Josephsohn_Filmstill4.jpg\",\"articleSection\":[\"Bachelor Architektur\",\"FS2021\",\"Gestaltung\",\"Semester\\\/Jahr\"],\"inLanguage\":\"de\"},{\"@type\":\"WebPage\",\"@id\":\"https:\\\/\\\/sites.hslu.ch\\\/architektur\\\/kesselhaus-josephsohn\\\/\",\"url\":\"https:\\\/\\\/sites.hslu.ch\\\/architektur\\\/kesselhaus-josephsohn\\\/\",\"name\":\"Kesselhaus Josephsohn - Architektur an der Hochschule Luzern\",\"isPartOf\":{\"@id\":\"https:\\\/\\\/sites.hslu.ch\\\/architektur\\\/#website\"},\"primaryImageOfPage\":{\"@id\":\"https:\\\/\\\/sites.hslu.ch\\\/architektur\\\/kesselhaus-josephsohn\\\/#primaryimage\"},\"image\":{\"@id\":\"https:\\\/\\\/sites.hslu.ch\\\/architektur\\\/kesselhaus-josephsohn\\\/#primaryimage\"},\"thumbnailUrl\":\"https:\\\/\\\/sites.hslu.ch\\\/architektur\\\/wp-content\\\/uploads\\\/sites\\\/11\\\/2021\\\/12\\\/KSTARCH_FS21_EX_Josephsohn_Filmstill4.jpg\",\"datePublished\":\"2021-12-07T11:45:00+00:00\",\"dateModified\":\"2021-12-14T11:57:25+00:00\",\"author\":{\"@id\":\"https:\\\/\\\/sites.hslu.ch\\\/architektur\\\/#\\\/schema\\\/person\\\/001cee0914381b1d1d390e0f07da2aad\"},\"breadcrumb\":{\"@id\":\"https:\\\/\\\/sites.hslu.ch\\\/architektur\\\/kesselhaus-josephsohn\\\/#breadcrumb\"},\"inLanguage\":\"de\",\"potentialAction\":[{\"@type\":\"ReadAction\",\"target\":[\"https:\\\/\\\/sites.hslu.ch\\\/architektur\\\/kesselhaus-josephsohn\\\/\"]}]},{\"@type\":\"ImageObject\",\"inLanguage\":\"de\",\"@id\":\"https:\\\/\\\/sites.hslu.ch\\\/architektur\\\/kesselhaus-josephsohn\\\/#primaryimage\",\"url\":\"https:\\\/\\\/sites.hslu.ch\\\/architektur\\\/wp-content\\\/uploads\\\/sites\\\/11\\\/2021\\\/12\\\/KSTARCH_FS21_EX_Josephsohn_Filmstill4.jpg\",\"contentUrl\":\"https:\\\/\\\/sites.hslu.ch\\\/architektur\\\/wp-content\\\/uploads\\\/sites\\\/11\\\/2021\\\/12\\\/KSTARCH_FS21_EX_Josephsohn_Filmstill4.jpg\",\"width\":1280,\"height\":720},{\"@type\":\"BreadcrumbList\",\"@id\":\"https:\\\/\\\/sites.hslu.ch\\\/architektur\\\/kesselhaus-josephsohn\\\/#breadcrumb\",\"itemListElement\":[{\"@type\":\"ListItem\",\"position\":1,\"name\":\"Home\",\"item\":\"https:\\\/\\\/sites.hslu.ch\\\/architektur\\\/\"},{\"@type\":\"ListItem\",\"position\":2,\"name\":\"Kesselhaus Josephsohn\"}]},{\"@type\":\"WebSite\",\"@id\":\"https:\\\/\\\/sites.hslu.ch\\\/architektur\\\/#website\",\"url\":\"https:\\\/\\\/sites.hslu.ch\\\/architektur\\\/\",\"name\":\"Architektur an der Hochschule Luzern\",\"description\":\"\",\"potentialAction\":[{\"@type\":\"SearchAction\",\"target\":{\"@type\":\"EntryPoint\",\"urlTemplate\":\"https:\\\/\\\/sites.hslu.ch\\\/architektur\\\/?s={search_term_string}\"},\"query-input\":{\"@type\":\"PropertyValueSpecification\",\"valueRequired\":true,\"valueName\":\"search_term_string\"}}],\"inLanguage\":\"de\"},{\"@type\":\"Person\",\"@id\":\"https:\\\/\\\/sites.hslu.ch\\\/architektur\\\/#\\\/schema\\\/person\\\/001cee0914381b1d1d390e0f07da2aad\",\"name\":\"jaramalevez\",\"url\":\"https:\\\/\\\/sites.hslu.ch\\\/architektur\\\/author\\\/jaramalevez\\\/\"}]}<\/script>\n<!-- \/ Yoast SEO plugin. -->","yoast_head_json":{"title":"Kesselhaus Josephsohn - Architektur an der Hochschule Luzern","robots":{"index":"index","follow":"follow","max-snippet":"max-snippet:-1","max-image-preview":"max-image-preview:large","max-video-preview":"max-video-preview:-1"},"canonical":"https:\/\/sites.hslu.ch\/architektur\/kesselhaus-josephsohn\/","og_locale":"de_DE","og_type":"article","og_title":"Kesselhaus Josephsohn - Architektur an der Hochschule Luzern","og_description":"Im Modul KUNST+ARCHITEKTUR (bis FS21) ging es um Kunst im \u00f6ffentlichen Raum. Die Studierenden entwickelten jeweils ein Projekt, welches Kunst und Architektur beispielhaft verbindet. Ziel war es, ein vertieftes Verst\u00e4ndnis [&hellip;]","og_url":"https:\/\/sites.hslu.ch\/architektur\/kesselhaus-josephsohn\/","og_site_name":"Architektur an der Hochschule Luzern","article_published_time":"2021-12-07T11:45:00+00:00","article_modified_time":"2021-12-14T11:57:25+00:00","og_image":[{"width":1280,"height":720,"url":"https:\/\/sites.hslu.ch\/architektur\/wp-content\/uploads\/sites\/11\/2021\/12\/KSTARCH_FS21_EX_Josephsohn_Filmstill4.jpg","type":"image\/jpeg"}],"author":"jaramalevez","twitter_card":"summary_large_image","twitter_misc":{"Verfasst von":"jaramalevez","Gesch\u00e4tzte Lesezeit":"1\u00a0Minute"},"schema":{"@context":"https:\/\/schema.org","@graph":[{"@type":"Article","@id":"https:\/\/sites.hslu.ch\/architektur\/kesselhaus-josephsohn\/#article","isPartOf":{"@id":"https:\/\/sites.hslu.ch\/architektur\/kesselhaus-josephsohn\/"},"author":{"name":"jaramalevez","@id":"https:\/\/sites.hslu.ch\/architektur\/#\/schema\/person\/001cee0914381b1d1d390e0f07da2aad"},"headline":"Kesselhaus Josephsohn","datePublished":"2021-12-07T11:45:00+00:00","dateModified":"2021-12-14T11:57:25+00:00","mainEntityOfPage":{"@id":"https:\/\/sites.hslu.ch\/architektur\/kesselhaus-josephsohn\/"},"wordCount":139,"image":{"@id":"https:\/\/sites.hslu.ch\/architektur\/kesselhaus-josephsohn\/#primaryimage"},"thumbnailUrl":"https:\/\/sites.hslu.ch\/architektur\/wp-content\/uploads\/sites\/11\/2021\/12\/KSTARCH_FS21_EX_Josephsohn_Filmstill4.jpg","articleSection":["Bachelor Architektur","FS2021","Gestaltung","Semester\/Jahr"],"inLanguage":"de"},{"@type":"WebPage","@id":"https:\/\/sites.hslu.ch\/architektur\/kesselhaus-josephsohn\/","url":"https:\/\/sites.hslu.ch\/architektur\/kesselhaus-josephsohn\/","name":"Kesselhaus Josephsohn - Architektur an der Hochschule Luzern","isPartOf":{"@id":"https:\/\/sites.hslu.ch\/architektur\/#website"},"primaryImageOfPage":{"@id":"https:\/\/sites.hslu.ch\/architektur\/kesselhaus-josephsohn\/#primaryimage"},"image":{"@id":"https:\/\/sites.hslu.ch\/architektur\/kesselhaus-josephsohn\/#primaryimage"},"thumbnailUrl":"https:\/\/sites.hslu.ch\/architektur\/wp-content\/uploads\/sites\/11\/2021\/12\/KSTARCH_FS21_EX_Josephsohn_Filmstill4.jpg","datePublished":"2021-12-07T11:45:00+00:00","dateModified":"2021-12-14T11:57:25+00:00","author":{"@id":"https:\/\/sites.hslu.ch\/architektur\/#\/schema\/person\/001cee0914381b1d1d390e0f07da2aad"},"breadcrumb":{"@id":"https:\/\/sites.hslu.ch\/architektur\/kesselhaus-josephsohn\/#breadcrumb"},"inLanguage":"de","potentialAction":[{"@type":"ReadAction","target":["https:\/\/sites.hslu.ch\/architektur\/kesselhaus-josephsohn\/"]}]},{"@type":"ImageObject","inLanguage":"de","@id":"https:\/\/sites.hslu.ch\/architektur\/kesselhaus-josephsohn\/#primaryimage","url":"https:\/\/sites.hslu.ch\/architektur\/wp-content\/uploads\/sites\/11\/2021\/12\/KSTARCH_FS21_EX_Josephsohn_Filmstill4.jpg","contentUrl":"https:\/\/sites.hslu.ch\/architektur\/wp-content\/uploads\/sites\/11\/2021\/12\/KSTARCH_FS21_EX_Josephsohn_Filmstill4.jpg","width":1280,"height":720},{"@type":"BreadcrumbList","@id":"https:\/\/sites.hslu.ch\/architektur\/kesselhaus-josephsohn\/#breadcrumb","itemListElement":[{"@type":"ListItem","position":1,"name":"Home","item":"https:\/\/sites.hslu.ch\/architektur\/"},{"@type":"ListItem","position":2,"name":"Kesselhaus Josephsohn"}]},{"@type":"WebSite","@id":"https:\/\/sites.hslu.ch\/architektur\/#website","url":"https:\/\/sites.hslu.ch\/architektur\/","name":"Architektur an der Hochschule Luzern","description":"","potentialAction":[{"@type":"SearchAction","target":{"@type":"EntryPoint","urlTemplate":"https:\/\/sites.hslu.ch\/architektur\/?s={search_term_string}"},"query-input":{"@type":"PropertyValueSpecification","valueRequired":true,"valueName":"search_term_string"}}],"inLanguage":"de"},{"@type":"Person","@id":"https:\/\/sites.hslu.ch\/architektur\/#\/schema\/person\/001cee0914381b1d1d390e0f07da2aad","name":"jaramalevez","url":"https:\/\/sites.hslu.ch\/architektur\/author\/jaramalevez\/"}]}},"_links":{"self":[{"href":"https:\/\/sites.hslu.ch\/architektur\/wp-json\/wp\/v2\/posts\/4098","targetHints":{"allow":["GET"]}}],"collection":[{"href":"https:\/\/sites.hslu.ch\/architektur\/wp-json\/wp\/v2\/posts"}],"about":[{"href":"https:\/\/sites.hslu.ch\/architektur\/wp-json\/wp\/v2\/types\/post"}],"author":[{"embeddable":true,"href":"https:\/\/sites.hslu.ch\/architektur\/wp-json\/wp\/v2\/users\/44"}],"replies":[{"embeddable":true,"href":"https:\/\/sites.hslu.ch\/architektur\/wp-json\/wp\/v2\/comments?post=4098"}],"version-history":[{"count":2,"href":"https:\/\/sites.hslu.ch\/architektur\/wp-json\/wp\/v2\/posts\/4098\/revisions"}],"predecessor-version":[{"id":4102,"href":"https:\/\/sites.hslu.ch\/architektur\/wp-json\/wp\/v2\/posts\/4098\/revisions\/4102"}],"wp:featuredmedia":[{"embeddable":true,"href":"https:\/\/sites.hslu.ch\/architektur\/wp-json\/wp\/v2\/media\/4099"}],"wp:attachment":[{"href":"https:\/\/sites.hslu.ch\/architektur\/wp-json\/wp\/v2\/media?parent=4098"}],"wp:term":[{"taxonomy":"category","embeddable":true,"href":"https:\/\/sites.hslu.ch\/architektur\/wp-json\/wp\/v2\/categories?post=4098"},{"taxonomy":"post_tag","embeddable":true,"href":"https:\/\/sites.hslu.ch\/architektur\/wp-json\/wp\/v2\/tags?post=4098"}],"curies":[{"name":"wp","href":"https:\/\/api.w.org\/{rel}","templated":true}]}}