{"id":40037,"date":"2025-02-19T21:02:56","date_gmt":"2025-02-19T20:02:56","guid":{"rendered":"https:\/\/sites.hslu.ch\/architektur\/?p=40037"},"modified":"2025-08-07T15:13:55","modified_gmt":"2025-08-07T13:13:55","slug":"ein-kulturkiosk","status":"publish","type":"post","link":"https:\/\/sites.hslu.ch\/architektur\/ein-kulturkiosk\/","title":{"rendered":"Ein Kulturkiosk"},"content":{"rendered":"\n<p class=\"is-style-lead-text\">Im Entwurfsmodul \u00abRaum\u00bb im Bachelor Basic waren die Studierenden im Herbstsemester 2024 mit dem Thema \u00abPerformance\u00bb konfrontiert. Sandro Stadlin entwarf im Atelier von Matthew Howell einen Kulturkiosk&#8230;<\/p>\n\n\n\n<p>Zentrales Merkmal des Raumes ist die pr\u00e4gende Stu\u0308tze, welche s\u00e4mtliche statischen Lasten u\u0308bernimmt, den Raum strukturiert und ihn in zwei Bereiche teilt. Einen gr\u00f6sseren Bu\u0308hnen\/Cafe- Bereich, welcher individuell genutzt und eingerichtet werden kann. Sowie eine Bar, welche sich zum Innenraum sowie zum Aussenraum ausrichtet und bei einer Performance als Backstage genutzt werden kann. Durch einen Flaschenzug-Mechanismus ist es m\u00f6glich, die Fassadenelemente aus dem Innenraum<br>wie gewu\u0308nscht zu \u00f6ffnen.<br>Die von aussen zug\u00e4ngliche Bar erlaubt es den Ku\u0308nstler:innen vor der geplanten Veranstaltung die Bar (bzw. den Kiosk) zu betreiben und die Bu\u0308hne fu\u0308r ihre anstehende Performance vorzubereiten.<br>Durch die vier verschiedenen Varianten, wie die beweglichen Fassadenelemente ausgerichtet werden k\u00f6nnen, ergibt sich nicht nur ein Ver\u00e4nderung der r\u00e4umlichen Nutzung, sondern auch der volumetrischen Wirkung des Geb\u00e4udes. Es passt sich dem gewu\u0308nschten Kontext an. <\/p>\n\n\n\n<figure class=\"wp-block-embed is-type-video is-provider-vimeo wp-block-embed-vimeo wp-embed-aspect-16-9 wp-has-aspect-ratio\"><div class=\"wp-block-embed__wrapper\">\n<iframe loading=\"lazy\" title=\"24HS_BA_Basic_Sandro_Stadlin\" src=\"https:\/\/player.vimeo.com\/video\/1056828384?h=8127fb5315&amp;app_id=122963\" width=\"640\" height=\"360\" frameborder=\"0\" allow=\"autoplay; fullscreen; picture-in-picture; clipboard-write; encrypted-media; web-share\" referrerpolicy=\"strict-origin-when-cross-origin\"><\/iframe>\n<\/div><\/figure>\n\n\n    <div class=\"ms-gallery \">\n        <div class=\"ms-gallery-sizer\"><\/div>\n        <div class=\"ms-gallery-gutter\"><\/div>\n                                    <div class=\"ms-gallery-item wide\">\n                                                        <a href=\"https:\/\/sites.hslu.ch\/architektur\/wp-content\/uploads\/sites\/11\/2025\/02\/HS24_RAUM_Sando_Stadlin_Collage-Wechselwirkung-aktiv_korr.jpg\" data-lightbox=\"masonery-gallery\"  data-size=\"wide\"  data-title=\"\" data-alt=\"\">\n                        <img decoding=\"async\" class=\"ms-gallery-item__image\"  data-size=\"wide\"  src=\"https:\/\/sites.hslu.ch\/architektur\/wp-content\/uploads\/sites\/11\/2025\/02\/HS24_RAUM_Sando_Stadlin_Collage-Wechselwirkung-aktiv_korr.jpg\" alt=\"\" \/>\n                    <\/a>\n                                        <\/div>\n\n                                                                <div class=\"ms-gallery-item wide\">\n                                                        <a href=\"https:\/\/sites.hslu.ch\/architektur\/wp-content\/uploads\/sites\/11\/2025\/02\/24hs_19_Projektmodul_Sandro_Stadlin_8147_korr.jpg\" data-lightbox=\"masonery-gallery\"  data-size=\"wide\"  data-title=\"\" data-alt=\"\">\n                        <img decoding=\"async\" class=\"ms-gallery-item__image\"  data-size=\"wide\"  src=\"https:\/\/sites.hslu.ch\/architektur\/wp-content\/uploads\/sites\/11\/2025\/02\/24hs_19_Projektmodul_Sandro_Stadlin_8147_korr.jpg\" alt=\"\" \/>\n                    <\/a>\n                                        <\/div>\n\n                                                                <div class=\"ms-gallery-item wide\">\n                                                        <a href=\"https:\/\/sites.hslu.ch\/architektur\/wp-content\/uploads\/sites\/11\/2025\/02\/24hs_19_Projektmodul_Sandro_Stadlin_8150.jpg\" data-lightbox=\"masonery-gallery\"  data-size=\"wide\"  data-title=\"\" data-alt=\"\">\n                        <img decoding=\"async\" class=\"ms-gallery-item__image\"  data-size=\"wide\"  src=\"https:\/\/sites.hslu.ch\/architektur\/wp-content\/uploads\/sites\/11\/2025\/02\/24hs_19_Projektmodul_Sandro_Stadlin_8150.jpg\" alt=\"\" \/>\n                    <\/a>\n                                        <\/div>\n\n                                                                <div class=\"ms-gallery-item wide\">\n                                                        <a href=\"https:\/\/sites.hslu.ch\/architektur\/wp-content\/uploads\/sites\/11\/2025\/02\/Grundriss-3-2_1920px.jpg\" data-lightbox=\"masonery-gallery\"  data-size=\"wide\"  data-title=\"\" data-alt=\"\">\n                        <img decoding=\"async\" class=\"ms-gallery-item__image\"  data-size=\"wide\"  src=\"https:\/\/sites.hslu.ch\/architektur\/wp-content\/uploads\/sites\/11\/2025\/02\/Grundriss-3-2_1920px.jpg\" alt=\"\" \/>\n                    <\/a>\n                                        <\/div>\n\n                                                                <div class=\"ms-gallery-item wide\">\n                                                        <a href=\"https:\/\/sites.hslu.ch\/architektur\/wp-content\/uploads\/sites\/11\/2025\/02\/Grundriss-1-2_1920px.jpg\" data-lightbox=\"masonery-gallery\"  data-size=\"wide\"  data-title=\"\" data-alt=\"\">\n                        <img decoding=\"async\" class=\"ms-gallery-item__image\"  data-size=\"wide\"  src=\"https:\/\/sites.hslu.ch\/architektur\/wp-content\/uploads\/sites\/11\/2025\/02\/Grundriss-1-2_1920px.jpg\" alt=\"\" \/>\n                    <\/a>\n                                        <\/div>\n\n                                                                <div class=\"ms-gallery-item wide\">\n                                                        <a href=\"https:\/\/sites.hslu.ch\/architektur\/wp-content\/uploads\/sites\/11\/2025\/02\/Grundriss-2-2_1920px.jpg\" data-lightbox=\"masonery-gallery\"  data-size=\"wide\"  data-title=\"\" data-alt=\"\">\n                        <img decoding=\"async\" class=\"ms-gallery-item__image\"  data-size=\"wide\"  src=\"https:\/\/sites.hslu.ch\/architektur\/wp-content\/uploads\/sites\/11\/2025\/02\/Grundriss-2-2_1920px.jpg\" alt=\"\" \/>\n                    <\/a>\n                                        <\/div>\n\n                                                    <div class=\"ms-gallery-item narrow\">\n                <\/div>\n                <\/div>\n            \n\n<div\n   class=\"cloudimage-360\"\n   data-amount=\"70\"\n   data-image-list='[\"https:\/\/sites.hslu.ch\/architektur\/wp-content\/uploads\/sites\/11\/2025\/02\/HS24_Modellfotografie_Basic_Sandro_Stadlin_0025.jpg\",\"https:\/\/sites.hslu.ch\/architektur\/wp-content\/uploads\/sites\/11\/2025\/02\/HS24_Modellfotografie_Basic_Sandro_Stadlin_0026.jpg\",\"https:\/\/sites.hslu.ch\/architektur\/wp-content\/uploads\/sites\/11\/2025\/02\/HS24_Modellfotografie_Basic_Sandro_Stadlin_0027.jpg\",\"https:\/\/sites.hslu.ch\/architektur\/wp-content\/uploads\/sites\/11\/2025\/02\/HS24_Modellfotografie_Basic_Sandro_Stadlin_0028.jpg\",\"https:\/\/sites.hslu.ch\/architektur\/wp-content\/uploads\/sites\/11\/2025\/02\/HS24_Modellfotografie_Basic_Sandro_Stadlin_0029.jpg\",\"https:\/\/sites.hslu.ch\/architektur\/wp-content\/uploads\/sites\/11\/2025\/02\/HS24_Modellfotografie_Basic_Sandro_Stadlin_0030.jpg\",\"https:\/\/sites.hslu.ch\/architektur\/wp-content\/uploads\/sites\/11\/2025\/02\/HS24_Modellfotografie_Basic_Sandro_Stadlin_0031.jpg\",\"https:\/\/sites.hslu.ch\/architektur\/wp-content\/uploads\/sites\/11\/2025\/02\/HS24_Modellfotografie_Basic_Sandro_Stadlin_0032.jpg\",\"https:\/\/sites.hslu.ch\/architektur\/wp-content\/uploads\/sites\/11\/2025\/02\/HS24_Modellfotografie_Basic_Sandro_Stadlin_0033.jpg\",\"https:\/\/sites.hslu.ch\/architektur\/wp-content\/uploads\/sites\/11\/2025\/02\/HS24_Modellfotografie_Basic_Sandro_Stadlin_0034.jpg\",\"https:\/\/sites.hslu.ch\/architektur\/wp-content\/uploads\/sites\/11\/2025\/02\/HS24_Modellfotografie_Basic_Sandro_Stadlin_0035.jpg\",\"https:\/\/sites.hslu.ch\/architektur\/wp-content\/uploads\/sites\/11\/2025\/02\/HS24_Modellfotografie_Basic_Sandro_Stadlin_0036.jpg\",\"https:\/\/sites.hslu.ch\/architektur\/wp-content\/uploads\/sites\/11\/2025\/02\/HS24_Modellfotografie_Basic_Sandro_Stadlin_0037.jpg\",\"https:\/\/sites.hslu.ch\/architektur\/wp-content\/uploads\/sites\/11\/2025\/02\/HS24_Modellfotografie_Basic_Sandro_Stadlin_0038.jpg\",\"https:\/\/sites.hslu.ch\/architektur\/wp-content\/uploads\/sites\/11\/2025\/02\/HS24_Modellfotografie_Basic_Sandro_Stadlin_0039.jpg\",\"https:\/\/sites.hslu.ch\/architektur\/wp-content\/uploads\/sites\/11\/2025\/02\/HS24_Modellfotografie_Basic_Sandro_Stadlin_0040.jpg\",\"https:\/\/sites.hslu.ch\/architektur\/wp-content\/uploads\/sites\/11\/2025\/02\/HS24_Modellfotografie_Basic_Sandro_Stadlin_0041.jpg\",\"https:\/\/sites.hslu.ch\/architektur\/wp-content\/uploads\/sites\/11\/2025\/02\/HS24_Modellfotografie_Basic_Sandro_Stadlin_0042.jpg\",\"https:\/\/sites.hslu.ch\/architektur\/wp-content\/uploads\/sites\/11\/2025\/02\/HS24_Modellfotografie_Basic_Sandro_Stadlin_0043.jpg\",\"https:\/\/sites.hslu.ch\/architektur\/wp-content\/uploads\/sites\/11\/2025\/02\/HS24_Modellfotografie_Basic_Sandro_Stadlin_0044.jpg\",\"https:\/\/sites.hslu.ch\/architektur\/wp-content\/uploads\/sites\/11\/2025\/02\/HS24_Modellfotografie_Basic_Sandro_Stadlin_0045.jpg\",\"https:\/\/sites.hslu.ch\/architektur\/wp-content\/uploads\/sites\/11\/2025\/02\/HS24_Modellfotografie_Basic_Sandro_Stadlin_0046.jpg\",\"https:\/\/sites.hslu.ch\/architektur\/wp-content\/uploads\/sites\/11\/2025\/02\/HS24_Modellfotografie_Basic_Sandro_Stadlin_0047.jpg\",\"https:\/\/sites.hslu.ch\/architektur\/wp-content\/uploads\/sites\/11\/2025\/02\/HS24_Modellfotografie_Basic_Sandro_Stadlin_0048.jpg\",\"https:\/\/sites.hslu.ch\/architektur\/wp-content\/uploads\/sites\/11\/2025\/02\/HS24_Modellfotografie_Basic_Sandro_Stadlin_0049.jpg\",\"https:\/\/sites.hslu.ch\/architektur\/wp-content\/uploads\/sites\/11\/2025\/02\/HS24_Modellfotografie_Basic_Sandro_Stadlin_0050.jpg\",\"https:\/\/sites.hslu.ch\/architektur\/wp-content\/uploads\/sites\/11\/2025\/02\/HS24_Modellfotografie_Basic_Sandro_Stadlin_0051.jpg\",\"https:\/\/sites.hslu.ch\/architektur\/wp-content\/uploads\/sites\/11\/2025\/02\/HS24_Modellfotografie_Basic_Sandro_Stadlin_0052.jpg\",\"https:\/\/sites.hslu.ch\/architektur\/wp-content\/uploads\/sites\/11\/2025\/02\/HS24_Modellfotografie_Basic_Sandro_Stadlin_0053.jpg\",\"https:\/\/sites.hslu.ch\/architektur\/wp-content\/uploads\/sites\/11\/2025\/02\/HS24_Modellfotografie_Basic_Sandro_Stadlin_0054.jpg\",\"https:\/\/sites.hslu.ch\/architektur\/wp-content\/uploads\/sites\/11\/2025\/02\/HS24_Modellfotografie_Basic_Sandro_Stadlin_0055.jpg\",\"https:\/\/sites.hslu.ch\/architektur\/wp-content\/uploads\/sites\/11\/2025\/02\/HS24_Modellfotografie_Basic_Sandro_Stadlin_0056.jpg\",\"https:\/\/sites.hslu.ch\/architektur\/wp-content\/uploads\/sites\/11\/2025\/02\/HS24_Modellfotografie_Basic_Sandro_Stadlin_0057.jpg\",\"https:\/\/sites.hslu.ch\/architektur\/wp-content\/uploads\/sites\/11\/2025\/02\/HS24_Modellfotografie_Basic_Sandro_Stadlin_0058.jpg\",\"https:\/\/sites.hslu.ch\/architektur\/wp-content\/uploads\/sites\/11\/2025\/02\/HS24_Modellfotografie_Basic_Sandro_Stadlin_0059.jpg\",\"https:\/\/sites.hslu.ch\/architektur\/wp-content\/uploads\/sites\/11\/2025\/02\/HS24_Modellfotografie_Basic_Sandro_Stadlin_0060.jpg\",\"https:\/\/sites.hslu.ch\/architektur\/wp-content\/uploads\/sites\/11\/2025\/02\/HS24_Modellfotografie_Basic_Sandro_Stadlin_0061.jpg\",\"https:\/\/sites.hslu.ch\/architektur\/wp-content\/uploads\/sites\/11\/2025\/02\/HS24_Modellfotografie_Basic_Sandro_Stadlin_0062.jpg\",\"https:\/\/sites.hslu.ch\/architektur\/wp-content\/uploads\/sites\/11\/2025\/02\/HS24_Modellfotografie_Basic_Sandro_Stadlin_0063.jpg\",\"https:\/\/sites.hslu.ch\/architektur\/wp-content\/uploads\/sites\/11\/2025\/02\/HS24_Modellfotografie_Basic_Sandro_Stadlin_0064.jpg\",\"https:\/\/sites.hslu.ch\/architektur\/wp-content\/uploads\/sites\/11\/2025\/02\/HS24_Modellfotografie_Basic_Sandro_Stadlin_0065.jpg\",\"https:\/\/sites.hslu.ch\/architektur\/wp-content\/uploads\/sites\/11\/2025\/02\/HS24_Modellfotografie_Basic_Sandro_Stadlin_0066.jpg\",\"https:\/\/sites.hslu.ch\/architektur\/wp-content\/uploads\/sites\/11\/2025\/02\/HS24_Modellfotografie_Basic_Sandro_Stadlin_0067.jpg\",\"https:\/\/sites.hslu.ch\/architektur\/wp-content\/uploads\/sites\/11\/2025\/02\/HS24_Modellfotografie_Basic_Sandro_Stadlin_0068.jpg\",\"https:\/\/sites.hslu.ch\/architektur\/wp-content\/uploads\/sites\/11\/2025\/02\/HS24_Modellfotografie_Basic_Sandro_Stadlin_0069.jpg\",\"https:\/\/sites.hslu.ch\/architektur\/wp-content\/uploads\/sites\/11\/2025\/02\/HS24_Modellfotografie_Basic_Sandro_Stadlin_0070.jpg\",\"https:\/\/sites.hslu.ch\/architektur\/wp-content\/uploads\/sites\/11\/2025\/02\/HS24_Modellfotografie_Basic_Sandro_Stadlin_0071.jpg\",\"https:\/\/sites.hslu.ch\/architektur\/wp-content\/uploads\/sites\/11\/2025\/02\/HS24_Modellfotografie_Basic_Sandro_Stadlin_0072.jpg\",\"https:\/\/sites.hslu.ch\/architektur\/wp-content\/uploads\/sites\/11\/2025\/02\/HS24_Modellfotografie_Basic_Sandro_Stadlin_0073.jpg\",\"https:\/\/sites.hslu.ch\/architektur\/wp-content\/uploads\/sites\/11\/2025\/02\/HS24_Modellfotografie_Basic_Sandro_Stadlin_0074.jpg\",\"https:\/\/sites.hslu.ch\/architektur\/wp-content\/uploads\/sites\/11\/2025\/02\/HS24_Modellfotografie_Basic_Sandro_Stadlin_0075.jpg\",\"https:\/\/sites.hslu.ch\/architektur\/wp-content\/uploads\/sites\/11\/2025\/02\/HS24_Modellfotografie_Basic_Sandro_Stadlin_0076.jpg\",\"https:\/\/sites.hslu.ch\/architektur\/wp-content\/uploads\/sites\/11\/2025\/02\/HS24_Modellfotografie_Basic_Sandro_Stadlin_0077.jpg\",\"https:\/\/sites.hslu.ch\/architektur\/wp-content\/uploads\/sites\/11\/2025\/02\/HS24_Modellfotografie_Basic_Sandro_Stadlin_0078.jpg\",\"https:\/\/sites.hslu.ch\/architektur\/wp-content\/uploads\/sites\/11\/2025\/02\/HS24_Modellfotografie_Basic_Sandro_Stadlin_0079.jpg\",\"https:\/\/sites.hslu.ch\/architektur\/wp-content\/uploads\/sites\/11\/2025\/02\/HS24_Modellfotografie_Basic_Sandro_Stadlin_0080.jpg\",\"https:\/\/sites.hslu.ch\/architektur\/wp-content\/uploads\/sites\/11\/2025\/02\/HS24_Modellfotografie_Basic_Sandro_Stadlin_0081.jpg\",\"https:\/\/sites.hslu.ch\/architektur\/wp-content\/uploads\/sites\/11\/2025\/02\/HS24_Modellfotografie_Basic_Sandro_Stadlin_0082.jpg\",\"https:\/\/sites.hslu.ch\/architektur\/wp-content\/uploads\/sites\/11\/2025\/02\/HS24_Modellfotografie_Basic_Sandro_Stadlin_0083.jpg\",\"https:\/\/sites.hslu.ch\/architektur\/wp-content\/uploads\/sites\/11\/2025\/02\/HS24_Modellfotografie_Basic_Sandro_Stadlin_0084.jpg\",\"https:\/\/sites.hslu.ch\/architektur\/wp-content\/uploads\/sites\/11\/2025\/02\/HS24_Modellfotografie_Basic_Sandro_Stadlin_0085.jpg\",\"https:\/\/sites.hslu.ch\/architektur\/wp-content\/uploads\/sites\/11\/2025\/02\/HS24_Modellfotografie_Basic_Sandro_Stadlin_0086.jpg\",\"https:\/\/sites.hslu.ch\/architektur\/wp-content\/uploads\/sites\/11\/2025\/02\/HS24_Modellfotografie_Basic_Sandro_Stadlin_0087.jpg\",\"https:\/\/sites.hslu.ch\/architektur\/wp-content\/uploads\/sites\/11\/2025\/02\/HS24_Modellfotografie_Basic_Sandro_Stadlin_0088.jpg\",\"https:\/\/sites.hslu.ch\/architektur\/wp-content\/uploads\/sites\/11\/2025\/02\/HS24_Modellfotografie_Basic_Sandro_Stadlin_0089.jpg\",\"https:\/\/sites.hslu.ch\/architektur\/wp-content\/uploads\/sites\/11\/2025\/02\/HS24_Modellfotografie_Basic_Sandro_Stadlin_0090.jpg\",\"https:\/\/sites.hslu.ch\/architektur\/wp-content\/uploads\/sites\/11\/2025\/02\/HS24_Modellfotografie_Basic_Sandro_Stadlin_0091.jpg\",\"https:\/\/sites.hslu.ch\/architektur\/wp-content\/uploads\/sites\/11\/2025\/02\/HS24_Modellfotografie_Basic_Sandro_Stadlin_0092.jpg\",\"https:\/\/sites.hslu.ch\/architektur\/wp-content\/uploads\/sites\/11\/2025\/02\/HS24_Modellfotografie_Basic_Sandro_Stadlin_0093.jpg\",\"https:\/\/sites.hslu.ch\/architektur\/wp-content\/uploads\/sites\/11\/2025\/02\/HS24_Modellfotografie_Basic_Sandro_Stadlin_0094.jpg\"]'\n   data-full-screen \n   >\n\t<button class=\"cloudimage-360-prev\"><\/button>\n\t<button class=\"cloudimage-360-next\"><\/button>\n<\/div>\n\n    <div class=\"ms-gallery \">\n        <div class=\"ms-gallery-sizer\"><\/div>\n        <div class=\"ms-gallery-gutter\"><\/div>\n                                    <div class=\"ms-gallery-item wide\">\n                                                        <a href=\"https:\/\/sites.hslu.ch\/architektur\/wp-content\/uploads\/sites\/11\/2025\/02\/HS24_Modellfotografie_Basic_Sandro_Stadlin_0101.jpg\" data-lightbox=\"masonery-gallery\"  data-size=\"wide\"  data-title=\"\" data-alt=\"\">\n                        <img decoding=\"async\" class=\"ms-gallery-item__image\"  data-size=\"wide\"  src=\"https:\/\/sites.hslu.ch\/architektur\/wp-content\/uploads\/sites\/11\/2025\/02\/HS24_Modellfotografie_Basic_Sandro_Stadlin_0101.jpg\" alt=\"\" \/>\n                    <\/a>\n                                        <\/div>\n\n                                                                <div class=\"ms-gallery-item wide\">\n                                                        <a href=\"https:\/\/sites.hslu.ch\/architektur\/wp-content\/uploads\/sites\/11\/2025\/02\/24hs_19_Projektmodul_Sandro_Stadlin_8183.jpg\" data-lightbox=\"masonery-gallery\"  data-size=\"wide\"  data-title=\"\" data-alt=\"\">\n                        <img decoding=\"async\" class=\"ms-gallery-item__image\"  data-size=\"wide\"  src=\"https:\/\/sites.hslu.ch\/architektur\/wp-content\/uploads\/sites\/11\/2025\/02\/24hs_19_Projektmodul_Sandro_Stadlin_8183.jpg\" alt=\"\" \/>\n                    <\/a>\n                                        <\/div>\n\n                                                                <div class=\"ms-gallery-item wide\">\n                                                        <a href=\"https:\/\/sites.hslu.ch\/architektur\/wp-content\/uploads\/sites\/11\/2025\/02\/HS24_Modellfotografie_Basic_Sandro_Stadlin_0099.jpg\" data-lightbox=\"masonery-gallery\"  data-size=\"wide\"  data-title=\"\" data-alt=\"\">\n                        <img decoding=\"async\" class=\"ms-gallery-item__image\"  data-size=\"wide\"  src=\"https:\/\/sites.hslu.ch\/architektur\/wp-content\/uploads\/sites\/11\/2025\/02\/HS24_Modellfotografie_Basic_Sandro_Stadlin_0099.jpg\" alt=\"\" \/>\n                    <\/a>\n                                        <\/div>\n\n                                                    <div class=\"ms-gallery-item narrow\">\n                <\/div>\n                <\/div>\n            \n\n\n<p><strong>Modul<\/strong>: Raum, HS24 <strong>Lehrteam<\/strong>: Matthew Howell (MV), Rabea Kalbermatten, <a href=\"https:\/\/sites.hslu.ch\/architektur\/wolfgang-rossbauer\/\" target=\"_blank\" rel=\"noreferrer noopener\">Wolfgang Rossbauer,<\/a> Thomas Summermatter, Heinrich Toews, Norma Tollmann <strong>Assistenz<\/strong>: Jana Mulle, Achille Pat\u00e0<\/p>\n\n\n\n<p><\/p>\n","protected":false},"excerpt":{"rendered":"<p>Im Entwurfsmodul \u00abRaum\u00bb im Bachelor Basic waren die Studierenden im Herbstsemester 2024 mit dem Thema \u00abPerformance\u00bb konfrontiert. Sandro Stadlin entwarf im Atelier von Matthew Howell eine Bar\/Kiosk-B\u00fchne&#8230;<\/p>\n","protected":false},"author":44,"featured_media":40198,"comment_status":"closed","ping_status":"closed","sticky":false,"template":"","format":"standard","meta":{"_acf_changed":false,"footnotes":""},"categories":[6,255,15,22],"tags":[],"class_list":["post-40037","post","type-post","status-publish","format-standard","has-post-thumbnail","hentry","category-bachelor-architektur","category-hs2024","category-projektmodule","category-semester-jahr"],"acf":[],"yoast_head":"<!-- This site is optimized with the Yoast SEO plugin v27.4 - https:\/\/yoast.com\/product\/yoast-seo-wordpress\/ -->\n<title>Ein Kulturkiosk - Architektur an der Hochschule Luzern<\/title>\n<meta name=\"robots\" content=\"index, follow, max-snippet:-1, max-image-preview:large, max-video-preview:-1\" \/>\n<link rel=\"canonical\" href=\"https:\/\/sites.hslu.ch\/architektur\/ein-kulturkiosk\/\" \/>\n<meta property=\"og:locale\" content=\"de_DE\" \/>\n<meta property=\"og:type\" content=\"article\" \/>\n<meta property=\"og:title\" content=\"Ein Kulturkiosk - Architektur an der Hochschule Luzern\" \/>\n<meta property=\"og:description\" content=\"Im Entwurfsmodul \u00abRaum\u00bb im Bachelor Basic waren die Studierenden im Herbstsemester 2024 mit dem Thema \u00abPerformance\u00bb konfrontiert. Sandro Stadlin entwarf im Atelier von Matthew Howell eine Bar\/Kiosk-B\u00fchne...\" \/>\n<meta property=\"og:url\" content=\"https:\/\/sites.hslu.ch\/architektur\/ein-kulturkiosk\/\" \/>\n<meta property=\"og:site_name\" content=\"Architektur an der Hochschule Luzern\" \/>\n<meta property=\"article:published_time\" content=\"2025-02-19T20:02:56+00:00\" \/>\n<meta property=\"article:modified_time\" content=\"2025-08-07T13:13:55+00:00\" \/>\n<meta property=\"og:image\" content=\"https:\/\/sites.hslu.ch\/architektur\/wp-content\/uploads\/sites\/11\/2025\/02\/HS24_Modellfotografie_Basic_Sandro_Stadlin_0102.jpg\" \/>\n\t<meta property=\"og:image:width\" content=\"1920\" \/>\n\t<meta property=\"og:image:height\" content=\"1280\" \/>\n\t<meta property=\"og:image:type\" content=\"image\/jpeg\" \/>\n<meta name=\"author\" content=\"jaramalevez\" \/>\n<meta name=\"twitter:card\" content=\"summary_large_image\" \/>\n<meta name=\"twitter:label1\" content=\"Verfasst von\" \/>\n\t<meta name=\"twitter:data1\" content=\"jaramalevez\" \/>\n\t<meta name=\"twitter:label2\" content=\"Gesch\u00e4tzte Lesezeit\" \/>\n\t<meta name=\"twitter:data2\" content=\"2\u00a0Minuten\" \/>\n<script type=\"application\/ld+json\" class=\"yoast-schema-graph\">{\"@context\":\"https:\\\/\\\/schema.org\",\"@graph\":[{\"@type\":\"Article\",\"@id\":\"https:\\\/\\\/sites.hslu.ch\\\/architektur\\\/ein-kulturkiosk\\\/#article\",\"isPartOf\":{\"@id\":\"https:\\\/\\\/sites.hslu.ch\\\/architektur\\\/ein-kulturkiosk\\\/\"},\"author\":{\"name\":\"jaramalevez\",\"@id\":\"https:\\\/\\\/sites.hslu.ch\\\/architektur\\\/#\\\/schema\\\/person\\\/001cee0914381b1d1d390e0f07da2aad\"},\"headline\":\"Ein Kulturkiosk\",\"datePublished\":\"2025-02-19T20:02:56+00:00\",\"dateModified\":\"2025-08-07T13:13:55+00:00\",\"mainEntityOfPage\":{\"@id\":\"https:\\\/\\\/sites.hslu.ch\\\/architektur\\\/ein-kulturkiosk\\\/\"},\"wordCount\":207,\"image\":{\"@id\":\"https:\\\/\\\/sites.hslu.ch\\\/architektur\\\/ein-kulturkiosk\\\/#primaryimage\"},\"thumbnailUrl\":\"https:\\\/\\\/sites.hslu.ch\\\/architektur\\\/wp-content\\\/uploads\\\/sites\\\/11\\\/2025\\\/02\\\/HS24_Modellfotografie_Basic_Sandro_Stadlin_0102.jpg\",\"articleSection\":[\"Bachelor Architektur\",\"HS2024\",\"Projektmodule\",\"Semester\\\/Jahr\"],\"inLanguage\":\"de\"},{\"@type\":\"WebPage\",\"@id\":\"https:\\\/\\\/sites.hslu.ch\\\/architektur\\\/ein-kulturkiosk\\\/\",\"url\":\"https:\\\/\\\/sites.hslu.ch\\\/architektur\\\/ein-kulturkiosk\\\/\",\"name\":\"Ein Kulturkiosk - Architektur an der Hochschule Luzern\",\"isPartOf\":{\"@id\":\"https:\\\/\\\/sites.hslu.ch\\\/architektur\\\/#website\"},\"primaryImageOfPage\":{\"@id\":\"https:\\\/\\\/sites.hslu.ch\\\/architektur\\\/ein-kulturkiosk\\\/#primaryimage\"},\"image\":{\"@id\":\"https:\\\/\\\/sites.hslu.ch\\\/architektur\\\/ein-kulturkiosk\\\/#primaryimage\"},\"thumbnailUrl\":\"https:\\\/\\\/sites.hslu.ch\\\/architektur\\\/wp-content\\\/uploads\\\/sites\\\/11\\\/2025\\\/02\\\/HS24_Modellfotografie_Basic_Sandro_Stadlin_0102.jpg\",\"datePublished\":\"2025-02-19T20:02:56+00:00\",\"dateModified\":\"2025-08-07T13:13:55+00:00\",\"author\":{\"@id\":\"https:\\\/\\\/sites.hslu.ch\\\/architektur\\\/#\\\/schema\\\/person\\\/001cee0914381b1d1d390e0f07da2aad\"},\"breadcrumb\":{\"@id\":\"https:\\\/\\\/sites.hslu.ch\\\/architektur\\\/ein-kulturkiosk\\\/#breadcrumb\"},\"inLanguage\":\"de\",\"potentialAction\":[{\"@type\":\"ReadAction\",\"target\":[\"https:\\\/\\\/sites.hslu.ch\\\/architektur\\\/ein-kulturkiosk\\\/\"]}]},{\"@type\":\"ImageObject\",\"inLanguage\":\"de\",\"@id\":\"https:\\\/\\\/sites.hslu.ch\\\/architektur\\\/ein-kulturkiosk\\\/#primaryimage\",\"url\":\"https:\\\/\\\/sites.hslu.ch\\\/architektur\\\/wp-content\\\/uploads\\\/sites\\\/11\\\/2025\\\/02\\\/HS24_Modellfotografie_Basic_Sandro_Stadlin_0102.jpg\",\"contentUrl\":\"https:\\\/\\\/sites.hslu.ch\\\/architektur\\\/wp-content\\\/uploads\\\/sites\\\/11\\\/2025\\\/02\\\/HS24_Modellfotografie_Basic_Sandro_Stadlin_0102.jpg\",\"width\":1920,\"height\":1280},{\"@type\":\"BreadcrumbList\",\"@id\":\"https:\\\/\\\/sites.hslu.ch\\\/architektur\\\/ein-kulturkiosk\\\/#breadcrumb\",\"itemListElement\":[{\"@type\":\"ListItem\",\"position\":1,\"name\":\"Home\",\"item\":\"https:\\\/\\\/sites.hslu.ch\\\/architektur\\\/\"},{\"@type\":\"ListItem\",\"position\":2,\"name\":\"Ein Kulturkiosk\"}]},{\"@type\":\"WebSite\",\"@id\":\"https:\\\/\\\/sites.hslu.ch\\\/architektur\\\/#website\",\"url\":\"https:\\\/\\\/sites.hslu.ch\\\/architektur\\\/\",\"name\":\"Architektur an der Hochschule Luzern\",\"description\":\"\",\"potentialAction\":[{\"@type\":\"SearchAction\",\"target\":{\"@type\":\"EntryPoint\",\"urlTemplate\":\"https:\\\/\\\/sites.hslu.ch\\\/architektur\\\/?s={search_term_string}\"},\"query-input\":{\"@type\":\"PropertyValueSpecification\",\"valueRequired\":true,\"valueName\":\"search_term_string\"}}],\"inLanguage\":\"de\"},{\"@type\":\"Person\",\"@id\":\"https:\\\/\\\/sites.hslu.ch\\\/architektur\\\/#\\\/schema\\\/person\\\/001cee0914381b1d1d390e0f07da2aad\",\"name\":\"jaramalevez\",\"url\":\"https:\\\/\\\/sites.hslu.ch\\\/architektur\\\/author\\\/jaramalevez\\\/\"}]}<\/script>\n<!-- \/ Yoast SEO plugin. -->","yoast_head_json":{"title":"Ein Kulturkiosk - Architektur an der Hochschule Luzern","robots":{"index":"index","follow":"follow","max-snippet":"max-snippet:-1","max-image-preview":"max-image-preview:large","max-video-preview":"max-video-preview:-1"},"canonical":"https:\/\/sites.hslu.ch\/architektur\/ein-kulturkiosk\/","og_locale":"de_DE","og_type":"article","og_title":"Ein Kulturkiosk - Architektur an der Hochschule Luzern","og_description":"Im Entwurfsmodul \u00abRaum\u00bb im Bachelor Basic waren die Studierenden im Herbstsemester 2024 mit dem Thema \u00abPerformance\u00bb konfrontiert. Sandro Stadlin entwarf im Atelier von Matthew Howell eine Bar\/Kiosk-B\u00fchne...","og_url":"https:\/\/sites.hslu.ch\/architektur\/ein-kulturkiosk\/","og_site_name":"Architektur an der Hochschule Luzern","article_published_time":"2025-02-19T20:02:56+00:00","article_modified_time":"2025-08-07T13:13:55+00:00","og_image":[{"width":1920,"height":1280,"url":"https:\/\/sites.hslu.ch\/architektur\/wp-content\/uploads\/sites\/11\/2025\/02\/HS24_Modellfotografie_Basic_Sandro_Stadlin_0102.jpg","type":"image\/jpeg"}],"author":"jaramalevez","twitter_card":"summary_large_image","twitter_misc":{"Verfasst von":"jaramalevez","Gesch\u00e4tzte Lesezeit":"2\u00a0Minuten"},"schema":{"@context":"https:\/\/schema.org","@graph":[{"@type":"Article","@id":"https:\/\/sites.hslu.ch\/architektur\/ein-kulturkiosk\/#article","isPartOf":{"@id":"https:\/\/sites.hslu.ch\/architektur\/ein-kulturkiosk\/"},"author":{"name":"jaramalevez","@id":"https:\/\/sites.hslu.ch\/architektur\/#\/schema\/person\/001cee0914381b1d1d390e0f07da2aad"},"headline":"Ein Kulturkiosk","datePublished":"2025-02-19T20:02:56+00:00","dateModified":"2025-08-07T13:13:55+00:00","mainEntityOfPage":{"@id":"https:\/\/sites.hslu.ch\/architektur\/ein-kulturkiosk\/"},"wordCount":207,"image":{"@id":"https:\/\/sites.hslu.ch\/architektur\/ein-kulturkiosk\/#primaryimage"},"thumbnailUrl":"https:\/\/sites.hslu.ch\/architektur\/wp-content\/uploads\/sites\/11\/2025\/02\/HS24_Modellfotografie_Basic_Sandro_Stadlin_0102.jpg","articleSection":["Bachelor Architektur","HS2024","Projektmodule","Semester\/Jahr"],"inLanguage":"de"},{"@type":"WebPage","@id":"https:\/\/sites.hslu.ch\/architektur\/ein-kulturkiosk\/","url":"https:\/\/sites.hslu.ch\/architektur\/ein-kulturkiosk\/","name":"Ein Kulturkiosk - Architektur an der Hochschule Luzern","isPartOf":{"@id":"https:\/\/sites.hslu.ch\/architektur\/#website"},"primaryImageOfPage":{"@id":"https:\/\/sites.hslu.ch\/architektur\/ein-kulturkiosk\/#primaryimage"},"image":{"@id":"https:\/\/sites.hslu.ch\/architektur\/ein-kulturkiosk\/#primaryimage"},"thumbnailUrl":"https:\/\/sites.hslu.ch\/architektur\/wp-content\/uploads\/sites\/11\/2025\/02\/HS24_Modellfotografie_Basic_Sandro_Stadlin_0102.jpg","datePublished":"2025-02-19T20:02:56+00:00","dateModified":"2025-08-07T13:13:55+00:00","author":{"@id":"https:\/\/sites.hslu.ch\/architektur\/#\/schema\/person\/001cee0914381b1d1d390e0f07da2aad"},"breadcrumb":{"@id":"https:\/\/sites.hslu.ch\/architektur\/ein-kulturkiosk\/#breadcrumb"},"inLanguage":"de","potentialAction":[{"@type":"ReadAction","target":["https:\/\/sites.hslu.ch\/architektur\/ein-kulturkiosk\/"]}]},{"@type":"ImageObject","inLanguage":"de","@id":"https:\/\/sites.hslu.ch\/architektur\/ein-kulturkiosk\/#primaryimage","url":"https:\/\/sites.hslu.ch\/architektur\/wp-content\/uploads\/sites\/11\/2025\/02\/HS24_Modellfotografie_Basic_Sandro_Stadlin_0102.jpg","contentUrl":"https:\/\/sites.hslu.ch\/architektur\/wp-content\/uploads\/sites\/11\/2025\/02\/HS24_Modellfotografie_Basic_Sandro_Stadlin_0102.jpg","width":1920,"height":1280},{"@type":"BreadcrumbList","@id":"https:\/\/sites.hslu.ch\/architektur\/ein-kulturkiosk\/#breadcrumb","itemListElement":[{"@type":"ListItem","position":1,"name":"Home","item":"https:\/\/sites.hslu.ch\/architektur\/"},{"@type":"ListItem","position":2,"name":"Ein Kulturkiosk"}]},{"@type":"WebSite","@id":"https:\/\/sites.hslu.ch\/architektur\/#website","url":"https:\/\/sites.hslu.ch\/architektur\/","name":"Architektur an der Hochschule Luzern","description":"","potentialAction":[{"@type":"SearchAction","target":{"@type":"EntryPoint","urlTemplate":"https:\/\/sites.hslu.ch\/architektur\/?s={search_term_string}"},"query-input":{"@type":"PropertyValueSpecification","valueRequired":true,"valueName":"search_term_string"}}],"inLanguage":"de"},{"@type":"Person","@id":"https:\/\/sites.hslu.ch\/architektur\/#\/schema\/person\/001cee0914381b1d1d390e0f07da2aad","name":"jaramalevez","url":"https:\/\/sites.hslu.ch\/architektur\/author\/jaramalevez\/"}]}},"_links":{"self":[{"href":"https:\/\/sites.hslu.ch\/architektur\/wp-json\/wp\/v2\/posts\/40037","targetHints":{"allow":["GET"]}}],"collection":[{"href":"https:\/\/sites.hslu.ch\/architektur\/wp-json\/wp\/v2\/posts"}],"about":[{"href":"https:\/\/sites.hslu.ch\/architektur\/wp-json\/wp\/v2\/types\/post"}],"author":[{"embeddable":true,"href":"https:\/\/sites.hslu.ch\/architektur\/wp-json\/wp\/v2\/users\/44"}],"replies":[{"embeddable":true,"href":"https:\/\/sites.hslu.ch\/architektur\/wp-json\/wp\/v2\/comments?post=40037"}],"version-history":[{"count":13,"href":"https:\/\/sites.hslu.ch\/architektur\/wp-json\/wp\/v2\/posts\/40037\/revisions"}],"predecessor-version":[{"id":44869,"href":"https:\/\/sites.hslu.ch\/architektur\/wp-json\/wp\/v2\/posts\/40037\/revisions\/44869"}],"wp:featuredmedia":[{"embeddable":true,"href":"https:\/\/sites.hslu.ch\/architektur\/wp-json\/wp\/v2\/media\/40198"}],"wp:attachment":[{"href":"https:\/\/sites.hslu.ch\/architektur\/wp-json\/wp\/v2\/media?parent=40037"}],"wp:term":[{"taxonomy":"category","embeddable":true,"href":"https:\/\/sites.hslu.ch\/architektur\/wp-json\/wp\/v2\/categories?post=40037"},{"taxonomy":"post_tag","embeddable":true,"href":"https:\/\/sites.hslu.ch\/architektur\/wp-json\/wp\/v2\/tags?post=40037"}],"curies":[{"name":"wp","href":"https:\/\/api.w.org\/{rel}","templated":true}]}}