{"id":39249,"date":"2025-01-15T21:51:49","date_gmt":"2025-01-15T20:51:49","guid":{"rendered":"https:\/\/sites.hslu.ch\/architektur\/?p=39249"},"modified":"2025-01-15T22:02:16","modified_gmt":"2025-01-15T21:02:16","slug":"abschiedsvorlesung-prof-luca-deon","status":"publish","type":"post","link":"https:\/\/sites.hslu.ch\/architektur\/abschiedsvorlesung-prof-luca-deon\/","title":{"rendered":"Abschiedsvorlesung Prof. Luca Deon"},"content":{"rendered":"\n<p class=\"is-style-lead-text\">Unser langj\u00e4hriger Dozent Prof. Luca Deon hielt am 14. November 2024 seine Abschiedsvorlesung am Institut f\u00fcr Architektur. Gegenstand seiner Pr\u00e4sentation waren sowohl Beispiele aus seiner vielf\u00e4ltigen und umfangreichen Lehrt\u00e4tigkeit wie auch Werke aus seiner eigenen Praxis als Architekt. Schliesslich wurde er unter grossem Applaus vom zahlreich erschienenen Publikum verabschiedet.<\/p>\n\n\n\n<figure class=\"wp-block-embed is-type-video is-provider-vimeo wp-block-embed-vimeo wp-embed-aspect-16-9 wp-has-aspect-ratio\"><div class=\"wp-block-embed__wrapper\">\n<iframe loading=\"lazy\" title=\"24HS_INS_Abschiedsvorlesung Luca Deon\" src=\"https:\/\/player.vimeo.com\/video\/1047194437?h=d757c451b2&amp;app_id=122963\" width=\"640\" height=\"360\" frameborder=\"0\" allow=\"autoplay; fullscreen; picture-in-picture; clipboard-write; encrypted-media\"><\/iframe>\n<\/div><\/figure>\n\n\n    <div class=\"ms-gallery \">\n        <div class=\"ms-gallery-sizer\"><\/div>\n        <div class=\"ms-gallery-gutter\"><\/div>\n                                    <div class=\"ms-gallery-item wide\">\n                                                        <a href=\"https:\/\/sites.hslu.ch\/architektur\/wp-content\/uploads\/sites\/11\/2025\/01\/24hs_8_Vorlesung_LucaDeon_1480.jpg\" data-lightbox=\"masonery-gallery\"  data-size=\"wide\"  data-title=\"Prof. Urs Rieder begr\u00fcsste das zahlreich erschienene Publikum\" data-alt=\"\">\n                        <img decoding=\"async\" class=\"ms-gallery-item__image\"  data-size=\"wide\"  src=\"https:\/\/sites.hslu.ch\/architektur\/wp-content\/uploads\/sites\/11\/2025\/01\/24hs_8_Vorlesung_LucaDeon_1480.jpg\" alt=\"\" \/>\n                    <\/a>\n                                            <p>Prof. Urs Rieder begr\u00fcsste das zahlreich erschienene Publikum<\/p>\n                                        <\/div>\n\n                                                                    <div class=\"ms-gallery-item narrow\">\n                                                            <a href=\"https:\/\/sites.hslu.ch\/architektur\/wp-content\/uploads\/sites\/11\/2025\/01\/24hs_8_Vorlesung_LucaDeon_1504.jpg\" data-lightbox=\"masonery-gallery\"  data-size=\"narrow\"  data-title=\"Prof. Luca Deon\" data-alt=\"\">\n                        <img decoding=\"async\" class=\"ms-gallery-item__image\"  data-size=\"narrow\"  src=\"https:\/\/sites.hslu.ch\/architektur\/wp-content\/uploads\/sites\/11\/2025\/01\/24hs_8_Vorlesung_LucaDeon_1504.jpg\" alt=\"\" \/>\n                    <\/a>\n                                            <p>Prof. Luca Deon<\/p>\n                                        <\/div>\n\n                                                                <div class=\"ms-gallery-item wide\">\n                                                        <a href=\"https:\/\/sites.hslu.ch\/architektur\/wp-content\/uploads\/sites\/11\/2025\/01\/24hs_8_Vorlesung_LucaDeon_1603.jpg\" data-lightbox=\"masonery-gallery\"  data-size=\"wide\"  data-title=\"\" data-alt=\"\">\n                        <img decoding=\"async\" class=\"ms-gallery-item__image\"  data-size=\"wide\"  src=\"https:\/\/sites.hslu.ch\/architektur\/wp-content\/uploads\/sites\/11\/2025\/01\/24hs_8_Vorlesung_LucaDeon_1603.jpg\" alt=\"\" \/>\n                    <\/a>\n                                        <\/div>\n\n                                                                    <div class=\"ms-gallery-item narrow\">\n                                                            <a href=\"https:\/\/sites.hslu.ch\/architektur\/wp-content\/uploads\/sites\/11\/2025\/01\/24hs_8_Vorlesung_LucaDeon_1513.jpg\" data-lightbox=\"masonery-gallery\"  data-size=\"narrow\"  data-title=\"\" data-alt=\"\">\n                        <img decoding=\"async\" class=\"ms-gallery-item__image\"  data-size=\"narrow\"  src=\"https:\/\/sites.hslu.ch\/architektur\/wp-content\/uploads\/sites\/11\/2025\/01\/24hs_8_Vorlesung_LucaDeon_1513.jpg\" alt=\"\" \/>\n                    <\/a>\n                                        <\/div>\n\n                                                                <div class=\"ms-gallery-item wide\">\n                                                        <a href=\"https:\/\/sites.hslu.ch\/architektur\/wp-content\/uploads\/sites\/11\/2025\/01\/24hs_8_Vorlesung_LucaDeon_1632.jpg\" data-lightbox=\"masonery-gallery\"  data-size=\"wide\"  data-title=\"\" data-alt=\"\">\n                        <img decoding=\"async\" class=\"ms-gallery-item__image\"  data-size=\"wide\"  src=\"https:\/\/sites.hslu.ch\/architektur\/wp-content\/uploads\/sites\/11\/2025\/01\/24hs_8_Vorlesung_LucaDeon_1632.jpg\" alt=\"\" \/>\n                    <\/a>\n                                        <\/div>\n\n                                                                    <div class=\"ms-gallery-item narrow\">\n                                                            <a href=\"https:\/\/sites.hslu.ch\/architektur\/wp-content\/uploads\/sites\/11\/2025\/01\/24hs_8_Vorlesung_LucaDeon_1538.jpg\" data-lightbox=\"masonery-gallery\"  data-size=\"narrow\"  data-title=\"\" data-alt=\"\">\n                        <img decoding=\"async\" class=\"ms-gallery-item__image\"  data-size=\"narrow\"  src=\"https:\/\/sites.hslu.ch\/architektur\/wp-content\/uploads\/sites\/11\/2025\/01\/24hs_8_Vorlesung_LucaDeon_1538.jpg\" alt=\"\" \/>\n                    <\/a>\n                                        <\/div>\n\n                                                                    <div class=\"ms-gallery-item narrow\">\n                                                            <a href=\"https:\/\/sites.hslu.ch\/architektur\/wp-content\/uploads\/sites\/11\/2025\/01\/24hs_8_Vorlesung_LucaDeon_1671.jpg\" data-lightbox=\"masonery-gallery\"  data-size=\"narrow\"  data-title=\"\" data-alt=\"\">\n                        <img decoding=\"async\" class=\"ms-gallery-item__image\"  data-size=\"narrow\"  src=\"https:\/\/sites.hslu.ch\/architektur\/wp-content\/uploads\/sites\/11\/2025\/01\/24hs_8_Vorlesung_LucaDeon_1671.jpg\" alt=\"\" \/>\n                    <\/a>\n                                        <\/div>\n\n                                                                <div class=\"ms-gallery-item wide\">\n                                                        <a href=\"https:\/\/sites.hslu.ch\/architektur\/wp-content\/uploads\/sites\/11\/2025\/01\/24hs_8_Vorlesung_LucaDeon_1755.jpg\" data-lightbox=\"masonery-gallery\"  data-size=\"wide\"  data-title=\"\" data-alt=\"\">\n                        <img decoding=\"async\" class=\"ms-gallery-item__image\"  data-size=\"wide\"  src=\"https:\/\/sites.hslu.ch\/architektur\/wp-content\/uploads\/sites\/11\/2025\/01\/24hs_8_Vorlesung_LucaDeon_1755.jpg\" alt=\"\" \/>\n                    <\/a>\n                                        <\/div>\n\n                                                                <div class=\"ms-gallery-item wide\">\n                                                        <a href=\"https:\/\/sites.hslu.ch\/architektur\/wp-content\/uploads\/sites\/11\/2025\/01\/24hs_8_Vorlesung_LucaDeon_1790.jpg\" data-lightbox=\"masonery-gallery\"  data-size=\"wide\"  data-title=\"\" data-alt=\"\">\n                        <img decoding=\"async\" class=\"ms-gallery-item__image\"  data-size=\"wide\"  src=\"https:\/\/sites.hslu.ch\/architektur\/wp-content\/uploads\/sites\/11\/2025\/01\/24hs_8_Vorlesung_LucaDeon_1790.jpg\" alt=\"\" \/>\n                    <\/a>\n                                        <\/div>\n\n                                                                <div class=\"ms-gallery-item wide\">\n                                                        <a href=\"https:\/\/sites.hslu.ch\/architektur\/wp-content\/uploads\/sites\/11\/2025\/01\/24hs_8_Vorlesung_LucaDeon_1773.jpg\" data-lightbox=\"masonery-gallery\"  data-size=\"wide\"  data-title=\"\" data-alt=\"\">\n                        <img decoding=\"async\" class=\"ms-gallery-item__image\"  data-size=\"wide\"  src=\"https:\/\/sites.hslu.ch\/architektur\/wp-content\/uploads\/sites\/11\/2025\/01\/24hs_8_Vorlesung_LucaDeon_1773.jpg\" alt=\"\" \/>\n                    <\/a>\n                                        <\/div>\n\n                                                    <div class=\"ms-gallery-item narrow\">\n                <\/div>\n                <\/div>\n            ","protected":false},"excerpt":{"rendered":"<p>Unser langj\u00e4hriger Dozent Prof. Luca Deon hielt am 14. November 2024 seine Abschiedsvorlesung am Institut f\u00fcr Architektur. Er sprach \u00fcber seine sich wandelnden Aufgaben in der Lehre, pr\u00e4sentierte Studierendenarbeiten, welche in seinen Studios entstanden sind sowie Werke aus seiner eigenen Praxis als Architekt. Schliesslich wurde er unter grossem Applaus vom zahlreich erschienenen Publikum verabschiedet. <\/p>\n","protected":false},"author":44,"featured_media":39252,"comment_status":"closed","ping_status":"closed","sticky":false,"template":"","format":"standard","meta":{"_acf_changed":false,"footnotes":""},"categories":[29,255,47,251,22,32],"tags":[],"class_list":["post-39249","post","type-post","status-publish","format-standard","has-post-thumbnail","hentry","category-events","category-hs2024","category-master-architektur","category-master-architektur-allgemein","category-semester-jahr","category-vortrage"],"acf":[],"yoast_head":"<!-- This site is optimized with the Yoast SEO plugin v27.4 - https:\/\/yoast.com\/product\/yoast-seo-wordpress\/ -->\n<title>Abschiedsvorlesung Prof. Luca Deon - Architektur an der Hochschule Luzern<\/title>\n<meta name=\"robots\" content=\"index, follow, max-snippet:-1, max-image-preview:large, max-video-preview:-1\" \/>\n<link rel=\"canonical\" href=\"https:\/\/sites.hslu.ch\/architektur\/abschiedsvorlesung-prof-luca-deon\/\" \/>\n<meta property=\"og:locale\" content=\"de_DE\" \/>\n<meta property=\"og:type\" content=\"article\" \/>\n<meta property=\"og:title\" content=\"Abschiedsvorlesung Prof. Luca Deon - Architektur an der Hochschule Luzern\" \/>\n<meta property=\"og:description\" content=\"Unser langj\u00e4hriger Dozent Prof. Luca Deon hielt am 14. November 2024 seine Abschiedsvorlesung am Institut f\u00fcr Architektur. Er sprach \u00fcber seine sich wandelnden Aufgaben in der Lehre, pr\u00e4sentierte Studierendenarbeiten, welche in seinen Studios entstanden sind sowie Werke aus seiner eigenen Praxis als Architekt. Schliesslich wurde er unter grossem Applaus vom zahlreich erschienenen Publikum verabschiedet.\" \/>\n<meta property=\"og:url\" content=\"https:\/\/sites.hslu.ch\/architektur\/abschiedsvorlesung-prof-luca-deon\/\" \/>\n<meta property=\"og:site_name\" content=\"Architektur an der Hochschule Luzern\" \/>\n<meta property=\"article:published_time\" content=\"2025-01-15T20:51:49+00:00\" \/>\n<meta property=\"article:modified_time\" content=\"2025-01-15T21:02:16+00:00\" \/>\n<meta property=\"og:image\" content=\"https:\/\/sites.hslu.ch\/architektur\/wp-content\/uploads\/sites\/11\/2025\/01\/24hs_8_Vorlesung_LucaDeon_1504.jpg\" \/>\n\t<meta property=\"og:image:width\" content=\"1280\" \/>\n\t<meta property=\"og:image:height\" content=\"1920\" \/>\n\t<meta property=\"og:image:type\" content=\"image\/jpeg\" \/>\n<meta name=\"author\" content=\"jaramalevez\" \/>\n<meta name=\"twitter:card\" content=\"summary_large_image\" \/>\n<meta name=\"twitter:label1\" content=\"Verfasst von\" \/>\n\t<meta name=\"twitter:data1\" content=\"jaramalevez\" \/>\n\t<meta name=\"twitter:label2\" content=\"Gesch\u00e4tzte Lesezeit\" \/>\n\t<meta name=\"twitter:data2\" content=\"1\u00a0Minute\" \/>\n<script type=\"application\/ld+json\" class=\"yoast-schema-graph\">{\"@context\":\"https:\\\/\\\/schema.org\",\"@graph\":[{\"@type\":\"Article\",\"@id\":\"https:\\\/\\\/sites.hslu.ch\\\/architektur\\\/abschiedsvorlesung-prof-luca-deon\\\/#article\",\"isPartOf\":{\"@id\":\"https:\\\/\\\/sites.hslu.ch\\\/architektur\\\/abschiedsvorlesung-prof-luca-deon\\\/\"},\"author\":{\"name\":\"jaramalevez\",\"@id\":\"https:\\\/\\\/sites.hslu.ch\\\/architektur\\\/#\\\/schema\\\/person\\\/001cee0914381b1d1d390e0f07da2aad\"},\"headline\":\"Abschiedsvorlesung Prof. Luca Deon\",\"datePublished\":\"2025-01-15T20:51:49+00:00\",\"dateModified\":\"2025-01-15T21:02:16+00:00\",\"mainEntityOfPage\":{\"@id\":\"https:\\\/\\\/sites.hslu.ch\\\/architektur\\\/abschiedsvorlesung-prof-luca-deon\\\/\"},\"wordCount\":66,\"image\":{\"@id\":\"https:\\\/\\\/sites.hslu.ch\\\/architektur\\\/abschiedsvorlesung-prof-luca-deon\\\/#primaryimage\"},\"thumbnailUrl\":\"https:\\\/\\\/sites.hslu.ch\\\/architektur\\\/wp-content\\\/uploads\\\/sites\\\/11\\\/2025\\\/01\\\/24hs_8_Vorlesung_LucaDeon_1504.jpg\",\"articleSection\":[\"Events\",\"HS2024\",\"Master Architektur\",\"Master Architektur allgemein\",\"Semester\\\/Jahr\",\"Vortr\u00e4ge\"],\"inLanguage\":\"de\"},{\"@type\":\"WebPage\",\"@id\":\"https:\\\/\\\/sites.hslu.ch\\\/architektur\\\/abschiedsvorlesung-prof-luca-deon\\\/\",\"url\":\"https:\\\/\\\/sites.hslu.ch\\\/architektur\\\/abschiedsvorlesung-prof-luca-deon\\\/\",\"name\":\"Abschiedsvorlesung Prof. Luca Deon - Architektur an der Hochschule Luzern\",\"isPartOf\":{\"@id\":\"https:\\\/\\\/sites.hslu.ch\\\/architektur\\\/#website\"},\"primaryImageOfPage\":{\"@id\":\"https:\\\/\\\/sites.hslu.ch\\\/architektur\\\/abschiedsvorlesung-prof-luca-deon\\\/#primaryimage\"},\"image\":{\"@id\":\"https:\\\/\\\/sites.hslu.ch\\\/architektur\\\/abschiedsvorlesung-prof-luca-deon\\\/#primaryimage\"},\"thumbnailUrl\":\"https:\\\/\\\/sites.hslu.ch\\\/architektur\\\/wp-content\\\/uploads\\\/sites\\\/11\\\/2025\\\/01\\\/24hs_8_Vorlesung_LucaDeon_1504.jpg\",\"datePublished\":\"2025-01-15T20:51:49+00:00\",\"dateModified\":\"2025-01-15T21:02:16+00:00\",\"author\":{\"@id\":\"https:\\\/\\\/sites.hslu.ch\\\/architektur\\\/#\\\/schema\\\/person\\\/001cee0914381b1d1d390e0f07da2aad\"},\"breadcrumb\":{\"@id\":\"https:\\\/\\\/sites.hslu.ch\\\/architektur\\\/abschiedsvorlesung-prof-luca-deon\\\/#breadcrumb\"},\"inLanguage\":\"de\",\"potentialAction\":[{\"@type\":\"ReadAction\",\"target\":[\"https:\\\/\\\/sites.hslu.ch\\\/architektur\\\/abschiedsvorlesung-prof-luca-deon\\\/\"]}]},{\"@type\":\"ImageObject\",\"inLanguage\":\"de\",\"@id\":\"https:\\\/\\\/sites.hslu.ch\\\/architektur\\\/abschiedsvorlesung-prof-luca-deon\\\/#primaryimage\",\"url\":\"https:\\\/\\\/sites.hslu.ch\\\/architektur\\\/wp-content\\\/uploads\\\/sites\\\/11\\\/2025\\\/01\\\/24hs_8_Vorlesung_LucaDeon_1504.jpg\",\"contentUrl\":\"https:\\\/\\\/sites.hslu.ch\\\/architektur\\\/wp-content\\\/uploads\\\/sites\\\/11\\\/2025\\\/01\\\/24hs_8_Vorlesung_LucaDeon_1504.jpg\",\"width\":1280,\"height\":1920,\"caption\":\"Prof. Luca Deon\"},{\"@type\":\"BreadcrumbList\",\"@id\":\"https:\\\/\\\/sites.hslu.ch\\\/architektur\\\/abschiedsvorlesung-prof-luca-deon\\\/#breadcrumb\",\"itemListElement\":[{\"@type\":\"ListItem\",\"position\":1,\"name\":\"Home\",\"item\":\"https:\\\/\\\/sites.hslu.ch\\\/architektur\\\/\"},{\"@type\":\"ListItem\",\"position\":2,\"name\":\"Abschiedsvorlesung Prof. Luca Deon\"}]},{\"@type\":\"WebSite\",\"@id\":\"https:\\\/\\\/sites.hslu.ch\\\/architektur\\\/#website\",\"url\":\"https:\\\/\\\/sites.hslu.ch\\\/architektur\\\/\",\"name\":\"Architektur an der Hochschule Luzern\",\"description\":\"\",\"potentialAction\":[{\"@type\":\"SearchAction\",\"target\":{\"@type\":\"EntryPoint\",\"urlTemplate\":\"https:\\\/\\\/sites.hslu.ch\\\/architektur\\\/?s={search_term_string}\"},\"query-input\":{\"@type\":\"PropertyValueSpecification\",\"valueRequired\":true,\"valueName\":\"search_term_string\"}}],\"inLanguage\":\"de\"},{\"@type\":\"Person\",\"@id\":\"https:\\\/\\\/sites.hslu.ch\\\/architektur\\\/#\\\/schema\\\/person\\\/001cee0914381b1d1d390e0f07da2aad\",\"name\":\"jaramalevez\",\"url\":\"https:\\\/\\\/sites.hslu.ch\\\/architektur\\\/author\\\/jaramalevez\\\/\"}]}<\/script>\n<!-- \/ Yoast SEO plugin. -->","yoast_head_json":{"title":"Abschiedsvorlesung Prof. Luca Deon - Architektur an der Hochschule Luzern","robots":{"index":"index","follow":"follow","max-snippet":"max-snippet:-1","max-image-preview":"max-image-preview:large","max-video-preview":"max-video-preview:-1"},"canonical":"https:\/\/sites.hslu.ch\/architektur\/abschiedsvorlesung-prof-luca-deon\/","og_locale":"de_DE","og_type":"article","og_title":"Abschiedsvorlesung Prof. Luca Deon - Architektur an der Hochschule Luzern","og_description":"Unser langj\u00e4hriger Dozent Prof. Luca Deon hielt am 14. November 2024 seine Abschiedsvorlesung am Institut f\u00fcr Architektur. Er sprach \u00fcber seine sich wandelnden Aufgaben in der Lehre, pr\u00e4sentierte Studierendenarbeiten, welche in seinen Studios entstanden sind sowie Werke aus seiner eigenen Praxis als Architekt. Schliesslich wurde er unter grossem Applaus vom zahlreich erschienenen Publikum verabschiedet.","og_url":"https:\/\/sites.hslu.ch\/architektur\/abschiedsvorlesung-prof-luca-deon\/","og_site_name":"Architektur an der Hochschule Luzern","article_published_time":"2025-01-15T20:51:49+00:00","article_modified_time":"2025-01-15T21:02:16+00:00","og_image":[{"width":1280,"height":1920,"url":"https:\/\/sites.hslu.ch\/architektur\/wp-content\/uploads\/sites\/11\/2025\/01\/24hs_8_Vorlesung_LucaDeon_1504.jpg","type":"image\/jpeg"}],"author":"jaramalevez","twitter_card":"summary_large_image","twitter_misc":{"Verfasst von":"jaramalevez","Gesch\u00e4tzte Lesezeit":"1\u00a0Minute"},"schema":{"@context":"https:\/\/schema.org","@graph":[{"@type":"Article","@id":"https:\/\/sites.hslu.ch\/architektur\/abschiedsvorlesung-prof-luca-deon\/#article","isPartOf":{"@id":"https:\/\/sites.hslu.ch\/architektur\/abschiedsvorlesung-prof-luca-deon\/"},"author":{"name":"jaramalevez","@id":"https:\/\/sites.hslu.ch\/architektur\/#\/schema\/person\/001cee0914381b1d1d390e0f07da2aad"},"headline":"Abschiedsvorlesung Prof. Luca Deon","datePublished":"2025-01-15T20:51:49+00:00","dateModified":"2025-01-15T21:02:16+00:00","mainEntityOfPage":{"@id":"https:\/\/sites.hslu.ch\/architektur\/abschiedsvorlesung-prof-luca-deon\/"},"wordCount":66,"image":{"@id":"https:\/\/sites.hslu.ch\/architektur\/abschiedsvorlesung-prof-luca-deon\/#primaryimage"},"thumbnailUrl":"https:\/\/sites.hslu.ch\/architektur\/wp-content\/uploads\/sites\/11\/2025\/01\/24hs_8_Vorlesung_LucaDeon_1504.jpg","articleSection":["Events","HS2024","Master Architektur","Master Architektur allgemein","Semester\/Jahr","Vortr\u00e4ge"],"inLanguage":"de"},{"@type":"WebPage","@id":"https:\/\/sites.hslu.ch\/architektur\/abschiedsvorlesung-prof-luca-deon\/","url":"https:\/\/sites.hslu.ch\/architektur\/abschiedsvorlesung-prof-luca-deon\/","name":"Abschiedsvorlesung Prof. Luca Deon - Architektur an der Hochschule Luzern","isPartOf":{"@id":"https:\/\/sites.hslu.ch\/architektur\/#website"},"primaryImageOfPage":{"@id":"https:\/\/sites.hslu.ch\/architektur\/abschiedsvorlesung-prof-luca-deon\/#primaryimage"},"image":{"@id":"https:\/\/sites.hslu.ch\/architektur\/abschiedsvorlesung-prof-luca-deon\/#primaryimage"},"thumbnailUrl":"https:\/\/sites.hslu.ch\/architektur\/wp-content\/uploads\/sites\/11\/2025\/01\/24hs_8_Vorlesung_LucaDeon_1504.jpg","datePublished":"2025-01-15T20:51:49+00:00","dateModified":"2025-01-15T21:02:16+00:00","author":{"@id":"https:\/\/sites.hslu.ch\/architektur\/#\/schema\/person\/001cee0914381b1d1d390e0f07da2aad"},"breadcrumb":{"@id":"https:\/\/sites.hslu.ch\/architektur\/abschiedsvorlesung-prof-luca-deon\/#breadcrumb"},"inLanguage":"de","potentialAction":[{"@type":"ReadAction","target":["https:\/\/sites.hslu.ch\/architektur\/abschiedsvorlesung-prof-luca-deon\/"]}]},{"@type":"ImageObject","inLanguage":"de","@id":"https:\/\/sites.hslu.ch\/architektur\/abschiedsvorlesung-prof-luca-deon\/#primaryimage","url":"https:\/\/sites.hslu.ch\/architektur\/wp-content\/uploads\/sites\/11\/2025\/01\/24hs_8_Vorlesung_LucaDeon_1504.jpg","contentUrl":"https:\/\/sites.hslu.ch\/architektur\/wp-content\/uploads\/sites\/11\/2025\/01\/24hs_8_Vorlesung_LucaDeon_1504.jpg","width":1280,"height":1920,"caption":"Prof. Luca Deon"},{"@type":"BreadcrumbList","@id":"https:\/\/sites.hslu.ch\/architektur\/abschiedsvorlesung-prof-luca-deon\/#breadcrumb","itemListElement":[{"@type":"ListItem","position":1,"name":"Home","item":"https:\/\/sites.hslu.ch\/architektur\/"},{"@type":"ListItem","position":2,"name":"Abschiedsvorlesung Prof. Luca Deon"}]},{"@type":"WebSite","@id":"https:\/\/sites.hslu.ch\/architektur\/#website","url":"https:\/\/sites.hslu.ch\/architektur\/","name":"Architektur an der Hochschule Luzern","description":"","potentialAction":[{"@type":"SearchAction","target":{"@type":"EntryPoint","urlTemplate":"https:\/\/sites.hslu.ch\/architektur\/?s={search_term_string}"},"query-input":{"@type":"PropertyValueSpecification","valueRequired":true,"valueName":"search_term_string"}}],"inLanguage":"de"},{"@type":"Person","@id":"https:\/\/sites.hslu.ch\/architektur\/#\/schema\/person\/001cee0914381b1d1d390e0f07da2aad","name":"jaramalevez","url":"https:\/\/sites.hslu.ch\/architektur\/author\/jaramalevez\/"}]}},"_links":{"self":[{"href":"https:\/\/sites.hslu.ch\/architektur\/wp-json\/wp\/v2\/posts\/39249","targetHints":{"allow":["GET"]}}],"collection":[{"href":"https:\/\/sites.hslu.ch\/architektur\/wp-json\/wp\/v2\/posts"}],"about":[{"href":"https:\/\/sites.hslu.ch\/architektur\/wp-json\/wp\/v2\/types\/post"}],"author":[{"embeddable":true,"href":"https:\/\/sites.hslu.ch\/architektur\/wp-json\/wp\/v2\/users\/44"}],"replies":[{"embeddable":true,"href":"https:\/\/sites.hslu.ch\/architektur\/wp-json\/wp\/v2\/comments?post=39249"}],"version-history":[{"count":8,"href":"https:\/\/sites.hslu.ch\/architektur\/wp-json\/wp\/v2\/posts\/39249\/revisions"}],"predecessor-version":[{"id":39285,"href":"https:\/\/sites.hslu.ch\/architektur\/wp-json\/wp\/v2\/posts\/39249\/revisions\/39285"}],"wp:featuredmedia":[{"embeddable":true,"href":"https:\/\/sites.hslu.ch\/architektur\/wp-json\/wp\/v2\/media\/39252"}],"wp:attachment":[{"href":"https:\/\/sites.hslu.ch\/architektur\/wp-json\/wp\/v2\/media?parent=39249"}],"wp:term":[{"taxonomy":"category","embeddable":true,"href":"https:\/\/sites.hslu.ch\/architektur\/wp-json\/wp\/v2\/categories?post=39249"},{"taxonomy":"post_tag","embeddable":true,"href":"https:\/\/sites.hslu.ch\/architektur\/wp-json\/wp\/v2\/tags?post=39249"}],"curies":[{"name":"wp","href":"https:\/\/api.w.org\/{rel}","templated":true}]}}