{"id":38747,"date":"2024-12-12T09:04:47","date_gmt":"2024-12-12T08:04:47","guid":{"rendered":"https:\/\/sites.hslu.ch\/architektur\/?p=38747"},"modified":"2026-02-18T19:03:04","modified_gmt":"2026-02-18T18:03:04","slug":"cas-baukultur","status":"publish","type":"post","link":"https:\/\/sites.hslu.ch\/architektur\/cas-baukultur\/","title":{"rendered":"CAS Baukultur"},"content":{"rendered":"\n<p class=\"is-style-lead-text\">Wie gelingt Verdichtung nach innen? Was f\u00f6rdert qualit\u00e4tsvolles Bauen ausserhalb der Bauzone? Und was tun, wenn man zwischen Erhalt oder Neubau entscheiden muss? Die Weiterbildung CAS Baukultur sch\u00e4rft den Blick f\u00fcr die vielf\u00e4ltigen Konflikte, denen unsere Landschaften, Siedlungen und Bauwerke aufgrund des zunehmenden Ver\u00e4nderungsdrucks ausgesetzt sind und vermittelt, wie bauliche Transformationsprozesse vor dem Hintergrund unterschiedlicher Bed\u00fcrfnisse und Interessen initiiert, durchgef\u00fchrt oder begleitet werden k\u00f6nnen.<\/p>\n\n\n    <div class=\"ms-gallery \">\n        <div class=\"ms-gallery-sizer\"><\/div>\n        <div class=\"ms-gallery-gutter\"><\/div>\n                                    <div class=\"ms-gallery-item wide\">\n                                                        <a href=\"https:\/\/sites.hslu.ch\/architektur\/wp-content\/uploads\/sites\/11\/2024\/12\/cas-baukultur_3_2_1920px.jpg\" data-lightbox=\"masonery-gallery\"  data-size=\"wide\"  data-title=\"\" data-alt=\"\">\n                        <img decoding=\"async\" class=\"ms-gallery-item__image\"  data-size=\"wide\"  src=\"https:\/\/sites.hslu.ch\/architektur\/wp-content\/uploads\/sites\/11\/2024\/12\/cas-baukultur_3_2_1920px.jpg\" alt=\"\" \/>\n                    <\/a>\n                                        <\/div>\n\n                                                                <div class=\"ms-gallery-item wide\">\n                                                        <a href=\"https:\/\/sites.hslu.ch\/architektur\/wp-content\/uploads\/sites\/11\/2024\/12\/Flyer-Baugespann-Sarnen_1920px.jpg\" data-lightbox=\"masonery-gallery\"  data-size=\"wide\"  data-title=\"\" data-alt=\"\">\n                        <img decoding=\"async\" class=\"ms-gallery-item__image\"  data-size=\"wide\"  src=\"https:\/\/sites.hslu.ch\/architektur\/wp-content\/uploads\/sites\/11\/2024\/12\/Flyer-Baugespann-Sarnen_1920px.jpg\" alt=\"\" \/>\n                    <\/a>\n                                        <\/div>\n\n                                                                <div class=\"ms-gallery-item wide\">\n                                                        <a href=\"https:\/\/sites.hslu.ch\/architektur\/wp-content\/uploads\/sites\/11\/2024\/12\/Flyer_Baustelle-Horw_1920px.jpg\" data-lightbox=\"masonery-gallery\"  data-size=\"wide\"  data-title=\"\" data-alt=\"\">\n                        <img decoding=\"async\" class=\"ms-gallery-item__image\"  data-size=\"wide\"  src=\"https:\/\/sites.hslu.ch\/architektur\/wp-content\/uploads\/sites\/11\/2024\/12\/Flyer_Baustelle-Horw_1920px.jpg\" alt=\"\" \/>\n                    <\/a>\n                                        <\/div>\n\n                                                    <div class=\"ms-gallery-item narrow\">\n                <\/div>\n                <\/div>\n            \n\n\n<p>Will man zu tragf\u00e4higen L\u00f6sungen gelangen, sind entsprechende Aushandlungsprozesse notwendig. Die formellen raumplanerischen Instrumente und Gesetzgebungen f\u00fchren nicht per se zu einer vertr\u00e4glichen Weiterentwicklung und k\u00f6nnen kaum auf die unterschiedlichen Gegebenheiten des jeweiligen Kontextes eingehen. <\/p>\n\n\n\n<p>Das CAS Baukultur bildet Fachpersonen aus, die aus einer umfassenden Sicht und mit hoher methodischer Kompetenz die notwendigen Instrumente und Methoden benennen und zielorientierte Verfahren anwenden k\u00f6nnen. <strong>Das CAS spricht alle Fachpersonen an, die an Planungs-, Abw\u00e4gungs- und Entscheidungsprozessen baulicher Projekte beteiligt sind.<\/strong> Es dauert f\u00fcnf Monate, findet haupts\u00e4chlich in den R\u00e4umen der Hochschule Luzern \u2013 Technik &amp; Architektur in Horw statt und umfasst 16 Studientage. Der Gesamtaufwand betr\u00e4gt 300 Stunden.<\/p>\n\n\n    <div class=\"ms-gallery \">\n        <div class=\"ms-gallery-sizer\"><\/div>\n        <div class=\"ms-gallery-gutter\"><\/div>\n                                    <div class=\"ms-gallery-item wide\">\n                                                        <a href=\"https:\/\/sites.hslu.ch\/architektur\/wp-content\/uploads\/sites\/11\/2024\/12\/Sempach_Sempach__G8A1675_1920px.jpg\" data-lightbox=\"masonery-gallery\"  data-size=\"wide\"  data-title=\"\" data-alt=\"\">\n                        <img decoding=\"async\" class=\"ms-gallery-item__image\"  data-size=\"wide\"  src=\"https:\/\/sites.hslu.ch\/architektur\/wp-content\/uploads\/sites\/11\/2024\/12\/Sempach_Sempach__G8A1675_1920px.jpg\" alt=\"\" \/>\n                    <\/a>\n                                        <\/div>\n\n                                                                <div class=\"ms-gallery-item wide\">\n                                                        <a href=\"https:\/\/sites.hslu.ch\/architektur\/wp-content\/uploads\/sites\/11\/2024\/12\/Sempach_Sempach__G8A1848_1920px.jpg\" data-lightbox=\"masonery-gallery\"  data-size=\"wide\"  data-title=\"\" data-alt=\"\">\n                        <img decoding=\"async\" class=\"ms-gallery-item__image\"  data-size=\"wide\"  src=\"https:\/\/sites.hslu.ch\/architektur\/wp-content\/uploads\/sites\/11\/2024\/12\/Sempach_Sempach__G8A1848_1920px.jpg\" alt=\"\" \/>\n                    <\/a>\n                                        <\/div>\n\n                                                                <div class=\"ms-gallery-item wide\">\n                                                        <a href=\"https:\/\/sites.hslu.ch\/architektur\/wp-content\/uploads\/sites\/11\/2024\/12\/Sempach_Sempach__G8A1897_1920px.jpg\" data-lightbox=\"masonery-gallery\"  data-size=\"wide\"  data-title=\"\" data-alt=\"\">\n                        <img decoding=\"async\" class=\"ms-gallery-item__image\"  data-size=\"wide\"  src=\"https:\/\/sites.hslu.ch\/architektur\/wp-content\/uploads\/sites\/11\/2024\/12\/Sempach_Sempach__G8A1897_1920px.jpg\" alt=\"\" \/>\n                    <\/a>\n                                        <\/div>\n\n                                                    <div class=\"ms-gallery-item narrow\">\n                <\/div>\n                <\/div>\n            \n\n\n<h3 class=\"wp-block-heading\">Konzept und Inhalt<\/h3>\n\n\n\n<ul class=\"wp-block-list is-style-list-dash\">\n<li><strong>Integrale und interdisziplin\u00e4re Betrachtung von Baukultur<\/strong><br>Im Fokus der Weiterbildung steht eine umfassende und interdisziplin\u00e4re Betrachtung der Baukultur. Dies erm\u00f6glicht es den Teilnehmenden, der Komplexit\u00e4t der baulichen Transformationsprozesse gerecht zu werden, die relevanten Fachkompetenzen einzubeziehen und die notwendigen Abw\u00e4gungen vorzunehmen.<\/li>\n\n\n\n<li><strong>Kompetenzerweiterung f\u00fcr Ihre praktische T\u00e4tigkeit<\/strong><br>Das vermittelte Wissen erweitert beispielsweise das T\u00e4tigkeitspektrum eines Architektur- oder Planungsb\u00fcros in der Beratung von Gemeinden und Bauherrschaften, es gibt Mitgliedern politischer Gremien die notwendige Basis f\u00fcr fundierte Entscheide, vertieft das Fachwissen von Bauverwaltungen bez\u00fcglich relevanter Prozesse und Verfahren oder schafft die Basis f\u00fcr die Vermittlung einer qualit\u00e4tsorientierten Baukultur an die \u00d6ffentlichkeit.<\/li>\n<\/ul>\n\n\n    <div class=\"ms-gallery \">\n        <div class=\"ms-gallery-sizer\"><\/div>\n        <div class=\"ms-gallery-gutter\"><\/div>\n                                    <div class=\"ms-gallery-item wide\">\n                                                        <a href=\"https:\/\/sites.hslu.ch\/architektur\/wp-content\/uploads\/sites\/11\/2024\/12\/Schlieren_Schlieren__G8A3851_1920px.jpg\" data-lightbox=\"masonery-gallery\"  data-size=\"wide\"  data-title=\"\" data-alt=\"\">\n                        <img decoding=\"async\" class=\"ms-gallery-item__image\"  data-size=\"wide\"  src=\"https:\/\/sites.hslu.ch\/architektur\/wp-content\/uploads\/sites\/11\/2024\/12\/Schlieren_Schlieren__G8A3851_1920px.jpg\" alt=\"\" \/>\n                    <\/a>\n                                        <\/div>\n\n                                                                <div class=\"ms-gallery-item wide\">\n                                                        <a href=\"https:\/\/sites.hslu.ch\/architektur\/wp-content\/uploads\/sites\/11\/2024\/12\/Schlieren_Schlieren__G8A3888_1920px.jpg\" data-lightbox=\"masonery-gallery\"  data-size=\"wide\"  data-title=\"\" data-alt=\"\">\n                        <img decoding=\"async\" class=\"ms-gallery-item__image\"  data-size=\"wide\"  src=\"https:\/\/sites.hslu.ch\/architektur\/wp-content\/uploads\/sites\/11\/2024\/12\/Schlieren_Schlieren__G8A3888_1920px.jpg\" alt=\"\" \/>\n                    <\/a>\n                                        <\/div>\n\n                                                                <div class=\"ms-gallery-item wide\">\n                                                        <a href=\"https:\/\/sites.hslu.ch\/architektur\/wp-content\/uploads\/sites\/11\/2024\/12\/Schlieren_Schlieren__G8A3971_1920px.jpg\" data-lightbox=\"masonery-gallery\"  data-size=\"wide\"  data-title=\"\" data-alt=\"\">\n                        <img decoding=\"async\" class=\"ms-gallery-item__image\"  data-size=\"wide\"  src=\"https:\/\/sites.hslu.ch\/architektur\/wp-content\/uploads\/sites\/11\/2024\/12\/Schlieren_Schlieren__G8A3971_1920px.jpg\" alt=\"\" \/>\n                    <\/a>\n                                        <\/div>\n\n                                                    <div class=\"ms-gallery-item narrow\">\n                <\/div>\n                <\/div>\n            \n\n\n<h3 class=\"wp-block-heading\">Co-Leitung \/ Lehrteam<\/h3>\n\n\n\n<p>Geleitet wird das CAS Baukultur von <strong>Stefan Kunz<\/strong> (Mitarbeiter CCTP) und <strong>Christian Schnieper<\/strong>.<br>Das Lehrteam ist interdisziplin\u00e4r zusammengesetzt und die Dozierenden sind Fachpersonen mit umfassender Praxiserfahrung: <br>Alexa Bodammer (Dozentin HSLU Soziale Arbeit), Peter Omachen (Dozent HSLU Technik &amp; Architektur), Daniel Stalder (Architekt &amp; St\u00e4dtebauer), Dr. iur. Peter Burkhalter (Stiftung Baukultur Schweiz), Gerold Kunz (Architekt &amp; ehem. Denkmalpfleger), Mirco Derrer (Ortsplaner), Mary Sidler (Leiterin Amt f\u00fcr Raumentwicklung und Energie Kt. OW), Christian Kraft (Leiter CC Immobilien HSLU Wirtschaft), Stephan K\u00e4ppeli (Dozent HSLU Wirtschaft), Prof. Dr. Peter Schwehr (Leiter CCTP, HSLU Technik &amp; Architektur), Claudia Schwalfenberg (Leiterin Fachbereich Themen SIA), Tabea Michaelis (Studiengangleiterin Master Kollaborative Raumentwicklung HSLU Technik &amp; Architektur), Reto Gm\u00fcr (Architekt), Nadine Koppa (Bauherrenvertreterin und Beraterin nachhaltiges Bauen) und Dieter Geissb\u00fchler (Architekt, ehem. Dozent HSLU Technik &amp; Architektur).<\/p>\n\n\n\n<p><a href=\"https:\/\/sites.hslu.ch\/architektur\/wp-content\/uploads\/sites\/11\/2024\/12\/241003-Uebersicht-Dozierende-CAS-Baukultur.pdf\" target=\"_blank\" rel=\"noreferrer noopener\">Eine \u00dcbersicht aller Dozierenden finden Sie hier.<\/a><\/p>\n\n\n\n<div class=\"wp-block-media-text is-stacked-on-mobile is-vertically-aligned-top\" style=\"grid-template-columns:32% auto\"><figure class=\"wp-block-media-text__media\"><img loading=\"lazy\" decoding=\"async\" width=\"683\" height=\"1024\" src=\"https:\/\/sites.hslu.ch\/architektur\/wp-content\/uploads\/sites\/11\/2024\/12\/Stefan_Kunz_rgb_1920px-683x1024.jpg\" alt=\"\" class=\"wp-image-38778 size-full\" srcset=\"https:\/\/sites.hslu.ch\/architektur\/wp-content\/uploads\/sites\/11\/2024\/12\/Stefan_Kunz_rgb_1920px-683x1024.jpg 683w, https:\/\/sites.hslu.ch\/architektur\/wp-content\/uploads\/sites\/11\/2024\/12\/Stefan_Kunz_rgb_1920px-200x300.jpg 200w, https:\/\/sites.hslu.ch\/architektur\/wp-content\/uploads\/sites\/11\/2024\/12\/Stefan_Kunz_rgb_1920px-768x1152.jpg 768w, https:\/\/sites.hslu.ch\/architektur\/wp-content\/uploads\/sites\/11\/2024\/12\/Stefan_Kunz_rgb_1920px-1024x1536.jpg 1024w, https:\/\/sites.hslu.ch\/architektur\/wp-content\/uploads\/sites\/11\/2024\/12\/Stefan_Kunz_rgb_1920px-600x900.jpg 600w, https:\/\/sites.hslu.ch\/architektur\/wp-content\/uploads\/sites\/11\/2024\/12\/Stefan_Kunz_rgb_1920px.jpg 1280w\" sizes=\"auto, (max-width: 683px) 100vw, 683px\" \/><\/figure><div class=\"wp-block-media-text__content\">\n<p><strong>Stefan Kunz<\/strong> <\/p>\n\n\n\n<p>Stefan Kunz Stefan Kunz ist Architekt MA FHZ SIA und schloss seine Dissertation an der Universit\u00e4t Basel im Bereich Kulturanthropologie ab. Er forscht und lehrt am Institut f\u00fcr Architektur zu integraler Raumentwicklung mit Fokus auf baukulturelle Fragestellungen. <br>Wichtig ist ihm eine lebens- und praxisnahe Auseinandersetzung mit aktuellen Herausforderungen aus einer wissenschaftlichen Perspektive. Erkenntnisse aus der Forschung vermittelt er im Master Kollaborative Raumentwicklung und im CAS Baukultur. Departements\u00fcbergreifend leitet er zudem das <a href=\"https:\/\/www.hslu.ch\/de-ch\/hochschule-luzern\/ueber-uns\/interdisziplinaere-netzwerke-idn\/idn-raum-und-gesellschaft\/\" target=\"_blank\" rel=\"noreferrer noopener\">Interdisziplin\u00e4re Netzwerk (IDN) Raum &amp; Gesellschaft <\/a>der HSLU. <br>Dar\u00fcber hinaus hat er Einsitz im Beirat der Stiftung Baukultur Schweiz und im Vorstand von Espace Suisse Zentralschweiz.<\/p>\n<\/div><\/div>\n\n\n\n<div class=\"wp-block-media-text is-stacked-on-mobile is-vertically-aligned-top\" style=\"grid-template-columns:32% auto\"><figure class=\"wp-block-media-text__media\"><img loading=\"lazy\" decoding=\"async\" width=\"683\" height=\"1024\" src=\"https:\/\/sites.hslu.ch\/architektur\/wp-content\/uploads\/sites\/11\/2024\/12\/Christian_Schnieper_1920px-683x1024.jpg\" alt=\"\" class=\"wp-image-38781 size-full\" srcset=\"https:\/\/sites.hslu.ch\/architektur\/wp-content\/uploads\/sites\/11\/2024\/12\/Christian_Schnieper_1920px-683x1024.jpg 683w, https:\/\/sites.hslu.ch\/architektur\/wp-content\/uploads\/sites\/11\/2024\/12\/Christian_Schnieper_1920px-200x300.jpg 200w, https:\/\/sites.hslu.ch\/architektur\/wp-content\/uploads\/sites\/11\/2024\/12\/Christian_Schnieper_1920px-768x1151.jpg 768w, https:\/\/sites.hslu.ch\/architektur\/wp-content\/uploads\/sites\/11\/2024\/12\/Christian_Schnieper_1920px-1025x1536.jpg 1025w, https:\/\/sites.hslu.ch\/architektur\/wp-content\/uploads\/sites\/11\/2024\/12\/Christian_Schnieper_1920px-600x899.jpg 600w, https:\/\/sites.hslu.ch\/architektur\/wp-content\/uploads\/sites\/11\/2024\/12\/Christian_Schnieper_1920px.jpg 1281w\" sizes=\"auto, (max-width: 683px) 100vw, 683px\" \/><\/figure><div class=\"wp-block-media-text__content\">\n<p><strong>Christian Schnieper<\/strong><\/p>\n\n\n\n<p>Christian Schnieper ist diplomierter Architekt M.Arch \/ SIA \/ FSU und h\u00e4lt einen Executive MBA HSG sowie die Zertifizierung zum Verwaltungsrat VR-CAS HSG. Als Leiter Business Development Real Estate bei der Swiss Prime Site Solutions AG ist er f\u00fcr die strategische Entwicklung im Immobilienbereich verantwortlich.<br>Zuvor war er sechs Jahre als Stadtarchitekt der Stadt Zug t\u00e4tig und widmete sich schwerpunktm\u00e4\u00dfig den Herausforderungen des Wachstums sowie der inneren Verdichtung. In dieser Funktion vertrat er die st\u00e4dtebaulichen Interessen der Stadt Zug und pr\u00e4gte deren \u00fcbergeordnete Konzepte ma\u00dfgeblich. Er wirkte als Juror und Mitglied in Beurteilungsgremien bei Studienverfahren und Projektwettbewerben f\u00fcr bedeutende Quartier- und Arealentwicklungen mit.<br>Schnieper ist Gr\u00fcnder und Mitinhaber eines Architekturb\u00fcros sowie Mitglied in verschiedenen Verwaltungs- und Stiftungsr\u00e4ten, darunter der Stiftung Baukultur Schweiz in Bern.<\/p>\n\n\n\n<p><\/p>\n<\/div><\/div>\n\n\n\n<h3 class=\"wp-block-heading\">Weitere Informationen und Anmeldung<\/h3>\n\n\n\n<p>Weitere Informationen zum CAS Baukultur finden sie <a href=\"https:\/\/www.hslu.ch\/de-ch\/technik-architektur\/weiterbildung\/bau\/cas-baukultur\/\" target=\"_blank\" rel=\"noreferrer noopener\">hier<\/a> und auf dem <a href=\"https:\/\/sites.hslu.ch\/architektur\/wp-content\/uploads\/sites\/11\/2024\/12\/241003-Flyer-CAS-Baukultur-1.pdf\" target=\"_blank\" rel=\"noreferrer noopener\">Flyer<\/a>.<\/p>\n\n\n\n<h3 class=\"wp-block-heading\">Kontakt<\/h3>\n\n\n\n<p><strong>Stefan Kunz<\/strong><br>Kompetenzzentrum Typologie &amp; Planung in Architektur (CCTP)<br>Co-Programmleiter CAS Baukultur<br><a href=\"m&#97;&#x69;&#x6c;&#x74;o&#58;&#x73;&#x74;&#x65;f&#97;&#x6e;&#x2e;&#x6b;u&#110;&#x7a;&#x40;&#x68;s&#108;&#x75;&#x2e;&#x63;h\" target=\"_blank\" rel=\"noreferrer noopener\">st&#101;&#102;&#97;&#x6e;&#x2e;&#x6b;&#x75;nz&#64;&#104;&#115;&#x6c;&#x75;&#x2e;&#x63;h<\/a><\/p>\n","protected":false},"excerpt":{"rendered":"<p>Wie gelingt Verdichtung nach innen? Was f\u00f6rdert qualit\u00e4tsvolles Bauen ausserhalb der Bauzone? Und was tun, wenn man zwischen Erhalt oder Neubau entscheiden muss? Die Weiterbildung CAS Baukultur vermittelt \ufeff\ufeff\ufeffdie passenden Instrumente, Methoden und Verfahren zur Bew\u00e4ltigung baukultureller und r\u00e4umlicher Herausforderungen.<\/p>\n","protected":false},"author":44,"featured_media":38764,"comment_status":"closed","ping_status":"closed","sticky":false,"template":"","format":"standard","meta":{"_acf_changed":false,"footnotes":""},"categories":[72,255,22,71],"tags":[],"class_list":["post-38747","post","type-post","status-publish","format-standard","has-post-thumbnail","hentry","category-cas","category-hs2024","category-semester-jahr","category-weiterbildung"],"acf":[],"yoast_head":"<!-- This site is optimized with the Yoast SEO plugin v27.5 - https:\/\/yoast.com\/product\/yoast-seo-wordpress\/ -->\n<title>CAS Baukultur - Architektur an der Hochschule Luzern<\/title>\n<meta name=\"robots\" content=\"index, follow, max-snippet:-1, max-image-preview:large, max-video-preview:-1\" \/>\n<link rel=\"canonical\" href=\"https:\/\/sites.hslu.ch\/architektur\/cas-baukultur\/\" \/>\n<meta property=\"og:locale\" content=\"de_DE\" \/>\n<meta property=\"og:type\" content=\"article\" \/>\n<meta property=\"og:title\" content=\"CAS Baukultur - Architektur an der Hochschule Luzern\" \/>\n<meta property=\"og:description\" content=\"Wie gelingt Verdichtung nach innen? Was f\u00f6rdert qualit\u00e4tsvolles Bauen ausserhalb der Bauzone? Und was tun, wenn man zwischen Erhalt oder Neubau entscheiden muss? Die Weiterbildung CAS Baukultur vermittelt \ufeff\ufeff\ufeffdie passenden Instrumente, Methoden und Verfahren zur Bew\u00e4ltigung baukultureller und r\u00e4umlicher Herausforderungen.\" \/>\n<meta property=\"og:url\" content=\"https:\/\/sites.hslu.ch\/architektur\/cas-baukultur\/\" \/>\n<meta property=\"og:site_name\" content=\"Architektur an der Hochschule Luzern\" \/>\n<meta property=\"article:published_time\" content=\"2024-12-12T08:04:47+00:00\" \/>\n<meta property=\"article:modified_time\" content=\"2026-02-18T18:03:04+00:00\" \/>\n<meta property=\"og:image\" content=\"https:\/\/sites.hslu.ch\/architektur\/wp-content\/uploads\/sites\/11\/2024\/12\/Flyer_Baustelle-Horw_1920px.jpg\" \/>\n\t<meta property=\"og:image:width\" content=\"1920\" \/>\n\t<meta property=\"og:image:height\" content=\"1277\" \/>\n\t<meta property=\"og:image:type\" content=\"image\/jpeg\" \/>\n<meta name=\"author\" content=\"jaramalevez\" \/>\n<meta name=\"twitter:card\" content=\"summary_large_image\" \/>\n<meta name=\"twitter:label1\" content=\"Verfasst von\" \/>\n\t<meta name=\"twitter:data1\" content=\"jaramalevez\" \/>\n\t<meta name=\"twitter:label2\" content=\"Gesch\u00e4tzte Lesezeit\" \/>\n\t<meta name=\"twitter:data2\" content=\"5\u00a0Minuten\" \/>\n<script type=\"application\/ld+json\" class=\"yoast-schema-graph\">{\"@context\":\"https:\\\/\\\/schema.org\",\"@graph\":[{\"@type\":\"Article\",\"@id\":\"https:\\\/\\\/sites.hslu.ch\\\/architektur\\\/cas-baukultur\\\/#article\",\"isPartOf\":{\"@id\":\"https:\\\/\\\/sites.hslu.ch\\\/architektur\\\/cas-baukultur\\\/\"},\"author\":{\"name\":\"jaramalevez\",\"@id\":\"https:\\\/\\\/sites.hslu.ch\\\/architektur\\\/#\\\/schema\\\/person\\\/001cee0914381b1d1d390e0f07da2aad\"},\"headline\":\"CAS Baukultur\",\"datePublished\":\"2024-12-12T08:04:47+00:00\",\"dateModified\":\"2026-02-18T18:03:04+00:00\",\"mainEntityOfPage\":{\"@id\":\"https:\\\/\\\/sites.hslu.ch\\\/architektur\\\/cas-baukultur\\\/\"},\"wordCount\":718,\"image\":{\"@id\":\"https:\\\/\\\/sites.hslu.ch\\\/architektur\\\/cas-baukultur\\\/#primaryimage\"},\"thumbnailUrl\":\"https:\\\/\\\/sites.hslu.ch\\\/architektur\\\/wp-content\\\/uploads\\\/sites\\\/11\\\/2024\\\/12\\\/Flyer_Baustelle-Horw_1920px.jpg\",\"articleSection\":[\"CAS\",\"HS2024\",\"Semester\\\/Jahr\",\"Weiterbildung\"],\"inLanguage\":\"de\"},{\"@type\":\"WebPage\",\"@id\":\"https:\\\/\\\/sites.hslu.ch\\\/architektur\\\/cas-baukultur\\\/\",\"url\":\"https:\\\/\\\/sites.hslu.ch\\\/architektur\\\/cas-baukultur\\\/\",\"name\":\"CAS Baukultur - Architektur an der Hochschule Luzern\",\"isPartOf\":{\"@id\":\"https:\\\/\\\/sites.hslu.ch\\\/architektur\\\/#website\"},\"primaryImageOfPage\":{\"@id\":\"https:\\\/\\\/sites.hslu.ch\\\/architektur\\\/cas-baukultur\\\/#primaryimage\"},\"image\":{\"@id\":\"https:\\\/\\\/sites.hslu.ch\\\/architektur\\\/cas-baukultur\\\/#primaryimage\"},\"thumbnailUrl\":\"https:\\\/\\\/sites.hslu.ch\\\/architektur\\\/wp-content\\\/uploads\\\/sites\\\/11\\\/2024\\\/12\\\/Flyer_Baustelle-Horw_1920px.jpg\",\"datePublished\":\"2024-12-12T08:04:47+00:00\",\"dateModified\":\"2026-02-18T18:03:04+00:00\",\"author\":{\"@id\":\"https:\\\/\\\/sites.hslu.ch\\\/architektur\\\/#\\\/schema\\\/person\\\/001cee0914381b1d1d390e0f07da2aad\"},\"breadcrumb\":{\"@id\":\"https:\\\/\\\/sites.hslu.ch\\\/architektur\\\/cas-baukultur\\\/#breadcrumb\"},\"inLanguage\":\"de\",\"potentialAction\":[{\"@type\":\"ReadAction\",\"target\":[\"https:\\\/\\\/sites.hslu.ch\\\/architektur\\\/cas-baukultur\\\/\"]}]},{\"@type\":\"ImageObject\",\"inLanguage\":\"de\",\"@id\":\"https:\\\/\\\/sites.hslu.ch\\\/architektur\\\/cas-baukultur\\\/#primaryimage\",\"url\":\"https:\\\/\\\/sites.hslu.ch\\\/architektur\\\/wp-content\\\/uploads\\\/sites\\\/11\\\/2024\\\/12\\\/Flyer_Baustelle-Horw_1920px.jpg\",\"contentUrl\":\"https:\\\/\\\/sites.hslu.ch\\\/architektur\\\/wp-content\\\/uploads\\\/sites\\\/11\\\/2024\\\/12\\\/Flyer_Baustelle-Horw_1920px.jpg\",\"width\":1920,\"height\":1277},{\"@type\":\"BreadcrumbList\",\"@id\":\"https:\\\/\\\/sites.hslu.ch\\\/architektur\\\/cas-baukultur\\\/#breadcrumb\",\"itemListElement\":[{\"@type\":\"ListItem\",\"position\":1,\"name\":\"Home\",\"item\":\"https:\\\/\\\/sites.hslu.ch\\\/architektur\\\/\"},{\"@type\":\"ListItem\",\"position\":2,\"name\":\"CAS Baukultur\"}]},{\"@type\":\"WebSite\",\"@id\":\"https:\\\/\\\/sites.hslu.ch\\\/architektur\\\/#website\",\"url\":\"https:\\\/\\\/sites.hslu.ch\\\/architektur\\\/\",\"name\":\"Architektur an der Hochschule Luzern\",\"description\":\"\",\"potentialAction\":[{\"@type\":\"SearchAction\",\"target\":{\"@type\":\"EntryPoint\",\"urlTemplate\":\"https:\\\/\\\/sites.hslu.ch\\\/architektur\\\/?s={search_term_string}\"},\"query-input\":{\"@type\":\"PropertyValueSpecification\",\"valueRequired\":true,\"valueName\":\"search_term_string\"}}],\"inLanguage\":\"de\"},{\"@type\":\"Person\",\"@id\":\"https:\\\/\\\/sites.hslu.ch\\\/architektur\\\/#\\\/schema\\\/person\\\/001cee0914381b1d1d390e0f07da2aad\",\"name\":\"jaramalevez\",\"url\":\"https:\\\/\\\/sites.hslu.ch\\\/architektur\\\/author\\\/jaramalevez\\\/\"}]}<\/script>\n<!-- \/ Yoast SEO plugin. -->","yoast_head_json":{"title":"CAS Baukultur - Architektur an der Hochschule Luzern","robots":{"index":"index","follow":"follow","max-snippet":"max-snippet:-1","max-image-preview":"max-image-preview:large","max-video-preview":"max-video-preview:-1"},"canonical":"https:\/\/sites.hslu.ch\/architektur\/cas-baukultur\/","og_locale":"de_DE","og_type":"article","og_title":"CAS Baukultur - Architektur an der Hochschule Luzern","og_description":"Wie gelingt Verdichtung nach innen? Was f\u00f6rdert qualit\u00e4tsvolles Bauen ausserhalb der Bauzone? Und was tun, wenn man zwischen Erhalt oder Neubau entscheiden muss? Die Weiterbildung CAS Baukultur vermittelt \ufeff\ufeff\ufeffdie passenden Instrumente, Methoden und Verfahren zur Bew\u00e4ltigung baukultureller und r\u00e4umlicher Herausforderungen.","og_url":"https:\/\/sites.hslu.ch\/architektur\/cas-baukultur\/","og_site_name":"Architektur an der Hochschule Luzern","article_published_time":"2024-12-12T08:04:47+00:00","article_modified_time":"2026-02-18T18:03:04+00:00","og_image":[{"width":1920,"height":1277,"url":"https:\/\/sites.hslu.ch\/architektur\/wp-content\/uploads\/sites\/11\/2024\/12\/Flyer_Baustelle-Horw_1920px.jpg","type":"image\/jpeg"}],"author":"jaramalevez","twitter_card":"summary_large_image","twitter_misc":{"Verfasst von":"jaramalevez","Gesch\u00e4tzte Lesezeit":"5\u00a0Minuten"},"schema":{"@context":"https:\/\/schema.org","@graph":[{"@type":"Article","@id":"https:\/\/sites.hslu.ch\/architektur\/cas-baukultur\/#article","isPartOf":{"@id":"https:\/\/sites.hslu.ch\/architektur\/cas-baukultur\/"},"author":{"name":"jaramalevez","@id":"https:\/\/sites.hslu.ch\/architektur\/#\/schema\/person\/001cee0914381b1d1d390e0f07da2aad"},"headline":"CAS Baukultur","datePublished":"2024-12-12T08:04:47+00:00","dateModified":"2026-02-18T18:03:04+00:00","mainEntityOfPage":{"@id":"https:\/\/sites.hslu.ch\/architektur\/cas-baukultur\/"},"wordCount":718,"image":{"@id":"https:\/\/sites.hslu.ch\/architektur\/cas-baukultur\/#primaryimage"},"thumbnailUrl":"https:\/\/sites.hslu.ch\/architektur\/wp-content\/uploads\/sites\/11\/2024\/12\/Flyer_Baustelle-Horw_1920px.jpg","articleSection":["CAS","HS2024","Semester\/Jahr","Weiterbildung"],"inLanguage":"de"},{"@type":"WebPage","@id":"https:\/\/sites.hslu.ch\/architektur\/cas-baukultur\/","url":"https:\/\/sites.hslu.ch\/architektur\/cas-baukultur\/","name":"CAS Baukultur - Architektur an der Hochschule Luzern","isPartOf":{"@id":"https:\/\/sites.hslu.ch\/architektur\/#website"},"primaryImageOfPage":{"@id":"https:\/\/sites.hslu.ch\/architektur\/cas-baukultur\/#primaryimage"},"image":{"@id":"https:\/\/sites.hslu.ch\/architektur\/cas-baukultur\/#primaryimage"},"thumbnailUrl":"https:\/\/sites.hslu.ch\/architektur\/wp-content\/uploads\/sites\/11\/2024\/12\/Flyer_Baustelle-Horw_1920px.jpg","datePublished":"2024-12-12T08:04:47+00:00","dateModified":"2026-02-18T18:03:04+00:00","author":{"@id":"https:\/\/sites.hslu.ch\/architektur\/#\/schema\/person\/001cee0914381b1d1d390e0f07da2aad"},"breadcrumb":{"@id":"https:\/\/sites.hslu.ch\/architektur\/cas-baukultur\/#breadcrumb"},"inLanguage":"de","potentialAction":[{"@type":"ReadAction","target":["https:\/\/sites.hslu.ch\/architektur\/cas-baukultur\/"]}]},{"@type":"ImageObject","inLanguage":"de","@id":"https:\/\/sites.hslu.ch\/architektur\/cas-baukultur\/#primaryimage","url":"https:\/\/sites.hslu.ch\/architektur\/wp-content\/uploads\/sites\/11\/2024\/12\/Flyer_Baustelle-Horw_1920px.jpg","contentUrl":"https:\/\/sites.hslu.ch\/architektur\/wp-content\/uploads\/sites\/11\/2024\/12\/Flyer_Baustelle-Horw_1920px.jpg","width":1920,"height":1277},{"@type":"BreadcrumbList","@id":"https:\/\/sites.hslu.ch\/architektur\/cas-baukultur\/#breadcrumb","itemListElement":[{"@type":"ListItem","position":1,"name":"Home","item":"https:\/\/sites.hslu.ch\/architektur\/"},{"@type":"ListItem","position":2,"name":"CAS Baukultur"}]},{"@type":"WebSite","@id":"https:\/\/sites.hslu.ch\/architektur\/#website","url":"https:\/\/sites.hslu.ch\/architektur\/","name":"Architektur an der Hochschule Luzern","description":"","potentialAction":[{"@type":"SearchAction","target":{"@type":"EntryPoint","urlTemplate":"https:\/\/sites.hslu.ch\/architektur\/?s={search_term_string}"},"query-input":{"@type":"PropertyValueSpecification","valueRequired":true,"valueName":"search_term_string"}}],"inLanguage":"de"},{"@type":"Person","@id":"https:\/\/sites.hslu.ch\/architektur\/#\/schema\/person\/001cee0914381b1d1d390e0f07da2aad","name":"jaramalevez","url":"https:\/\/sites.hslu.ch\/architektur\/author\/jaramalevez\/"}]}},"_links":{"self":[{"href":"https:\/\/sites.hslu.ch\/architektur\/wp-json\/wp\/v2\/posts\/38747","targetHints":{"allow":["GET"]}}],"collection":[{"href":"https:\/\/sites.hslu.ch\/architektur\/wp-json\/wp\/v2\/posts"}],"about":[{"href":"https:\/\/sites.hslu.ch\/architektur\/wp-json\/wp\/v2\/types\/post"}],"author":[{"embeddable":true,"href":"https:\/\/sites.hslu.ch\/architektur\/wp-json\/wp\/v2\/users\/44"}],"replies":[{"embeddable":true,"href":"https:\/\/sites.hslu.ch\/architektur\/wp-json\/wp\/v2\/comments?post=38747"}],"version-history":[{"count":21,"href":"https:\/\/sites.hslu.ch\/architektur\/wp-json\/wp\/v2\/posts\/38747\/revisions"}],"predecessor-version":[{"id":48013,"href":"https:\/\/sites.hslu.ch\/architektur\/wp-json\/wp\/v2\/posts\/38747\/revisions\/48013"}],"wp:featuredmedia":[{"embeddable":true,"href":"https:\/\/sites.hslu.ch\/architektur\/wp-json\/wp\/v2\/media\/38764"}],"wp:attachment":[{"href":"https:\/\/sites.hslu.ch\/architektur\/wp-json\/wp\/v2\/media?parent=38747"}],"wp:term":[{"taxonomy":"category","embeddable":true,"href":"https:\/\/sites.hslu.ch\/architektur\/wp-json\/wp\/v2\/categories?post=38747"},{"taxonomy":"post_tag","embeddable":true,"href":"https:\/\/sites.hslu.ch\/architektur\/wp-json\/wp\/v2\/tags?post=38747"}],"curies":[{"name":"wp","href":"https:\/\/api.w.org\/{rel}","templated":true}]}}