{"id":35942,"date":"2024-10-01T12:16:54","date_gmt":"2024-10-01T10:16:54","guid":{"rendered":"https:\/\/sites.hslu.ch\/architektur\/?p=35942"},"modified":"2025-08-07T15:45:06","modified_gmt":"2025-08-07T13:45:06","slug":"materialitaet-freie-plastische-entwuerfe","status":"publish","type":"post","link":"https:\/\/sites.hslu.ch\/architektur\/materialitaet-freie-plastische-entwuerfe\/","title":{"rendered":"Freie plastische Entw\u00fcrfe"},"content":{"rendered":"\n<p class=\"is-style-lead-text\">Im Modul Materialit\u00e4t (Leitung Max Lei\u00df) arbeiten die Studierenden im zweiten Teil des Semesters an freien plastischen Entw\u00fcrfen. Ausgangspunkt des Entwurfsprozesses soll nicht eine vorgegebene funktionale Nutzung sein, sondern das individuelle Interesse an spezifischen Baumaterialien, deren Bearbeitung und Kombination.<\/p>\n\n\n\n<h3 class=\"wp-block-heading\">&nbsp;\u00abTreeo\u00bb von Konrad H\u00f6ffler<\/h3>\n\n\n\n<p>Der Name \u00abTreeo\u00bb setzt sich aus mehreren Elementen zusammen. Zum einen verweist \u00abTree\u00bb (englisch f\u00fcr Baum) auf die Natur, zum anderen steht \u00abTreeo\u00bb f\u00fcr Trio, also Drei. Diese Zahl ist vielschichtig in das Konzept integriert: Es gibt drei verwendete Materialien (Holz, Lehm, Jute), drei Farben und die Dreiecksform. Die verschraubten Holz-Dreiecke, die zusammen eine Kuppel formen, wurden mit Jutestoff bespannt und anschliessend mit pigmentiertem Lehmputz verputzt.<\/p>\n\n\n    <div class=\"ms-gallery \">\n        <div class=\"ms-gallery-sizer\"><\/div>\n        <div class=\"ms-gallery-gutter\"><\/div>\n                                    <div class=\"ms-gallery-item wide\">\n                                                        <a href=\"https:\/\/sites.hslu.ch\/architektur\/wp-content\/uploads\/sites\/11\/2024\/07\/neu_Hub1_Hoeffeler_Konrad_Bild-2.jpg\" data-lightbox=\"masonery-gallery\"  data-size=\"wide\"  data-title=\"\" data-alt=\"\">\n                        <img decoding=\"async\" class=\"ms-gallery-item__image\"  data-size=\"wide\"  src=\"https:\/\/sites.hslu.ch\/architektur\/wp-content\/uploads\/sites\/11\/2024\/07\/neu_Hub1_Hoeffeler_Konrad_Bild-2.jpg\" alt=\"\" \/>\n                    <\/a>\n                                        <\/div>\n\n                                                                <div class=\"ms-gallery-item wide\">\n                                                        <a href=\"https:\/\/sites.hslu.ch\/architektur\/wp-content\/uploads\/sites\/11\/2024\/07\/neu_Hubs2_Hoeffeler_Konrad_Bild-1-1.jpg\" data-lightbox=\"masonery-gallery\"  data-size=\"wide\"  data-title=\"\" data-alt=\"\">\n                        <img decoding=\"async\" class=\"ms-gallery-item__image\"  data-size=\"wide\"  src=\"https:\/\/sites.hslu.ch\/architektur\/wp-content\/uploads\/sites\/11\/2024\/07\/neu_Hubs2_Hoeffeler_Konrad_Bild-1-1.jpg\" alt=\"\" \/>\n                    <\/a>\n                                        <\/div>\n\n                                                                <div class=\"ms-gallery-item wide\">\n                                                        <a href=\"https:\/\/sites.hslu.ch\/architektur\/wp-content\/uploads\/sites\/11\/2024\/07\/HUB3_Hoeffeler_Konrad_Bild-3.jpg\" data-lightbox=\"masonery-gallery\"  data-size=\"wide\"  data-title=\"\" data-alt=\"\">\n                        <img decoding=\"async\" class=\"ms-gallery-item__image\"  data-size=\"wide\"  src=\"https:\/\/sites.hslu.ch\/architektur\/wp-content\/uploads\/sites\/11\/2024\/07\/HUB3_Hoeffeler_Konrad_Bild-3.jpg\" alt=\"\" \/>\n                    <\/a>\n                                        <\/div>\n\n                                                    <div class=\"ms-gallery-item narrow\">\n                <\/div>\n                <\/div>\n            \n\n\n<h3 class=\"wp-block-heading\">&nbsp;\u00abDAISY 2050\u00bb von Franziska H\u00fcls<\/h3>\n\n\n\n<p>Bei der Materialbestandsaufnahme am Campus Horw erwiesen sich die aussortierten Eisenwaren aus der Maschinenbauwerkstatt als wertvoll. Gewindestangen, ein Kn\u00e4uel Alusp\u00e4ne aus Aluminiumschnittresten sowie ein seidiger Reststoff aus der Architektur-Atelierwerkstatt wurden f\u00fcr die gestalterische Arbeit verwendet. Die Herangehensweise war intuitiv. Durch Improvisation wurden die Materialien kontinuierlich reorganisiert, um einen neuen Sinn und ein neues System zu schaffen. Die Konstruktion ist stabf\u00f6rmig und an das Tensegrity-System von Buckminster Fuller angelehnt. <\/p>\n\n\n\n<figure class=\"wp-block-image size-full\"><img loading=\"lazy\" decoding=\"async\" width=\"1440\" height=\"1920\" src=\"https:\/\/sites.hslu.ch\/architektur\/wp-content\/uploads\/sites\/11\/2024\/07\/HUB1_Objekt_Huels.jpg\" alt=\"\" class=\"wp-image-35946\" srcset=\"https:\/\/sites.hslu.ch\/architektur\/wp-content\/uploads\/sites\/11\/2024\/07\/HUB1_Objekt_Huels.jpg 1440w, https:\/\/sites.hslu.ch\/architektur\/wp-content\/uploads\/sites\/11\/2024\/07\/HUB1_Objekt_Huels-225x300.jpg 225w, https:\/\/sites.hslu.ch\/architektur\/wp-content\/uploads\/sites\/11\/2024\/07\/HUB1_Objekt_Huels-768x1024.jpg 768w, https:\/\/sites.hslu.ch\/architektur\/wp-content\/uploads\/sites\/11\/2024\/07\/HUB1_Objekt_Huels-1152x1536.jpg 1152w, https:\/\/sites.hslu.ch\/architektur\/wp-content\/uploads\/sites\/11\/2024\/07\/HUB1_Objekt_Huels-600x800.jpg 600w\" sizes=\"auto, (max-width: 1440px) 100vw, 1440px\" \/><\/figure>\n\n\n\n<p><strong>Modul<\/strong>: Materialit\u00e4t, FS24 <strong>Lehrteam<\/strong>: <a href=\"https:\/\/sites.hslu.ch\/architektur\/max-leiss\/\" target=\"_blank\" rel=\"noreferrer noopener\">Max Lei\u00df<\/a> (MV), David Berweger, <a href=\"https:\/\/sites.hslu.ch\/architektur\/torsten-lange\/\" target=\"_blank\" rel=\"noreferrer noopener\">Torsten Lange<\/a>, Dr. Peter Omachen, <a href=\"https:\/\/sites.hslu.ch\/architektur\/susanne-triller\/\" target=\"_blank\" rel=\"noreferrer noopener\">Susanne Triller<\/a>, <strong>Assistenz<\/strong>: Isabelle H\u00e4cki, Antonie Schnider<\/p>\n","protected":false},"excerpt":{"rendered":"<p>Im Modul Materialit\u00e4t (Leitung Max Lei\u00df) arbeiten die Studierenden im zweiten Teil des Semesters an freien plastischen Entw\u00fcrfen. Ausgangspunkt des Entwurfsprozesses soll nicht eine vorgegebene funktionale Nutzung sein, sondern das individuelle Interesse an spezifischen Baumaterialien, deren Bearbeitung und Kombination.<\/p>\n","protected":false},"author":44,"featured_media":35950,"comment_status":"closed","ping_status":"closed","sticky":false,"template":"","format":"standard","meta":{"_acf_changed":false,"footnotes":""},"categories":[6,245,12,22],"tags":[],"class_list":["post-35942","post","type-post","status-publish","format-standard","has-post-thumbnail","hentry","category-bachelor-architektur","category-fs2024","category-gestaltung","category-semester-jahr"],"acf":[],"yoast_head":"<!-- This site is optimized with the Yoast SEO plugin v27.5 - https:\/\/yoast.com\/product\/yoast-seo-wordpress\/ -->\n<title>Freie plastische Entw\u00fcrfe - Architektur an der Hochschule Luzern<\/title>\n<meta name=\"robots\" content=\"index, follow, max-snippet:-1, max-image-preview:large, max-video-preview:-1\" \/>\n<link rel=\"canonical\" href=\"https:\/\/sites.hslu.ch\/architektur\/materialitaet-freie-plastische-entwuerfe\/\" \/>\n<meta property=\"og:locale\" content=\"de_DE\" \/>\n<meta property=\"og:type\" content=\"article\" \/>\n<meta property=\"og:title\" content=\"Freie plastische Entw\u00fcrfe - Architektur an der Hochschule Luzern\" \/>\n<meta property=\"og:description\" content=\"Im Modul Materialit\u00e4t (Leitung Max Lei\u00df) arbeiten die Studierenden im zweiten Teil des Semesters an freien plastischen Entw\u00fcrfen. Ausgangspunkt des Entwurfsprozesses soll nicht eine vorgegebene funktionale Nutzung sein, sondern das individuelle Interesse an spezifischen Baumaterialien, deren Bearbeitung und Kombination.\" \/>\n<meta property=\"og:url\" content=\"https:\/\/sites.hslu.ch\/architektur\/materialitaet-freie-plastische-entwuerfe\/\" \/>\n<meta property=\"og:site_name\" content=\"Architektur an der Hochschule Luzern\" \/>\n<meta property=\"article:published_time\" content=\"2024-10-01T10:16:54+00:00\" \/>\n<meta property=\"article:modified_time\" content=\"2025-08-07T13:45:06+00:00\" \/>\n<meta property=\"og:image\" content=\"https:\/\/sites.hslu.ch\/architektur\/wp-content\/uploads\/sites\/11\/2024\/07\/neu_Hub1_Hoeffeler_Konrad_Bild-2.jpg\" \/>\n\t<meta property=\"og:image:width\" content=\"1920\" \/>\n\t<meta property=\"og:image:height\" content=\"1493\" \/>\n\t<meta property=\"og:image:type\" content=\"image\/jpeg\" \/>\n<meta name=\"author\" content=\"jaramalevez\" \/>\n<meta name=\"twitter:card\" content=\"summary_large_image\" \/>\n<meta name=\"twitter:label1\" content=\"Verfasst von\" \/>\n\t<meta name=\"twitter:data1\" content=\"jaramalevez\" \/>\n\t<meta name=\"twitter:label2\" content=\"Gesch\u00e4tzte Lesezeit\" \/>\n\t<meta name=\"twitter:data2\" content=\"2\u00a0Minuten\" \/>\n<script type=\"application\/ld+json\" class=\"yoast-schema-graph\">{\"@context\":\"https:\\\/\\\/schema.org\",\"@graph\":[{\"@type\":\"Article\",\"@id\":\"https:\\\/\\\/sites.hslu.ch\\\/architektur\\\/materialitaet-freie-plastische-entwuerfe\\\/#article\",\"isPartOf\":{\"@id\":\"https:\\\/\\\/sites.hslu.ch\\\/architektur\\\/materialitaet-freie-plastische-entwuerfe\\\/\"},\"author\":{\"name\":\"jaramalevez\",\"@id\":\"https:\\\/\\\/sites.hslu.ch\\\/architektur\\\/#\\\/schema\\\/person\\\/001cee0914381b1d1d390e0f07da2aad\"},\"headline\":\"Freie plastische Entw\u00fcrfe\",\"datePublished\":\"2024-10-01T10:16:54+00:00\",\"dateModified\":\"2025-08-07T13:45:06+00:00\",\"mainEntityOfPage\":{\"@id\":\"https:\\\/\\\/sites.hslu.ch\\\/architektur\\\/materialitaet-freie-plastische-entwuerfe\\\/\"},\"wordCount\":220,\"image\":{\"@id\":\"https:\\\/\\\/sites.hslu.ch\\\/architektur\\\/materialitaet-freie-plastische-entwuerfe\\\/#primaryimage\"},\"thumbnailUrl\":\"https:\\\/\\\/sites.hslu.ch\\\/architektur\\\/wp-content\\\/uploads\\\/sites\\\/11\\\/2024\\\/07\\\/neu_Hub1_Hoeffeler_Konrad_Bild-2.jpg\",\"articleSection\":[\"Bachelor Architektur\",\"FS2024\",\"Gestaltung\",\"Semester\\\/Jahr\"],\"inLanguage\":\"de\"},{\"@type\":\"WebPage\",\"@id\":\"https:\\\/\\\/sites.hslu.ch\\\/architektur\\\/materialitaet-freie-plastische-entwuerfe\\\/\",\"url\":\"https:\\\/\\\/sites.hslu.ch\\\/architektur\\\/materialitaet-freie-plastische-entwuerfe\\\/\",\"name\":\"Freie plastische Entw\u00fcrfe - Architektur an der Hochschule Luzern\",\"isPartOf\":{\"@id\":\"https:\\\/\\\/sites.hslu.ch\\\/architektur\\\/#website\"},\"primaryImageOfPage\":{\"@id\":\"https:\\\/\\\/sites.hslu.ch\\\/architektur\\\/materialitaet-freie-plastische-entwuerfe\\\/#primaryimage\"},\"image\":{\"@id\":\"https:\\\/\\\/sites.hslu.ch\\\/architektur\\\/materialitaet-freie-plastische-entwuerfe\\\/#primaryimage\"},\"thumbnailUrl\":\"https:\\\/\\\/sites.hslu.ch\\\/architektur\\\/wp-content\\\/uploads\\\/sites\\\/11\\\/2024\\\/07\\\/neu_Hub1_Hoeffeler_Konrad_Bild-2.jpg\",\"datePublished\":\"2024-10-01T10:16:54+00:00\",\"dateModified\":\"2025-08-07T13:45:06+00:00\",\"author\":{\"@id\":\"https:\\\/\\\/sites.hslu.ch\\\/architektur\\\/#\\\/schema\\\/person\\\/001cee0914381b1d1d390e0f07da2aad\"},\"breadcrumb\":{\"@id\":\"https:\\\/\\\/sites.hslu.ch\\\/architektur\\\/materialitaet-freie-plastische-entwuerfe\\\/#breadcrumb\"},\"inLanguage\":\"de\",\"potentialAction\":[{\"@type\":\"ReadAction\",\"target\":[\"https:\\\/\\\/sites.hslu.ch\\\/architektur\\\/materialitaet-freie-plastische-entwuerfe\\\/\"]}]},{\"@type\":\"ImageObject\",\"inLanguage\":\"de\",\"@id\":\"https:\\\/\\\/sites.hslu.ch\\\/architektur\\\/materialitaet-freie-plastische-entwuerfe\\\/#primaryimage\",\"url\":\"https:\\\/\\\/sites.hslu.ch\\\/architektur\\\/wp-content\\\/uploads\\\/sites\\\/11\\\/2024\\\/07\\\/neu_Hub1_Hoeffeler_Konrad_Bild-2.jpg\",\"contentUrl\":\"https:\\\/\\\/sites.hslu.ch\\\/architektur\\\/wp-content\\\/uploads\\\/sites\\\/11\\\/2024\\\/07\\\/neu_Hub1_Hoeffeler_Konrad_Bild-2.jpg\",\"width\":1920,\"height\":1493},{\"@type\":\"BreadcrumbList\",\"@id\":\"https:\\\/\\\/sites.hslu.ch\\\/architektur\\\/materialitaet-freie-plastische-entwuerfe\\\/#breadcrumb\",\"itemListElement\":[{\"@type\":\"ListItem\",\"position\":1,\"name\":\"Home\",\"item\":\"https:\\\/\\\/sites.hslu.ch\\\/architektur\\\/\"},{\"@type\":\"ListItem\",\"position\":2,\"name\":\"Freie plastische Entw\u00fcrfe\"}]},{\"@type\":\"WebSite\",\"@id\":\"https:\\\/\\\/sites.hslu.ch\\\/architektur\\\/#website\",\"url\":\"https:\\\/\\\/sites.hslu.ch\\\/architektur\\\/\",\"name\":\"Architektur an der Hochschule Luzern\",\"description\":\"\",\"potentialAction\":[{\"@type\":\"SearchAction\",\"target\":{\"@type\":\"EntryPoint\",\"urlTemplate\":\"https:\\\/\\\/sites.hslu.ch\\\/architektur\\\/?s={search_term_string}\"},\"query-input\":{\"@type\":\"PropertyValueSpecification\",\"valueRequired\":true,\"valueName\":\"search_term_string\"}}],\"inLanguage\":\"de\"},{\"@type\":\"Person\",\"@id\":\"https:\\\/\\\/sites.hslu.ch\\\/architektur\\\/#\\\/schema\\\/person\\\/001cee0914381b1d1d390e0f07da2aad\",\"name\":\"jaramalevez\",\"url\":\"https:\\\/\\\/sites.hslu.ch\\\/architektur\\\/author\\\/jaramalevez\\\/\"}]}<\/script>\n<!-- \/ Yoast SEO plugin. -->","yoast_head_json":{"title":"Freie plastische Entw\u00fcrfe - Architektur an der Hochschule Luzern","robots":{"index":"index","follow":"follow","max-snippet":"max-snippet:-1","max-image-preview":"max-image-preview:large","max-video-preview":"max-video-preview:-1"},"canonical":"https:\/\/sites.hslu.ch\/architektur\/materialitaet-freie-plastische-entwuerfe\/","og_locale":"de_DE","og_type":"article","og_title":"Freie plastische Entw\u00fcrfe - Architektur an der Hochschule Luzern","og_description":"Im Modul Materialit\u00e4t (Leitung Max Lei\u00df) arbeiten die Studierenden im zweiten Teil des Semesters an freien plastischen Entw\u00fcrfen. Ausgangspunkt des Entwurfsprozesses soll nicht eine vorgegebene funktionale Nutzung sein, sondern das individuelle Interesse an spezifischen Baumaterialien, deren Bearbeitung und Kombination.","og_url":"https:\/\/sites.hslu.ch\/architektur\/materialitaet-freie-plastische-entwuerfe\/","og_site_name":"Architektur an der Hochschule Luzern","article_published_time":"2024-10-01T10:16:54+00:00","article_modified_time":"2025-08-07T13:45:06+00:00","og_image":[{"width":1920,"height":1493,"url":"https:\/\/sites.hslu.ch\/architektur\/wp-content\/uploads\/sites\/11\/2024\/07\/neu_Hub1_Hoeffeler_Konrad_Bild-2.jpg","type":"image\/jpeg"}],"author":"jaramalevez","twitter_card":"summary_large_image","twitter_misc":{"Verfasst von":"jaramalevez","Gesch\u00e4tzte Lesezeit":"2\u00a0Minuten"},"schema":{"@context":"https:\/\/schema.org","@graph":[{"@type":"Article","@id":"https:\/\/sites.hslu.ch\/architektur\/materialitaet-freie-plastische-entwuerfe\/#article","isPartOf":{"@id":"https:\/\/sites.hslu.ch\/architektur\/materialitaet-freie-plastische-entwuerfe\/"},"author":{"name":"jaramalevez","@id":"https:\/\/sites.hslu.ch\/architektur\/#\/schema\/person\/001cee0914381b1d1d390e0f07da2aad"},"headline":"Freie plastische Entw\u00fcrfe","datePublished":"2024-10-01T10:16:54+00:00","dateModified":"2025-08-07T13:45:06+00:00","mainEntityOfPage":{"@id":"https:\/\/sites.hslu.ch\/architektur\/materialitaet-freie-plastische-entwuerfe\/"},"wordCount":220,"image":{"@id":"https:\/\/sites.hslu.ch\/architektur\/materialitaet-freie-plastische-entwuerfe\/#primaryimage"},"thumbnailUrl":"https:\/\/sites.hslu.ch\/architektur\/wp-content\/uploads\/sites\/11\/2024\/07\/neu_Hub1_Hoeffeler_Konrad_Bild-2.jpg","articleSection":["Bachelor Architektur","FS2024","Gestaltung","Semester\/Jahr"],"inLanguage":"de"},{"@type":"WebPage","@id":"https:\/\/sites.hslu.ch\/architektur\/materialitaet-freie-plastische-entwuerfe\/","url":"https:\/\/sites.hslu.ch\/architektur\/materialitaet-freie-plastische-entwuerfe\/","name":"Freie plastische Entw\u00fcrfe - Architektur an der Hochschule Luzern","isPartOf":{"@id":"https:\/\/sites.hslu.ch\/architektur\/#website"},"primaryImageOfPage":{"@id":"https:\/\/sites.hslu.ch\/architektur\/materialitaet-freie-plastische-entwuerfe\/#primaryimage"},"image":{"@id":"https:\/\/sites.hslu.ch\/architektur\/materialitaet-freie-plastische-entwuerfe\/#primaryimage"},"thumbnailUrl":"https:\/\/sites.hslu.ch\/architektur\/wp-content\/uploads\/sites\/11\/2024\/07\/neu_Hub1_Hoeffeler_Konrad_Bild-2.jpg","datePublished":"2024-10-01T10:16:54+00:00","dateModified":"2025-08-07T13:45:06+00:00","author":{"@id":"https:\/\/sites.hslu.ch\/architektur\/#\/schema\/person\/001cee0914381b1d1d390e0f07da2aad"},"breadcrumb":{"@id":"https:\/\/sites.hslu.ch\/architektur\/materialitaet-freie-plastische-entwuerfe\/#breadcrumb"},"inLanguage":"de","potentialAction":[{"@type":"ReadAction","target":["https:\/\/sites.hslu.ch\/architektur\/materialitaet-freie-plastische-entwuerfe\/"]}]},{"@type":"ImageObject","inLanguage":"de","@id":"https:\/\/sites.hslu.ch\/architektur\/materialitaet-freie-plastische-entwuerfe\/#primaryimage","url":"https:\/\/sites.hslu.ch\/architektur\/wp-content\/uploads\/sites\/11\/2024\/07\/neu_Hub1_Hoeffeler_Konrad_Bild-2.jpg","contentUrl":"https:\/\/sites.hslu.ch\/architektur\/wp-content\/uploads\/sites\/11\/2024\/07\/neu_Hub1_Hoeffeler_Konrad_Bild-2.jpg","width":1920,"height":1493},{"@type":"BreadcrumbList","@id":"https:\/\/sites.hslu.ch\/architektur\/materialitaet-freie-plastische-entwuerfe\/#breadcrumb","itemListElement":[{"@type":"ListItem","position":1,"name":"Home","item":"https:\/\/sites.hslu.ch\/architektur\/"},{"@type":"ListItem","position":2,"name":"Freie plastische Entw\u00fcrfe"}]},{"@type":"WebSite","@id":"https:\/\/sites.hslu.ch\/architektur\/#website","url":"https:\/\/sites.hslu.ch\/architektur\/","name":"Architektur an der Hochschule Luzern","description":"","potentialAction":[{"@type":"SearchAction","target":{"@type":"EntryPoint","urlTemplate":"https:\/\/sites.hslu.ch\/architektur\/?s={search_term_string}"},"query-input":{"@type":"PropertyValueSpecification","valueRequired":true,"valueName":"search_term_string"}}],"inLanguage":"de"},{"@type":"Person","@id":"https:\/\/sites.hslu.ch\/architektur\/#\/schema\/person\/001cee0914381b1d1d390e0f07da2aad","name":"jaramalevez","url":"https:\/\/sites.hslu.ch\/architektur\/author\/jaramalevez\/"}]}},"_links":{"self":[{"href":"https:\/\/sites.hslu.ch\/architektur\/wp-json\/wp\/v2\/posts\/35942","targetHints":{"allow":["GET"]}}],"collection":[{"href":"https:\/\/sites.hslu.ch\/architektur\/wp-json\/wp\/v2\/posts"}],"about":[{"href":"https:\/\/sites.hslu.ch\/architektur\/wp-json\/wp\/v2\/types\/post"}],"author":[{"embeddable":true,"href":"https:\/\/sites.hslu.ch\/architektur\/wp-json\/wp\/v2\/users\/44"}],"replies":[{"embeddable":true,"href":"https:\/\/sites.hslu.ch\/architektur\/wp-json\/wp\/v2\/comments?post=35942"}],"version-history":[{"count":9,"href":"https:\/\/sites.hslu.ch\/architektur\/wp-json\/wp\/v2\/posts\/35942\/revisions"}],"predecessor-version":[{"id":44885,"href":"https:\/\/sites.hslu.ch\/architektur\/wp-json\/wp\/v2\/posts\/35942\/revisions\/44885"}],"wp:featuredmedia":[{"embeddable":true,"href":"https:\/\/sites.hslu.ch\/architektur\/wp-json\/wp\/v2\/media\/35950"}],"wp:attachment":[{"href":"https:\/\/sites.hslu.ch\/architektur\/wp-json\/wp\/v2\/media?parent=35942"}],"wp:term":[{"taxonomy":"category","embeddable":true,"href":"https:\/\/sites.hslu.ch\/architektur\/wp-json\/wp\/v2\/categories?post=35942"},{"taxonomy":"post_tag","embeddable":true,"href":"https:\/\/sites.hslu.ch\/architektur\/wp-json\/wp\/v2\/tags?post=35942"}],"curies":[{"name":"wp","href":"https:\/\/api.w.org\/{rel}","templated":true}]}}