{"id":33251,"date":"2024-05-02T09:41:35","date_gmt":"2024-05-02T07:41:35","guid":{"rendered":"https:\/\/sites.hslu.ch\/architektur\/?p=33251"},"modified":"2024-05-02T09:41:39","modified_gmt":"2024-05-02T07:41:39","slug":"vortrag-florian-summa-summacumfemmer","status":"publish","type":"post","link":"https:\/\/sites.hslu.ch\/architektur\/vortrag-florian-summa-summacumfemmer\/","title":{"rendered":"Vortrag Florian Summa, Summacumfemmer"},"content":{"rendered":"\n<p class=\"is-style-lead-text\">Am 4. April fand der zweite Institutsvortrag des Fr\u00fchlingssemesters 2024 statt. Als Teil unserer Reihe \u00abPositions on Urbanism\u00bb hielt Florian Summa von SUMMACUMFEMMER aus Leipzig einen Vortrag mit dem Titel \u00abNon finito\u00bb.<\/p>\n\n\n\n<p>Der Vortrag beleuchtete die prozessualen Erscheinungen der Disziplin, die das B\u00fcro in Lehre und Praxis besch\u00e4ftigen. So haben sie mit ihrem Biennale Beitrag 2023 f\u00fcr den deutschen Pavillon versucht, sich im \u00abAkteurInnengeflecht\u00bb der Stadt Venedig zurechtzufinden und dabei die Ausstellung nicht als klassische Ausstellung verstanden, sondern selbst Hand angelegt und bei st\u00e4dtischen Reparatur- und Unterhaltsprozessen mitgearbeitet.<br>Ein anderes Beispiel f\u00fcr diese prozesshaften, r\u00e4umlichen Ver\u00e4nderungen ist das genossenschafliche Wohnprojekt \u00abSan Riemo\u00bb in M\u00fcnchen oder das scheinbar niemals endende eigene Umbauprojekt in Leipzig, das die beiden ArchitektInnen schon seit nunmehr zehn Jahren reparieren und sich damit implizit gegen die \u00abgeplante\u00bb Stadtentwicklungsprozesse in Leipzig stellt.<br>Die Lehre stellt f\u00fcr ihre Arbeit weiterhin ein wichtiges, praxisbezogenes Gef\u00e4ss dar, indem sie an realen Orten, reale Dinge bauen und die Studierenden dabei lernen, selbst Initiative zu ergreifen und den sicheren Hafen von \u00abSimulationen\u00bb im akademischen Kontext verlassen.<\/p>\n\n\n\n<figure class=\"wp-block-embed is-type-video is-provider-youtube wp-block-embed-youtube wp-embed-aspect-16-9 wp-has-aspect-ratio\"><div class=\"wp-block-embed__wrapper\">\n<iframe loading=\"lazy\" title=\"Lecture series \u00abPositions on Urbanism\u00bb: Florian Summa, Summacumfemmer\" width=\"640\" height=\"360\" src=\"https:\/\/www.youtube.com\/embed\/K9_F4hZI3lk?feature=oembed\" frameborder=\"0\" allow=\"accelerometer; autoplay; clipboard-write; encrypted-media; gyroscope; picture-in-picture; web-share\" referrerpolicy=\"strict-origin-when-cross-origin\" allowfullscreen><\/iframe>\n<\/div><\/figure>\n\n\n    <div class=\"ms-gallery \">\n        <div class=\"ms-gallery-sizer\"><\/div>\n        <div class=\"ms-gallery-gutter\"><\/div>\n                                    <div class=\"ms-gallery-item wide\">\n                                                        <a href=\"https:\/\/sites.hslu.ch\/architektur\/wp-content\/uploads\/sites\/11\/2024\/05\/24fs_5_Vorlesung_FlorianSumma_1466-RR.jpg\" data-lightbox=\"masonery-gallery\"  data-size=\"wide\"  data-title=\"\" data-alt=\"\">\n                        <img decoding=\"async\" class=\"ms-gallery-item__image\"  data-size=\"wide\"  src=\"https:\/\/sites.hslu.ch\/architektur\/wp-content\/uploads\/sites\/11\/2024\/05\/24fs_5_Vorlesung_FlorianSumma_1466-RR.jpg\" alt=\"\" \/>\n                    <\/a>\n                                        <\/div>\n\n                                                                <div class=\"ms-gallery-item wide\">\n                                                        <a href=\"https:\/\/sites.hslu.ch\/architektur\/wp-content\/uploads\/sites\/11\/2024\/05\/24fs_5_Vorlesung_FlorianSumma_1457-RR.jpg\" data-lightbox=\"masonery-gallery\"  data-size=\"wide\"  data-title=\"\" data-alt=\"\">\n                        <img decoding=\"async\" class=\"ms-gallery-item__image\"  data-size=\"wide\"  src=\"https:\/\/sites.hslu.ch\/architektur\/wp-content\/uploads\/sites\/11\/2024\/05\/24fs_5_Vorlesung_FlorianSumma_1457-RR.jpg\" alt=\"\" \/>\n                    <\/a>\n                                        <\/div>\n\n                                                                <div class=\"ms-gallery-item wide\">\n                                                        <a href=\"https:\/\/sites.hslu.ch\/architektur\/wp-content\/uploads\/sites\/11\/2024\/05\/24fs_5_Vorlesung_FlorianSumma_1462-RR.jpg\" data-lightbox=\"masonery-gallery\"  data-size=\"wide\"  data-title=\"\" data-alt=\"\">\n                        <img decoding=\"async\" class=\"ms-gallery-item__image\"  data-size=\"wide\"  src=\"https:\/\/sites.hslu.ch\/architektur\/wp-content\/uploads\/sites\/11\/2024\/05\/24fs_5_Vorlesung_FlorianSumma_1462-RR.jpg\" alt=\"\" \/>\n                    <\/a>\n                                        <\/div>\n\n                                                                <div class=\"ms-gallery-item wide\">\n                                                        <a href=\"https:\/\/sites.hslu.ch\/architektur\/wp-content\/uploads\/sites\/11\/2024\/05\/24fs_5_Vorlesung_FlorianSumma_1494-RR.jpg\" data-lightbox=\"masonery-gallery\"  data-size=\"wide\"  data-title=\"\" data-alt=\"\">\n                        <img decoding=\"async\" class=\"ms-gallery-item__image\"  data-size=\"wide\"  src=\"https:\/\/sites.hslu.ch\/architektur\/wp-content\/uploads\/sites\/11\/2024\/05\/24fs_5_Vorlesung_FlorianSumma_1494-RR.jpg\" alt=\"\" \/>\n                    <\/a>\n                                        <\/div>\n\n                                                                    <div class=\"ms-gallery-item narrow\">\n                                                            <a href=\"https:\/\/sites.hslu.ch\/architektur\/wp-content\/uploads\/sites\/11\/2024\/05\/24fs_5_Vorlesung_FlorianSumma_1502-RR.jpg\" data-lightbox=\"masonery-gallery\"  data-size=\"narrow\"  data-title=\"\" data-alt=\"\">\n                        <img decoding=\"async\" class=\"ms-gallery-item__image\"  data-size=\"narrow\"  src=\"https:\/\/sites.hslu.ch\/architektur\/wp-content\/uploads\/sites\/11\/2024\/05\/24fs_5_Vorlesung_FlorianSumma_1502-RR.jpg\" alt=\"\" \/>\n                    <\/a>\n                                        <\/div>\n\n                                                                <div class=\"ms-gallery-item wide\">\n                                                        <a href=\"https:\/\/sites.hslu.ch\/architektur\/wp-content\/uploads\/sites\/11\/2024\/05\/24fs_5_Vorlesung_FlorianSumma_1523-RR.jpg\" data-lightbox=\"masonery-gallery\"  data-size=\"wide\"  data-title=\"\" data-alt=\"\">\n                        <img decoding=\"async\" class=\"ms-gallery-item__image\"  data-size=\"wide\"  src=\"https:\/\/sites.hslu.ch\/architektur\/wp-content\/uploads\/sites\/11\/2024\/05\/24fs_5_Vorlesung_FlorianSumma_1523-RR.jpg\" alt=\"\" \/>\n                    <\/a>\n                                        <\/div>\n\n                                                                <div class=\"ms-gallery-item wide\">\n                                                        <a href=\"https:\/\/sites.hslu.ch\/architektur\/wp-content\/uploads\/sites\/11\/2024\/05\/24fs_5_Vorlesung_FlorianSumma_1568-RR.jpg\" data-lightbox=\"masonery-gallery\"  data-size=\"wide\"  data-title=\"\" data-alt=\"\">\n                        <img decoding=\"async\" class=\"ms-gallery-item__image\"  data-size=\"wide\"  src=\"https:\/\/sites.hslu.ch\/architektur\/wp-content\/uploads\/sites\/11\/2024\/05\/24fs_5_Vorlesung_FlorianSumma_1568-RR.jpg\" alt=\"\" \/>\n                    <\/a>\n                                        <\/div>\n\n                                                                <div class=\"ms-gallery-item wide\">\n                                                        <a href=\"https:\/\/sites.hslu.ch\/architektur\/wp-content\/uploads\/sites\/11\/2024\/05\/24fs_5_Vorlesung_FlorianSumma_1551-RR.jpg\" data-lightbox=\"masonery-gallery\"  data-size=\"wide\"  data-title=\"\" data-alt=\"\">\n                        <img decoding=\"async\" class=\"ms-gallery-item__image\"  data-size=\"wide\"  src=\"https:\/\/sites.hslu.ch\/architektur\/wp-content\/uploads\/sites\/11\/2024\/05\/24fs_5_Vorlesung_FlorianSumma_1551-RR.jpg\" alt=\"\" \/>\n                    <\/a>\n                                        <\/div>\n\n                                                    <div class=\"ms-gallery-item narrow\">\n                <\/div>\n                <\/div>\n            \n\n\n<h3 class=\"wp-block-heading\">Vortragsreihe \u00abPositions on Urbanism\u00bb<\/h3>\n\n\n\n<p>Wir f\u00fchren unsere Vortragsreihe \u00abPositions on Urbanism\u00bb im Fr\u00fchlingssemester 2024 fort. Die Reihe befasst sich weiterhin mit st\u00e4dtebaulichen Themen und sucht nach neuen, zeitgem\u00e4ssen Ans\u00e4tzen, um die derzeitigen Herausforderungen an die gebaute Umwelt zu diskutieren und zu meistern. Hierbei geht es um Themen wie die \u00dcbersetzung und Anwendung von architektonischen Beziehungsgeflechten; die permanenten Aushandlungsprozesse, welche die Disziplin definieren \u2013 auch in Bezug auf st\u00e4dtebauliche Entwicklungen \u2013 und schliesslich der Umgang mit der Geschichte und ihre Bedeutung f\u00fcr das zuk\u00fcnftige Bauen.<\/p>\n","protected":false},"excerpt":{"rendered":"<p>Am 4. April fand der zweite Institutsvortrag des Fr\u00fchlingssemesters 2024 statt. Als Teil unserer Reihe \u00abPositions on Urbanism\u00bb hielt Florian Summa von SUMMACUMFEMMER aus Leipzig einen Vortrag mit dem Titel \u00abNon finito\u00bb.<\/p>\n","protected":false},"author":44,"featured_media":33272,"comment_status":"closed","ping_status":"closed","sticky":false,"template":"","format":"standard","meta":{"_acf_changed":false,"footnotes":""},"categories":[29,245,22,32],"tags":[],"class_list":["post-33251","post","type-post","status-publish","format-standard","has-post-thumbnail","hentry","category-events","category-fs2024","category-semester-jahr","category-vortrage"],"acf":[],"yoast_head":"<!-- This site is optimized with the Yoast SEO plugin v27.4 - https:\/\/yoast.com\/product\/yoast-seo-wordpress\/ -->\n<title>Vortrag Florian Summa, Summacumfemmer - Architektur an der Hochschule Luzern<\/title>\n<meta name=\"robots\" content=\"index, follow, max-snippet:-1, max-image-preview:large, max-video-preview:-1\" \/>\n<link rel=\"canonical\" href=\"https:\/\/sites.hslu.ch\/architektur\/vortrag-florian-summa-summacumfemmer\/\" \/>\n<meta property=\"og:locale\" content=\"de_DE\" \/>\n<meta property=\"og:type\" content=\"article\" \/>\n<meta property=\"og:title\" content=\"Vortrag Florian Summa, Summacumfemmer - Architektur an der Hochschule Luzern\" \/>\n<meta property=\"og:description\" content=\"Am 4. April fand der zweite Institutsvortrag des Fr\u00fchlingssemesters 2024 statt. Als Teil unserer Reihe \u00abPositions on Urbanism\u00bb hielt Florian Summa von SUMMACUMFEMMER aus Leipzig einen Vortrag mit dem Titel \u00abNon finito\u00bb.\" \/>\n<meta property=\"og:url\" content=\"https:\/\/sites.hslu.ch\/architektur\/vortrag-florian-summa-summacumfemmer\/\" \/>\n<meta property=\"og:site_name\" content=\"Architektur an der Hochschule Luzern\" \/>\n<meta property=\"article:published_time\" content=\"2024-05-02T07:41:35+00:00\" \/>\n<meta property=\"article:modified_time\" content=\"2024-05-02T07:41:39+00:00\" \/>\n<meta property=\"og:image\" content=\"https:\/\/sites.hslu.ch\/architektur\/wp-content\/uploads\/sites\/11\/2024\/05\/24fs_5_Vorlesung_FlorianSumma_1502-RRsw.jpg\" \/>\n\t<meta property=\"og:image:width\" content=\"1920\" \/>\n\t<meta property=\"og:image:height\" content=\"1080\" \/>\n\t<meta property=\"og:image:type\" content=\"image\/jpeg\" \/>\n<meta name=\"author\" content=\"jaramalevez\" \/>\n<meta name=\"twitter:card\" content=\"summary_large_image\" \/>\n<meta name=\"twitter:label1\" content=\"Verfasst von\" \/>\n\t<meta name=\"twitter:data1\" content=\"jaramalevez\" \/>\n\t<meta name=\"twitter:label2\" content=\"Gesch\u00e4tzte Lesezeit\" \/>\n\t<meta name=\"twitter:data2\" content=\"2\u00a0Minuten\" \/>\n<script type=\"application\/ld+json\" class=\"yoast-schema-graph\">{\"@context\":\"https:\\\/\\\/schema.org\",\"@graph\":[{\"@type\":\"Article\",\"@id\":\"https:\\\/\\\/sites.hslu.ch\\\/architektur\\\/vortrag-florian-summa-summacumfemmer\\\/#article\",\"isPartOf\":{\"@id\":\"https:\\\/\\\/sites.hslu.ch\\\/architektur\\\/vortrag-florian-summa-summacumfemmer\\\/\"},\"author\":{\"name\":\"jaramalevez\",\"@id\":\"https:\\\/\\\/sites.hslu.ch\\\/architektur\\\/#\\\/schema\\\/person\\\/001cee0914381b1d1d390e0f07da2aad\"},\"headline\":\"Vortrag Florian Summa, Summacumfemmer\",\"datePublished\":\"2024-05-02T07:41:35+00:00\",\"dateModified\":\"2024-05-02T07:41:39+00:00\",\"mainEntityOfPage\":{\"@id\":\"https:\\\/\\\/sites.hslu.ch\\\/architektur\\\/vortrag-florian-summa-summacumfemmer\\\/\"},\"wordCount\":281,\"image\":{\"@id\":\"https:\\\/\\\/sites.hslu.ch\\\/architektur\\\/vortrag-florian-summa-summacumfemmer\\\/#primaryimage\"},\"thumbnailUrl\":\"https:\\\/\\\/sites.hslu.ch\\\/architektur\\\/wp-content\\\/uploads\\\/sites\\\/11\\\/2024\\\/05\\\/24fs_5_Vorlesung_FlorianSumma_1502-RRsw.jpg\",\"articleSection\":[\"Events\",\"FS2024\",\"Semester\\\/Jahr\",\"Vortr\u00e4ge\"],\"inLanguage\":\"de\"},{\"@type\":\"WebPage\",\"@id\":\"https:\\\/\\\/sites.hslu.ch\\\/architektur\\\/vortrag-florian-summa-summacumfemmer\\\/\",\"url\":\"https:\\\/\\\/sites.hslu.ch\\\/architektur\\\/vortrag-florian-summa-summacumfemmer\\\/\",\"name\":\"Vortrag Florian Summa, Summacumfemmer - Architektur an der Hochschule Luzern\",\"isPartOf\":{\"@id\":\"https:\\\/\\\/sites.hslu.ch\\\/architektur\\\/#website\"},\"primaryImageOfPage\":{\"@id\":\"https:\\\/\\\/sites.hslu.ch\\\/architektur\\\/vortrag-florian-summa-summacumfemmer\\\/#primaryimage\"},\"image\":{\"@id\":\"https:\\\/\\\/sites.hslu.ch\\\/architektur\\\/vortrag-florian-summa-summacumfemmer\\\/#primaryimage\"},\"thumbnailUrl\":\"https:\\\/\\\/sites.hslu.ch\\\/architektur\\\/wp-content\\\/uploads\\\/sites\\\/11\\\/2024\\\/05\\\/24fs_5_Vorlesung_FlorianSumma_1502-RRsw.jpg\",\"datePublished\":\"2024-05-02T07:41:35+00:00\",\"dateModified\":\"2024-05-02T07:41:39+00:00\",\"author\":{\"@id\":\"https:\\\/\\\/sites.hslu.ch\\\/architektur\\\/#\\\/schema\\\/person\\\/001cee0914381b1d1d390e0f07da2aad\"},\"breadcrumb\":{\"@id\":\"https:\\\/\\\/sites.hslu.ch\\\/architektur\\\/vortrag-florian-summa-summacumfemmer\\\/#breadcrumb\"},\"inLanguage\":\"de\",\"potentialAction\":[{\"@type\":\"ReadAction\",\"target\":[\"https:\\\/\\\/sites.hslu.ch\\\/architektur\\\/vortrag-florian-summa-summacumfemmer\\\/\"]}]},{\"@type\":\"ImageObject\",\"inLanguage\":\"de\",\"@id\":\"https:\\\/\\\/sites.hslu.ch\\\/architektur\\\/vortrag-florian-summa-summacumfemmer\\\/#primaryimage\",\"url\":\"https:\\\/\\\/sites.hslu.ch\\\/architektur\\\/wp-content\\\/uploads\\\/sites\\\/11\\\/2024\\\/05\\\/24fs_5_Vorlesung_FlorianSumma_1502-RRsw.jpg\",\"contentUrl\":\"https:\\\/\\\/sites.hslu.ch\\\/architektur\\\/wp-content\\\/uploads\\\/sites\\\/11\\\/2024\\\/05\\\/24fs_5_Vorlesung_FlorianSumma_1502-RRsw.jpg\",\"width\":1920,\"height\":1080},{\"@type\":\"BreadcrumbList\",\"@id\":\"https:\\\/\\\/sites.hslu.ch\\\/architektur\\\/vortrag-florian-summa-summacumfemmer\\\/#breadcrumb\",\"itemListElement\":[{\"@type\":\"ListItem\",\"position\":1,\"name\":\"Home\",\"item\":\"https:\\\/\\\/sites.hslu.ch\\\/architektur\\\/\"},{\"@type\":\"ListItem\",\"position\":2,\"name\":\"Vortrag Florian Summa, Summacumfemmer\"}]},{\"@type\":\"WebSite\",\"@id\":\"https:\\\/\\\/sites.hslu.ch\\\/architektur\\\/#website\",\"url\":\"https:\\\/\\\/sites.hslu.ch\\\/architektur\\\/\",\"name\":\"Architektur an der Hochschule Luzern\",\"description\":\"\",\"potentialAction\":[{\"@type\":\"SearchAction\",\"target\":{\"@type\":\"EntryPoint\",\"urlTemplate\":\"https:\\\/\\\/sites.hslu.ch\\\/architektur\\\/?s={search_term_string}\"},\"query-input\":{\"@type\":\"PropertyValueSpecification\",\"valueRequired\":true,\"valueName\":\"search_term_string\"}}],\"inLanguage\":\"de\"},{\"@type\":\"Person\",\"@id\":\"https:\\\/\\\/sites.hslu.ch\\\/architektur\\\/#\\\/schema\\\/person\\\/001cee0914381b1d1d390e0f07da2aad\",\"name\":\"jaramalevez\",\"url\":\"https:\\\/\\\/sites.hslu.ch\\\/architektur\\\/author\\\/jaramalevez\\\/\"}]}<\/script>\n<!-- \/ Yoast SEO plugin. -->","yoast_head_json":{"title":"Vortrag Florian Summa, Summacumfemmer - Architektur an der Hochschule Luzern","robots":{"index":"index","follow":"follow","max-snippet":"max-snippet:-1","max-image-preview":"max-image-preview:large","max-video-preview":"max-video-preview:-1"},"canonical":"https:\/\/sites.hslu.ch\/architektur\/vortrag-florian-summa-summacumfemmer\/","og_locale":"de_DE","og_type":"article","og_title":"Vortrag Florian Summa, Summacumfemmer - Architektur an der Hochschule Luzern","og_description":"Am 4. April fand der zweite Institutsvortrag des Fr\u00fchlingssemesters 2024 statt. Als Teil unserer Reihe \u00abPositions on Urbanism\u00bb hielt Florian Summa von SUMMACUMFEMMER aus Leipzig einen Vortrag mit dem Titel \u00abNon finito\u00bb.","og_url":"https:\/\/sites.hslu.ch\/architektur\/vortrag-florian-summa-summacumfemmer\/","og_site_name":"Architektur an der Hochschule Luzern","article_published_time":"2024-05-02T07:41:35+00:00","article_modified_time":"2024-05-02T07:41:39+00:00","og_image":[{"width":1920,"height":1080,"url":"https:\/\/sites.hslu.ch\/architektur\/wp-content\/uploads\/sites\/11\/2024\/05\/24fs_5_Vorlesung_FlorianSumma_1502-RRsw.jpg","type":"image\/jpeg"}],"author":"jaramalevez","twitter_card":"summary_large_image","twitter_misc":{"Verfasst von":"jaramalevez","Gesch\u00e4tzte Lesezeit":"2\u00a0Minuten"},"schema":{"@context":"https:\/\/schema.org","@graph":[{"@type":"Article","@id":"https:\/\/sites.hslu.ch\/architektur\/vortrag-florian-summa-summacumfemmer\/#article","isPartOf":{"@id":"https:\/\/sites.hslu.ch\/architektur\/vortrag-florian-summa-summacumfemmer\/"},"author":{"name":"jaramalevez","@id":"https:\/\/sites.hslu.ch\/architektur\/#\/schema\/person\/001cee0914381b1d1d390e0f07da2aad"},"headline":"Vortrag Florian Summa, Summacumfemmer","datePublished":"2024-05-02T07:41:35+00:00","dateModified":"2024-05-02T07:41:39+00:00","mainEntityOfPage":{"@id":"https:\/\/sites.hslu.ch\/architektur\/vortrag-florian-summa-summacumfemmer\/"},"wordCount":281,"image":{"@id":"https:\/\/sites.hslu.ch\/architektur\/vortrag-florian-summa-summacumfemmer\/#primaryimage"},"thumbnailUrl":"https:\/\/sites.hslu.ch\/architektur\/wp-content\/uploads\/sites\/11\/2024\/05\/24fs_5_Vorlesung_FlorianSumma_1502-RRsw.jpg","articleSection":["Events","FS2024","Semester\/Jahr","Vortr\u00e4ge"],"inLanguage":"de"},{"@type":"WebPage","@id":"https:\/\/sites.hslu.ch\/architektur\/vortrag-florian-summa-summacumfemmer\/","url":"https:\/\/sites.hslu.ch\/architektur\/vortrag-florian-summa-summacumfemmer\/","name":"Vortrag Florian Summa, Summacumfemmer - Architektur an der Hochschule Luzern","isPartOf":{"@id":"https:\/\/sites.hslu.ch\/architektur\/#website"},"primaryImageOfPage":{"@id":"https:\/\/sites.hslu.ch\/architektur\/vortrag-florian-summa-summacumfemmer\/#primaryimage"},"image":{"@id":"https:\/\/sites.hslu.ch\/architektur\/vortrag-florian-summa-summacumfemmer\/#primaryimage"},"thumbnailUrl":"https:\/\/sites.hslu.ch\/architektur\/wp-content\/uploads\/sites\/11\/2024\/05\/24fs_5_Vorlesung_FlorianSumma_1502-RRsw.jpg","datePublished":"2024-05-02T07:41:35+00:00","dateModified":"2024-05-02T07:41:39+00:00","author":{"@id":"https:\/\/sites.hslu.ch\/architektur\/#\/schema\/person\/001cee0914381b1d1d390e0f07da2aad"},"breadcrumb":{"@id":"https:\/\/sites.hslu.ch\/architektur\/vortrag-florian-summa-summacumfemmer\/#breadcrumb"},"inLanguage":"de","potentialAction":[{"@type":"ReadAction","target":["https:\/\/sites.hslu.ch\/architektur\/vortrag-florian-summa-summacumfemmer\/"]}]},{"@type":"ImageObject","inLanguage":"de","@id":"https:\/\/sites.hslu.ch\/architektur\/vortrag-florian-summa-summacumfemmer\/#primaryimage","url":"https:\/\/sites.hslu.ch\/architektur\/wp-content\/uploads\/sites\/11\/2024\/05\/24fs_5_Vorlesung_FlorianSumma_1502-RRsw.jpg","contentUrl":"https:\/\/sites.hslu.ch\/architektur\/wp-content\/uploads\/sites\/11\/2024\/05\/24fs_5_Vorlesung_FlorianSumma_1502-RRsw.jpg","width":1920,"height":1080},{"@type":"BreadcrumbList","@id":"https:\/\/sites.hslu.ch\/architektur\/vortrag-florian-summa-summacumfemmer\/#breadcrumb","itemListElement":[{"@type":"ListItem","position":1,"name":"Home","item":"https:\/\/sites.hslu.ch\/architektur\/"},{"@type":"ListItem","position":2,"name":"Vortrag Florian Summa, Summacumfemmer"}]},{"@type":"WebSite","@id":"https:\/\/sites.hslu.ch\/architektur\/#website","url":"https:\/\/sites.hslu.ch\/architektur\/","name":"Architektur an der Hochschule Luzern","description":"","potentialAction":[{"@type":"SearchAction","target":{"@type":"EntryPoint","urlTemplate":"https:\/\/sites.hslu.ch\/architektur\/?s={search_term_string}"},"query-input":{"@type":"PropertyValueSpecification","valueRequired":true,"valueName":"search_term_string"}}],"inLanguage":"de"},{"@type":"Person","@id":"https:\/\/sites.hslu.ch\/architektur\/#\/schema\/person\/001cee0914381b1d1d390e0f07da2aad","name":"jaramalevez","url":"https:\/\/sites.hslu.ch\/architektur\/author\/jaramalevez\/"}]}},"_links":{"self":[{"href":"https:\/\/sites.hslu.ch\/architektur\/wp-json\/wp\/v2\/posts\/33251","targetHints":{"allow":["GET"]}}],"collection":[{"href":"https:\/\/sites.hslu.ch\/architektur\/wp-json\/wp\/v2\/posts"}],"about":[{"href":"https:\/\/sites.hslu.ch\/architektur\/wp-json\/wp\/v2\/types\/post"}],"author":[{"embeddable":true,"href":"https:\/\/sites.hslu.ch\/architektur\/wp-json\/wp\/v2\/users\/44"}],"replies":[{"embeddable":true,"href":"https:\/\/sites.hslu.ch\/architektur\/wp-json\/wp\/v2\/comments?post=33251"}],"version-history":[{"count":8,"href":"https:\/\/sites.hslu.ch\/architektur\/wp-json\/wp\/v2\/posts\/33251\/revisions"}],"predecessor-version":[{"id":33286,"href":"https:\/\/sites.hslu.ch\/architektur\/wp-json\/wp\/v2\/posts\/33251\/revisions\/33286"}],"wp:featuredmedia":[{"embeddable":true,"href":"https:\/\/sites.hslu.ch\/architektur\/wp-json\/wp\/v2\/media\/33272"}],"wp:attachment":[{"href":"https:\/\/sites.hslu.ch\/architektur\/wp-json\/wp\/v2\/media?parent=33251"}],"wp:term":[{"taxonomy":"category","embeddable":true,"href":"https:\/\/sites.hslu.ch\/architektur\/wp-json\/wp\/v2\/categories?post=33251"},{"taxonomy":"post_tag","embeddable":true,"href":"https:\/\/sites.hslu.ch\/architektur\/wp-json\/wp\/v2\/tags?post=33251"}],"curies":[{"name":"wp","href":"https:\/\/api.w.org\/{rel}","templated":true}]}}