{"id":33013,"date":"2025-06-13T14:57:27","date_gmt":"2025-06-13T12:57:27","guid":{"rendered":"https:\/\/sites.hslu.ch\/architektur\/?p=33013"},"modified":"2025-11-12T10:55:43","modified_gmt":"2025-11-12T09:55:43","slug":"circular-time-lab","status":"publish","type":"post","link":"https:\/\/sites.hslu.ch\/architektur\/circular-time-lab\/","title":{"rendered":"circular time lab"},"content":{"rendered":"\n<p class=\"is-style-lead-text\">Das Kompetenzzentrum Typologie &amp; Planung in Architektur und der Bachelorstudiengang Architektur der Hochschule Luzern starteten in diesem Fr\u00fchlingssemester das dreij\u00e4hrige Design-Build-Projekt \u00abCircular Time Lab\u00bb. Dabei entwickeln und erproben Architekturstudierende des 2. Semesters gemeinsam mit Lernenden aus regionalen Holzbaubetrieben Hands-on das kreislauff\u00e4hige Bauen und machen dies inmitten der Stadt Luzern f\u00fcr die breite \u00d6ffentlichkeit erlebbar.<\/p>\n\n\n\n<p>Ziel des gemeinsamen Projekts von Lehre, Forschung und Praxis ist es, den Studierenden und Lernenden \u00fcber eine anwendungsorientierte Herangehensweise eine Plattform zu bieten, um zirkul\u00e4re Praktiken in einem experimentellen Zeitrafferprozess zu testen und den Austausch zwischen den Fachdisziplinen zu f\u00f6rdern.<\/p>\n\n\n\n<figure class=\"wp-block-embed is-type-video is-provider-vimeo wp-block-embed-vimeo wp-embed-aspect-16-9 wp-has-aspect-ratio\"><div class=\"wp-block-embed__wrapper\">\n<iframe loading=\"lazy\" title=\"25FS_BA_CTL_TEASER\" src=\"https:\/\/player.vimeo.com\/video\/1098340628?app_id=122963\" width=\"640\" height=\"360\" frameborder=\"0\" allow=\"autoplay; fullscreen; picture-in-picture; clipboard-write; encrypted-media; web-share\" referrerpolicy=\"strict-origin-when-cross-origin\"><\/iframe>\n<\/div><figcaption class=\"wp-element-caption\">Video \u00fcber das ganze Projekt \u00abcircular time lab\u00bb<\/figcaption><\/figure>\n\n\n\n<figure class=\"wp-block-image size-full is-style-default d-none\"><img loading=\"lazy\" decoding=\"async\" width=\"1920\" height=\"1280\" src=\"https:\/\/sites.hslu.ch\/architektur\/wp-content\/uploads\/sites\/11\/2024\/04\/Nachwuchs_Kreislauf_Holz_GrafikenHub_Titel-02.jpg\" alt=\"\" class=\"wp-image-33014\" srcset=\"https:\/\/sites.hslu.ch\/architektur\/wp-content\/uploads\/sites\/11\/2024\/04\/Nachwuchs_Kreislauf_Holz_GrafikenHub_Titel-02.jpg 1920w, https:\/\/sites.hslu.ch\/architektur\/wp-content\/uploads\/sites\/11\/2024\/04\/Nachwuchs_Kreislauf_Holz_GrafikenHub_Titel-02-300x200.jpg 300w, https:\/\/sites.hslu.ch\/architektur\/wp-content\/uploads\/sites\/11\/2024\/04\/Nachwuchs_Kreislauf_Holz_GrafikenHub_Titel-02-1024x683.jpg 1024w, https:\/\/sites.hslu.ch\/architektur\/wp-content\/uploads\/sites\/11\/2024\/04\/Nachwuchs_Kreislauf_Holz_GrafikenHub_Titel-02-768x512.jpg 768w, https:\/\/sites.hslu.ch\/architektur\/wp-content\/uploads\/sites\/11\/2024\/04\/Nachwuchs_Kreislauf_Holz_GrafikenHub_Titel-02-1536x1024.jpg 1536w, https:\/\/sites.hslu.ch\/architektur\/wp-content\/uploads\/sites\/11\/2024\/04\/Nachwuchs_Kreislauf_Holz_GrafikenHub_Titel-02-600x400.jpg 600w\" sizes=\"auto, (max-width: 1920px) 100vw, 1920px\" \/><\/figure>\n\n\n\n<p>Im Rahmen des Circular Time Lab werden jeweils im Fr\u00fchlingssemester mehrere Holzstrukturen inmitten der Stadt Luzern erstellt. Anschliessend werden diese im Herbstsemester vom jeweils nachfolgenden Kurs zur\u00fcckgebaut und in neuen Konfigurationen im Fr\u00fchling wieder aufgebaut. Die zirkul\u00e4re Logik des st\u00e4ndigen F\u00fcgens, Transportierens, Aufbauens, Abbauens und wieder neu F\u00fcgens wird in diesem Setup auf die Spitze getrieben und das kreislauff\u00e4hige Bauen gleichzeitig sichtbar gemacht.<\/p>\n\n\n\n<p>Der Zeitraffer-Charakter erm\u00f6glicht es, konstruktive Abl\u00e4ufe prozesshaft \u2013 also der Reihe nach \u2013 zu verstehen. Alle vorgeschlagenen Strategien werden experimentell aufgebaut und real getestet. Die daraus gewonnenen Erkenntnisse fliessen kontinuierlich in den weiteren Prozess ein. Die entworfenen Endprodukte \u2013 oder eher Zwischenprodukte \u2013 tragen die prozessualen Gedanken r\u00e4umlich und gestalterisch weiter.<\/p>\n\n\n\n<h3 class=\"wp-block-heading\">Luzerner Sommer<\/h3>\n\n\n\n<p>Durchgef\u00fchrt wird das Design-Build-Projekt jeweils im Rahmen des Entwurfsmoduls Struktur des Bachelorstudiengangs Architektur. Zus\u00e4tzlich zur Grundthematik des zirkul\u00e4ren Bauens steht die Aufgabe jeweils im Kontext der konstruktiven Lehre. Der Titel des Fr\u00fchlingssemesters 2025 \u00abLuzerner Sommer\u00bb und damit der ersten Durchf\u00fchrung des Projekts war Programm: Es wurden drei tempor\u00e4re \u00absommerliche\u00bb Strukturen im urbanen Raum von Luzern errichtet. Alle Bauten sind an \u00f6ffentlichen Orten entstanden, sind frei zug\u00e4nglich und sollen der Stadtbev\u00f6lkerung einen tempor\u00e4ren Mehrwert bieten.<\/p>\n\n\n\n<figure class=\"wp-block-embed is-type-video is-provider-vimeo wp-block-embed-vimeo wp-embed-aspect-16-9 wp-has-aspect-ratio\"><div class=\"wp-block-embed__wrapper\">\n<iframe loading=\"lazy\" title=\"25FS_BA_Circular_Time_Lab_Einleitung_Wolfgang_Rossbauer\" src=\"https:\/\/player.vimeo.com\/video\/1079365475?h=3cec91c32c&amp;app_id=122963\" width=\"640\" height=\"360\" frameborder=\"0\" allow=\"autoplay; fullscreen; picture-in-picture; clipboard-write; encrypted-media; web-share\" referrerpolicy=\"strict-origin-when-cross-origin\"><\/iframe>\n<\/div><figcaption class=\"wp-element-caption\">Wie wird das \u00abCircular Time Lab\u00bb in der Lehre umgesetzt? Erkl\u00e4rungen des Modulverantwortlichen Dozenten Prof. Wolfgang Rossbauer<\/figcaption><\/figure>\n\n\n\n<p>Da die Strukturen zwischen Juni und September stehen, sind sie explizit auf eine sommerliche Nutzung ausgerichtet. Das genaue Nutzungsbild durfte sich sowohl von den konkreten Gegebenheiten der jeweiligen Baupl\u00e4tze beeinflussen lassen als auch von bauklimatischen Betrachtungen zum k\u00fcnftig zu erwartenden sommerlichen Mikroklima in Luzern: Dabei wurden nicht nur (heisse) Tagesbedingungen ber\u00fccksichtigt, sondern auch die Potenziale f\u00fcr eine m\u00f6gliche (tropen-)n\u00e4chtliche Nutzung untersucht. Die Objekte sollen Vielfalt, Begegnung und ein atmosph\u00e4risches Erleben von Holzstrukturen im Stadtraum erzeugen. Ein aussergew\u00f6hnlicher \u00abLuzerner Sommer\u00bb!<\/p>\n\n\n\n<h3 class=\"wp-block-heading\">Forschungsprojekt<\/h3>\n\n\n\n<p>In Bereich der Forschung dient das Circular Time Lab als Pilotprojekt, in welchem Grundlagen wie auch neue Konzepte des zirkul\u00e4ren Bauens im kleinen Rahmen praktisch \u00fcberpr\u00fcft und weiterentwickelt werden k\u00f6nnen. Konkret dient das Circular Time Lab so als Reallabor im laufenden internationalen Kooperationsprojekt <a href=\"https:\/\/sites.hslu.ch\/architektur\/building-circular-in-the-alps\/\" target=\"_blank\" rel=\"noreferrer noopener\">\u00abBAUHALPS \u2013 Building Circular in the Alps\u00bb<\/a>, in welchem 13 Partner:innen aus Deutschland, Frankreich, Italien, \u00d6sterreich, Slowenien und der Schweiz zusammenarbeiten.<\/p>\n\n\n\n<p>Dabei werden in allen beteiligten L\u00e4ndern innovative Konzepte und Methoden erprobt und zukunftsweisende L\u00f6sungen im Bereich des zirkul\u00e4ren Bauens aufgezeigt. Als Ergebnis entsteht ein gemeinsames Toolkit, welches sichtbare und greifbare Impulse setzen soll, um die Kreislaufwirtschaft zu f\u00f6rdern, regionale Wertsch\u00f6pfungsketten zu st\u00e4rken sowie neue Wertsch\u00f6pfungssysteme aufzubauen.<\/p>\n\n\n    <div class=\"ms-gallery \">\n        <div class=\"ms-gallery-sizer\"><\/div>\n        <div class=\"ms-gallery-gutter\"><\/div>\n                                    <div class=\"ms-gallery-item wide\">\n                                                        <a href=\"https:\/\/sites.hslu.ch\/architektur\/wp-content\/uploads\/sites\/11\/2025\/06\/BAUHALPS_Hub_Titelbild_v1_16_9.jpg\" data-lightbox=\"masonery-gallery\"  data-size=\"wide\"  data-title=\"Visual des Kooperationsprojektes BAUHALPS\" data-alt=\"\">\n                        <img decoding=\"async\" class=\"ms-gallery-item__image\"  data-size=\"wide\"  src=\"https:\/\/sites.hslu.ch\/architektur\/wp-content\/uploads\/sites\/11\/2025\/06\/BAUHALPS_Hub_Titelbild_v1_16_9.jpg\" alt=\"\" \/>\n                    <\/a>\n                                            <p>Visual des Kooperationsprojektes BAUHALPS<\/p>\n                                        <\/div>\n\n                                                                                                        <div class=\"ms-gallery-item\">\n                                    <a class=\"ms-gallery-item__overlay\" href=\"https:\/\/player.vimeo.com\/video\/1086007837?h=a2129fd65d&amp;app_id=122963\" data-title=\"Dr. Sonja Geier, Stv. Leiterin des Kompetenzzentrum Typologie &amp; Planung in Architektur (CCTP) zur Einbettung des Projektes in das internationale Kooperationsprojekt \u00abBAUHALPS\u00bb\" data-video=\"true\" data-lightbox=\"masonery-gallery\">\n                                    <\/a>\n                                    <div class=\"embed-container\">\n                                        <iframe loading=\"lazy\" title=\"25FS_BA_CTL_Statement_Sonja_BAUHALPS\" src=\"https:\/\/player.vimeo.com\/video\/1086007837?h=a2129fd65d&amp;app_id=122963\" width=\"640\" height=\"360\" frameborder=\"0\" allow=\"autoplay; fullscreen; picture-in-picture; clipboard-write; encrypted-media; web-share\" referrerpolicy=\"strict-origin-when-cross-origin\"><\/iframe>                                    <\/div>\n                                                                            <p>Dr. Sonja Geier, Stv. Leiterin des Kompetenzzentrum Typologie &amp; Planung in Architektur (CCTP) zur Einbettung des Projektes in das internationale Kooperationsprojekt \u00abBAUHALPS\u00bb<\/p>\n                                                                    <\/div>\n                                                                                                                                                                                                                                                                                <div class=\"ms-gallery-item wide\">\n                                                        <a href=\"https:\/\/sites.hslu.ch\/architektur\/wp-content\/uploads\/sites\/11\/2025\/06\/DSC_1150_1920px.jpg\" data-lightbox=\"masonery-gallery\"  data-size=\"wide\"  data-title=\"Branchenworkshop 2023 zur Abstimmung des circular time lab\" data-alt=\"\">\n                        <img decoding=\"async\" class=\"ms-gallery-item__image\"  data-size=\"wide\"  src=\"https:\/\/sites.hslu.ch\/architektur\/wp-content\/uploads\/sites\/11\/2025\/06\/DSC_1150_1920px.jpg\" alt=\"\" \/>\n                    <\/a>\n                                            <p>Branchenworkshop 2023 zur Abstimmung des circular time lab<\/p>\n                                        <\/div>\n\n                                                                                                                                                            <div class=\"ms-gallery-item\">\n                                    <a class=\"ms-gallery-item__overlay\" href=\"https:\/\/player.vimeo.com\/video\/1109046023?app_id=122963\" data-title=\"Michiel Fehr von der Dienststelle Landwirtschaft &amp; Wald des Kt. Luzern zur Bedeutung des circular time lab f\u00fcr die Waldwirtschaft\" data-video=\"true\" data-lightbox=\"masonery-gallery\">\n                                    <\/a>\n                                    <div class=\"embed-container\">\n                                        <iframe loading=\"lazy\" title=\"25FS_BA_CTL_Statement_Michiel_Fehr_1\" src=\"https:\/\/player.vimeo.com\/video\/1109046023?app_id=122963\" width=\"640\" height=\"360\" frameborder=\"0\" allow=\"autoplay; fullscreen; picture-in-picture; clipboard-write; encrypted-media; web-share\" referrerpolicy=\"strict-origin-when-cross-origin\"><\/iframe>                                    <\/div>\n                                                                            <p>Michiel Fehr von der Dienststelle Landwirtschaft &amp; Wald des Kt. Luzern zur Bedeutung des circular time lab f\u00fcr die Waldwirtschaft<\/p>\n                                                                    <\/div>\n                                                                                                                <div class=\"ms-gallery-item\">\n                                    <a class=\"ms-gallery-item__overlay\" href=\"https:\/\/player.vimeo.com\/video\/1109046277?app_id=122963\" data-title=\"Wie es zur Entwicklung des circular time lab kam\" data-video=\"true\" data-lightbox=\"masonery-gallery\">\n                                    <\/a>\n                                    <div class=\"embed-container\">\n                                        <iframe loading=\"lazy\" title=\"25FS_BA_CTL_Statement_Michiel_Fehr_2\" src=\"https:\/\/player.vimeo.com\/video\/1109046277?app_id=122963\" width=\"640\" height=\"360\" frameborder=\"0\" allow=\"autoplay; fullscreen; picture-in-picture; clipboard-write; encrypted-media; web-share\" referrerpolicy=\"strict-origin-when-cross-origin\"><\/iframe>                                    <\/div>\n                                                                            <p>Wie es zur Entwicklung des circular time lab kam<\/p>\n                                                                    <\/div>\n                                                                                                                <div class=\"ms-gallery-item\">\n                                    <a class=\"ms-gallery-item__overlay\" href=\"https:\/\/player.vimeo.com\/video\/1109046514?app_id=122963\" data-title=\"Michiel Fehr \u00fcber die Zusammenarbeit mit der Hochschule Luzern\" data-video=\"true\" data-lightbox=\"masonery-gallery\">\n                                    <\/a>\n                                    <div class=\"embed-container\">\n                                        <iframe loading=\"lazy\" title=\"25FS_BA_CTL_Statement_Michiel_Fehr_3\" src=\"https:\/\/player.vimeo.com\/video\/1109046514?app_id=122963\" width=\"640\" height=\"360\" frameborder=\"0\" allow=\"autoplay; fullscreen; picture-in-picture; clipboard-write; encrypted-media; web-share\" referrerpolicy=\"strict-origin-when-cross-origin\"><\/iframe>                                    <\/div>\n                                                                            <p>Michiel Fehr \u00fcber die Zusammenarbeit mit der Hochschule Luzern<\/p>\n                                                                    <\/div>\n                                                                                                        <div class=\"ms-gallery-item narrow\">\n                <\/div>\n                <\/div>\n            \n\n\n<p>Dar\u00fcber hinaus k\u00f6nnen auch Ergebnisse aus anderen Projekten des CCTP aufgegriffen und weiterentwickelt werden, z. B. aus dem Kontext des <a href=\"https:\/\/sites.hslu.ch\/architektur\/circularwood\/\" target=\"_blank\" rel=\"noreferrer noopener\">Forschungsprojektes \u00abcircularWOOD\u00bb<\/a>, das gemeinsam mit der TU M\u00fcnchen die aktuelle Situation rund um das zirkul\u00e4re Bauen mit Holz vertieft untersuchte. Die enge Verkn\u00fcpfung mit der Forschung erfordert vom experimentellen Rahmen des Projekts aber auch eine gewisse strukturelle Logik, damit Erkenntnisse wieder korrekt in den Forschungskontext einfliessen k\u00f6nnen.<\/p>\n\n\n\n<h3 class=\"wp-block-heading\">Verbindung, Struktur, Reallabor<\/h3>\n\n\n\n<p>Das Projekt Circular Time Lab startete am 21. Februar 2025 mit einem gemeinsamen Workshop zum Thema \u00abHolz f\u00fcgen\u00bb. In dieser <a href=\"https:\/\/sites.hslu.ch\/architektur\/category\/campus\/materialbibliothek\/\" target=\"_blank\" rel=\"noreferrer noopener\">Materialwerkstatt <\/a>konnten die Studierenden mit Unterst\u00fctzung durch die Lernenden und Ausbildner aus den Holzbaubetrieben Hands-on unterschiedliche Verbindungstechniken des Holzbaus kennenlernen und selbst ausprobieren.<\/p>\n\n\n\n<p>Diese Auseinandersetzungen mit dem Material und die ersten Gedanken an Verbindungen f\u00fcr das zirkul\u00e4re Bauen bildeten die Grundlage f\u00fcr die Vor\u00fcbung und somit den Start in das Semester.<\/p>\n\n\n    <div class=\"ms-gallery \">\n        <div class=\"ms-gallery-sizer\"><\/div>\n        <div class=\"ms-gallery-gutter\"><\/div>\n                                    <div class=\"ms-gallery-item wide\">\n                                                        <a href=\"https:\/\/sites.hslu.ch\/architektur\/wp-content\/uploads\/sites\/11\/2024\/04\/HUB_CTL_Materialwerkstatt_FS25_07.jpg\" data-lightbox=\"masonery-gallery\"  data-size=\"wide\"  data-title=\"\" data-alt=\"\">\n                        <img decoding=\"async\" class=\"ms-gallery-item__image\"  data-size=\"wide\"  src=\"https:\/\/sites.hslu.ch\/architektur\/wp-content\/uploads\/sites\/11\/2024\/04\/HUB_CTL_Materialwerkstatt_FS25_07.jpg\" alt=\"\" \/>\n                    <\/a>\n                                        <\/div>\n\n                                                                                                                                                                <div class=\"ms-gallery-item wide\">\n                                                        <a href=\"https:\/\/sites.hslu.ch\/architektur\/wp-content\/uploads\/sites\/11\/2024\/04\/HUB_CTL_Materialwerkstatt_FS25_03.jpg\" data-lightbox=\"masonery-gallery\"  data-size=\"wide\"  data-title=\"\" data-alt=\"\">\n                        <img decoding=\"async\" class=\"ms-gallery-item__image\"  data-size=\"wide\"  src=\"https:\/\/sites.hslu.ch\/architektur\/wp-content\/uploads\/sites\/11\/2024\/04\/HUB_CTL_Materialwerkstatt_FS25_03.jpg\" alt=\"\" \/>\n                    <\/a>\n                                        <\/div>\n\n                                                                                                                                                                <div class=\"ms-gallery-item wide\">\n                                                        <a href=\"https:\/\/sites.hslu.ch\/architektur\/wp-content\/uploads\/sites\/11\/2024\/04\/HUB_CTL_Materialwerkstatt_FS25_05.jpg\" data-lightbox=\"masonery-gallery\"  data-size=\"wide\"  data-title=\"\" data-alt=\"\">\n                        <img decoding=\"async\" class=\"ms-gallery-item__image\"  data-size=\"wide\"  src=\"https:\/\/sites.hslu.ch\/architektur\/wp-content\/uploads\/sites\/11\/2024\/04\/HUB_CTL_Materialwerkstatt_FS25_05.jpg\" alt=\"\" \/>\n                    <\/a>\n                                        <\/div>\n\n                                                                                                                                                                <div class=\"ms-gallery-item wide\">\n                                                        <a href=\"https:\/\/sites.hslu.ch\/architektur\/wp-content\/uploads\/sites\/11\/2024\/04\/HUB_CTL_Materialwerkstatt_FS25_02.jpg\" data-lightbox=\"masonery-gallery\"  data-size=\"wide\"  data-title=\"\" data-alt=\"\">\n                        <img decoding=\"async\" class=\"ms-gallery-item__image\"  data-size=\"wide\"  src=\"https:\/\/sites.hslu.ch\/architektur\/wp-content\/uploads\/sites\/11\/2024\/04\/HUB_CTL_Materialwerkstatt_FS25_02.jpg\" alt=\"\" \/>\n                    <\/a>\n                                        <\/div>\n\n                                                                                                        <div class=\"ms-gallery-item\">\n                                    <a class=\"ms-gallery-item__overlay\" href=\"https:\/\/player.vimeo.com\/video\/1074279490?app_id=122963\" data-title=\"Video der Materialwerkstatt\" data-video=\"true\" data-lightbox=\"masonery-gallery\">\n                                    <\/a>\n                                    <div class=\"embed-container\">\n                                        <iframe loading=\"lazy\" title=\"25FS_BA_CTL_Materialwerkstatt\" src=\"https:\/\/player.vimeo.com\/video\/1074279490?app_id=122963\" width=\"640\" height=\"360\" frameborder=\"0\" allow=\"autoplay; fullscreen; picture-in-picture; clipboard-write; encrypted-media; web-share\" referrerpolicy=\"strict-origin-when-cross-origin\"><\/iframe>                                    <\/div>\n                                                                            <p>Video der Materialwerkstatt<\/p>\n                                                                    <\/div>\n                                                                                                                    <div class=\"ms-gallery-item wide\">\n                                                        <a href=\"https:\/\/sites.hslu.ch\/architektur\/wp-content\/uploads\/sites\/11\/2024\/04\/HUB_CTL_Materialwerkstatt_FS25_06.jpg\" data-lightbox=\"masonery-gallery\"  data-size=\"wide\"  data-title=\"\" data-alt=\"\">\n                        <img decoding=\"async\" class=\"ms-gallery-item__image\"  data-size=\"wide\"  src=\"https:\/\/sites.hslu.ch\/architektur\/wp-content\/uploads\/sites\/11\/2024\/04\/HUB_CTL_Materialwerkstatt_FS25_06.jpg\" alt=\"\" \/>\n                    <\/a>\n                                        <\/div>\n\n                                                                                                                                                    <div class=\"ms-gallery-item narrow\">\n                <\/div>\n                <\/div>\n            \n\n\n<p>W\u00e4hrend der ersten Wochen experimentierten die Studierenden physisch mit dem Material Holz. Sie arbeiteten im Massstab 1:1 in der Werkstatt und im Atelier. Die Suche nach Raum beginnt mit der realen \u00abfunktionsf\u00e4higen\u00bb F\u00fcgung des Materials. Anschliessend folgte dann die Erarbeitung eines strukturellen und r\u00e4umlichen Entwurfs. Dabei sollten bzw. durften die gewonnenen Erkenntnisse weiterentwickelt werden. Schritt f\u00fcr Schritt wurde die Komplexit\u00e4t erh\u00f6ht. Es entstand ein erstes kreislauff\u00e4higes, architektonisches Projekt.<\/p>\n\n\n\n<figure class=\"wp-block-embed is-type-video is-provider-vimeo wp-block-embed-vimeo wp-embed-aspect-16-9 wp-has-aspect-ratio\"><div class=\"wp-block-embed__wrapper\">\n<iframe loading=\"lazy\" title=\"25FS_BA_Circular_Time_Lab_Erklaerung_Phasen_Wolfgang_Rossbauer\" src=\"https:\/\/player.vimeo.com\/video\/1079464164?h=f2e18d291d&amp;app_id=122963\" width=\"640\" height=\"360\" frameborder=\"0\" allow=\"autoplay; fullscreen; picture-in-picture; clipboard-write; encrypted-media; web-share\" referrerpolicy=\"strict-origin-when-cross-origin\"><\/iframe>\n<\/div><figcaption class=\"wp-element-caption\">Der Modulverantwortliche Dozent Prof. Wolfgang Rossbauer erkl\u00e4rt die drei Phasen des Projektes<\/figcaption><\/figure>\n\n\n    <div class=\"ms-gallery \">\n        <div class=\"ms-gallery-sizer\"><\/div>\n        <div class=\"ms-gallery-gutter\"><\/div>\n                                        <div class=\"ms-gallery-item narrow\">\n                                                            <a href=\"https:\/\/sites.hslu.ch\/architektur\/wp-content\/uploads\/sites\/11\/2025\/04\/CTL_Materialwerkstatt_250221_Hub-02.jpg\" data-lightbox=\"masonery-gallery\"  data-size=\"narrow\"  data-title=\"\" data-alt=\"\">\n                        <img decoding=\"async\" class=\"ms-gallery-item__image\"  data-size=\"narrow\"  src=\"https:\/\/sites.hslu.ch\/architektur\/wp-content\/uploads\/sites\/11\/2025\/04\/CTL_Materialwerkstatt_250221_Hub-02.jpg\" alt=\"\" \/>\n                    <\/a>\n                                        <\/div>\n\n                                                                                                        <div class=\"ms-gallery-item\">\n                                    <a class=\"ms-gallery-item__overlay\" href=\"https:\/\/player.vimeo.com\/video\/1080266519?h=50dd3c0206&amp;app_id=122963\" data-title=\"Verschiedene Pr\u00e4sentationen\" data-video=\"true\" data-lightbox=\"masonery-gallery\">\n                                    <\/a>\n                                    <div class=\"embed-container\">\n                                        <iframe loading=\"lazy\" title=\"25FS_BA_Circular_Time_Lab_Zwischenkritik\" src=\"https:\/\/player.vimeo.com\/video\/1080266519?h=50dd3c0206&amp;app_id=122963\" width=\"640\" height=\"360\" frameborder=\"0\" allow=\"autoplay; fullscreen; picture-in-picture; clipboard-write; encrypted-media; web-share\" referrerpolicy=\"strict-origin-when-cross-origin\"><\/iframe>                                    <\/div>\n                                                                            <p>Verschiedene Pr\u00e4sentationen<\/p>\n                                                                    <\/div>\n                                                                                                                                                                            <div class=\"ms-gallery-item narrow\">\n                                                            <a href=\"https:\/\/sites.hslu.ch\/architektur\/wp-content\/uploads\/sites\/11\/2025\/04\/CTL_Materialwerkstatt_250221_Hub-03.jpg\" data-lightbox=\"masonery-gallery\"  data-size=\"narrow\"  data-title=\"\" data-alt=\"\">\n                        <img decoding=\"async\" class=\"ms-gallery-item__image\"  data-size=\"narrow\"  src=\"https:\/\/sites.hslu.ch\/architektur\/wp-content\/uploads\/sites\/11\/2025\/04\/CTL_Materialwerkstatt_250221_Hub-03.jpg\" alt=\"\" \/>\n                    <\/a>\n                                        <\/div>\n\n                                                                                                                                                                                                                    <div class=\"ms-gallery-item wide\">\n                                                        <a href=\"https:\/\/sites.hslu.ch\/architektur\/wp-content\/uploads\/sites\/11\/2025\/04\/CTL_Materialwerkstatt_250221_Hub-06.jpg\" data-lightbox=\"masonery-gallery\"  data-size=\"wide\"  data-title=\"\" data-alt=\"\">\n                        <img decoding=\"async\" class=\"ms-gallery-item__image\"  data-size=\"wide\"  src=\"https:\/\/sites.hslu.ch\/architektur\/wp-content\/uploads\/sites\/11\/2025\/04\/CTL_Materialwerkstatt_250221_Hub-06.jpg\" alt=\"\" \/>\n                    <\/a>\n                                        <\/div>\n\n                                                                                                                                                            <div class=\"ms-gallery-item\">\n                                    <a class=\"ms-gallery-item__overlay\" href=\"https:\/\/player.vimeo.com\/video\/1080267142?h=c927ac732b&amp;app_id=122963\" data-title=\"Pr\u00e4sentation von Lydia Sidler\" data-video=\"true\" data-lightbox=\"masonery-gallery\">\n                                    <\/a>\n                                    <div class=\"embed-container\">\n                                        <iframe loading=\"lazy\" title=\"25FS_BA_Circular_Time_Lab_Zwischenkritik_Lydia_Sidler\" src=\"https:\/\/player.vimeo.com\/video\/1080267142?h=c927ac732b&amp;app_id=122963\" width=\"640\" height=\"360\" frameborder=\"0\" allow=\"autoplay; fullscreen; picture-in-picture; clipboard-write; encrypted-media; web-share\" referrerpolicy=\"strict-origin-when-cross-origin\"><\/iframe>                                    <\/div>\n                                                                            <p>Pr\u00e4sentation von Lydia Sidler<\/p>\n                                                                    <\/div>\n                                                                                                                    <div class=\"ms-gallery-item wide\">\n                                                        <a href=\"https:\/\/sites.hslu.ch\/architektur\/wp-content\/uploads\/sites\/11\/2025\/04\/CTL_Materialwerkstatt_250221_Hub-05.jpg\" data-lightbox=\"masonery-gallery\"  data-size=\"wide\"  data-title=\"\" data-alt=\"\">\n                        <img decoding=\"async\" class=\"ms-gallery-item__image\"  data-size=\"wide\"  src=\"https:\/\/sites.hslu.ch\/architektur\/wp-content\/uploads\/sites\/11\/2025\/04\/CTL_Materialwerkstatt_250221_Hub-05.jpg\" alt=\"\" \/>\n                    <\/a>\n                                        <\/div>\n\n                                                                                                                                                                                                                    <div class=\"ms-gallery-item wide\">\n                                                        <a href=\"https:\/\/sites.hslu.ch\/architektur\/wp-content\/uploads\/sites\/11\/2025\/04\/CTL_Materialwerkstatt_250221_Hub-04.jpg\" data-lightbox=\"masonery-gallery\"  data-size=\"wide\"  data-title=\"\" data-alt=\"\">\n                        <img decoding=\"async\" class=\"ms-gallery-item__image\"  data-size=\"wide\"  src=\"https:\/\/sites.hslu.ch\/architektur\/wp-content\/uploads\/sites\/11\/2025\/04\/CTL_Materialwerkstatt_250221_Hub-04.jpg\" alt=\"\" \/>\n                    <\/a>\n                                        <\/div>\n\n                                                                                                                                                                                                        <div class=\"ms-gallery-item narrow\">\n                <\/div>\n                <\/div>\n            \n\n\n<p>W\u00e4hrend der letzten Wochen des Semesters folgte dann die Phase 3 \u2013 Reallabor, in der die Studierenden wieder gemeinsam mit den Lernenden aus den regionalen Holzbaubetrieben in grossen Gruppen zu je 25-40 Personen zusammenarbeiteten. Gemeinsam galt es innerhalb k\u00fcrzester Zeit je Gruppe eine (einzige) neue Struktur zu entwickeln, die dann real in der Stadt Luzern ausgef\u00fchrt wurde.<\/p>\n\n\n\n<p>In der Phase 3 wurden die 1:1-Strukturen in einem ersten Schritt in den R\u00e4umlichkeiten des Ateliers Ebenau in Horw vorfabriziert. Nach der Fertigung der Verbindungen und Elementen wurden diese konzentriert in die Stadt Luzern an die jeweiligen Baupl\u00e4tze transportiert und innert k\u00fcrzester Zeit aufgebaut. Sowohl vorgefundene Bedingungen im Atelier Ebenau als auch die Rahmenbedingungen des Transports erh\u00f6hten die Komplexit\u00e4t und beeinflussten den Entwurf und die Ausf\u00fchrung.<\/p>\n\n\n\n<figure class=\"wp-block-embed is-type-video is-provider-vimeo wp-block-embed-vimeo wp-embed-aspect-16-9 wp-has-aspect-ratio\"><div class=\"wp-block-embed__wrapper\">\n<iframe loading=\"lazy\" title=\"25FS_BA_Circular_Time_Lab_Erklaerung_Dritte_Phase_Wolfgang_Rossbauer\" src=\"https:\/\/player.vimeo.com\/video\/1079467746?h=e86448da05&amp;app_id=122963\" width=\"640\" height=\"360\" frameborder=\"0\" allow=\"autoplay; fullscreen; picture-in-picture; clipboard-write; encrypted-media; web-share\" referrerpolicy=\"strict-origin-when-cross-origin\"><\/iframe>\n<\/div><figcaption class=\"wp-element-caption\">Erkl\u00e4rung der dritten Phase des Projekts f\u00fcr die Architekturstudierenden<\/figcaption><\/figure>\n\n\n\n<figure class=\"wp-block-embed is-type-video is-provider-vimeo wp-block-embed-vimeo wp-embed-aspect-16-9 wp-has-aspect-ratio\"><div class=\"wp-block-embed__wrapper\">\n<iframe loading=\"lazy\" title=\"25FS_BA_CTL_Statement_Pascal_Wacker_Dritte_Phase\" src=\"https:\/\/player.vimeo.com\/video\/1084249289?app_id=122963\" width=\"640\" height=\"360\" frameborder=\"0\" allow=\"autoplay; fullscreen; picture-in-picture; clipboard-write; encrypted-media; web-share\" referrerpolicy=\"strict-origin-when-cross-origin\"><\/iframe>\n<\/div><figcaption class=\"wp-element-caption\">Pascal Wacker (Projektleiter Forschung CCTP) erkl\u00e4rt die Arbeitsaufteilung in der dritten Phase<\/figcaption><\/figure>\n\n\n    <div class=\"ms-gallery \">\n        <div class=\"ms-gallery-sizer\"><\/div>\n        <div class=\"ms-gallery-gutter\"><\/div>\n                                        <div class=\"ms-gallery-item narrow\">\n                                                            <a href=\"https:\/\/sites.hslu.ch\/architektur\/wp-content\/uploads\/sites\/11\/2025\/04\/25fs_12_Basic_Struktur_Arbeitsphase_4275.webp\" data-lightbox=\"masonery-gallery\"  data-size=\"narrow\"  data-title=\"\" data-alt=\"\">\n                        <img decoding=\"async\" class=\"ms-gallery-item__image\"  data-size=\"narrow\"  src=\"https:\/\/sites.hslu.ch\/architektur\/wp-content\/uploads\/sites\/11\/2025\/04\/25fs_12_Basic_Struktur_Arbeitsphase_4275.webp\" alt=\"\" \/>\n                    <\/a>\n                                        <\/div>\n\n                                                                                                        <div class=\"ms-gallery-item\">\n                                    <a class=\"ms-gallery-item__overlay\" href=\"https:\/\/player.vimeo.com\/video\/1083931075?app_id=122963\" data-title=\"Die Studentinnen Sara Cota, Astrid Henggeler und Jessica Ramalhos Da Silva messen H\u00f6lzer aus, welche von der Firma K\u00fcng Holzbau AG f\u00fcr das Projekt zur Verf\u00fcgung gestellt werden.\" data-video=\"true\" data-lightbox=\"masonery-gallery\">\n                                    <\/a>\n                                    <div class=\"embed-container\">\n                                        <iframe loading=\"lazy\" title=\"25FS_BA_CTL_Ausmessen_Kueng_Holzbau\" src=\"https:\/\/player.vimeo.com\/video\/1083931075?app_id=122963\" width=\"640\" height=\"360\" frameborder=\"0\" allow=\"autoplay; fullscreen; picture-in-picture; clipboard-write; encrypted-media; web-share\" referrerpolicy=\"strict-origin-when-cross-origin\"><\/iframe>                                    <\/div>\n                                                                            <p>Die Studentinnen Sara Cota, Astrid Henggeler und Jessica Ramalhos Da Silva messen H\u00f6lzer aus, welche von der Firma K\u00fcng Holzbau AG f\u00fcr das Projekt zur Verf\u00fcgung gestellt werden.<\/p>\n                                                                    <\/div>\n                                                                                                                                                                                                                                                                                    <div class=\"ms-gallery-item narrow\">\n                                                            <a href=\"https:\/\/sites.hslu.ch\/architektur\/wp-content\/uploads\/sites\/11\/2025\/04\/25fs_12_Basic_Struktur_Arbeitsphase_4663.webp\" data-lightbox=\"masonery-gallery\"  data-size=\"narrow\"  data-title=\"\" data-alt=\"\">\n                        <img decoding=\"async\" class=\"ms-gallery-item__image\"  data-size=\"narrow\"  src=\"https:\/\/sites.hslu.ch\/architektur\/wp-content\/uploads\/sites\/11\/2025\/04\/25fs_12_Basic_Struktur_Arbeitsphase_4663.webp\" alt=\"\" \/>\n                    <\/a>\n                                        <\/div>\n\n                                                                                                                                                                                                                                                                                                                            <div class=\"ms-gallery-item wide\">\n                                                        <a href=\"https:\/\/sites.hslu.ch\/architektur\/wp-content\/uploads\/sites\/11\/2025\/04\/25fs_12_Basic_Struktur_Arbeitsphase_4529.webp\" data-lightbox=\"masonery-gallery\"  data-size=\"wide\"  data-title=\"\" data-alt=\"\">\n                        <img decoding=\"async\" class=\"ms-gallery-item__image\"  data-size=\"wide\"  src=\"https:\/\/sites.hslu.ch\/architektur\/wp-content\/uploads\/sites\/11\/2025\/04\/25fs_12_Basic_Struktur_Arbeitsphase_4529.webp\" alt=\"\" \/>\n                    <\/a>\n                                        <\/div>\n\n                                                                                                                                                            <div class=\"ms-gallery-item\">\n                                    <a class=\"ms-gallery-item__overlay\" href=\"https:\/\/player.vimeo.com\/video\/1084188605?app_id=122963\" data-title=\"Wir haben Unterst\u00fctzung von verschiedenen Firmen aus der Region. Die Anlieferung des Holzes der Dahinden S\u00e4gewerk AG war Millimeterarbeit...\" data-video=\"true\" data-lightbox=\"masonery-gallery\">\n                                    <\/a>\n                                    <div class=\"embed-container\">\n                                        <iframe loading=\"lazy\" title=\"25FS_BA_CTL_Holzanlieferung_Ebenau\" src=\"https:\/\/player.vimeo.com\/video\/1084188605?app_id=122963\" width=\"640\" height=\"360\" frameborder=\"0\" allow=\"autoplay; fullscreen; picture-in-picture; clipboard-write; encrypted-media; web-share\" referrerpolicy=\"strict-origin-when-cross-origin\"><\/iframe>                                    <\/div>\n                                                                            <p>Wir haben Unterst\u00fctzung von verschiedenen Firmen aus der Region. Die Anlieferung des Holzes der Dahinden S\u00e4gewerk AG war Millimeterarbeit&#8230;<\/p>\n                                                                    <\/div>\n                                                                                                                                                                                                                                <div class=\"ms-gallery-item narrow\">\n                                                            <a href=\"https:\/\/sites.hslu.ch\/architektur\/wp-content\/uploads\/sites\/11\/2025\/04\/25fs_12_Basic_Struktur_Arbeitsphase_4867.webp\" data-lightbox=\"masonery-gallery\"  data-size=\"narrow\"  data-title=\"\" data-alt=\"\">\n                        <img decoding=\"async\" class=\"ms-gallery-item__image\"  data-size=\"narrow\"  src=\"https:\/\/sites.hslu.ch\/architektur\/wp-content\/uploads\/sites\/11\/2025\/04\/25fs_12_Basic_Struktur_Arbeitsphase_4867.webp\" alt=\"\" \/>\n                    <\/a>\n                                        <\/div>\n\n                                                                                                                                                                                                                                                                                                                                <div class=\"ms-gallery-item narrow\">\n                                                            <a href=\"https:\/\/sites.hslu.ch\/architektur\/wp-content\/uploads\/sites\/11\/2025\/04\/25fs_12_Basic_Struktur_Arbeitsphase_4873.webp\" data-lightbox=\"masonery-gallery\"  data-size=\"narrow\"  data-title=\"\" data-alt=\"\">\n                        <img decoding=\"async\" class=\"ms-gallery-item__image\"  data-size=\"narrow\"  src=\"https:\/\/sites.hslu.ch\/architektur\/wp-content\/uploads\/sites\/11\/2025\/04\/25fs_12_Basic_Struktur_Arbeitsphase_4873.webp\" alt=\"\" \/>\n                    <\/a>\n                                        <\/div>\n\n                                                                                                                                                                                                                <div class=\"ms-gallery-item\">\n                                    <a class=\"ms-gallery-item__overlay\" href=\"https:\/\/player.vimeo.com\/video\/1088040431?h=fbdc9f0143&amp;app_id=122963\" data-title=\"Im Tragwerkscoaching wird rege diskutiert und ausgehandelt...\" data-video=\"true\" data-lightbox=\"masonery-gallery\">\n                                    <\/a>\n                                    <div class=\"embed-container\">\n                                        <iframe loading=\"lazy\" title=\"25FS_BA_CTL_Tragwerkscoaching\" src=\"https:\/\/player.vimeo.com\/video\/1088040431?h=fbdc9f0143&amp;app_id=122963\" width=\"640\" height=\"360\" frameborder=\"0\" allow=\"autoplay; fullscreen; picture-in-picture; clipboard-write; encrypted-media; web-share\" referrerpolicy=\"strict-origin-when-cross-origin\"><\/iframe>                                    <\/div>\n                                                                            <p>Im Tragwerkscoaching wird rege diskutiert und ausgehandelt&#8230;<\/p>\n                                                                    <\/div>\n                                                                                                                                                                        <div class=\"ms-gallery-item wide\">\n                                                        <a href=\"https:\/\/sites.hslu.ch\/architektur\/wp-content\/uploads\/sites\/11\/2025\/04\/25fs_12_Basic_Struktur_Arbeitsphase_4607-1.webp\" data-lightbox=\"masonery-gallery\"  data-size=\"wide\"  data-title=\"\" data-alt=\"\">\n                        <img decoding=\"async\" class=\"ms-gallery-item__image\"  data-size=\"wide\"  src=\"https:\/\/sites.hslu.ch\/architektur\/wp-content\/uploads\/sites\/11\/2025\/04\/25fs_12_Basic_Struktur_Arbeitsphase_4607-1.webp\" alt=\"\" \/>\n                    <\/a>\n                                        <\/div>\n\n                                                                                                                                                                                                                                                                                                                                <div class=\"ms-gallery-item narrow\">\n                                                            <a href=\"https:\/\/sites.hslu.ch\/architektur\/wp-content\/uploads\/sites\/11\/2025\/04\/25fs_12_Basic_Struktur_Arbeitsphase_4900.webp\" data-lightbox=\"masonery-gallery\"  data-size=\"narrow\"  data-title=\"\" data-alt=\"\">\n                        <img decoding=\"async\" class=\"ms-gallery-item__image\"  data-size=\"narrow\"  src=\"https:\/\/sites.hslu.ch\/architektur\/wp-content\/uploads\/sites\/11\/2025\/04\/25fs_12_Basic_Struktur_Arbeitsphase_4900.webp\" alt=\"\" \/>\n                    <\/a>\n                                        <\/div>\n\n                                                                                                                                                                                                                                                                                                                                <div class=\"ms-gallery-item narrow\">\n                                                            <a href=\"https:\/\/sites.hslu.ch\/architektur\/wp-content\/uploads\/sites\/11\/2025\/04\/25fs_12_Basic_Struktur_Arbeitsphase_4760.webp\" data-lightbox=\"masonery-gallery\"  data-size=\"narrow\"  data-title=\"\" data-alt=\"\">\n                        <img decoding=\"async\" class=\"ms-gallery-item__image\"  data-size=\"narrow\"  src=\"https:\/\/sites.hslu.ch\/architektur\/wp-content\/uploads\/sites\/11\/2025\/04\/25fs_12_Basic_Struktur_Arbeitsphase_4760.webp\" alt=\"\" \/>\n                    <\/a>\n                                        <\/div>\n\n                                                                                                                                                                                                                                                                    <div class=\"ms-gallery-item\">\n                                    <a class=\"ms-gallery-item__overlay\" href=\"https:\/\/player.vimeo.com\/video\/1088313448?h=25381e7aab&amp;app_id=122963\" data-title=\"Genau wie in der Textilwerkstatt...\" data-video=\"true\" data-lightbox=\"masonery-gallery\">\n                                    <\/a>\n                                    <div class=\"embed-container\">\n                                        <iframe loading=\"lazy\" title=\"25FS_BA_CTL_Textilwerkstatt\" src=\"https:\/\/player.vimeo.com\/video\/1088313448?h=25381e7aab&amp;app_id=122963\" width=\"640\" height=\"360\" frameborder=\"0\" allow=\"autoplay; fullscreen; picture-in-picture; clipboard-write; encrypted-media; web-share\" referrerpolicy=\"strict-origin-when-cross-origin\"><\/iframe>                                    <\/div>\n                                                                            <p>Genau wie in der Textilwerkstatt&#8230;<\/p>\n                                                                    <\/div>\n                                                                                                                    <div class=\"ms-gallery-item wide\">\n                                                        <a href=\"https:\/\/sites.hslu.ch\/architektur\/wp-content\/uploads\/sites\/11\/2025\/04\/25fs_12_Basic_Struktur_Arbeitsphase_4658.webp\" data-lightbox=\"masonery-gallery\"  data-size=\"wide\"  data-title=\"\" data-alt=\"\">\n                        <img decoding=\"async\" class=\"ms-gallery-item__image\"  data-size=\"wide\"  src=\"https:\/\/sites.hslu.ch\/architektur\/wp-content\/uploads\/sites\/11\/2025\/04\/25fs_12_Basic_Struktur_Arbeitsphase_4658.webp\" alt=\"\" \/>\n                    <\/a>\n                                        <\/div>\n\n                                                                                                                                                                                                                                                                                                                <div class=\"ms-gallery-item narrow\">\n                <\/div>\n                <\/div>\n            \n\n    <div class=\"ms-gallery \">\n        <div class=\"ms-gallery-sizer\"><\/div>\n        <div class=\"ms-gallery-gutter\"><\/div>\n                                        <div class=\"ms-gallery-item narrow\">\n                                                            <a href=\"https:\/\/sites.hslu.ch\/architektur\/wp-content\/uploads\/sites\/11\/2025\/04\/25fs_12_Basic_Struktur_Arbeitsphase_4848.webp\" data-lightbox=\"masonery-gallery\"  data-size=\"narrow\"  data-title=\"\" data-alt=\"\">\n                        <img decoding=\"async\" class=\"ms-gallery-item__image\"  data-size=\"narrow\"  src=\"https:\/\/sites.hslu.ch\/architektur\/wp-content\/uploads\/sites\/11\/2025\/04\/25fs_12_Basic_Struktur_Arbeitsphase_4848.webp\" alt=\"\" \/>\n                    <\/a>\n                                        <\/div>\n\n                                                                <div class=\"ms-gallery-item wide\">\n                                                        <a href=\"https:\/\/sites.hslu.ch\/architektur\/wp-content\/uploads\/sites\/11\/2025\/04\/25fs_12_Basic_Struktur_Arbeitsphase_4496.webp\" data-lightbox=\"masonery-gallery\"  data-size=\"wide\"  data-title=\"\" data-alt=\"\">\n                        <img decoding=\"async\" class=\"ms-gallery-item__image\"  data-size=\"wide\"  src=\"https:\/\/sites.hslu.ch\/architektur\/wp-content\/uploads\/sites\/11\/2025\/04\/25fs_12_Basic_Struktur_Arbeitsphase_4496.webp\" alt=\"\" \/>\n                    <\/a>\n                                        <\/div>\n\n                                                                    <div class=\"ms-gallery-item narrow\">\n                                                            <a href=\"https:\/\/sites.hslu.ch\/architektur\/wp-content\/uploads\/sites\/11\/2025\/04\/25fs_12_Basic_Struktur_Arbeitsphase_4881.webp\" data-lightbox=\"masonery-gallery\"  data-size=\"narrow\"  data-title=\"\" data-alt=\"\">\n                        <img decoding=\"async\" class=\"ms-gallery-item__image\"  data-size=\"narrow\"  src=\"https:\/\/sites.hslu.ch\/architektur\/wp-content\/uploads\/sites\/11\/2025\/04\/25fs_12_Basic_Struktur_Arbeitsphase_4881.webp\" alt=\"\" \/>\n                    <\/a>\n                                        <\/div>\n\n                                                                <div class=\"ms-gallery-item wide\">\n                                                        <a href=\"https:\/\/sites.hslu.ch\/architektur\/wp-content\/uploads\/sites\/11\/2025\/04\/25fs_12_Basic_Struktur_Arbeitsphase_4500.webp\" data-lightbox=\"masonery-gallery\"  data-size=\"wide\"  data-title=\"\" data-alt=\"\">\n                        <img decoding=\"async\" class=\"ms-gallery-item__image\"  data-size=\"wide\"  src=\"https:\/\/sites.hslu.ch\/architektur\/wp-content\/uploads\/sites\/11\/2025\/04\/25fs_12_Basic_Struktur_Arbeitsphase_4500.webp\" alt=\"\" \/>\n                    <\/a>\n                                        <\/div>\n\n                                                    <div class=\"ms-gallery-item narrow\">\n                <\/div>\n                <\/div>\n            \n\n\n<p>Das finale Aufbauen der Strukturen fand im Zeitraum vom 10.-13. Juni 2025 statt und wurde mit einem kleinen Richtfest abgeschlossen. Die Schlusskritik des Semesters fand am 26. Juni 2025 bei den Reallabor-Konstrukten statt. Dabei wurde die sommerliche Bespielung der Projekte in das Kritikformat eingebaut und die erste Durchf\u00fchrung des Circular Time Lab gemeinsam abgeschlossen.<\/p>\n\n\n\n<h3 class=\"wp-block-heading\">Struktur Viscosi-Areal Emmenbr\u00fccke<\/h3>\n\n\n    <div class=\"ms-gallery \">\n        <div class=\"ms-gallery-sizer\"><\/div>\n        <div class=\"ms-gallery-gutter\"><\/div>\n                                        <div class=\"ms-gallery-item narrow\">\n                                                            <a href=\"https:\/\/sites.hslu.ch\/architektur\/wp-content\/uploads\/sites\/11\/2025\/06\/25fs_16_Basic_Struktur_Aufbau_6333.webp\" data-lightbox=\"masonery-gallery\"  data-size=\"narrow\"  data-title=\"\" data-alt=\"\">\n                        <img decoding=\"async\" class=\"ms-gallery-item__image\"  data-size=\"narrow\"  src=\"https:\/\/sites.hslu.ch\/architektur\/wp-content\/uploads\/sites\/11\/2025\/06\/25fs_16_Basic_Struktur_Aufbau_6333.webp\" alt=\"\" \/>\n                    <\/a>\n                                        <\/div>\n\n                                                                                                                                                                                                                    <div class=\"ms-gallery-item wide\">\n                                                        <a href=\"https:\/\/sites.hslu.ch\/architektur\/wp-content\/uploads\/sites\/11\/2025\/06\/25fs_16_Basic_Struktur_Aufbau_6365.webp\" data-lightbox=\"masonery-gallery\"  data-size=\"wide\"  data-title=\"\" data-alt=\"\">\n                        <img decoding=\"async\" class=\"ms-gallery-item__image\"  data-size=\"wide\"  src=\"https:\/\/sites.hslu.ch\/architektur\/wp-content\/uploads\/sites\/11\/2025\/06\/25fs_16_Basic_Struktur_Aufbau_6365.webp\" alt=\"\" \/>\n                    <\/a>\n                                        <\/div>\n\n                                                                                                                                                                                                                        <div class=\"ms-gallery-item narrow\">\n                                                            <a href=\"https:\/\/sites.hslu.ch\/architektur\/wp-content\/uploads\/sites\/11\/2025\/06\/25fs_16_Basic_Struktur_Aufbau_6136.webp\" data-lightbox=\"masonery-gallery\"  data-size=\"narrow\"  data-title=\"\" data-alt=\"\">\n                        <img decoding=\"async\" class=\"ms-gallery-item__image\"  data-size=\"narrow\"  src=\"https:\/\/sites.hslu.ch\/architektur\/wp-content\/uploads\/sites\/11\/2025\/06\/25fs_16_Basic_Struktur_Aufbau_6136.webp\" alt=\"\" \/>\n                    <\/a>\n                                        <\/div>\n\n                                                                                                                                                                                                                    <div class=\"ms-gallery-item wide\">\n                                                        <a href=\"https:\/\/sites.hslu.ch\/architektur\/wp-content\/uploads\/sites\/11\/2025\/06\/25fs_16_Basic_Struktur_Aufbau_6229.webp\" data-lightbox=\"masonery-gallery\"  data-size=\"wide\"  data-title=\"\" data-alt=\"\">\n                        <img decoding=\"async\" class=\"ms-gallery-item__image\"  data-size=\"wide\"  src=\"https:\/\/sites.hslu.ch\/architektur\/wp-content\/uploads\/sites\/11\/2025\/06\/25fs_16_Basic_Struktur_Aufbau_6229.webp\" alt=\"\" \/>\n                    <\/a>\n                                        <\/div>\n\n                                                                                                        <div class=\"ms-gallery-item\">\n                                    <a class=\"ms-gallery-item__overlay\" href=\"https:\/\/player.vimeo.com\/video\/1097871511?app_id=122963\" data-title=\"Valentin Renggli, Lernender erz\u00e4hlt von seiner Erfahrung beim circular time lab\" data-video=\"true\" data-lightbox=\"masonery-gallery\">\n                                    <\/a>\n                                    <div class=\"embed-container\">\n                                        <iframe loading=\"lazy\" title=\"25FS_BA_CTL_Statement_Valentin_Renggli\" src=\"https:\/\/player.vimeo.com\/video\/1097871511?app_id=122963\" width=\"640\" height=\"360\" frameborder=\"0\" allow=\"autoplay; fullscreen; picture-in-picture; clipboard-write; encrypted-media; web-share\" referrerpolicy=\"strict-origin-when-cross-origin\"><\/iframe>                                    <\/div>\n                                                                            <p>Valentin Renggli, Lernender erz\u00e4hlt von seiner Erfahrung beim circular time lab<\/p>\n                                                                    <\/div>\n                                                                                                                                                                        <div class=\"ms-gallery-item wide\">\n                                                        <a href=\"https:\/\/sites.hslu.ch\/architektur\/wp-content\/uploads\/sites\/11\/2025\/06\/25fs_16_Basic_Struktur_Aufbau_6148.webp\" data-lightbox=\"masonery-gallery\"  data-size=\"wide\"  data-title=\"\" data-alt=\"\">\n                        <img decoding=\"async\" class=\"ms-gallery-item__image\"  data-size=\"wide\"  src=\"https:\/\/sites.hslu.ch\/architektur\/wp-content\/uploads\/sites\/11\/2025\/06\/25fs_16_Basic_Struktur_Aufbau_6148.webp\" alt=\"\" \/>\n                    <\/a>\n                                        <\/div>\n\n                                                                                                                                                                                                                    <div class=\"ms-gallery-item wide\">\n                                                        <a href=\"https:\/\/sites.hslu.ch\/architektur\/wp-content\/uploads\/sites\/11\/2025\/06\/25fs_16_Basic_Struktur_Aufbau_6453.webp\" data-lightbox=\"masonery-gallery\"  data-size=\"wide\"  data-title=\"\" data-alt=\"\">\n                        <img decoding=\"async\" class=\"ms-gallery-item__image\"  data-size=\"wide\"  src=\"https:\/\/sites.hslu.ch\/architektur\/wp-content\/uploads\/sites\/11\/2025\/06\/25fs_16_Basic_Struktur_Aufbau_6453.webp\" alt=\"\" \/>\n                    <\/a>\n                                        <\/div>\n\n                                                                                                                                                            <div class=\"ms-gallery-item\">\n                                    <a class=\"ms-gallery-item__overlay\" href=\"https:\/\/player.vimeo.com\/video\/1098198210?app_id=122963\" data-title=\"Die Dozierenden Matthew Howell und Thomas Summermatter erz\u00e4hlen, wie sie das Semester erlebt haben.\" data-video=\"true\" data-lightbox=\"masonery-gallery\">\n                                    <\/a>\n                                    <div class=\"embed-container\">\n                                        <iframe loading=\"lazy\" title=\"25FS_BA_CTL_Statement_Matthew_Thomas\" src=\"https:\/\/player.vimeo.com\/video\/1098198210?app_id=122963\" width=\"640\" height=\"360\" frameborder=\"0\" allow=\"autoplay; fullscreen; picture-in-picture; clipboard-write; encrypted-media; web-share\" referrerpolicy=\"strict-origin-when-cross-origin\"><\/iframe>                                    <\/div>\n                                                                            <p>Die Dozierenden Matthew Howell und Thomas Summermatter erz\u00e4hlen, wie sie das Semester erlebt haben.<\/p>\n                                                                    <\/div>\n                                                                                                                    <div class=\"ms-gallery-item wide\">\n                                                        <a href=\"https:\/\/sites.hslu.ch\/architektur\/wp-content\/uploads\/sites\/11\/2025\/06\/25fs_16_Basic_Struktur_Aufbau_6467.webp\" data-lightbox=\"masonery-gallery\"  data-size=\"wide\"  data-title=\"\" data-alt=\"\">\n                        <img decoding=\"async\" class=\"ms-gallery-item__image\"  data-size=\"wide\"  src=\"https:\/\/sites.hslu.ch\/architektur\/wp-content\/uploads\/sites\/11\/2025\/06\/25fs_16_Basic_Struktur_Aufbau_6467.webp\" alt=\"\" \/>\n                    <\/a>\n                                        <\/div>\n\n                                                                                                                                                                                                                    <div class=\"ms-gallery-item wide\">\n                                                        <a href=\"https:\/\/sites.hslu.ch\/architektur\/wp-content\/uploads\/sites\/11\/2025\/06\/25fs_16_Basic_Struktur_Aufbau_6568.webp\" data-lightbox=\"masonery-gallery\"  data-size=\"wide\"  data-title=\"\" data-alt=\"\">\n                        <img decoding=\"async\" class=\"ms-gallery-item__image\"  data-size=\"wide\"  src=\"https:\/\/sites.hslu.ch\/architektur\/wp-content\/uploads\/sites\/11\/2025\/06\/25fs_16_Basic_Struktur_Aufbau_6568.webp\" alt=\"\" \/>\n                    <\/a>\n                                        <\/div>\n\n                                                                                                                                                                                                                    <div class=\"ms-gallery-item wide\">\n                                                        <a href=\"https:\/\/sites.hslu.ch\/architektur\/wp-content\/uploads\/sites\/11\/2025\/06\/25fs_16_Basic_Struktur_Aufbau_6847.webp\" data-lightbox=\"masonery-gallery\"  data-size=\"wide\"  data-title=\"\" data-alt=\"\">\n                        <img decoding=\"async\" class=\"ms-gallery-item__image\"  data-size=\"wide\"  src=\"https:\/\/sites.hslu.ch\/architektur\/wp-content\/uploads\/sites\/11\/2025\/06\/25fs_16_Basic_Struktur_Aufbau_6847.webp\" alt=\"\" \/>\n                    <\/a>\n                                        <\/div>\n\n                                                                                                                                                                                                                        <div class=\"ms-gallery-item narrow\">\n                                                            <a href=\"https:\/\/sites.hslu.ch\/architektur\/wp-content\/uploads\/sites\/11\/2025\/06\/25fs_16_Basic_Struktur_Aufbau_6511.webp\" data-lightbox=\"masonery-gallery\"  data-size=\"narrow\"  data-title=\"\" data-alt=\"\">\n                        <img decoding=\"async\" class=\"ms-gallery-item__image\"  data-size=\"narrow\"  src=\"https:\/\/sites.hslu.ch\/architektur\/wp-content\/uploads\/sites\/11\/2025\/06\/25fs_16_Basic_Struktur_Aufbau_6511.webp\" alt=\"\" \/>\n                    <\/a>\n                                        <\/div>\n\n                                                                                                                                                                                                                        <div class=\"ms-gallery-item narrow\">\n                                                            <a href=\"https:\/\/sites.hslu.ch\/architektur\/wp-content\/uploads\/sites\/11\/2025\/06\/25fs_16_Basic_Struktur_Aufbau_6913.webp\" data-lightbox=\"masonery-gallery\"  data-size=\"narrow\"  data-title=\"\" data-alt=\"\">\n                        <img decoding=\"async\" class=\"ms-gallery-item__image\"  data-size=\"narrow\"  src=\"https:\/\/sites.hslu.ch\/architektur\/wp-content\/uploads\/sites\/11\/2025\/06\/25fs_16_Basic_Struktur_Aufbau_6913.webp\" alt=\"\" \/>\n                    <\/a>\n                                        <\/div>\n\n                                                                                                                                                                                                                    <div class=\"ms-gallery-item wide\">\n                                                        <a href=\"https:\/\/sites.hslu.ch\/architektur\/wp-content\/uploads\/sites\/11\/2025\/06\/25fs_16_Basic_Struktur_Aufbau_6895.webp\" data-lightbox=\"masonery-gallery\"  data-size=\"wide\"  data-title=\"\" data-alt=\"\">\n                        <img decoding=\"async\" class=\"ms-gallery-item__image\"  data-size=\"wide\"  src=\"https:\/\/sites.hslu.ch\/architektur\/wp-content\/uploads\/sites\/11\/2025\/06\/25fs_16_Basic_Struktur_Aufbau_6895.webp\" alt=\"\" \/>\n                    <\/a>\n                                        <\/div>\n\n                                                                                                                                                                                                        <div class=\"ms-gallery-item narrow\">\n                <\/div>\n                <\/div>\n            \n\n\n<h3 class=\"wp-block-heading\">Struktur 1 Inseli Luzern \u00abRe:Frame\u00bb<\/h3>\n\n\n    <div class=\"ms-gallery \">\n        <div class=\"ms-gallery-sizer\"><\/div>\n        <div class=\"ms-gallery-gutter\"><\/div>\n                                    <div class=\"ms-gallery-item wide\">\n                                                        <a href=\"https:\/\/sites.hslu.ch\/architektur\/wp-content\/uploads\/sites\/11\/2025\/06\/25fs_16_Basic_Struktur_Aufbau_6599.webp\" data-lightbox=\"masonery-gallery\"  data-size=\"wide\"  data-title=\"\" data-alt=\"\">\n                        <img decoding=\"async\" class=\"ms-gallery-item__image\"  data-size=\"wide\"  src=\"https:\/\/sites.hslu.ch\/architektur\/wp-content\/uploads\/sites\/11\/2025\/06\/25fs_16_Basic_Struktur_Aufbau_6599.webp\" alt=\"\" \/>\n                    <\/a>\n                                        <\/div>\n\n                                                                                                        <div class=\"ms-gallery-item\">\n                                    <a class=\"ms-gallery-item__overlay\" href=\"https:\/\/player.vimeo.com\/video\/1097838177?app_id=122963\" data-title=\"Der Aufbau der Struktur und was Dozierende, Lernende und Ausbildner dar\u00fcber denken...\" data-video=\"true\" data-lightbox=\"masonery-gallery\">\n                                    <\/a>\n                                    <div class=\"embed-container\">\n                                        <iframe loading=\"lazy\" title=\"25FS_Aufbau_Tribune_Inseli\" src=\"https:\/\/player.vimeo.com\/video\/1097838177?app_id=122963\" width=\"640\" height=\"360\" frameborder=\"0\" allow=\"autoplay; fullscreen; picture-in-picture; clipboard-write; encrypted-media; web-share\" referrerpolicy=\"strict-origin-when-cross-origin\"><\/iframe>                                    <\/div>\n                                                                            <p>Der Aufbau der Struktur und was Dozierende, Lernende und Ausbildner dar\u00fcber denken&#8230;<\/p>\n                                                                    <\/div>\n                                                                                                                    <div class=\"ms-gallery-item wide\">\n                                                        <a href=\"https:\/\/sites.hslu.ch\/architektur\/wp-content\/uploads\/sites\/11\/2025\/06\/25fs_16_Basic_Struktur_Aufbau_6705.webp\" data-lightbox=\"masonery-gallery\"  data-size=\"wide\"  data-title=\"\" data-alt=\"\">\n                        <img decoding=\"async\" class=\"ms-gallery-item__image\"  data-size=\"wide\"  src=\"https:\/\/sites.hslu.ch\/architektur\/wp-content\/uploads\/sites\/11\/2025\/06\/25fs_16_Basic_Struktur_Aufbau_6705.webp\" alt=\"\" \/>\n                    <\/a>\n                                        <\/div>\n\n                                                                                                                                                    <div class=\"ms-gallery-item narrow\">\n                <\/div>\n                <\/div>\n            \n\n\n<h3 class=\"wp-block-heading\">Struktur 2 Inseli Luzern \u00abPilanseli\u00bb<\/h3>\n\n\n    <div class=\"ms-gallery \">\n        <div class=\"ms-gallery-sizer\"><\/div>\n        <div class=\"ms-gallery-gutter\"><\/div>\n                                        <div class=\"ms-gallery-item narrow\">\n                                                            <a href=\"https:\/\/sites.hslu.ch\/architektur\/wp-content\/uploads\/sites\/11\/2025\/06\/25fs_16_Basic_Struktur_Aufbau_6646.webp\" data-lightbox=\"masonery-gallery\"  data-size=\"narrow\"  data-title=\"\" data-alt=\"\">\n                        <img decoding=\"async\" class=\"ms-gallery-item__image\"  data-size=\"narrow\"  src=\"https:\/\/sites.hslu.ch\/architektur\/wp-content\/uploads\/sites\/11\/2025\/06\/25fs_16_Basic_Struktur_Aufbau_6646.webp\" alt=\"\" \/>\n                    <\/a>\n                                        <\/div>\n\n                                                                                                                                                                <div class=\"ms-gallery-item wide\">\n                                                        <a href=\"https:\/\/sites.hslu.ch\/architektur\/wp-content\/uploads\/sites\/11\/2025\/06\/25fs_16_Basic_Struktur_Aufbau_6768.webp\" data-lightbox=\"masonery-gallery\"  data-size=\"wide\"  data-title=\"\" data-alt=\"\">\n                        <img decoding=\"async\" class=\"ms-gallery-item__image\"  data-size=\"wide\"  src=\"https:\/\/sites.hslu.ch\/architektur\/wp-content\/uploads\/sites\/11\/2025\/06\/25fs_16_Basic_Struktur_Aufbau_6768.webp\" alt=\"\" \/>\n                    <\/a>\n                                        <\/div>\n\n                                                                                                                                                                    <div class=\"ms-gallery-item narrow\">\n                                                            <a href=\"https:\/\/sites.hslu.ch\/architektur\/wp-content\/uploads\/sites\/11\/2025\/06\/25fs_16_Basic_Struktur_Aufbau_6654.webp\" data-lightbox=\"masonery-gallery\"  data-size=\"narrow\"  data-title=\"\" data-alt=\"\">\n                        <img decoding=\"async\" class=\"ms-gallery-item__image\"  data-size=\"narrow\"  src=\"https:\/\/sites.hslu.ch\/architektur\/wp-content\/uploads\/sites\/11\/2025\/06\/25fs_16_Basic_Struktur_Aufbau_6654.webp\" alt=\"\" \/>\n                    <\/a>\n                                        <\/div>\n\n                                                                                                        <div class=\"ms-gallery-item\">\n                                    <a class=\"ms-gallery-item__overlay\" href=\"https:\/\/player.vimeo.com\/video\/1099649610?app_id=122963\" data-title=\"Aufbau der zweiten Struktur auf dem Inseli\" data-video=\"true\" data-lightbox=\"masonery-gallery\">\n                                    <\/a>\n                                    <div class=\"embed-container\">\n                                        <iframe loading=\"lazy\" title=\"25FS_BA_CTL_Aufbau_Inseli_2\" src=\"https:\/\/player.vimeo.com\/video\/1099649610?app_id=122963\" width=\"640\" height=\"360\" frameborder=\"0\" allow=\"autoplay; fullscreen; picture-in-picture; clipboard-write; encrypted-media; web-share\" referrerpolicy=\"strict-origin-when-cross-origin\"><\/iframe>                                    <\/div>\n                                                                            <p>Aufbau der zweiten Struktur auf dem Inseli<\/p>\n                                                                    <\/div>\n                                                                                                                        <div class=\"ms-gallery-item narrow\">\n                                                            <a href=\"https:\/\/sites.hslu.ch\/architektur\/wp-content\/uploads\/sites\/11\/2025\/06\/25fs_16_Basic_Struktur_Aufbau_6734.webp\" data-lightbox=\"masonery-gallery\"  data-size=\"narrow\"  data-title=\"\" data-alt=\"\">\n                        <img decoding=\"async\" class=\"ms-gallery-item__image\"  data-size=\"narrow\"  src=\"https:\/\/sites.hslu.ch\/architektur\/wp-content\/uploads\/sites\/11\/2025\/06\/25fs_16_Basic_Struktur_Aufbau_6734.webp\" alt=\"\" \/>\n                    <\/a>\n                                        <\/div>\n\n                                                                                                                                                                <div class=\"ms-gallery-item wide\">\n                                                        <a href=\"https:\/\/sites.hslu.ch\/architektur\/wp-content\/uploads\/sites\/11\/2025\/06\/25fs_16_Basic_Struktur_Aufbau_6677.webp\" data-lightbox=\"masonery-gallery\"  data-size=\"wide\"  data-title=\"\" data-alt=\"\">\n                        <img decoding=\"async\" class=\"ms-gallery-item__image\"  data-size=\"wide\"  src=\"https:\/\/sites.hslu.ch\/architektur\/wp-content\/uploads\/sites\/11\/2025\/06\/25fs_16_Basic_Struktur_Aufbau_6677.webp\" alt=\"\" \/>\n                    <\/a>\n                                        <\/div>\n\n                                                                                                                                                                <div class=\"ms-gallery-item wide\">\n                                                        <a href=\"https:\/\/sites.hslu.ch\/architektur\/wp-content\/uploads\/sites\/11\/2025\/06\/25fs_16_Basic_Struktur_Aufbau_6634.webp\" data-lightbox=\"masonery-gallery\"  data-size=\"wide\"  data-title=\"\" data-alt=\"\">\n                        <img decoding=\"async\" class=\"ms-gallery-item__image\"  data-size=\"wide\"  src=\"https:\/\/sites.hslu.ch\/architektur\/wp-content\/uploads\/sites\/11\/2025\/06\/25fs_16_Basic_Struktur_Aufbau_6634.webp\" alt=\"\" \/>\n                    <\/a>\n                                        <\/div>\n\n                                                                                                                                                    <div class=\"ms-gallery-item narrow\">\n                <\/div>\n                <\/div>\n            \n\n\n<h3 class=\"wp-block-heading\" id=\"LabelSchweizerHolz\">Verleihung Label Schweizer Holz<\/h3>\n\n\n\n<p>Den drei Strukturen des Circular Time Lab wurde das Label Schweizer Holz verliehen. Das Label zeichnet Bauten aus, die zu mindestens 60% aus Schweizer Holz bestehen. Die drei Strukturen wurden aus 9.69 m<sup>3<\/sup> Holz gebaut, wovon 8.74m<sup>3<\/sup> gelabeltes Schweizer Holz sind, was 90.2% entspricht. Bei der Verleihung waren Vertreter*innen des Bundesamtes f\u00fcr Raumentwicklung ARE, der Regierung des Kantons Luzern, des Stadtrats Luzern und der Hochschule anwesend. Alex Bennet, Gesch\u00e4ftsf\u00fchrer der Lignum Holzwirtschaft Zentralschweiz hat das Label \u00fcberreicht. <\/p>\n\n\n    <div class=\"ms-gallery \">\n        <div class=\"ms-gallery-sizer\"><\/div>\n        <div class=\"ms-gallery-gutter\"><\/div>\n                                    <div class=\"ms-gallery-item wide\">\n                                                        <a href=\"https:\/\/sites.hslu.ch\/architektur\/wp-content\/uploads\/sites\/11\/2025\/06\/25hs_1_CircularTimeLab_Verleihung_SchweizerHolz_9641.webp\" data-lightbox=\"masonery-gallery\"  data-size=\"wide\"  data-title=\"\" data-alt=\"\">\n                        <img decoding=\"async\" class=\"ms-gallery-item__image\"  data-size=\"wide\"  src=\"https:\/\/sites.hslu.ch\/architektur\/wp-content\/uploads\/sites\/11\/2025\/06\/25hs_1_CircularTimeLab_Verleihung_SchweizerHolz_9641.webp\" alt=\"\" \/>\n                    <\/a>\n                                        <\/div>\n\n                                                                                                        <div class=\"ms-gallery-item\">\n                                    <a class=\"ms-gallery-item__overlay\" href=\"https:\/\/player.vimeo.com\/video\/1113508965?h=bfd18c5c49&amp;app_id=122963\" data-title=\"Sonja Geier, Stv. Leiterin CCTP begr\u00fcsst zur Verleihung des Labels Schweizer Holz\" data-video=\"true\" data-lightbox=\"masonery-gallery\">\n                                    <\/a>\n                                    <div class=\"embed-container\">\n                                        <iframe loading=\"lazy\" title=\"Verleihung LabelSchweizer Holz_SonjaGeier\" src=\"https:\/\/player.vimeo.com\/video\/1113508965?h=bfd18c5c49&amp;app_id=122963\" width=\"640\" height=\"360\" frameborder=\"0\" allow=\"autoplay; fullscreen; picture-in-picture; clipboard-write; encrypted-media; web-share\" referrerpolicy=\"strict-origin-when-cross-origin\"><\/iframe>                                    <\/div>\n                                                                            <p>Sonja Geier, Stv. Leiterin CCTP begr\u00fcsst zur Verleihung des Labels Schweizer Holz<\/p>\n                                                                    <\/div>\n                                                                                                                                                                                                                                                                                                                                                                                                                                                                                                <div class=\"ms-gallery-item wide\">\n                                                        <a href=\"https:\/\/sites.hslu.ch\/architektur\/wp-content\/uploads\/sites\/11\/2025\/06\/25hs_1_CircularTimeLab_Verleihung_SchweizerHolz_9732.webp\" data-lightbox=\"masonery-gallery\"  data-size=\"wide\"  data-title=\"\" data-alt=\"\">\n                        <img decoding=\"async\" class=\"ms-gallery-item__image\"  data-size=\"wide\"  src=\"https:\/\/sites.hslu.ch\/architektur\/wp-content\/uploads\/sites\/11\/2025\/06\/25hs_1_CircularTimeLab_Verleihung_SchweizerHolz_9732.webp\" alt=\"\" \/>\n                    <\/a>\n                                        <\/div>\n\n                                                                                                                                                                                                                                                                                                                                                                                                                                                                                                                                            <div class=\"ms-gallery-item wide\">\n                                                        <a href=\"https:\/\/sites.hslu.ch\/architektur\/wp-content\/uploads\/sites\/11\/2025\/06\/25hs_1_CircularTimeLab_Verleihung_SchweizerHolz_9834.webp\" data-lightbox=\"masonery-gallery\"  data-size=\"wide\"  data-title=\"\" data-alt=\"\">\n                        <img decoding=\"async\" class=\"ms-gallery-item__image\"  data-size=\"wide\"  src=\"https:\/\/sites.hslu.ch\/architektur\/wp-content\/uploads\/sites\/11\/2025\/06\/25hs_1_CircularTimeLab_Verleihung_SchweizerHolz_9834.webp\" alt=\"\" \/>\n                    <\/a>\n                                        <\/div>\n\n                                                                                                                                                                                                                                                                                                                                                                                                                                                                                                                                                <div class=\"ms-gallery-item narrow\">\n                                                            <a href=\"https:\/\/sites.hslu.ch\/architektur\/wp-content\/uploads\/sites\/11\/2025\/06\/25hs_1_CircularTimeLab_Verleihung_SchweizerHolz_9835.webp\" data-lightbox=\"masonery-gallery\"  data-size=\"narrow\"  data-title=\"\" data-alt=\"\">\n                        <img decoding=\"async\" class=\"ms-gallery-item__image\"  data-size=\"narrow\"  src=\"https:\/\/sites.hslu.ch\/architektur\/wp-content\/uploads\/sites\/11\/2025\/06\/25hs_1_CircularTimeLab_Verleihung_SchweizerHolz_9835.webp\" alt=\"\" \/>\n                    <\/a>\n                                        <\/div>\n\n                                                                                                                                                                                                                                                                                                                                                                                                                                                                                                                                                <div class=\"ms-gallery-item narrow\">\n                                                            <a href=\"https:\/\/sites.hslu.ch\/architektur\/wp-content\/uploads\/sites\/11\/2025\/06\/25hs_1_CircularTimeLab_Verleihung_SchweizerHolz_9842.webp\" data-lightbox=\"masonery-gallery\"  data-size=\"narrow\"  data-title=\"\" data-alt=\"\">\n                        <img decoding=\"async\" class=\"ms-gallery-item__image\"  data-size=\"narrow\"  src=\"https:\/\/sites.hslu.ch\/architektur\/wp-content\/uploads\/sites\/11\/2025\/06\/25hs_1_CircularTimeLab_Verleihung_SchweizerHolz_9842.webp\" alt=\"\" \/>\n                    <\/a>\n                                        <\/div>\n\n                                                                                                                                                            <div class=\"ms-gallery-item\">\n                                    <a class=\"ms-gallery-item__overlay\" href=\"https:\/\/player.vimeo.com\/video\/1113582342?h=68f67bbfd1&amp;app_id=122963\" data-title=\"Stadtr\u00e4tin Korintha B\u00e4rtsch \u00fcber das Engagement der Stadt f\u00fcr das Circular Time Lab\" data-video=\"true\" data-lightbox=\"masonery-gallery\">\n                                    <\/a>\n                                    <div class=\"embed-container\">\n                                        <iframe loading=\"lazy\" title=\"22HS_CTL_Verleihung Label Schweizer Holz_Korintha_Baertsch_V2\" src=\"https:\/\/player.vimeo.com\/video\/1113582342?h=68f67bbfd1&amp;app_id=122963\" width=\"640\" height=\"360\" frameborder=\"0\" allow=\"autoplay; fullscreen; picture-in-picture; clipboard-write; encrypted-media; web-share\" referrerpolicy=\"strict-origin-when-cross-origin\"><\/iframe>                                    <\/div>\n                                                                            <p>Stadtr\u00e4tin Korintha B\u00e4rtsch \u00fcber das Engagement der Stadt f\u00fcr das Circular Time Lab<\/p>\n                                                                    <\/div>\n                                                                                                                <div class=\"ms-gallery-item\">\n                                    <a class=\"ms-gallery-item__overlay\" href=\"https:\/\/player.vimeo.com\/video\/1113520699?h=86a0494709&amp;app_id=122963\" data-title=\"Regierungsrat Fabian Peter \u00fcber das Circular Time Lab als Teil der Offensive Holz\" data-video=\"true\" data-lightbox=\"masonery-gallery\">\n                                    <\/a>\n                                    <div class=\"embed-container\">\n                                        <iframe loading=\"lazy\" title=\"25HS_CTL_Verleihung Label Schweizer Holz_Fabian_Peter\" src=\"https:\/\/player.vimeo.com\/video\/1113520699?h=86a0494709&amp;app_id=122963\" width=\"640\" height=\"360\" frameborder=\"0\" allow=\"autoplay; fullscreen; picture-in-picture; clipboard-write; encrypted-media; web-share\" referrerpolicy=\"strict-origin-when-cross-origin\"><\/iframe>                                    <\/div>\n                                                                            <p>Regierungsrat Fabian Peter \u00fcber das Circular Time Lab als Teil der Offensive Holz<\/p>\n                                                                    <\/div>\n                                                                                                                <div class=\"ms-gallery-item\">\n                                    <a class=\"ms-gallery-item__overlay\" href=\"https:\/\/player.vimeo.com\/video\/1113295174?h=785843c592&amp;app_id=122963\" data-title=\"Torsten Lange, Leiter Institut f\u00fcr Architektur \u00fcber die Bedeutung des Projektes f\u00fcr die HSLU\" data-video=\"true\" data-lightbox=\"masonery-gallery\">\n                                    <\/a>\n                                    <div class=\"embed-container\">\n                                        <iframe loading=\"lazy\" title=\"Verleihung Label Schweizer Holz_Torsten_Lange\" src=\"https:\/\/player.vimeo.com\/video\/1113295174?h=785843c592&amp;app_id=122963\" width=\"640\" height=\"360\" frameborder=\"0\" allow=\"autoplay; fullscreen; picture-in-picture; clipboard-write; encrypted-media; web-share\" referrerpolicy=\"strict-origin-when-cross-origin\"><\/iframe>                                    <\/div>\n                                                                            <p>Torsten Lange, Leiter Institut f\u00fcr Architektur \u00fcber die Bedeutung des Projektes f\u00fcr die HSLU<\/p>\n                                                                    <\/div>\n                                                                                                                <div class=\"ms-gallery-item\">\n                                    <a class=\"ms-gallery-item__overlay\" href=\"https:\/\/player.vimeo.com\/video\/1113520231?h=550fceb75f&amp;app_id=122963\" data-title=\"Boris Gusic, Studiengangleiter Bachelor Architektur zur Bedeutung f\u00fcr die Studierenden\" data-video=\"true\" data-lightbox=\"masonery-gallery\">\n                                    <\/a>\n                                    <div class=\"embed-container\">\n                                        <iframe loading=\"lazy\" title=\"Verleihung Label Schweizer Holz_Boris_Gusic\" src=\"https:\/\/player.vimeo.com\/video\/1113520231?h=550fceb75f&amp;app_id=122963\" width=\"640\" height=\"360\" frameborder=\"0\" allow=\"autoplay; fullscreen; picture-in-picture; clipboard-write; encrypted-media; web-share\" referrerpolicy=\"strict-origin-when-cross-origin\"><\/iframe>                                    <\/div>\n                                                                            <p>Boris Gusic, Studiengangleiter Bachelor Architektur zur Bedeutung f\u00fcr die Studierenden<\/p>\n                                                                    <\/div>\n                                                                                                                                                                                                                                                                                    <div class=\"ms-gallery-item narrow\">\n                                                            <a href=\"https:\/\/sites.hslu.ch\/architektur\/wp-content\/uploads\/sites\/11\/2025\/06\/25hs_1_CircularTimeLab_Verleihung_SchweizerHolz_9867.webp\" data-lightbox=\"masonery-gallery\"  data-size=\"narrow\"  data-title=\"\" data-alt=\"\">\n                        <img decoding=\"async\" class=\"ms-gallery-item__image\"  data-size=\"narrow\"  src=\"https:\/\/sites.hslu.ch\/architektur\/wp-content\/uploads\/sites\/11\/2025\/06\/25hs_1_CircularTimeLab_Verleihung_SchweizerHolz_9867.webp\" alt=\"\" \/>\n                    <\/a>\n                                        <\/div>\n\n                                                                                                                                                                                                                                                                                                                                                                                                                                                                                                                                            <div class=\"ms-gallery-item wide\">\n                                                        <a href=\"https:\/\/sites.hslu.ch\/architektur\/wp-content\/uploads\/sites\/11\/2025\/06\/25hs_1_CircularTimeLab_Verleihung_SchweizerHolz_9627.webp\" data-lightbox=\"masonery-gallery\"  data-size=\"wide\"  data-title=\"\" data-alt=\"\">\n                        <img decoding=\"async\" class=\"ms-gallery-item__image\"  data-size=\"wide\"  src=\"https:\/\/sites.hslu.ch\/architektur\/wp-content\/uploads\/sites\/11\/2025\/06\/25hs_1_CircularTimeLab_Verleihung_SchweizerHolz_9627.webp\" alt=\"\" \/>\n                    <\/a>\n                                        <\/div>\n\n                                                                                                                                                                                                                                                                                                                                                                            <div class=\"ms-gallery-item\">\n                                    <a class=\"ms-gallery-item__overlay\" href=\"https:\/\/player.vimeo.com\/video\/1113510881?h=202bb91764&amp;app_id=122963\" data-title=\"Projektleiter Forschung Pascal Wacker \u00fcber den Zeitraffercharakter des Projektes\" data-video=\"true\" data-lightbox=\"masonery-gallery\">\n                                    <\/a>\n                                    <div class=\"embed-container\">\n                                        <iframe loading=\"lazy\" title=\"Verleihung Label Schweizer Holz_Pascal_Wacker\" src=\"https:\/\/player.vimeo.com\/video\/1113510881?h=202bb91764&amp;app_id=122963\" width=\"640\" height=\"360\" frameborder=\"0\" allow=\"autoplay; fullscreen; picture-in-picture; clipboard-write; encrypted-media; web-share\" referrerpolicy=\"strict-origin-when-cross-origin\"><\/iframe>                                    <\/div>\n                                                                            <p>Projektleiter Forschung Pascal Wacker \u00fcber den Zeitraffercharakter des Projektes<\/p>\n                                                                    <\/div>\n                                                                                                                <div class=\"ms-gallery-item\">\n                                    <a class=\"ms-gallery-item__overlay\" href=\"https:\/\/player.vimeo.com\/video\/1113519976?h=7b10ba4091&amp;app_id=122963\" data-title=\"Alex Bennet, Gesch\u00e4ftsf\u00fchrer Lignum Holzwirtschaft Zentralschweiz, der das Label Schweizer Holz \u00fcbergeben durfte.\" data-video=\"true\" data-lightbox=\"masonery-gallery\">\n                                    <\/a>\n                                    <div class=\"embed-container\">\n                                        <iframe loading=\"lazy\" title=\"Verleihung Label Schweizer Holz_Alex_Bennet\" src=\"https:\/\/player.vimeo.com\/video\/1113519976?h=7b10ba4091&amp;app_id=122963\" width=\"640\" height=\"360\" frameborder=\"0\" allow=\"autoplay; fullscreen; picture-in-picture; clipboard-write; encrypted-media; web-share\" referrerpolicy=\"strict-origin-when-cross-origin\"><\/iframe>                                    <\/div>\n                                                                            <p>Alex Bennet, Gesch\u00e4ftsf\u00fchrer Lignum Holzwirtschaft Zentralschweiz, der das Label Schweizer Holz \u00fcbergeben durfte.<\/p>\n                                                                    <\/div>\n                                                                                                                <div class=\"ms-gallery-item\">\n                                    <a class=\"ms-gallery-item__overlay\" href=\"https:\/\/player.vimeo.com\/video\/1113521006?h=0a80db9387&amp;app_id=122963\" data-title=\"Silvia Jost, Sektionschefin Mobilit\u00e4t und Internationales des Bundesamt f\u00fcr Raumentwicklung ARE zu den internationalen Aspekten des Projektes \" data-video=\"true\" data-lightbox=\"masonery-gallery\">\n                                    <\/a>\n                                    <div class=\"embed-container\">\n                                        <iframe loading=\"lazy\" title=\"Verleihung Label Schweizer Holz_Silvia_Jost\" src=\"https:\/\/player.vimeo.com\/video\/1113521006?h=0a80db9387&amp;app_id=122963\" width=\"640\" height=\"360\" frameborder=\"0\" allow=\"autoplay; fullscreen; picture-in-picture; clipboard-write; encrypted-media; web-share\" referrerpolicy=\"strict-origin-when-cross-origin\"><\/iframe>                                    <\/div>\n                                                                            <p>Silvia Jost, Sektionschefin Mobilit\u00e4t und Internationales des Bundesamt f\u00fcr Raumentwicklung ARE zu den internationalen Aspekten des Projektes <\/p>\n                                                                    <\/div>\n                                                                                                        <div class=\"ms-gallery-item narrow\">\n                <\/div>\n                <\/div>\n            \n\n\n<h3 class=\"wp-block-heading\">Circular Time Lab<\/h3>\n\n\n\n<p>Der Abschluss der ersten Durchf\u00fchrung des Projekts ist der Start f\u00fcr die n\u00e4chste. Um die zirkul\u00e4re Logik des st\u00e4ndigen F\u00fcgens, Transportierens, Aufbauens, Abbauens und wieder neu F\u00fcgens im Zeitrafferprozess real zu testen, starten die Studierenden des kommenden Herbstsemesters mit dem R\u00fcckbau der drei Strukturen. Diese werden wieder nach Horw transportiert und systematisch geordnet eingelagert. Im Fr\u00fchlings 2026 kann anschliessend mit exakt denselben Teilen eine neue Entwurfsreise beginnen. Es gilt also so zu handeln, dass Bauteile und Materialien nicht nur m\u00f6glichst lange genutzt werden k\u00f6nnen, sondern auch ein spannendes Nachleben m\u00f6glich ist.<\/p>\n\n\n\n<figure class=\"wp-block-embed is-type-video is-provider-vimeo wp-block-embed-vimeo wp-embed-aspect-16-9 wp-has-aspect-ratio\"><div class=\"wp-block-embed__wrapper\">\n<iframe loading=\"lazy\" title=\"25FS_BA_CTL_Statement_Pascal_Wacker\" src=\"https:\/\/player.vimeo.com\/video\/1084250894?app_id=122963\" width=\"640\" height=\"360\" frameborder=\"0\" allow=\"autoplay; fullscreen; picture-in-picture; clipboard-write; encrypted-media; web-share\" referrerpolicy=\"strict-origin-when-cross-origin\"><\/iframe>\n<\/div><figcaption class=\"wp-element-caption\">Pascal Wacker (Projektleiter Forschung CCTP) erkl\u00e4rt das Zeitrafferlabor<\/figcaption><\/figure>\n\n\n\n<h3 class=\"wp-block-heading\">Organisation<\/h3>\n\n\n\n<p><strong>Projektleitung<\/strong><br>Hochschule Luzern \u2013 Technik &amp; Architektur<br>Institut f\u00fcr Architektur IAR<br><br>Kompetenzzentrum Typologie &amp; Planung in Architektur CCTP<br>Bachelor in Architektur \u2013 Projektmodul Struktur<\/p>\n\n\n\n<p><strong>Laufzeit:<\/strong> 2025 \u2013 2027<\/p>\n\n\n\n<h3 class=\"wp-block-heading\">Kontakt<\/h3>\n\n\n\n<p><strong>Pascal Wacker<\/strong><br>Projektleitung Forschung<br>Kompetenzzentrum Typologie &amp; Planung in Architektur (CCTP)<br><a href=\"m&#97;&#105;&#x6c;&#x74;&#x6f;:&#112;&#97;&#x73;&#x63;&#x61;l&#46;&#119;&#x61;&#x63;&#x6b;er&#64;&#104;&#x73;&#x6c;&#x75;&#46;&#99;&#104;\">&#x70;&#97;&#x73;&#x63;a&#x6c;&#46;w&#x61;&#99;k&#x65;&#114;&#x40;&#x68;s&#x6c;&#117;&#46;&#x63;&#104;<\/a><\/p>\n\n\n\n<p><strong>Wolfgang Rossbauer<\/strong><br>Projektleitung Lehre<br>Bachelor in Architektur \u2013 Projektmodul Struktur<br><a href=\"&#x6d;&#x61;&#x69;&#x6c;&#x74;&#111;&#58;&#119;&#111;lfg&#x61;&#x6e;&#x67;&#x2e;&#x72;&#x6f;&#115;&#115;&#98;aue&#x72;&#x40;&#x68;&#x73;&#x6c;&#x75;&#46;&#99;&#104;\">&#119;&#x6f;&#108;&#x66;g&#97;&#x6e;&#103;&#x2e;r&#x6f;s&#115;&#x62;&#97;&#x75;e&#x72;&#x40;&#104;&#x73;l&#x75;&#46;&#99;&#x68;<\/a><\/p>\n\n\n\n<p><strong>Beat Roos<\/strong><br>Projektkoordination Praxis<br>schaerholzbau ag<br><a href=\"&#x6d;&#x61;&#105;l&#x74;&#x6f;&#x3a;&#98;e&#x61;&#x74;&#x2e;&#114;o&#x6f;&#x73;&#x40;&#115;c&#x68;&#x61;&#x65;&#114;h&#x6f;&#x6c;&#x7a;&#98;a&#x75;&#x2e;&#x63;&#104;\">&#x62;&#101;a&#x74;&#x2e;&#114;o&#x6f;&#x73;&#64;s&#x63;&#x68;&#97;e&#x72;&#x68;&#111;l&#x7a;&#98;&#97;u&#x2e;&#99;h<\/a><\/p>\n\n\n\n<h3 class=\"wp-block-heading\">Projektbeteiligte<\/h3>\n\n\n\n<p><strong>Forschungsteam<\/strong><br>Kompetenzzentrum Typologie &amp; Planung in Architektur CCTP:<br>Pascal Wacker, Sonja Geier<\/p>\n\n\n\n<p><strong>Team Lehre IAR<\/strong><br>Bachelor in Architektur \u2013 Projektmodul Struktur<br>Modulverantwortlicher: Wolfgang Rossbauer<br>Lehrteam: Matthew Howell, Thomas Summermatter, Rabea Kalbermatten, Norma Tollmann, Ioannis Piertzovanis, Bianca Anna Boeckle<br>Assistierende: Jana Mulle, Achille Pat\u00e0<br>Materialbibliothek &amp; Materialit\u00e4t@hslu: Susanne Triller<\/p>\n\n\n\n<p><strong>Praxisteam<\/strong><br>schaerholzbau AG: Beat Roos &amp; Lernende<br>Tschopp Holzbau AG: Roland Walthert &amp; Lernende<br>Haupt AG: Thomas Bitzi &amp; Lernende<br>Dubach Holzbau AG: Christoph Minder &amp; Lernende<br>erni Holzbau AG: Emil H\u00fcsser &amp; Lernende<\/p>\n\n\n\n<figure class=\"wp-block-image size-full\"><img loading=\"lazy\" decoding=\"async\" width=\"1920\" height=\"1351\" src=\"https:\/\/sites.hslu.ch\/architektur\/wp-content\/uploads\/sites\/11\/2025\/06\/CTL_PartnerschaftenLogos_2025-08_w_hub.png\" alt=\"\" class=\"wp-image-45267\" srcset=\"https:\/\/sites.hslu.ch\/architektur\/wp-content\/uploads\/sites\/11\/2025\/06\/CTL_PartnerschaftenLogos_2025-08_w_hub.png 1920w, https:\/\/sites.hslu.ch\/architektur\/wp-content\/uploads\/sites\/11\/2025\/06\/CTL_PartnerschaftenLogos_2025-08_w_hub-300x211.png 300w, https:\/\/sites.hslu.ch\/architektur\/wp-content\/uploads\/sites\/11\/2025\/06\/CTL_PartnerschaftenLogos_2025-08_w_hub-1024x721.png 1024w, https:\/\/sites.hslu.ch\/architektur\/wp-content\/uploads\/sites\/11\/2025\/06\/CTL_PartnerschaftenLogos_2025-08_w_hub-768x540.png 768w, https:\/\/sites.hslu.ch\/architektur\/wp-content\/uploads\/sites\/11\/2025\/06\/CTL_PartnerschaftenLogos_2025-08_w_hub-1536x1081.png 1536w, https:\/\/sites.hslu.ch\/architektur\/wp-content\/uploads\/sites\/11\/2025\/06\/CTL_PartnerschaftenLogos_2025-08_w_hub-600x422.png 600w\" sizes=\"auto, (max-width: 1920px) 100vw, 1920px\" \/><\/figure>\n\n\n\n<p><a href=\"https:\/\/sites.hslu.ch\/architektur\/building-circular-in-the-alps\/\" target=\"_blank\" rel=\"noreferrer noopener\">Das Circular Time Lab als Schweizer Reallabor des europ\u00e4ischen Alpine Space-Projektes BAUHALPS wird im Rahmen der Neuen Regionalpolitik NRP des Staatssekretariates f\u00fcr Wirtschaft SECO \u00fcber den Fonds f\u00fcr Regionalentwicklung, sowie der Dienststelle Landwirtschaft und Wald des Kantons Luzern (lawa) und durch Eigenmittel der Hochschule Luzern kofinanziert und vom Bundesamt f\u00fcr Raumentwicklung (ARE) begleitet.<\/a><\/p>\n\n\n\n<h3 class=\"wp-block-heading\">Presse<\/h3>\n\n\n\n<p>\u00dcber das circular time lab wurde in verschiedenen Medien berichtet:<br>\u2013 <a href=\"https:\/\/www.zebi.ch\/de\/c\/wo-ideen-gestalt-annehmen.71848\" target=\"_blank\" rel=\"noreferrer noopener\">Artikel im Zebi Magazin, 31.10.2025<\/a><br>\u2013 <a href=\"https:\/\/education.espazium.ch\/de\/hochschulpublikationen\/circular-time-lab-reallabor-zirkularitat-hslu\" target=\"_blank\" rel=\"noreferrer noopener\">Artikel auf Espazium, 28.10.2025<\/a><br>\u2013 <a href=\"https:\/\/sites.hslu.ch\/architektur\/wp-content\/uploads\/sites\/11\/2025\/06\/Artikel_LuzernerZeitung_20250608.pdf\" target=\"_blank\" rel=\"noreferrer noopener\">Artikel in der Luzerner Zeitung (und weiteren), 8.6.2025<\/a><br>\u2013 <a href=\"https:\/\/lignum-zentral.ch\/de\/206\/info\/blog\/140\/circular-time-lab-%7C-der-luzerner-sommer\/\" target=\"_blank\" rel=\"noreferrer noopener\">Blog von Lignum Holzwirtschaft Zentralschweiz, 8.5.2025<\/a> <br>\u2013 <a href=\"https:\/\/www.luzern-business.ch\/de\/news\/studierende-und-lernende-bauen-zirkulaere-schattenspender-aus-holz-15418\" target=\"_blank\" rel=\"noreferrer noopener\">Artikel auf Luzern-Business, 13.6.2025<\/a><br>\u2013 <a href=\"https:\/\/mailing.hslu.ch\/html_mail.jsp?params=IjGkp3AdHVY4OzmZ2b3MzPldYmbaBYjnShXu4XDSo4Xu5Pt2cLrhDqfFQxE9krEfUw5YYUaGSDJFjgO%2FZKrbfJGLGGew6YPUczR3Kf0lwlA%3D\" target=\"_blank\" rel=\"noreferrer noopener\">Artikel im Newsletter \u00abNews&amp;Stories\u00bb der Hochschule Luzern, 3.7.2025<\/a><br>\u2013 <a href=\"https:\/\/www.immo-invest.ch\/zirkulaer-denken-gemeinsam-bauen\/\" target=\"_blank\" rel=\"noreferrer noopener\">Artikel auf der Webseite immo-invest.ch, 8.7.2025<\/a><br>\u2013 <a href=\"https:\/\/schaerholzbau.ch\/aktuelles\/circular-time-lab\/\" target=\"_blank\" rel=\"noreferrer noopener\">Artikel auf der Webseite von schaerholzbau, Juli 2025<\/a><br><\/p>\n\n\n\n<p><\/p>\n","protected":false},"excerpt":{"rendered":"<p>Das Kompetenzzentrum Typologie &amp; Planung in Architektur und der Bachelorstudiengang Architektur der Hochschule Luzern starteten mit diesem Fr\u00fchlingssemester das dreij\u00e4hrige Design-Build-Projekt \u00abCircular Time Lab\u00bb. Dabei entwickeln und erproben Architekturstudierende des 2. Semesters gemeinsam mit Lernenden aus regionalen Holzbaubetrieben Hands-on das kreislauff\u00e4hige Bauen und machen dies inmitten der Stadt Luzern f\u00fcr die breite \u00d6ffentlichkeit erlebbar.<\/p>\n","protected":false},"author":44,"featured_media":42602,"comment_status":"closed","ping_status":"closed","sticky":false,"template":"","format":"standard","meta":{"_acf_changed":false,"footnotes":""},"categories":[6,39,33,269,15,22],"tags":[],"class_list":["post-33013","post","type-post","status-publish","format-standard","has-post-thumbnail","hentry","category-bachelor-architektur","category-cctp-projekte","category-forschung","category-fs2025","category-projektmodule","category-semester-jahr"],"acf":[],"yoast_head":"<!-- This site is optimized with the Yoast SEO plugin v27.5 - https:\/\/yoast.com\/product\/yoast-seo-wordpress\/ -->\n<title>circular time lab - Architektur an der Hochschule Luzern<\/title>\n<meta name=\"robots\" content=\"index, follow, max-snippet:-1, max-image-preview:large, max-video-preview:-1\" \/>\n<link rel=\"canonical\" href=\"https:\/\/sites.hslu.ch\/architektur\/circular-time-lab\/\" \/>\n<meta property=\"og:locale\" content=\"de_DE\" \/>\n<meta property=\"og:type\" content=\"article\" \/>\n<meta property=\"og:title\" content=\"circular time lab - Architektur an der Hochschule Luzern\" \/>\n<meta property=\"og:description\" content=\"Das Kompetenzzentrum Typologie &amp; Planung in Architektur und der Bachelorstudiengang Architektur der Hochschule Luzern starteten mit diesem Fr\u00fchlingssemester das dreij\u00e4hrige Design-Build-Projekt \u00abCircular Time Lab\u00bb. Dabei entwickeln und erproben Architekturstudierende des 2. Semesters gemeinsam mit Lernenden aus regionalen Holzbaubetrieben Hands-on das kreislauff\u00e4hige Bauen und machen dies inmitten der Stadt Luzern f\u00fcr die breite \u00d6ffentlichkeit erlebbar.\" \/>\n<meta property=\"og:url\" content=\"https:\/\/sites.hslu.ch\/architektur\/circular-time-lab\/\" \/>\n<meta property=\"og:site_name\" content=\"Architektur an der Hochschule Luzern\" \/>\n<meta property=\"article:published_time\" content=\"2025-06-13T12:57:27+00:00\" \/>\n<meta property=\"article:modified_time\" content=\"2025-11-12T09:55:43+00:00\" \/>\n<meta property=\"og:image\" content=\"https:\/\/sites.hslu.ch\/architektur\/wp-content\/uploads\/sites\/11\/2025\/04\/25fs_12_Basic_Struktur_Arbeitsphase_4760.webp\" \/>\n\t<meta property=\"og:image:width\" content=\"1280\" \/>\n\t<meta property=\"og:image:height\" content=\"1920\" \/>\n\t<meta property=\"og:image:type\" content=\"image\/webp\" \/>\n<meta name=\"author\" content=\"jaramalevez\" \/>\n<meta name=\"twitter:card\" content=\"summary_large_image\" \/>\n<meta name=\"twitter:label1\" content=\"Verfasst von\" \/>\n\t<meta name=\"twitter:data1\" content=\"jaramalevez\" \/>\n\t<meta name=\"twitter:label2\" content=\"Gesch\u00e4tzte Lesezeit\" \/>\n\t<meta name=\"twitter:data2\" content=\"9\u00a0Minuten\" \/>\n<script type=\"application\/ld+json\" class=\"yoast-schema-graph\">{\"@context\":\"https:\\\/\\\/schema.org\",\"@graph\":[{\"@type\":\"Article\",\"@id\":\"https:\\\/\\\/sites.hslu.ch\\\/architektur\\\/circular-time-lab\\\/#article\",\"isPartOf\":{\"@id\":\"https:\\\/\\\/sites.hslu.ch\\\/architektur\\\/circular-time-lab\\\/\"},\"author\":{\"name\":\"jaramalevez\",\"@id\":\"https:\\\/\\\/sites.hslu.ch\\\/architektur\\\/#\\\/schema\\\/person\\\/001cee0914381b1d1d390e0f07da2aad\"},\"headline\":\"circular time lab\",\"datePublished\":\"2025-06-13T12:57:27+00:00\",\"dateModified\":\"2025-11-12T09:55:43+00:00\",\"mainEntityOfPage\":{\"@id\":\"https:\\\/\\\/sites.hslu.ch\\\/architektur\\\/circular-time-lab\\\/\"},\"wordCount\":1504,\"image\":{\"@id\":\"https:\\\/\\\/sites.hslu.ch\\\/architektur\\\/circular-time-lab\\\/#primaryimage\"},\"thumbnailUrl\":\"https:\\\/\\\/sites.hslu.ch\\\/architektur\\\/wp-content\\\/uploads\\\/sites\\\/11\\\/2025\\\/04\\\/25fs_12_Basic_Struktur_Arbeitsphase_4760.webp\",\"articleSection\":[\"Bachelor Architektur\",\"CCTP Projekte\",\"Forschung\",\"FS2025\",\"Projektmodule\",\"Semester\\\/Jahr\"],\"inLanguage\":\"de\"},{\"@type\":\"WebPage\",\"@id\":\"https:\\\/\\\/sites.hslu.ch\\\/architektur\\\/circular-time-lab\\\/\",\"url\":\"https:\\\/\\\/sites.hslu.ch\\\/architektur\\\/circular-time-lab\\\/\",\"name\":\"circular time lab - Architektur an der Hochschule Luzern\",\"isPartOf\":{\"@id\":\"https:\\\/\\\/sites.hslu.ch\\\/architektur\\\/#website\"},\"primaryImageOfPage\":{\"@id\":\"https:\\\/\\\/sites.hslu.ch\\\/architektur\\\/circular-time-lab\\\/#primaryimage\"},\"image\":{\"@id\":\"https:\\\/\\\/sites.hslu.ch\\\/architektur\\\/circular-time-lab\\\/#primaryimage\"},\"thumbnailUrl\":\"https:\\\/\\\/sites.hslu.ch\\\/architektur\\\/wp-content\\\/uploads\\\/sites\\\/11\\\/2025\\\/04\\\/25fs_12_Basic_Struktur_Arbeitsphase_4760.webp\",\"datePublished\":\"2025-06-13T12:57:27+00:00\",\"dateModified\":\"2025-11-12T09:55:43+00:00\",\"author\":{\"@id\":\"https:\\\/\\\/sites.hslu.ch\\\/architektur\\\/#\\\/schema\\\/person\\\/001cee0914381b1d1d390e0f07da2aad\"},\"breadcrumb\":{\"@id\":\"https:\\\/\\\/sites.hslu.ch\\\/architektur\\\/circular-time-lab\\\/#breadcrumb\"},\"inLanguage\":\"de\",\"potentialAction\":[{\"@type\":\"ReadAction\",\"target\":[\"https:\\\/\\\/sites.hslu.ch\\\/architektur\\\/circular-time-lab\\\/\"]}]},{\"@type\":\"ImageObject\",\"inLanguage\":\"de\",\"@id\":\"https:\\\/\\\/sites.hslu.ch\\\/architektur\\\/circular-time-lab\\\/#primaryimage\",\"url\":\"https:\\\/\\\/sites.hslu.ch\\\/architektur\\\/wp-content\\\/uploads\\\/sites\\\/11\\\/2025\\\/04\\\/25fs_12_Basic_Struktur_Arbeitsphase_4760.webp\",\"contentUrl\":\"https:\\\/\\\/sites.hslu.ch\\\/architektur\\\/wp-content\\\/uploads\\\/sites\\\/11\\\/2025\\\/04\\\/25fs_12_Basic_Struktur_Arbeitsphase_4760.webp\",\"width\":1280,\"height\":1920},{\"@type\":\"BreadcrumbList\",\"@id\":\"https:\\\/\\\/sites.hslu.ch\\\/architektur\\\/circular-time-lab\\\/#breadcrumb\",\"itemListElement\":[{\"@type\":\"ListItem\",\"position\":1,\"name\":\"Home\",\"item\":\"https:\\\/\\\/sites.hslu.ch\\\/architektur\\\/\"},{\"@type\":\"ListItem\",\"position\":2,\"name\":\"circular time lab\"}]},{\"@type\":\"WebSite\",\"@id\":\"https:\\\/\\\/sites.hslu.ch\\\/architektur\\\/#website\",\"url\":\"https:\\\/\\\/sites.hslu.ch\\\/architektur\\\/\",\"name\":\"Architektur an der Hochschule Luzern\",\"description\":\"\",\"potentialAction\":[{\"@type\":\"SearchAction\",\"target\":{\"@type\":\"EntryPoint\",\"urlTemplate\":\"https:\\\/\\\/sites.hslu.ch\\\/architektur\\\/?s={search_term_string}\"},\"query-input\":{\"@type\":\"PropertyValueSpecification\",\"valueRequired\":true,\"valueName\":\"search_term_string\"}}],\"inLanguage\":\"de\"},{\"@type\":\"Person\",\"@id\":\"https:\\\/\\\/sites.hslu.ch\\\/architektur\\\/#\\\/schema\\\/person\\\/001cee0914381b1d1d390e0f07da2aad\",\"name\":\"jaramalevez\",\"url\":\"https:\\\/\\\/sites.hslu.ch\\\/architektur\\\/author\\\/jaramalevez\\\/\"}]}<\/script>\n<!-- \/ Yoast SEO plugin. -->","yoast_head_json":{"title":"circular time lab - Architektur an der Hochschule Luzern","robots":{"index":"index","follow":"follow","max-snippet":"max-snippet:-1","max-image-preview":"max-image-preview:large","max-video-preview":"max-video-preview:-1"},"canonical":"https:\/\/sites.hslu.ch\/architektur\/circular-time-lab\/","og_locale":"de_DE","og_type":"article","og_title":"circular time lab - Architektur an der Hochschule Luzern","og_description":"Das Kompetenzzentrum Typologie &amp; Planung in Architektur und der Bachelorstudiengang Architektur der Hochschule Luzern starteten mit diesem Fr\u00fchlingssemester das dreij\u00e4hrige Design-Build-Projekt \u00abCircular Time Lab\u00bb. Dabei entwickeln und erproben Architekturstudierende des 2. Semesters gemeinsam mit Lernenden aus regionalen Holzbaubetrieben Hands-on das kreislauff\u00e4hige Bauen und machen dies inmitten der Stadt Luzern f\u00fcr die breite \u00d6ffentlichkeit erlebbar.","og_url":"https:\/\/sites.hslu.ch\/architektur\/circular-time-lab\/","og_site_name":"Architektur an der Hochschule Luzern","article_published_time":"2025-06-13T12:57:27+00:00","article_modified_time":"2025-11-12T09:55:43+00:00","og_image":[{"width":1280,"height":1920,"url":"https:\/\/sites.hslu.ch\/architektur\/wp-content\/uploads\/sites\/11\/2025\/04\/25fs_12_Basic_Struktur_Arbeitsphase_4760.webp","type":"image\/webp"}],"author":"jaramalevez","twitter_card":"summary_large_image","twitter_misc":{"Verfasst von":"jaramalevez","Gesch\u00e4tzte Lesezeit":"9\u00a0Minuten"},"schema":{"@context":"https:\/\/schema.org","@graph":[{"@type":"Article","@id":"https:\/\/sites.hslu.ch\/architektur\/circular-time-lab\/#article","isPartOf":{"@id":"https:\/\/sites.hslu.ch\/architektur\/circular-time-lab\/"},"author":{"name":"jaramalevez","@id":"https:\/\/sites.hslu.ch\/architektur\/#\/schema\/person\/001cee0914381b1d1d390e0f07da2aad"},"headline":"circular time lab","datePublished":"2025-06-13T12:57:27+00:00","dateModified":"2025-11-12T09:55:43+00:00","mainEntityOfPage":{"@id":"https:\/\/sites.hslu.ch\/architektur\/circular-time-lab\/"},"wordCount":1504,"image":{"@id":"https:\/\/sites.hslu.ch\/architektur\/circular-time-lab\/#primaryimage"},"thumbnailUrl":"https:\/\/sites.hslu.ch\/architektur\/wp-content\/uploads\/sites\/11\/2025\/04\/25fs_12_Basic_Struktur_Arbeitsphase_4760.webp","articleSection":["Bachelor Architektur","CCTP Projekte","Forschung","FS2025","Projektmodule","Semester\/Jahr"],"inLanguage":"de"},{"@type":"WebPage","@id":"https:\/\/sites.hslu.ch\/architektur\/circular-time-lab\/","url":"https:\/\/sites.hslu.ch\/architektur\/circular-time-lab\/","name":"circular time lab - Architektur an der Hochschule Luzern","isPartOf":{"@id":"https:\/\/sites.hslu.ch\/architektur\/#website"},"primaryImageOfPage":{"@id":"https:\/\/sites.hslu.ch\/architektur\/circular-time-lab\/#primaryimage"},"image":{"@id":"https:\/\/sites.hslu.ch\/architektur\/circular-time-lab\/#primaryimage"},"thumbnailUrl":"https:\/\/sites.hslu.ch\/architektur\/wp-content\/uploads\/sites\/11\/2025\/04\/25fs_12_Basic_Struktur_Arbeitsphase_4760.webp","datePublished":"2025-06-13T12:57:27+00:00","dateModified":"2025-11-12T09:55:43+00:00","author":{"@id":"https:\/\/sites.hslu.ch\/architektur\/#\/schema\/person\/001cee0914381b1d1d390e0f07da2aad"},"breadcrumb":{"@id":"https:\/\/sites.hslu.ch\/architektur\/circular-time-lab\/#breadcrumb"},"inLanguage":"de","potentialAction":[{"@type":"ReadAction","target":["https:\/\/sites.hslu.ch\/architektur\/circular-time-lab\/"]}]},{"@type":"ImageObject","inLanguage":"de","@id":"https:\/\/sites.hslu.ch\/architektur\/circular-time-lab\/#primaryimage","url":"https:\/\/sites.hslu.ch\/architektur\/wp-content\/uploads\/sites\/11\/2025\/04\/25fs_12_Basic_Struktur_Arbeitsphase_4760.webp","contentUrl":"https:\/\/sites.hslu.ch\/architektur\/wp-content\/uploads\/sites\/11\/2025\/04\/25fs_12_Basic_Struktur_Arbeitsphase_4760.webp","width":1280,"height":1920},{"@type":"BreadcrumbList","@id":"https:\/\/sites.hslu.ch\/architektur\/circular-time-lab\/#breadcrumb","itemListElement":[{"@type":"ListItem","position":1,"name":"Home","item":"https:\/\/sites.hslu.ch\/architektur\/"},{"@type":"ListItem","position":2,"name":"circular time lab"}]},{"@type":"WebSite","@id":"https:\/\/sites.hslu.ch\/architektur\/#website","url":"https:\/\/sites.hslu.ch\/architektur\/","name":"Architektur an der Hochschule Luzern","description":"","potentialAction":[{"@type":"SearchAction","target":{"@type":"EntryPoint","urlTemplate":"https:\/\/sites.hslu.ch\/architektur\/?s={search_term_string}"},"query-input":{"@type":"PropertyValueSpecification","valueRequired":true,"valueName":"search_term_string"}}],"inLanguage":"de"},{"@type":"Person","@id":"https:\/\/sites.hslu.ch\/architektur\/#\/schema\/person\/001cee0914381b1d1d390e0f07da2aad","name":"jaramalevez","url":"https:\/\/sites.hslu.ch\/architektur\/author\/jaramalevez\/"}]}},"_links":{"self":[{"href":"https:\/\/sites.hslu.ch\/architektur\/wp-json\/wp\/v2\/posts\/33013","targetHints":{"allow":["GET"]}}],"collection":[{"href":"https:\/\/sites.hslu.ch\/architektur\/wp-json\/wp\/v2\/posts"}],"about":[{"href":"https:\/\/sites.hslu.ch\/architektur\/wp-json\/wp\/v2\/types\/post"}],"author":[{"embeddable":true,"href":"https:\/\/sites.hslu.ch\/architektur\/wp-json\/wp\/v2\/users\/44"}],"replies":[{"embeddable":true,"href":"https:\/\/sites.hslu.ch\/architektur\/wp-json\/wp\/v2\/comments?post=33013"}],"version-history":[{"count":80,"href":"https:\/\/sites.hslu.ch\/architektur\/wp-json\/wp\/v2\/posts\/33013\/revisions"}],"predecessor-version":[{"id":46352,"href":"https:\/\/sites.hslu.ch\/architektur\/wp-json\/wp\/v2\/posts\/33013\/revisions\/46352"}],"wp:featuredmedia":[{"embeddable":true,"href":"https:\/\/sites.hslu.ch\/architektur\/wp-json\/wp\/v2\/media\/42602"}],"wp:attachment":[{"href":"https:\/\/sites.hslu.ch\/architektur\/wp-json\/wp\/v2\/media?parent=33013"}],"wp:term":[{"taxonomy":"category","embeddable":true,"href":"https:\/\/sites.hslu.ch\/architektur\/wp-json\/wp\/v2\/categories?post=33013"},{"taxonomy":"post_tag","embeddable":true,"href":"https:\/\/sites.hslu.ch\/architektur\/wp-json\/wp\/v2\/tags?post=33013"}],"curies":[{"name":"wp","href":"https:\/\/api.w.org\/{rel}","templated":true}]}}