{"id":32761,"date":"2026-08-26T14:44:10","date_gmt":"2026-08-26T12:44:10","guid":{"rendered":"https:\/\/sites.hslu.ch\/architektur\/?p=32761"},"modified":"2026-08-26T14:47:16","modified_gmt":"2026-08-26T12:47:16","slug":"kuenstliche-intelligenz-am-cctp","status":"publish","type":"post","link":"https:\/\/sites.hslu.ch\/architektur\/kuenstliche-intelligenz-am-cctp\/","title":{"rendered":"K\u00fcnstliche Intelligenz am CCTP"},"content":{"rendered":"\n<p class=\"is-style-lead-text wp-block-paragraph\">Das Thema \u00abK\u00fcnstliche Intelligenz\u00bb wird am Institut f\u00fcr Architektur der Hochschule Luzern intensiv und auf mehreren Ebenen erforscht und gelehrt. Dabei setzt sich das CCTP intensiv mit Chancen und Risiken von KI in der Architektur auseinander.<\/p>\n\n\n\n<div class=\"wp-block-media-text is-stacked-on-mobile is-vertically-aligned-top\" style=\"grid-template-columns:32% auto\"><figure class=\"wp-block-media-text__media\"><img loading=\"lazy\" decoding=\"async\" width=\"1024\" height=\"576\" src=\"https:\/\/sites.hslu.ch\/architektur\/wp-content\/uploads\/sites\/11\/2026\/08\/ChatGPT-Image-14.-Aug.-2026-09_38_11-1024x576.png\" alt=\"\" class=\"wp-image-52770 size-full\" srcset=\"https:\/\/sites.hslu.ch\/architektur\/wp-content\/uploads\/sites\/11\/2026\/08\/ChatGPT-Image-14.-Aug.-2026-09_38_11-1024x576.png 1024w, https:\/\/sites.hslu.ch\/architektur\/wp-content\/uploads\/sites\/11\/2026\/08\/ChatGPT-Image-14.-Aug.-2026-09_38_11-300x169.png 300w, https:\/\/sites.hslu.ch\/architektur\/wp-content\/uploads\/sites\/11\/2026\/08\/ChatGPT-Image-14.-Aug.-2026-09_38_11-768x432.png 768w, https:\/\/sites.hslu.ch\/architektur\/wp-content\/uploads\/sites\/11\/2026\/08\/ChatGPT-Image-14.-Aug.-2026-09_38_11-1536x864.png 1536w, https:\/\/sites.hslu.ch\/architektur\/wp-content\/uploads\/sites\/11\/2026\/08\/ChatGPT-Image-14.-Aug.-2026-09_38_11-600x338.png 600w, https:\/\/sites.hslu.ch\/architektur\/wp-content\/uploads\/sites\/11\/2026\/08\/ChatGPT-Image-14.-Aug.-2026-09_38_11.png 1672w\" sizes=\"auto, (max-width: 1024px) 100vw, 1024px\" \/><\/figure><div class=\"wp-block-media-text__content\">\n<p class=\"wp-block-paragraph\"><strong>Weiterbildungskurs \u00abDigital Construction \u2013 Generative KI f\u00fcr die Baubranche\u00bb<\/strong><\/p>\n\n\n\n<p class=\"wp-block-paragraph\">Vom 13. bis 28. November 2026 bietet die Hochschule Luzern den neuen Weiterbildungskurs \u00abGenerative KI f\u00fcr die Baubranche\u00bb an \u2013 drei Pr\u00e4senztage in Horw sowie drei Online-Halbtage. Anhand konkreter Fallbeispiele zeigt der Kurs, wie generative KI Planung, Entwicklung und Ausf\u00fchrung von Bauprojekten heute schon unterst\u00fctzt, und vermittelt sowohl praktische Tool-Kompetenz als auch strategisches Wissen zur Einf\u00fchrung von KI im eigenen Unternehmen.<\/p>\n\n\n\n<p class=\"wp-block-paragraph\">Der Kurs richtet sich an Fach- und F\u00fchrungskr\u00e4fte der Baubranche und ist integraler Bestandteil des CAS Digital Construction \u2013 Entwurf und Planung; bei sp\u00e4terer CAS-Teilnahme werden die Lektionen angerechnet.<\/p>\n\n\n\n<p class=\"wp-block-paragraph\">Kursleitung: Thomas Heim (CCTP\/IAR) Weitere Dozierende: Anh Patrick Tran, Michael Holder, Timo Bilh\u00f6fer, Markus Koschenz, Lukas St\u00f6ckli, Dr. Marc Gille.<\/p>\n\n\n\n<p class=\"wp-block-paragraph\">\u2013 <a href=\"https:\/\/www.hslu.ch\/de-ch\/technik-architektur\/weiterbildung\/fachkurse\/generative-ki-fuer-die-baubranche\/\" data-type=\"link\" data-id=\"https:\/\/www.hslu.ch\/de-ch\/technik-architektur\/weiterbildung\/fachkurse\/generative-ki-fuer-die-baubranche\/\" target=\"_blank\" rel=\"noreferrer noopener\">Link zu mehr Informationen und zur Anmeldung<\/a><\/p>\n<\/div><\/div>\n\n\n\n<div class=\"wp-block-media-text is-stacked-on-mobile is-vertically-aligned-top\" style=\"grid-template-columns:32% auto\"><figure class=\"wp-block-media-text__media\"><img loading=\"lazy\" decoding=\"async\" width=\"1024\" height=\"768\" src=\"https:\/\/sites.hslu.ch\/architektur\/wp-content\/uploads\/sites\/11\/2026\/08\/3D-DRucker-Beispiel-1024x768.jpg\" alt=\"\" class=\"wp-image-52772 size-full\" srcset=\"https:\/\/sites.hslu.ch\/architektur\/wp-content\/uploads\/sites\/11\/2026\/08\/3D-DRucker-Beispiel-1024x768.jpg 1024w, https:\/\/sites.hslu.ch\/architektur\/wp-content\/uploads\/sites\/11\/2026\/08\/3D-DRucker-Beispiel-300x225.jpg 300w, https:\/\/sites.hslu.ch\/architektur\/wp-content\/uploads\/sites\/11\/2026\/08\/3D-DRucker-Beispiel-768x576.jpg 768w, https:\/\/sites.hslu.ch\/architektur\/wp-content\/uploads\/sites\/11\/2026\/08\/3D-DRucker-Beispiel-600x450.jpg 600w, https:\/\/sites.hslu.ch\/architektur\/wp-content\/uploads\/sites\/11\/2026\/08\/3D-DRucker-Beispiel.jpg 1066w\" sizes=\"auto, (max-width: 1024px) 100vw, 1024px\" \/><\/figure><div class=\"wp-block-media-text__content\">\n<p class=\"wp-block-paragraph\"><strong>KI-Impuls im Bachelor Digital Construction: CCTP Beitrag im Modul \u00abDigital Construction Technologien\u00bb<\/strong> <\/p>\n\n\n\n<p class=\"wp-block-paragraph\">Im Intermediate-Modul des Bachelor-Studiengangs Digital Construction leisten wir einen Beitrag zum Thema generative KI. Thomas Heim vom CCTP unterrichtet in diesem Modul.<\/p>\n\n\n\n<p class=\"wp-block-paragraph\">Das Modul f\u00fchrt Studierende in drei Phasen durch digital basierte Prozesse: von der Definition eines Use-Case \u00fcber die Evaluation geeigneter Software bis zur Umsetzung in einem Proof of Concept. Da KI in diesem Kontext zunehmend an Bedeutung gewinnt, fliesst das Thema k\u00fcnftig gezielt in den Unterricht ein \u2013 mit Fokus auf den Einsatz von KI in fr\u00fchen Projektphasen und Machbarkeitsstudien sowie als Unterst\u00fctzung beim Proof of Concept.<\/p>\n\n\n\n<p class=\"wp-block-paragraph\">Der Beitrag reiht sich in unser Engagement ein, KI-Kompetenzen systematisch und praxisnah in die Digital-Construction-Ausbildung der HSLU zu integrieren \u2013 von der Bachelor-Stufe bis in die Weiterbildung CAS\/MAS Digital Construction.<\/p>\n\n\n\n<p class=\"wp-block-paragraph\">\u2013 <a href=\"https:\/\/www.hslu.ch\/de-ch\/technik-architektur\/studium\/bachelor\/digital-construction\/\" target=\"_blank\" rel=\"noreferrer noopener\">Zum Bachelorstudiengang \u00abDigital Construction\u00bb<\/a><br>\u2013 <a href=\"https:\/\/www.hslu.ch\/de-ch\/technik-architektur\/weiterbildung\/bau\/mas-digital-construction\/\" data-type=\"link\" data-id=\"https:\/\/www.hslu.ch\/de-ch\/technik-architektur\/weiterbildung\/bau\/mas-digital-construction\/\" target=\"_blank\" rel=\"noreferrer noopener\">Zur Weiterbildung CAS\/MAS Digital Construction<\/a><\/p>\n<\/div><\/div>\n\n\n\n<div class=\"wp-block-media-text is-stacked-on-mobile is-vertically-aligned-top\" style=\"grid-template-columns:32% auto\"><figure class=\"wp-block-media-text__media\"><img loading=\"lazy\" decoding=\"async\" width=\"683\" height=\"1024\" src=\"https:\/\/sites.hslu.ch\/architektur\/wp-content\/uploads\/sites\/11\/2026\/08\/Netzwerk_KI_Architektur_1_V2-683x1024.jpg\" alt=\"\" class=\"wp-image-52774 size-full\" srcset=\"https:\/\/sites.hslu.ch\/architektur\/wp-content\/uploads\/sites\/11\/2026\/08\/Netzwerk_KI_Architektur_1_V2-683x1024.jpg 683w, https:\/\/sites.hslu.ch\/architektur\/wp-content\/uploads\/sites\/11\/2026\/08\/Netzwerk_KI_Architektur_1_V2-200x300.jpg 200w, https:\/\/sites.hslu.ch\/architektur\/wp-content\/uploads\/sites\/11\/2026\/08\/Netzwerk_KI_Architektur_1_V2-768x1152.jpg 768w, https:\/\/sites.hslu.ch\/architektur\/wp-content\/uploads\/sites\/11\/2026\/08\/Netzwerk_KI_Architektur_1_V2-1024x1536.jpg 1024w, https:\/\/sites.hslu.ch\/architektur\/wp-content\/uploads\/sites\/11\/2026\/08\/Netzwerk_KI_Architektur_1_V2-600x900.jpg 600w, https:\/\/sites.hslu.ch\/architektur\/wp-content\/uploads\/sites\/11\/2026\/08\/Netzwerk_KI_Architektur_1_V2.jpg 1280w\" sizes=\"auto, (max-width: 683px) 100vw, 683px\" \/><\/figure><div class=\"wp-block-media-text__content\">\n<p class=\"wp-block-paragraph\"><strong>Netzwerk \u00abKI in der Architektur\u00bb: Round Table Gespr\u00e4che legen Grundstein f\u00fcr neue Plattform<\/strong><\/p>\n\n\n\n<p class=\"wp-block-paragraph\">An zwei Terminen im Januar und Februar 2026 trafen sich Architektur- und Planungsb\u00fcros aus der Deutschschweiz an der HSLU Technik &amp; Architektur zum Erfahrungsaustausch \u00fcber den Einsatz von K\u00fcnstlicher Intelligenz in der Praxis. Organisiert wurde der Austausch vom CCTP am Institut f\u00fcr Architektur.<\/p>\n\n\n\n<p class=\"wp-block-paragraph\">Aus den Gespr\u00e4chen wurden zentrale Erkenntnisse destilliert und in f\u00fcnf Themenclustern geb\u00fcndelt \u2013 von Recht, Haftung und Datenschutz \u00fcber Tool- und Technologiestrategie bis zu Vernetzung und Wissenstransfer. Deutlich wurde: Viele B\u00fcros l\u00f6sen \u00e4hnliche Fragen isoliert, ohne voneinander zu lernen. Der Wunsch nach einer festen Austauschplattform war entsprechend gross.<\/p>\n\n\n\n<p class=\"wp-block-paragraph\">Aus den Erkenntnissen entstand ein Jahresprogramm mit zwei Formaten \u2013 KI Round Table und KI Praxis, letztere direkt bei Mitgliedsb\u00fcros vor Ort. Ab Herbst 2026 k\u00f6nnen sich Architekturb\u00fcros im Netzwerk \u00abKI in der Architektur\u00bb als Mitglieder engagieren und von einem gemeinsamen Erfahrungsraum profitieren, statt KI-Fragen im eigenen B\u00fcro allein zu bearbeiten.<\/p>\n<\/div><\/div>\n\n\n\n<div class=\"wp-block-media-text is-stacked-on-mobile is-vertically-aligned-top\" style=\"grid-template-columns:32% auto\"><figure class=\"wp-block-media-text__media\"><img loading=\"lazy\" decoding=\"async\" width=\"1022\" height=\"1024\" src=\"https:\/\/sites.hslu.ch\/architektur\/wp-content\/uploads\/sites\/11\/2026\/08\/P2_A2_Screenshot-Buergerinnen-Beteiligung_v1_1920px-1022x1024.jpg\" alt=\"\" class=\"wp-image-52748 size-full\" srcset=\"https:\/\/sites.hslu.ch\/architektur\/wp-content\/uploads\/sites\/11\/2026\/08\/P2_A2_Screenshot-Buergerinnen-Beteiligung_v1_1920px-1022x1024.jpg 1022w, https:\/\/sites.hslu.ch\/architektur\/wp-content\/uploads\/sites\/11\/2026\/08\/P2_A2_Screenshot-Buergerinnen-Beteiligung_v1_1920px-300x300.jpg 300w, https:\/\/sites.hslu.ch\/architektur\/wp-content\/uploads\/sites\/11\/2026\/08\/P2_A2_Screenshot-Buergerinnen-Beteiligung_v1_1920px-150x150.jpg 150w, https:\/\/sites.hslu.ch\/architektur\/wp-content\/uploads\/sites\/11\/2026\/08\/P2_A2_Screenshot-Buergerinnen-Beteiligung_v1_1920px-768x769.jpg 768w, https:\/\/sites.hslu.ch\/architektur\/wp-content\/uploads\/sites\/11\/2026\/08\/P2_A2_Screenshot-Buergerinnen-Beteiligung_v1_1920px-1534x1536.jpg 1534w, https:\/\/sites.hslu.ch\/architektur\/wp-content\/uploads\/sites\/11\/2026\/08\/P2_A2_Screenshot-Buergerinnen-Beteiligung_v1_1920px-600x601.jpg 600w, https:\/\/sites.hslu.ch\/architektur\/wp-content\/uploads\/sites\/11\/2026\/08\/P2_A2_Screenshot-Buergerinnen-Beteiligung_v1_1920px.jpg 1917w\" sizes=\"auto, (max-width: 1022px) 100vw, 1022px\" \/><\/figure><div class=\"wp-block-media-text__content\">\n<p class=\"wp-block-paragraph\"><strong>Stadtbilder der Zukunft: Grundlagen f\u00fcr den Einsatz von KI-Visualisierungen in Planungs- und Entscheidungsprozessen<\/strong> <\/p>\n\n\n\n<p class=\"wp-block-paragraph\">Wie ver\u00e4ndern KI-generierte Zukunftsbilder die Wahrnehmung und Entscheidungsfindung in der Stadtentwicklung? Ein Innosuisse-Innovationscheck an der Hochschule Luzern untersuchte den Einsatz KI-generierter Visualisierungen am Beispiel des Infrastrukturprojekts CityLink Luzern.<\/p>\n\n\n\n<p class=\"wp-block-paragraph\">\u2013 <a href=\"https:\/\/sites.hslu.ch\/architektur\/stadtbilder-der-zukunft-grundlagen-fuer-den-einsatz-von-ki-visualisierungen-in-planungs-und-entscheidungsprozessen\/\" data-type=\"link\" data-id=\"https:\/\/sites.hslu.ch\/architektur\/stadtbilder-der-zukunft-grundlagen-fuer-den-einsatz-von-ki-visualisierungen-in-planungs-und-entscheidungsprozessen\/\" target=\"_blank\" rel=\"noreferrer noopener\">Link zum Projekt<\/a><\/p>\n<\/div><\/div>\n\n\n\n<div class=\"wp-block-media-text is-stacked-on-mobile is-vertically-aligned-top\" style=\"grid-template-columns:32% auto\"><figure class=\"wp-block-media-text__media\"><img loading=\"lazy\" decoding=\"async\" width=\"1024\" height=\"490\" src=\"https:\/\/sites.hslu.ch\/architektur\/wp-content\/uploads\/sites\/11\/2026\/08\/P1_A2_Screenshot-Prototyp-1024x490.jpg\" alt=\"\" class=\"wp-image-52740 size-full\" srcset=\"https:\/\/sites.hslu.ch\/architektur\/wp-content\/uploads\/sites\/11\/2026\/08\/P1_A2_Screenshot-Prototyp-1024x490.jpg 1024w, https:\/\/sites.hslu.ch\/architektur\/wp-content\/uploads\/sites\/11\/2026\/08\/P1_A2_Screenshot-Prototyp-300x143.jpg 300w, https:\/\/sites.hslu.ch\/architektur\/wp-content\/uploads\/sites\/11\/2026\/08\/P1_A2_Screenshot-Prototyp-768x367.jpg 768w, https:\/\/sites.hslu.ch\/architektur\/wp-content\/uploads\/sites\/11\/2026\/08\/P1_A2_Screenshot-Prototyp-1536x734.jpg 1536w, https:\/\/sites.hslu.ch\/architektur\/wp-content\/uploads\/sites\/11\/2026\/08\/P1_A2_Screenshot-Prototyp-600x287.jpg 600w, https:\/\/sites.hslu.ch\/architektur\/wp-content\/uploads\/sites\/11\/2026\/08\/P1_A2_Screenshot-Prototyp.jpg 1920w\" sizes=\"auto, (max-width: 1024px) 100vw, 1024px\" \/><\/figure><div class=\"wp-block-media-text__content\">\n<p class=\"wp-block-paragraph\"><strong>Vom Baurecht zum Roboter: Ein KI-Planungstool f\u00fcr die automatisierte Backstein-Fertigung<\/strong><\/p>\n\n\n\n<p class=\"wp-block-paragraph\">Wie lassen sich baurechtliche Vorgaben automatisch in fertigungsgerechte BIM-Modelle \u00fcbersetzen? Eine Innosuisse-Machbarkeitsstudie an der Hochschule Luzern untersuchte KI-gest\u00fctzte, parametrische Planungswerkzeuge f\u00fcr die robotergest\u00fctzte Backstein-Fertigung.<\/p>\n\n\n\n<p class=\"wp-block-paragraph\">\u2013 <a href=\"https:\/\/sites.hslu.ch\/architektur\/vom-baurecht-zum-roboter-ein-ki-planungstool-fuer-die-automatisierte-backstein-fertigung\/\" data-type=\"link\" data-id=\"https:\/\/sites.hslu.ch\/architektur\/vom-baurecht-zum-roboter-ein-ki-planungstool-fuer-die-automatisierte-backstein-fertigung\/\" target=\"_blank\" rel=\"noreferrer noopener\">Link zum Projekt<\/a><\/p>\n<\/div><\/div>\n\n\n\n<div class=\"wp-block-media-text is-stacked-on-mobile is-vertically-aligned-top\" style=\"grid-template-columns:32% auto\"><figure class=\"wp-block-media-text__media\"><img loading=\"lazy\" decoding=\"async\" width=\"866\" height=\"1024\" src=\"https:\/\/sites.hslu.ch\/architektur\/wp-content\/uploads\/sites\/11\/2026\/06\/KI_ArchGal_Link-866x1024.jpg\" alt=\"\" class=\"wp-image-50759 size-full\" srcset=\"https:\/\/sites.hslu.ch\/architektur\/wp-content\/uploads\/sites\/11\/2026\/06\/KI_ArchGal_Link-866x1024.jpg 866w, https:\/\/sites.hslu.ch\/architektur\/wp-content\/uploads\/sites\/11\/2026\/06\/KI_ArchGal_Link-254x300.jpg 254w, https:\/\/sites.hslu.ch\/architektur\/wp-content\/uploads\/sites\/11\/2026\/06\/KI_ArchGal_Link-768x909.jpg 768w, https:\/\/sites.hslu.ch\/architektur\/wp-content\/uploads\/sites\/11\/2026\/06\/KI_ArchGal_Link-600x710.jpg 600w, https:\/\/sites.hslu.ch\/architektur\/wp-content\/uploads\/sites\/11\/2026\/06\/KI_ArchGal_Link.jpg 1153w\" sizes=\"auto, (max-width: 866px) 100vw, 866px\" \/><\/figure><div class=\"wp-block-media-text__content\">\n<p class=\"wp-block-paragraph\"><strong>Vortr\u00e4ge und Podiumsdiskussion <\/strong><\/p>\n\n\n\n<p class=\"wp-block-paragraph\">Ein inspirierender Abend in der Architekturgalerie Luzern: Thomas Heim (HSLU\/CCTP), Nora Werren, Franziska Mees und Jana Stoll (OST) diskutierten ihre Perspektiven zum aktuellen Stand K\u00fcnstlicher Intelligenz in Architektur- und Landschaftsarchitekturb\u00fcros. Zudem zeigten sie ganz konkret auf, wie uns KI im (Berufs)-Alltag unterst\u00fctzen kann und wagten einen Blick in die Zukunft.<\/p>\n\n\n\n<p class=\"wp-block-paragraph\">Andri Gerber (ZHAW) moderierte das Gespr\u00e4ch, Martin Schuler, Luca Deon, Martin Janser und Raphael Wipr\u00e4chtiger von der Architekturgalerie Luzern organisierten den Abend, der gezeigt hat, dass diese Fragen in der Praxis angekommen sind.<\/p>\n\n\n\n<p class=\"wp-block-paragraph\">Das Fazit von <a href=\"https:\/\/www.hslu.ch\/de-ch\/hochschule-luzern\/ueber-uns\/personensuche\/profile\/?pid=1333\">Thomas Heim<\/a>: KI wird Infrastruktur \u2013 kein Tool mehr, das man nutzt oder l\u00e4sst. Die Frage ist nicht ob, sondern wer die Parameter setzt. Wer entwirft das System, das Geb\u00e4ude entwirft? Was fehlt, ist eine kollektive Position \u2013 im B\u00fcro, im Berufsverband, in der Branche. <\/p>\n<\/div><\/div>\n\n\n\n<div class=\"wp-block-media-text is-stacked-on-mobile is-vertically-aligned-top\" style=\"grid-template-columns:32% auto\"><figure class=\"wp-block-media-text__media\"><img loading=\"lazy\" decoding=\"async\" width=\"1024\" height=\"590\" src=\"https:\/\/sites.hslu.ch\/architektur\/wp-content\/uploads\/sites\/11\/2026\/08\/CCTP_KI_NL20_1920x1107px-Kopie-1024x590.jpg\" alt=\"\" class=\"wp-image-52791 size-full\" srcset=\"https:\/\/sites.hslu.ch\/architektur\/wp-content\/uploads\/sites\/11\/2026\/08\/CCTP_KI_NL20_1920x1107px-Kopie-1024x590.jpg 1024w, https:\/\/sites.hslu.ch\/architektur\/wp-content\/uploads\/sites\/11\/2026\/08\/CCTP_KI_NL20_1920x1107px-Kopie-300x173.jpg 300w, https:\/\/sites.hslu.ch\/architektur\/wp-content\/uploads\/sites\/11\/2026\/08\/CCTP_KI_NL20_1920x1107px-Kopie-768x443.jpg 768w, https:\/\/sites.hslu.ch\/architektur\/wp-content\/uploads\/sites\/11\/2026\/08\/CCTP_KI_NL20_1920x1107px-Kopie-1536x886.jpg 1536w, https:\/\/sites.hslu.ch\/architektur\/wp-content\/uploads\/sites\/11\/2026\/08\/CCTP_KI_NL20_1920x1107px-Kopie-600x346.jpg 600w, https:\/\/sites.hslu.ch\/architektur\/wp-content\/uploads\/sites\/11\/2026\/08\/CCTP_KI_NL20_1920x1107px-Kopie.jpg 1920w\" sizes=\"auto, (max-width: 1024px) 100vw, 1024px\" \/><\/figure><div class=\"wp-block-media-text__content\">\n<p class=\"wp-block-paragraph\"><strong>Transformation der Planungswelt: Eine Roadmap zur erfolgreichen KI-Implementierung im Architekturwesen<\/strong><\/p>\n\n\n\n<p class=\"wp-block-paragraph\">Eine Innosuisse-Vorstudie an der HSLU untersucht, wie K\u00fcnstliche Intelligenz systematisch in architektonische Planungsprozesse integriert werden kann. W\u00e4hrend generative KI, parametrische Methoden und simulationsgest\u00fctzte Analysewerkzeuge rasch an Bedeutung gewinnen, erfolgt ihr Einsatz in vielen Architekturb\u00fcros bislang punktuell und experimentell. Zwischen technologischem Potenzial und organisatorischer Umsetzung besteht eine deutliche L\u00fccke. Die Studie zeigt, dass das gr\u00f6sste Transformationspotenzial derzeit in fr\u00fchen Projektphasen liegt \u2013 etwa bei Machbarkeitsstudien, Wettbewerben oder in der Vorentwurfsphase.<\/p>\n\n\n\n<p class=\"wp-block-paragraph\">\u2013 <a href=\"https:\/\/sites.hslu.ch\/architektur\/transformation-der-planungswelt-eine-roadmap-zur-erfolgreichen-ki-implementierung-im-architekturwesen\/\" data-type=\"link\" data-id=\"https:\/\/sites.hslu.ch\/architektur\/transformation-der-planungswelt-eine-roadmap-zur-erfolgreichen-ki-implementierung-im-architekturwesen\/\" target=\"_blank\" rel=\"noreferrer noopener\">Link zum Vorprojekt<\/a><\/p>\n<\/div><\/div>\n\n\n\n<div class=\"wp-block-media-text is-stacked-on-mobile is-vertically-aligned-top\" style=\"grid-template-columns:32% auto\"><figure class=\"wp-block-media-text__media\"><img loading=\"lazy\" decoding=\"async\" width=\"1024\" height=\"768\" src=\"https:\/\/sites.hslu.ch\/architektur\/wp-content\/uploads\/sites\/11\/2025\/12\/DC-Event-12.11.-MC-LowRes-_DSF5446_1920px-1024x768.jpg\" alt=\"\" class=\"wp-image-46669 size-full\" srcset=\"https:\/\/sites.hslu.ch\/architektur\/wp-content\/uploads\/sites\/11\/2025\/12\/DC-Event-12.11.-MC-LowRes-_DSF5446_1920px-1024x768.jpg 1024w, https:\/\/sites.hslu.ch\/architektur\/wp-content\/uploads\/sites\/11\/2025\/12\/DC-Event-12.11.-MC-LowRes-_DSF5446_1920px-300x225.jpg 300w, https:\/\/sites.hslu.ch\/architektur\/wp-content\/uploads\/sites\/11\/2025\/12\/DC-Event-12.11.-MC-LowRes-_DSF5446_1920px-768x576.jpg 768w, https:\/\/sites.hslu.ch\/architektur\/wp-content\/uploads\/sites\/11\/2025\/12\/DC-Event-12.11.-MC-LowRes-_DSF5446_1920px-1536x1152.jpg 1536w, https:\/\/sites.hslu.ch\/architektur\/wp-content\/uploads\/sites\/11\/2025\/12\/DC-Event-12.11.-MC-LowRes-_DSF5446_1920px-600x450.jpg 600w, https:\/\/sites.hslu.ch\/architektur\/wp-content\/uploads\/sites\/11\/2025\/12\/DC-Event-12.11.-MC-LowRes-_DSF5446_1920px.jpg 1920w\" sizes=\"auto, (max-width: 1024px) 100vw, 1024px\" \/><\/figure><div class=\"wp-block-media-text__content\">\n<p class=\"wp-block-paragraph\"><strong>Ein Modul zum Thema K\u00fcnstliche Intelligenz im Bachelor Digital Construction<\/strong><\/p>\n\n\n\n<p class=\"wp-block-paragraph\">Das Modul \u00abGrundlagen Transformation\u00bb verbindet gesellschaftliche Reflexion, technologische Kompetenz und konkrete r\u00e4umlich-praktische Aufgabenstellungen. Die Studierenden lernen, KI nicht nur als Werkzeug zu verstehen, sondern ihre Auswirkungen kritisch zu analysieren und zukunftsgerichtet zu gestalten. Mit seinem interdisziplin\u00e4ren Ansatz und dem engen Austausch mit&nbsp;Expert:innen&nbsp;aus Praxis und Forschung unterstreicht der Studiengang&nbsp;Digital Construction&nbsp;seine St\u00e4rke,&nbsp;digitale Transformation im Bauwesen aktiv, verantwortungsvoll und kreativ mitzugestalten.<\/p>\n\n\n\n<p class=\"wp-block-paragraph\">\u2013 <a href=\"https:\/\/sites.hslu.ch\/architektur\/grundlagen-transformation\/\" data-type=\"link\" data-id=\"https:\/\/sites.hslu.ch\/architektur\/grundlagen-transformation\/\" target=\"_blank\" rel=\"noreferrer noopener\">Link zum Modul \u00abGrundlagen Transformation\u00bb im Bachelorstudiengang Digital Construction vom Herbstsemester 2025<\/a><\/p>\n<\/div><\/div>\n\n\n\n<div class=\"wp-block-media-text is-stacked-on-mobile is-vertically-aligned-top\" style=\"grid-template-columns:32% auto\"><figure class=\"wp-block-media-text__media\"><img loading=\"lazy\" decoding=\"async\" width=\"1024\" height=\"686\" src=\"https:\/\/sites.hslu.ch\/architektur\/wp-content\/uploads\/sites\/11\/2025\/10\/Bild_6_1920px-1024x686.jpg\" alt=\"\" class=\"wp-image-45970 size-full\" srcset=\"https:\/\/sites.hslu.ch\/architektur\/wp-content\/uploads\/sites\/11\/2025\/10\/Bild_6_1920px-1024x686.jpg 1024w, https:\/\/sites.hslu.ch\/architektur\/wp-content\/uploads\/sites\/11\/2025\/10\/Bild_6_1920px-300x201.jpg 300w, https:\/\/sites.hslu.ch\/architektur\/wp-content\/uploads\/sites\/11\/2025\/10\/Bild_6_1920px-768x515.jpg 768w, https:\/\/sites.hslu.ch\/architektur\/wp-content\/uploads\/sites\/11\/2025\/10\/Bild_6_1920px-1536x1030.jpg 1536w, https:\/\/sites.hslu.ch\/architektur\/wp-content\/uploads\/sites\/11\/2025\/10\/Bild_6_1920px-600x402.jpg 600w, https:\/\/sites.hslu.ch\/architektur\/wp-content\/uploads\/sites\/11\/2025\/10\/Bild_6_1920px.jpg 1920w\" sizes=\"auto, (max-width: 1024px) 100vw, 1024px\" \/><\/figure><div class=\"wp-block-media-text__content\">\n<p class=\"wp-block-paragraph\"><strong>Forschungsprojekt \u00abZuk\u00fcnftige Welten imaginieren \u2013 KI-Bilder in der Architektur\u00bb<\/strong><\/p>\n\n\n\n<p class=\"wp-block-paragraph\">Forscher:innen der Hochschule Luzern unter der Projektleitung des CCTP haben untersucht, wie bildgenerative KI (z. B. Midjourney, Stable Diffusion, Flux) den architektonischen Entwurfsprozess ver\u00e4ndert.<\/p>\n\n\n\n<p class=\"wp-block-paragraph\">\u2013 <a href=\"https:\/\/sites.hslu.ch\/architektur\/zukuenftige-welten-imaginieren-ki-bilder-in-der-architektur\/\" data-type=\"link\" data-id=\"https:\/\/sites.hslu.ch\/architektur\/zukuenftige-welten-imaginieren-ki-bilder-in-der-architektur\/\" target=\"_blank\" rel=\"noreferrer noopener\">Link zum Vorprojekt<\/a><\/p>\n<\/div><\/div>\n\n\n\n<div class=\"wp-block-media-text is-stacked-on-mobile is-vertically-aligned-top\" style=\"grid-template-columns:32% auto\"><figure class=\"wp-block-media-text__media\"><img loading=\"lazy\" decoding=\"async\" width=\"1024\" height=\"576\" src=\"https:\/\/sites.hslu.ch\/architektur\/wp-content\/uploads\/sites\/11\/2024\/04\/20240325_TT_AI_V_bene-1024x576.jpg\" alt=\"\" class=\"wp-image-32766 size-full\" srcset=\"https:\/\/sites.hslu.ch\/architektur\/wp-content\/uploads\/sites\/11\/2024\/04\/20240325_TT_AI_V_bene-1024x576.jpg 1024w, https:\/\/sites.hslu.ch\/architektur\/wp-content\/uploads\/sites\/11\/2024\/04\/20240325_TT_AI_V_bene-300x169.jpg 300w, https:\/\/sites.hslu.ch\/architektur\/wp-content\/uploads\/sites\/11\/2024\/04\/20240325_TT_AI_V_bene-768x432.jpg 768w, https:\/\/sites.hslu.ch\/architektur\/wp-content\/uploads\/sites\/11\/2024\/04\/20240325_TT_AI_V_bene-600x338.jpg 600w, https:\/\/sites.hslu.ch\/architektur\/wp-content\/uploads\/sites\/11\/2024\/04\/20240325_TT_AI_V_bene.jpg 1200w\" sizes=\"auto, (max-width: 1024px) 100vw, 1024px\" \/><\/figure><div class=\"wp-block-media-text__content\">\n<p class=\"wp-block-paragraph\"><strong>ThinkTank Event \u00abAI &amp; New Ways of Working\u00bb<\/strong><\/p>\n\n\n\n<p class=\"wp-block-paragraph\">Am 21. Mai 2024 organisierte das CCTP gemeinsam mit bene im NEST in D\u00fcbendorf einen Event zum Thema. Subthemen dabei waren Arbeitswelten\/Stadtentwicklung\/Stadtleben\/Gesellschaft&#8230;<\/p>\n\n\n\n<p class=\"wp-block-paragraph\">\u2013 <a href=\"https:\/\/sites.hslu.ch\/architektur\/thinktank-szenarien-fuer-die-stadt-von-morgen-ai-new-ways-of-working\/\" data-type=\"link\" data-id=\"https:\/\/sites.hslu.ch\/architektur\/thinktank-szenarien-fuer-die-stadt-von-morgen-ai-new-ways-of-working\/\" target=\"_blank\" rel=\"noreferrer noopener\">Link zur den Aufzeichnungen der Veranstaltung<\/a><\/p>\n<\/div><\/div>\n\n\n\n<div class=\"wp-block-media-text is-stacked-on-mobile is-vertically-aligned-top d-none\" style=\"grid-template-columns:32% auto\"><figure class=\"wp-block-media-text__media\"><img loading=\"lazy\" decoding=\"async\" width=\"855\" height=\"1024\" src=\"https:\/\/sites.hslu.ch\/architektur\/wp-content\/uploads\/sites\/11\/2023\/05\/Digital_Competency_Profiler_Titelbild_1920px-855x1024.jpg\" alt=\"\" class=\"wp-image-22144 size-full\" srcset=\"https:\/\/sites.hslu.ch\/architektur\/wp-content\/uploads\/sites\/11\/2023\/05\/Digital_Competency_Profiler_Titelbild_1920px-855x1024.jpg 855w, https:\/\/sites.hslu.ch\/architektur\/wp-content\/uploads\/sites\/11\/2023\/05\/Digital_Competency_Profiler_Titelbild_1920px-250x300.jpg 250w, https:\/\/sites.hslu.ch\/architektur\/wp-content\/uploads\/sites\/11\/2023\/05\/Digital_Competency_Profiler_Titelbild_1920px-768x920.jpg 768w, https:\/\/sites.hslu.ch\/architektur\/wp-content\/uploads\/sites\/11\/2023\/05\/Digital_Competency_Profiler_Titelbild_1920px-1282x1536.jpg 1282w, https:\/\/sites.hslu.ch\/architektur\/wp-content\/uploads\/sites\/11\/2023\/05\/Digital_Competency_Profiler_Titelbild_1920px-600x719.jpg 600w, https:\/\/sites.hslu.ch\/architektur\/wp-content\/uploads\/sites\/11\/2023\/05\/Digital_Competency_Profiler_Titelbild_1920px.jpg 1603w\" sizes=\"auto, (max-width: 855px) 100vw, 855px\" \/><\/figure><div class=\"wp-block-media-text__content\">\n<p class=\"wp-block-paragraph\"><strong>Forschungsprojekt \u00abDigital Construction Competency Profiler\u00bb<\/strong><\/p>\n\n\n\n<p class=\"wp-block-paragraph\">Das Baugewerbe steht an der Schwelle zu einer digitalen Revolution, die durch neue Software mit KI und generativen Algorithmen, fortschrittliche digitale Fertigungstechniken wie Roboterbau und 3D-Betondruck und den Auftrag der Schweizer Regierung f\u00fcr digitale Prozesse bei \u00f6ffentlichen Bauprojekten vorangetrieben wird. Dieser Wandel hat jedoch Wissens- und Kompetenzl\u00fccken bei den Schweizer Baufachleuten aufgedeckt. Um diese L\u00fccke zu schliessen, wird ein neues digitales Tool vorgeschlagen, das auf der Grundlage spezifischer Berufsbeschreibungen Empfehlungen f\u00fcr k\u00fcnftige Kompetenzen ausspricht und massgeschneiderte Bildungswege zum Erreichen dieser Kompetenzen anbietet. Dieses innovative Tool wird auch k\u00fcnftige Berufsrollen und erforderliche Kursinhalte im Einklang mit neuen Technologien und Bauvorschriften vorhersagen. Durch den Einsatz von KI-Algorithmen, die auf der Grundlage von Stellenausschreibungen und offiziellen Kompetenzstandards trainiert wurden, soll dieses Tool Arbeitnehmenden den Weg durch die sich entwickelnde Landschaft der Anforderungen im Baugewerbe weisen.<\/p>\n\n\n\n<p class=\"wp-block-paragraph\">\u2013 <a href=\"https:\/\/sites.hslu.ch\/architektur\/digital-construction-competency-profiler\/\" target=\"_blank\" rel=\"noreferrer noopener\">Link zum Vorprojekt<\/a><\/p>\n<\/div><\/div>\n\n\n\n<div class=\"wp-block-media-text is-stacked-on-mobile is-vertically-aligned-top d-none\" style=\"grid-template-columns:32% auto\"><figure class=\"wp-block-media-text__media\"><img loading=\"lazy\" decoding=\"async\" width=\"1024\" height=\"1024\" src=\"https:\/\/sites.hslu.ch\/architektur\/wp-content\/uploads\/sites\/11\/2023\/08\/AI-driven_Design_and_Fabrication_1920px-1024x1024.jpg\" alt=\"\" class=\"wp-image-26682 size-full\" srcset=\"https:\/\/sites.hslu.ch\/architektur\/wp-content\/uploads\/sites\/11\/2023\/08\/AI-driven_Design_and_Fabrication_1920px-1024x1024.jpg 1024w, https:\/\/sites.hslu.ch\/architektur\/wp-content\/uploads\/sites\/11\/2023\/08\/AI-driven_Design_and_Fabrication_1920px-300x300.jpg 300w, https:\/\/sites.hslu.ch\/architektur\/wp-content\/uploads\/sites\/11\/2023\/08\/AI-driven_Design_and_Fabrication_1920px-150x150.jpg 150w, https:\/\/sites.hslu.ch\/architektur\/wp-content\/uploads\/sites\/11\/2023\/08\/AI-driven_Design_and_Fabrication_1920px-768x768.jpg 768w, https:\/\/sites.hslu.ch\/architektur\/wp-content\/uploads\/sites\/11\/2023\/08\/AI-driven_Design_and_Fabrication_1920px-1536x1536.jpg 1536w, https:\/\/sites.hslu.ch\/architektur\/wp-content\/uploads\/sites\/11\/2023\/08\/AI-driven_Design_and_Fabrication_1920px-600x600.jpg 600w, https:\/\/sites.hslu.ch\/architektur\/wp-content\/uploads\/sites\/11\/2023\/08\/AI-driven_Design_and_Fabrication_1920px.jpg 1920w\" sizes=\"auto, (max-width: 1024px) 100vw, 1024px\" \/><\/figure><div class=\"wp-block-media-text__content\">\n<p class=\"wp-block-paragraph\"><strong>Forschungsprojekt \u00abEinsatz von KI und Parametrik im Entwurfs- und Planungsprozess \u2013 Toolbox f\u00fcr ArchitektInnen bei der Bearbeitung von Wettbewerben und Studienauftr\u00e4gen\u00bb<\/strong><\/p>\n\n\n\n<p class=\"wp-block-paragraph\">Basierend auf den Ergebnissen des Innosuisse Innovation Cheque mit dem Titel \u00abThe future of construction \u2013 AI Driven Design and Fabrication\u00bb ist eine Eingabe bei der Innosuisse geplant. Folgende Forschungsfrage soll dabei bearbeitet werden: \u00abWie k\u00f6nnen ArchitektInnen in der Phase der strategischen Planung und der Vorstudien (SIA 112) durch KI-gest\u00fctzte Prozesse unterst\u00fctzt werden?\u00bb Als Produkt soll eine Toolbox f\u00fcr Architekt:innen bei der Bearbeitung von Wettbewerben und Studienauftr\u00e4gen entstehen.<\/p>\n\n\n\n<p class=\"wp-block-paragraph\">\u2013 <a href=\"https:\/\/sites.hslu.ch\/architektur\/ai-driven-design-and-fabrication\/\" target=\"_blank\" rel=\"noreferrer noopener\">Link zum Vorprojekt \u00abAI Driven Design and Fabrication\u00bb<\/a><\/p>\n<\/div><\/div>\n\n\n\n<div class=\"wp-block-media-text is-stacked-on-mobile d-none\"><figure class=\"wp-block-media-text__media\"><\/figure><div class=\"wp-block-media-text__content\">\n<p class=\"wp-block-paragraph\"><strong>AI-Driven Design and Fabrication<\/strong><\/p>\n\n\n\n<p class=\"wp-block-paragraph\">Um die Anforderungen eines zunehmend komplexen Bauprozesses zu erf\u00fcllen und einen durchgehenden Informationsfluss \u00fcber den gesamten Lebenszyklus eines Bauwerks zu gew\u00e4hrleisten, werden KI-gest\u00fctzte Anwendungen eine immer gr\u00f6ssere Rolle spielen, insbesondere bei der Optimierung, Automatisierung und Parametrisierung im Entwurf, in der Planung und Fabrikation. Im Rahmen des Projektes wurden verschiedene Angebote eruiert und analysiert. Ziel des Projektes war es, das Potenzial von KI-gesteuerten Planungs- und Fabrikationsprozessen bei der Schaffung von nutzerzentrierten, kosteng\u00fcnstigen und nachhaltigen Geb\u00e4uden aufzuzeigen. Mit der Vorstudie wurde eine Methodik geschaffen, die sowohl in der Lehre als auch in der Praxis eingesetzt werden kann.<\/p>\n\n\n\n<p class=\"wp-block-paragraph\">\u2013 <a href=\"https:\/\/sites.hslu.ch\/architektur\/ai-driven-design-and-fabrication\/\" data-type=\"link\" data-id=\"https:\/\/sites.hslu.ch\/architektur\/ai-driven-design-and-fabrication\/\" target=\"_blank\" rel=\"noreferrer noopener\">Link zum Vorprojekt<\/a><\/p>\n<\/div><\/div>\n\n\n\n<div class=\"wp-block-media-text is-stacked-on-mobile is-vertically-aligned-top d-none\" style=\"grid-template-columns:32% auto\"><figure class=\"wp-block-media-text__media\"><img loading=\"lazy\" decoding=\"async\" width=\"1024\" height=\"1024\" src=\"https:\/\/sites.hslu.ch\/architektur\/wp-content\/uploads\/sites\/11\/2022\/08\/Board-1-Textual-and-diagrammatic-project-explanation_1920px-1024x1024.jpg\" alt=\"\" class=\"wp-image-32660 size-full\" srcset=\"https:\/\/sites.hslu.ch\/architektur\/wp-content\/uploads\/sites\/11\/2022\/08\/Board-1-Textual-and-diagrammatic-project-explanation_1920px-1024x1024.jpg 1024w, https:\/\/sites.hslu.ch\/architektur\/wp-content\/uploads\/sites\/11\/2022\/08\/Board-1-Textual-and-diagrammatic-project-explanation_1920px-300x300.jpg 300w, https:\/\/sites.hslu.ch\/architektur\/wp-content\/uploads\/sites\/11\/2022\/08\/Board-1-Textual-and-diagrammatic-project-explanation_1920px-150x150.jpg 150w, https:\/\/sites.hslu.ch\/architektur\/wp-content\/uploads\/sites\/11\/2022\/08\/Board-1-Textual-and-diagrammatic-project-explanation_1920px-768x768.jpg 768w, https:\/\/sites.hslu.ch\/architektur\/wp-content\/uploads\/sites\/11\/2022\/08\/Board-1-Textual-and-diagrammatic-project-explanation_1920px-1536x1536.jpg 1536w, https:\/\/sites.hslu.ch\/architektur\/wp-content\/uploads\/sites\/11\/2022\/08\/Board-1-Textual-and-diagrammatic-project-explanation_1920px-600x600.jpg 600w, https:\/\/sites.hslu.ch\/architektur\/wp-content\/uploads\/sites\/11\/2022\/08\/Board-1-Textual-and-diagrammatic-project-explanation_1920px.jpg 1920w\" sizes=\"auto, (max-width: 1024px) 100vw, 1024px\" \/><\/figure><div class=\"wp-block-media-text__content\">\n<p class=\"wp-block-paragraph\"><strong>Wettbewerb \u00abAI for the Built Environment\u00bb<\/strong><\/p>\n\n\n\n<p class=\"wp-block-paragraph\">CCTP-Mitarbeiter Thomas Heim hat beim Wettbewerb \u00ab10<sup>th<\/sup> Advanced Architecture Contest\u00bb des Institute for Advanced Architecture of Catalonia (IAAC) eine \u00abHonorable Mention\u00bb gewonnen. F\u00fcr seinen Beitrag \u00abTimber city \u2013 a building typology for the urban fabric\u00bb hat er neben Archicad vor allem ChatGPT f\u00fcr die Entwicklung des Entwurfskonzepts und Midjourney f\u00fcr die Visuals eingesetzt. <\/p>\n\n\n\n<p class=\"wp-block-paragraph\">\u2013 <a href=\"https:\/\/advancedarchitecturecontest.org\/results\/\" target=\"_blank\" rel=\"noreferrer noopener\">Weitere Infos zu den Gewinnern des Wettbewerbs<\/a><\/p>\n<\/div><\/div>\n\n\n\n<div class=\"wp-block-media-text is-stacked-on-mobile is-vertically-aligned-top\" style=\"grid-template-columns:32% auto\"><figure class=\"wp-block-media-text__media\"><img loading=\"lazy\" decoding=\"async\" width=\"1024\" height=\"574\" src=\"https:\/\/sites.hslu.ch\/architektur\/wp-content\/uploads\/sites\/11\/2026\/08\/Autodesk_Forma_Design_Contest_Thomas_Heim_2-1024x574.jpg\" alt=\"\" class=\"wp-image-52794 size-full\" srcset=\"https:\/\/sites.hslu.ch\/architektur\/wp-content\/uploads\/sites\/11\/2026\/08\/Autodesk_Forma_Design_Contest_Thomas_Heim_2-1024x574.jpg 1024w, https:\/\/sites.hslu.ch\/architektur\/wp-content\/uploads\/sites\/11\/2026\/08\/Autodesk_Forma_Design_Contest_Thomas_Heim_2-300x168.jpg 300w, https:\/\/sites.hslu.ch\/architektur\/wp-content\/uploads\/sites\/11\/2026\/08\/Autodesk_Forma_Design_Contest_Thomas_Heim_2-768x430.jpg 768w, https:\/\/sites.hslu.ch\/architektur\/wp-content\/uploads\/sites\/11\/2026\/08\/Autodesk_Forma_Design_Contest_Thomas_Heim_2-1536x861.jpg 1536w, https:\/\/sites.hslu.ch\/architektur\/wp-content\/uploads\/sites\/11\/2026\/08\/Autodesk_Forma_Design_Contest_Thomas_Heim_2-600x336.jpg 600w, https:\/\/sites.hslu.ch\/architektur\/wp-content\/uploads\/sites\/11\/2026\/08\/Autodesk_Forma_Design_Contest_Thomas_Heim_2.jpg 1920w\" sizes=\"auto, (max-width: 1024px) 100vw, 1024px\" \/><\/figure><div class=\"wp-block-media-text__content\">\n<p class=\"wp-block-paragraph\"><strong>Autodesk Forma Design Contest 2024<\/strong><\/p>\n\n\n\n<p class=\"wp-block-paragraph\">Mit dem Projekt \u00abNexus: Bridging City and Waterfront\u00bb hat Thomas Heim vom CCTP den 2. Platz beim Autodesk Forma Design Contest 2024 gewonnen. Unter den 78 eingereichten Beitr\u00e4gen \u00fcberzeugte sein datengetriebener Entwurf f\u00fcr ein neues Waterfront-Quartier in San Diego.<br>Der Entwurfsprozess zeigt exemplarisch, wie generative KI und simulationsbasierte Verfahren den klassischen architektonischen Entwurf erg\u00e4nzen \u2013 und teilweise abl\u00f6sen:<br><strong>Datenanalyse:<\/strong>&nbsp;Standortdaten, Vorschriften und st\u00e4dtebauliche Rahmenbedingungen wurden mit ChatGPT systematisch ausgewertet und in Zielsetzungen \u00fcbersetzt.<br><strong>Simulation:<\/strong>&nbsp;Mit Autodesk Forma wurden verschiedene Entwurfsvarianten hinsichtlich Tageslicht, Windkomfort, L\u00e4rm und CO\u2082-Bilanz optimiert.<br><strong>Visualisierung:<\/strong>&nbsp;Midjourney und Stability AI (ComfyUI) dienten zur Konzept- und Endvisualisierung des Projekts.<br>Der Beitrag steht exemplarisch f\u00fcr die These, dass datengetriebene Prozesse traditionelle Entwurfsmethoden zunehmend erg\u00e4nzen oder gar ersetzen k\u00f6nnen \u2013 ein Thema, das auch in der HSLU-Weiterbildung Digital Construction einfliesst.<\/p>\n<\/div><\/div>\n","protected":false},"excerpt":{"rendered":"<p>Das Thema \u00abK\u00fcnstliche Intelligenz\u00bb wird am Institut f\u00fcr Architektur der Hochschule Luzern intensiv und auf mehreren Ebenen erforscht und gelehrt. Dabei setzt sich das CCTP intensiv mit Chancen und Risiken von KI in der Architektur auseinander.<\/p>\n","protected":false},"author":44,"featured_media":52791,"comment_status":"closed","ping_status":"closed","sticky":false,"template":"","format":"standard","meta":{"_acf_changed":false,"footnotes":"","_members_access_role":[],"_members_access_error":""},"categories":[236,39,36,33],"tags":[],"class_list":["post-32761","post","type-post","status-publish","format-standard","has-post-thumbnail","hentry","category-cctp-allgemein","category-cctp-projekte","category-cctp-thinktank","category-forschung"],"acf":[],"yoast_head":"<!-- This site is optimized with the Yoast SEO plugin v28.3 - https:\/\/yoast.com\/product\/yoast-seo-wordpress\/ -->\n<title>K\u00fcnstliche Intelligenz am CCTP - Architektur an der Hochschule Luzern<\/title>\n<meta name=\"robots\" content=\"index, follow, max-snippet:-1, max-image-preview:large, max-video-preview:-1\" \/>\n<link rel=\"canonical\" href=\"https:\/\/sites.hslu.ch\/architektur\/kuenstliche-intelligenz-am-cctp\/\" \/>\n<meta property=\"og:locale\" content=\"de_DE\" \/>\n<meta property=\"og:type\" content=\"article\" \/>\n<meta property=\"og:title\" content=\"K\u00fcnstliche Intelligenz am CCTP - Architektur an der Hochschule Luzern\" \/>\n<meta property=\"og:description\" content=\"Das Thema \u00abK\u00fcnstliche Intelligenz\u00bb wird am Institut f\u00fcr Architektur der Hochschule Luzern intensiv und auf mehreren Ebenen erforscht und gelehrt. Dabei setzt sich das CCTP intensiv mit Chancen und Risiken von KI in der Architektur auseinander.\" \/>\n<meta property=\"og:url\" content=\"https:\/\/sites.hslu.ch\/architektur\/kuenstliche-intelligenz-am-cctp\/\" \/>\n<meta property=\"og:site_name\" content=\"Architektur an der Hochschule Luzern\" \/>\n<meta property=\"article:published_time\" content=\"2026-08-26T12:44:10+00:00\" \/>\n<meta property=\"article:modified_time\" content=\"2026-08-26T12:47:16+00:00\" \/>\n<meta property=\"og:image\" content=\"https:\/\/sites.hslu.ch\/architektur\/wp-content\/uploads\/sites\/11\/2026\/08\/CCTP_KI_NL20_1920x1107px-Kopie.jpg\" \/>\n\t<meta property=\"og:image:width\" content=\"1920\" \/>\n\t<meta property=\"og:image:height\" content=\"1107\" \/>\n\t<meta property=\"og:image:type\" content=\"image\/jpeg\" \/>\n<meta name=\"author\" content=\"jaramalevez\" \/>\n<meta name=\"twitter:card\" content=\"summary_large_image\" \/>\n<meta name=\"twitter:label1\" content=\"Verfasst von\" \/>\n\t<meta name=\"twitter:data1\" content=\"jaramalevez\" \/>\n\t<meta name=\"twitter:label2\" content=\"Gesch\u00e4tzte Lesezeit\" \/>\n\t<meta name=\"twitter:data2\" content=\"12\u00a0Minuten\" \/>\n<script type=\"application\/ld+json\" class=\"yoast-schema-graph\">{\"@context\":\"https:\\\/\\\/schema.org\",\"@graph\":[{\"@type\":\"Article\",\"@id\":\"https:\\\/\\\/sites.hslu.ch\\\/architektur\\\/kuenstliche-intelligenz-am-cctp\\\/#article\",\"isPartOf\":{\"@id\":\"https:\\\/\\\/sites.hslu.ch\\\/architektur\\\/kuenstliche-intelligenz-am-cctp\\\/\"},\"author\":{\"name\":\"jaramalevez\",\"@id\":\"https:\\\/\\\/sites.hslu.ch\\\/architektur\\\/#\\\/schema\\\/person\\\/001cee0914381b1d1d390e0f07da2aad\"},\"headline\":\"K\u00fcnstliche Intelligenz am CCTP\",\"datePublished\":\"2026-08-26T12:44:10+00:00\",\"dateModified\":\"2026-08-26T12:47:16+00:00\",\"mainEntityOfPage\":{\"@id\":\"https:\\\/\\\/sites.hslu.ch\\\/architektur\\\/kuenstliche-intelligenz-am-cctp\\\/\"},\"wordCount\":1537,\"image\":{\"@id\":\"https:\\\/\\\/sites.hslu.ch\\\/architektur\\\/kuenstliche-intelligenz-am-cctp\\\/#primaryimage\"},\"thumbnailUrl\":\"https:\\\/\\\/sites.hslu.ch\\\/architektur\\\/wp-content\\\/uploads\\\/sites\\\/11\\\/2026\\\/08\\\/CCTP_KI_NL20_1920x1107px-Kopie.jpg\",\"articleSection\":[\"CCTP Allgemein\",\"CCTP Projekte\",\"CCTP ThinkTank\",\"Forschung\"],\"inLanguage\":\"de\"},{\"@type\":\"WebPage\",\"@id\":\"https:\\\/\\\/sites.hslu.ch\\\/architektur\\\/kuenstliche-intelligenz-am-cctp\\\/\",\"url\":\"https:\\\/\\\/sites.hslu.ch\\\/architektur\\\/kuenstliche-intelligenz-am-cctp\\\/\",\"name\":\"K\u00fcnstliche Intelligenz am CCTP - Architektur an der Hochschule Luzern\",\"isPartOf\":{\"@id\":\"https:\\\/\\\/sites.hslu.ch\\\/architektur\\\/#website\"},\"primaryImageOfPage\":{\"@id\":\"https:\\\/\\\/sites.hslu.ch\\\/architektur\\\/kuenstliche-intelligenz-am-cctp\\\/#primaryimage\"},\"image\":{\"@id\":\"https:\\\/\\\/sites.hslu.ch\\\/architektur\\\/kuenstliche-intelligenz-am-cctp\\\/#primaryimage\"},\"thumbnailUrl\":\"https:\\\/\\\/sites.hslu.ch\\\/architektur\\\/wp-content\\\/uploads\\\/sites\\\/11\\\/2026\\\/08\\\/CCTP_KI_NL20_1920x1107px-Kopie.jpg\",\"datePublished\":\"2026-08-26T12:44:10+00:00\",\"dateModified\":\"2026-08-26T12:47:16+00:00\",\"author\":{\"@id\":\"https:\\\/\\\/sites.hslu.ch\\\/architektur\\\/#\\\/schema\\\/person\\\/001cee0914381b1d1d390e0f07da2aad\"},\"breadcrumb\":{\"@id\":\"https:\\\/\\\/sites.hslu.ch\\\/architektur\\\/kuenstliche-intelligenz-am-cctp\\\/#breadcrumb\"},\"inLanguage\":\"de\",\"potentialAction\":[{\"@type\":\"ReadAction\",\"target\":[\"https:\\\/\\\/sites.hslu.ch\\\/architektur\\\/kuenstliche-intelligenz-am-cctp\\\/\"]}]},{\"@type\":\"ImageObject\",\"inLanguage\":\"de\",\"@id\":\"https:\\\/\\\/sites.hslu.ch\\\/architektur\\\/kuenstliche-intelligenz-am-cctp\\\/#primaryimage\",\"url\":\"https:\\\/\\\/sites.hslu.ch\\\/architektur\\\/wp-content\\\/uploads\\\/sites\\\/11\\\/2026\\\/08\\\/CCTP_KI_NL20_1920x1107px-Kopie.jpg\",\"contentUrl\":\"https:\\\/\\\/sites.hslu.ch\\\/architektur\\\/wp-content\\\/uploads\\\/sites\\\/11\\\/2026\\\/08\\\/CCTP_KI_NL20_1920x1107px-Kopie.jpg\",\"width\":1920,\"height\":1107},{\"@type\":\"BreadcrumbList\",\"@id\":\"https:\\\/\\\/sites.hslu.ch\\\/architektur\\\/kuenstliche-intelligenz-am-cctp\\\/#breadcrumb\",\"itemListElement\":[{\"@type\":\"ListItem\",\"position\":1,\"name\":\"Home\",\"item\":\"https:\\\/\\\/sites.hslu.ch\\\/architektur\\\/\"},{\"@type\":\"ListItem\",\"position\":2,\"name\":\"K\u00fcnstliche Intelligenz am CCTP\"}]},{\"@type\":\"WebSite\",\"@id\":\"https:\\\/\\\/sites.hslu.ch\\\/architektur\\\/#website\",\"url\":\"https:\\\/\\\/sites.hslu.ch\\\/architektur\\\/\",\"name\":\"Architektur an der Hochschule Luzern\",\"description\":\"\",\"potentialAction\":[{\"@type\":\"SearchAction\",\"target\":{\"@type\":\"EntryPoint\",\"urlTemplate\":\"https:\\\/\\\/sites.hslu.ch\\\/architektur\\\/?s={search_term_string}\"},\"query-input\":{\"@type\":\"PropertyValueSpecification\",\"valueRequired\":true,\"valueName\":\"search_term_string\"}}],\"inLanguage\":\"de\"},{\"@type\":\"Person\",\"@id\":\"https:\\\/\\\/sites.hslu.ch\\\/architektur\\\/#\\\/schema\\\/person\\\/001cee0914381b1d1d390e0f07da2aad\",\"name\":\"jaramalevez\",\"url\":\"https:\\\/\\\/sites.hslu.ch\\\/architektur\\\/author\\\/jaramalevez\\\/\"}]}<\/script>\n<!-- \/ Yoast SEO plugin. -->","yoast_head_json":{"title":"K\u00fcnstliche Intelligenz am CCTP - Architektur an der Hochschule Luzern","robots":{"index":"index","follow":"follow","max-snippet":"max-snippet:-1","max-image-preview":"max-image-preview:large","max-video-preview":"max-video-preview:-1"},"canonical":"https:\/\/sites.hslu.ch\/architektur\/kuenstliche-intelligenz-am-cctp\/","og_locale":"de_DE","og_type":"article","og_title":"K\u00fcnstliche Intelligenz am CCTP - Architektur an der Hochschule Luzern","og_description":"Das Thema \u00abK\u00fcnstliche Intelligenz\u00bb wird am Institut f\u00fcr Architektur der Hochschule Luzern intensiv und auf mehreren Ebenen erforscht und gelehrt. Dabei setzt sich das CCTP intensiv mit Chancen und Risiken von KI in der Architektur auseinander.","og_url":"https:\/\/sites.hslu.ch\/architektur\/kuenstliche-intelligenz-am-cctp\/","og_site_name":"Architektur an der Hochschule Luzern","article_published_time":"2026-08-26T12:44:10+00:00","article_modified_time":"2026-08-26T12:47:16+00:00","og_image":[{"width":1920,"height":1107,"url":"https:\/\/sites.hslu.ch\/architektur\/wp-content\/uploads\/sites\/11\/2026\/08\/CCTP_KI_NL20_1920x1107px-Kopie.jpg","type":"image\/jpeg"}],"author":"jaramalevez","twitter_card":"summary_large_image","twitter_misc":{"Verfasst von":"jaramalevez","Gesch\u00e4tzte Lesezeit":"12\u00a0Minuten"},"schema":{"@context":"https:\/\/schema.org","@graph":[{"@type":"Article","@id":"https:\/\/sites.hslu.ch\/architektur\/kuenstliche-intelligenz-am-cctp\/#article","isPartOf":{"@id":"https:\/\/sites.hslu.ch\/architektur\/kuenstliche-intelligenz-am-cctp\/"},"author":{"name":"jaramalevez","@id":"https:\/\/sites.hslu.ch\/architektur\/#\/schema\/person\/001cee0914381b1d1d390e0f07da2aad"},"headline":"K\u00fcnstliche Intelligenz am CCTP","datePublished":"2026-08-26T12:44:10+00:00","dateModified":"2026-08-26T12:47:16+00:00","mainEntityOfPage":{"@id":"https:\/\/sites.hslu.ch\/architektur\/kuenstliche-intelligenz-am-cctp\/"},"wordCount":1537,"image":{"@id":"https:\/\/sites.hslu.ch\/architektur\/kuenstliche-intelligenz-am-cctp\/#primaryimage"},"thumbnailUrl":"https:\/\/sites.hslu.ch\/architektur\/wp-content\/uploads\/sites\/11\/2026\/08\/CCTP_KI_NL20_1920x1107px-Kopie.jpg","articleSection":["CCTP Allgemein","CCTP Projekte","CCTP ThinkTank","Forschung"],"inLanguage":"de"},{"@type":"WebPage","@id":"https:\/\/sites.hslu.ch\/architektur\/kuenstliche-intelligenz-am-cctp\/","url":"https:\/\/sites.hslu.ch\/architektur\/kuenstliche-intelligenz-am-cctp\/","name":"K\u00fcnstliche Intelligenz am CCTP - Architektur an der Hochschule Luzern","isPartOf":{"@id":"https:\/\/sites.hslu.ch\/architektur\/#website"},"primaryImageOfPage":{"@id":"https:\/\/sites.hslu.ch\/architektur\/kuenstliche-intelligenz-am-cctp\/#primaryimage"},"image":{"@id":"https:\/\/sites.hslu.ch\/architektur\/kuenstliche-intelligenz-am-cctp\/#primaryimage"},"thumbnailUrl":"https:\/\/sites.hslu.ch\/architektur\/wp-content\/uploads\/sites\/11\/2026\/08\/CCTP_KI_NL20_1920x1107px-Kopie.jpg","datePublished":"2026-08-26T12:44:10+00:00","dateModified":"2026-08-26T12:47:16+00:00","author":{"@id":"https:\/\/sites.hslu.ch\/architektur\/#\/schema\/person\/001cee0914381b1d1d390e0f07da2aad"},"breadcrumb":{"@id":"https:\/\/sites.hslu.ch\/architektur\/kuenstliche-intelligenz-am-cctp\/#breadcrumb"},"inLanguage":"de","potentialAction":[{"@type":"ReadAction","target":["https:\/\/sites.hslu.ch\/architektur\/kuenstliche-intelligenz-am-cctp\/"]}]},{"@type":"ImageObject","inLanguage":"de","@id":"https:\/\/sites.hslu.ch\/architektur\/kuenstliche-intelligenz-am-cctp\/#primaryimage","url":"https:\/\/sites.hslu.ch\/architektur\/wp-content\/uploads\/sites\/11\/2026\/08\/CCTP_KI_NL20_1920x1107px-Kopie.jpg","contentUrl":"https:\/\/sites.hslu.ch\/architektur\/wp-content\/uploads\/sites\/11\/2026\/08\/CCTP_KI_NL20_1920x1107px-Kopie.jpg","width":1920,"height":1107},{"@type":"BreadcrumbList","@id":"https:\/\/sites.hslu.ch\/architektur\/kuenstliche-intelligenz-am-cctp\/#breadcrumb","itemListElement":[{"@type":"ListItem","position":1,"name":"Home","item":"https:\/\/sites.hslu.ch\/architektur\/"},{"@type":"ListItem","position":2,"name":"K\u00fcnstliche Intelligenz am CCTP"}]},{"@type":"WebSite","@id":"https:\/\/sites.hslu.ch\/architektur\/#website","url":"https:\/\/sites.hslu.ch\/architektur\/","name":"Architektur an der Hochschule Luzern","description":"","potentialAction":[{"@type":"SearchAction","target":{"@type":"EntryPoint","urlTemplate":"https:\/\/sites.hslu.ch\/architektur\/?s={search_term_string}"},"query-input":{"@type":"PropertyValueSpecification","valueRequired":true,"valueName":"search_term_string"}}],"inLanguage":"de"},{"@type":"Person","@id":"https:\/\/sites.hslu.ch\/architektur\/#\/schema\/person\/001cee0914381b1d1d390e0f07da2aad","name":"jaramalevez","url":"https:\/\/sites.hslu.ch\/architektur\/author\/jaramalevez\/"}]}},"_links":{"self":[{"href":"https:\/\/sites.hslu.ch\/architektur\/wp-json\/wp\/v2\/posts\/32761","targetHints":{"allow":["GET"]}}],"collection":[{"href":"https:\/\/sites.hslu.ch\/architektur\/wp-json\/wp\/v2\/posts"}],"about":[{"href":"https:\/\/sites.hslu.ch\/architektur\/wp-json\/wp\/v2\/types\/post"}],"author":[{"embeddable":true,"href":"https:\/\/sites.hslu.ch\/architektur\/wp-json\/wp\/v2\/users\/44"}],"replies":[{"embeddable":true,"href":"https:\/\/sites.hslu.ch\/architektur\/wp-json\/wp\/v2\/comments?post=32761"}],"version-history":[{"count":26,"href":"https:\/\/sites.hslu.ch\/architektur\/wp-json\/wp\/v2\/posts\/32761\/revisions"}],"predecessor-version":[{"id":52839,"href":"https:\/\/sites.hslu.ch\/architektur\/wp-json\/wp\/v2\/posts\/32761\/revisions\/52839"}],"wp:featuredmedia":[{"embeddable":true,"href":"https:\/\/sites.hslu.ch\/architektur\/wp-json\/wp\/v2\/media\/52791"}],"wp:attachment":[{"href":"https:\/\/sites.hslu.ch\/architektur\/wp-json\/wp\/v2\/media?parent=32761"}],"wp:term":[{"taxonomy":"category","embeddable":true,"href":"https:\/\/sites.hslu.ch\/architektur\/wp-json\/wp\/v2\/categories?post=32761"},{"taxonomy":"post_tag","embeddable":true,"href":"https:\/\/sites.hslu.ch\/architektur\/wp-json\/wp\/v2\/tags?post=32761"}],"curies":[{"name":"wp","href":"https:\/\/api.w.org\/{rel}","templated":true}]}}