{"id":31024,"date":"2024-02-28T09:10:51","date_gmt":"2024-02-28T08:10:51","guid":{"rendered":"https:\/\/sites.hslu.ch\/architektur\/?p=31024"},"modified":"2024-02-28T09:11:46","modified_gmt":"2024-02-28T08:11:46","slug":"nachhaltigkeit-hs23","status":"publish","type":"post","link":"https:\/\/sites.hslu.ch\/architektur\/nachhaltigkeit-hs23\/","title":{"rendered":"Nachhaltigkeit \u2013 HS23"},"content":{"rendered":"\n<p class=\"is-style-lead-text\">Studierende der Bachelorstudieng\u00e4nge Architektur, Digital Construction und Geb\u00e4udetechnik gingen im Modul \u00abNachhaltigkeit\u00bb der Frage nach, wie nachhaltig unser praktischer Umgang mit endlichen Ressourcen ist. Auf der Suche nach lokalen Antworten auf globale Fragen haben sie in mehrere Richtungen recherchiert und mit dem gesammelten Material einen Zeitungsbeitrag gestaltet.<\/p>\n\n\n\n<h3 class=\"wp-block-heading\">Semesteraufbau<\/h3>\n\n\n\n<p><strong>Sequenz 1: FORSCHEN<\/strong><br>Im ersten Teil wurden drei Ressourcenkategorien eingef\u00fchrt: \u00abGrund und Boden\u00bb, \u00abLeben\u00bb und \u00abgebauter Raum\u00bb; ein Video diente als Impuls f\u00fcr eine anf\u00e4ngliche These. Recherche und Literaturstudium f\u00fchrten zu Hintergrundwissen, welches lokalen Gegebenheiten gegen\u00fcbergestellt wurde. Beobachtungen, Interviews und investigative Neugier f\u00fchrten ergebnisoffen zu einem breiten Verst\u00e4ndnis f\u00fcr die Ressourcenfrage in den gew\u00e4hlten Lebensr\u00e4umen.<\/p>\n\n\n\n<p><strong>Sequenz 2: ERZ\u00c4HLEN<\/strong> <br>In einem zweiten Schritt wurde mit Hilfe von professionellen Journalist:innen ein geeignetes journalistisches Format (Beitrag, Reportage, Feature, Essay) gew\u00e4hlt, um die wertvollen Fundst\u00fccke zu vernetzen, Hintergr\u00fcnde zu erl\u00e4utern und um letztlich eine spannende gut verst\u00e4ndliche Geschichte zu erz\u00e4hlen. Dabei war neben der Darstellung des Inhaltes eine kritische Auseinandersetzung mit Fakten und Meinungen, Informationsverarbeitung in Medien.<\/p>\n\n\n\n<p>Die Studierenden wurden begleitet durch die Dozierenden Johannes Ritzer (Modulverantwortung), Peter Schwehr, Lars Schuchert, Katja Jug und Predrag Bekcic (Assistenz), sowie durch zwei Journalistinnen des MAZ- Institut f\u00fcr Journalismus und Kommunikation: Claudia Schlup und Monica M\u00fcller. <\/p>\n\n\n\n<p>Abgeschlossen wurde das Semester mit einer Ausstellung der Zeitungen.<\/p>\n\n\n\n<h3 class=\"wp-block-heading\">Zeitungen der Studierenden <\/h3>\n\n\n\n<p><strong>\u00abVon verseuchten B\u00f6den zu bl\u00fchenden Gesch\u00e4ften\u00bb <\/strong><br>Eine Arbeit von Fabian Bader, Benjamin Gorzwaski, Dario Hotz, Aleksandar Nikolic (Studierende Architektur) sowie Mike Schmid (Studierender Geb\u00e4udetechnik)<\/p>\n\n\n    <div class=\"ms-gallery \">\n        <div class=\"ms-gallery-sizer\"><\/div>\n        <div class=\"ms-gallery-gutter\"><\/div>\n                                        <div class=\"ms-gallery-item narrow\">\n                                                            <a href=\"https:\/\/sites.hslu.ch\/architektur\/wp-content\/uploads\/sites\/11\/2024\/02\/A3_Altlasten_Endabgabe-1.jpg\" data-lightbox=\"masonery-gallery\"  data-size=\"narrow\"  data-title=\"\" data-alt=\"\">\n                        <img decoding=\"async\" class=\"ms-gallery-item__image\"  data-size=\"narrow\"  src=\"https:\/\/sites.hslu.ch\/architektur\/wp-content\/uploads\/sites\/11\/2024\/02\/A3_Altlasten_Endabgabe-1.jpg\" alt=\"\" \/>\n                    <\/a>\n                                        <\/div>\n\n                                                                    <div class=\"ms-gallery-item narrow\">\n                                                            <a href=\"https:\/\/sites.hslu.ch\/architektur\/wp-content\/uploads\/sites\/11\/2024\/02\/A3_Altlasten_Endabgabe-2.jpg\" data-lightbox=\"masonery-gallery\"  data-size=\"narrow\"  data-title=\"\" data-alt=\"\">\n                        <img decoding=\"async\" class=\"ms-gallery-item__image\"  data-size=\"narrow\"  src=\"https:\/\/sites.hslu.ch\/architektur\/wp-content\/uploads\/sites\/11\/2024\/02\/A3_Altlasten_Endabgabe-2.jpg\" alt=\"\" \/>\n                    <\/a>\n                                        <\/div>\n\n                                                                    <div class=\"ms-gallery-item narrow\">\n                                                            <a href=\"https:\/\/sites.hslu.ch\/architektur\/wp-content\/uploads\/sites\/11\/2024\/02\/A3_Altlasten_Endabgabe-3.jpg\" data-lightbox=\"masonery-gallery\"  data-size=\"narrow\"  data-title=\"\" data-alt=\"\">\n                        <img decoding=\"async\" class=\"ms-gallery-item__image\"  data-size=\"narrow\"  src=\"https:\/\/sites.hslu.ch\/architektur\/wp-content\/uploads\/sites\/11\/2024\/02\/A3_Altlasten_Endabgabe-3.jpg\" alt=\"\" \/>\n                    <\/a>\n                                        <\/div>\n\n                                                                    <div class=\"ms-gallery-item narrow\">\n                                                            <a href=\"https:\/\/sites.hslu.ch\/architektur\/wp-content\/uploads\/sites\/11\/2024\/02\/A3_Altlasten_Endabgabe-4.jpg\" data-lightbox=\"masonery-gallery\"  data-size=\"narrow\"  data-title=\"\" data-alt=\"\">\n                        <img decoding=\"async\" class=\"ms-gallery-item__image\"  data-size=\"narrow\"  src=\"https:\/\/sites.hslu.ch\/architektur\/wp-content\/uploads\/sites\/11\/2024\/02\/A3_Altlasten_Endabgabe-4.jpg\" alt=\"\" \/>\n                    <\/a>\n                                        <\/div>\n\n                                                    <div class=\"ms-gallery-item narrow\">\n                <\/div>\n                <\/div>\n            \n\n\n<p><strong>\u00abNew Horw Times\u00bb<\/strong><br>Eine Arbeit von Emira Asani, Beatrice Boog, Simon Brunner, Ayse Nur Ciftci, Dorianne Lina Schibli  (Studierende Architektur) sowie Joel Piersanti (Studierender Geb\u00e4udetechnik)<\/p>\n\n\n    <div class=\"ms-gallery \">\n        <div class=\"ms-gallery-sizer\"><\/div>\n        <div class=\"ms-gallery-gutter\"><\/div>\n                                        <div class=\"ms-gallery-item narrow\">\n                                                            <a href=\"https:\/\/sites.hslu.ch\/architektur\/wp-content\/uploads\/sites\/11\/2024\/02\/B2_Nachhaltigkeit__HS23-1.jpg\" data-lightbox=\"masonery-gallery\"  data-size=\"narrow\"  data-title=\"\" data-alt=\"\">\n                        <img decoding=\"async\" class=\"ms-gallery-item__image\"  data-size=\"narrow\"  src=\"https:\/\/sites.hslu.ch\/architektur\/wp-content\/uploads\/sites\/11\/2024\/02\/B2_Nachhaltigkeit__HS23-1.jpg\" alt=\"\" \/>\n                    <\/a>\n                                        <\/div>\n\n                                                                    <div class=\"ms-gallery-item narrow\">\n                                                            <a href=\"https:\/\/sites.hslu.ch\/architektur\/wp-content\/uploads\/sites\/11\/2024\/02\/B2_Nachhaltigkeit__HS23-2.jpg\" data-lightbox=\"masonery-gallery\"  data-size=\"narrow\"  data-title=\"\" data-alt=\"\">\n                        <img decoding=\"async\" class=\"ms-gallery-item__image\"  data-size=\"narrow\"  src=\"https:\/\/sites.hslu.ch\/architektur\/wp-content\/uploads\/sites\/11\/2024\/02\/B2_Nachhaltigkeit__HS23-2.jpg\" alt=\"\" \/>\n                    <\/a>\n                                        <\/div>\n\n                                                                    <div class=\"ms-gallery-item narrow\">\n                                                            <a href=\"https:\/\/sites.hslu.ch\/architektur\/wp-content\/uploads\/sites\/11\/2024\/02\/B2_Nachhaltigkeit__HS23-3.jpg\" data-lightbox=\"masonery-gallery\"  data-size=\"narrow\"  data-title=\"\" data-alt=\"\">\n                        <img decoding=\"async\" class=\"ms-gallery-item__image\"  data-size=\"narrow\"  src=\"https:\/\/sites.hslu.ch\/architektur\/wp-content\/uploads\/sites\/11\/2024\/02\/B2_Nachhaltigkeit__HS23-3.jpg\" alt=\"\" \/>\n                    <\/a>\n                                        <\/div>\n\n                                                                    <div class=\"ms-gallery-item narrow\">\n                                                            <a href=\"https:\/\/sites.hslu.ch\/architektur\/wp-content\/uploads\/sites\/11\/2024\/02\/B2_Nachhaltigkeit__HS23-4.jpg\" data-lightbox=\"masonery-gallery\"  data-size=\"narrow\"  data-title=\"\" data-alt=\"\">\n                        <img decoding=\"async\" class=\"ms-gallery-item__image\"  data-size=\"narrow\"  src=\"https:\/\/sites.hslu.ch\/architektur\/wp-content\/uploads\/sites\/11\/2024\/02\/B2_Nachhaltigkeit__HS23-4.jpg\" alt=\"\" \/>\n                    <\/a>\n                                        <\/div>\n\n                                                    <div class=\"ms-gallery-item narrow\">\n                <\/div>\n                <\/div>\n            \n\n\n<h3 class=\"wp-block-heading\">Eindr\u00fccke von der Vernissage<\/h3>\n\n\n    <div class=\"ms-gallery \">\n        <div class=\"ms-gallery-sizer\"><\/div>\n        <div class=\"ms-gallery-gutter\"><\/div>\n                                        <div class=\"ms-gallery-item narrow\">\n                                                            <a href=\"https:\/\/sites.hslu.ch\/architektur\/wp-content\/uploads\/sites\/11\/2024\/02\/23hs_16_Nachhaltigkeit_Vernissage_9359-Verbessert-RR.jpg\" data-lightbox=\"masonery-gallery\"  data-size=\"narrow\"  data-title=\"\" data-alt=\"\">\n                        <img decoding=\"async\" class=\"ms-gallery-item__image\"  data-size=\"narrow\"  src=\"https:\/\/sites.hslu.ch\/architektur\/wp-content\/uploads\/sites\/11\/2024\/02\/23hs_16_Nachhaltigkeit_Vernissage_9359-Verbessert-RR.jpg\" alt=\"\" \/>\n                    <\/a>\n                                        <\/div>\n\n                                                                <div class=\"ms-gallery-item wide\">\n                                                        <a href=\"https:\/\/sites.hslu.ch\/architektur\/wp-content\/uploads\/sites\/11\/2024\/02\/23hs_16_Nachhaltigkeit_Vernissage_9375-Verbessert-RR.jpg\" data-lightbox=\"masonery-gallery\"  data-size=\"wide\"  data-title=\"\" data-alt=\"\">\n                        <img decoding=\"async\" class=\"ms-gallery-item__image\"  data-size=\"wide\"  src=\"https:\/\/sites.hslu.ch\/architektur\/wp-content\/uploads\/sites\/11\/2024\/02\/23hs_16_Nachhaltigkeit_Vernissage_9375-Verbessert-RR.jpg\" alt=\"\" \/>\n                    <\/a>\n                                        <\/div>\n\n                                                                    <div class=\"ms-gallery-item narrow\">\n                                                            <a href=\"https:\/\/sites.hslu.ch\/architektur\/wp-content\/uploads\/sites\/11\/2024\/02\/23hs_16_Nachhaltigkeit_Vernissage_9377-Verbessert-RR.jpg\" data-lightbox=\"masonery-gallery\"  data-size=\"narrow\"  data-title=\"\" data-alt=\"\">\n                        <img decoding=\"async\" class=\"ms-gallery-item__image\"  data-size=\"narrow\"  src=\"https:\/\/sites.hslu.ch\/architektur\/wp-content\/uploads\/sites\/11\/2024\/02\/23hs_16_Nachhaltigkeit_Vernissage_9377-Verbessert-RR.jpg\" alt=\"\" \/>\n                    <\/a>\n                                        <\/div>\n\n                                                                    <div class=\"ms-gallery-item narrow\">\n                                                            <a href=\"https:\/\/sites.hslu.ch\/architektur\/wp-content\/uploads\/sites\/11\/2024\/02\/23hs_16_Nachhaltigkeit_Vernissage_9382-Verbessert-RR.jpg\" data-lightbox=\"masonery-gallery\"  data-size=\"narrow\"  data-title=\"\" data-alt=\"\">\n                        <img decoding=\"async\" class=\"ms-gallery-item__image\"  data-size=\"narrow\"  src=\"https:\/\/sites.hslu.ch\/architektur\/wp-content\/uploads\/sites\/11\/2024\/02\/23hs_16_Nachhaltigkeit_Vernissage_9382-Verbessert-RR.jpg\" alt=\"\" \/>\n                    <\/a>\n                                        <\/div>\n\n                                                                <div class=\"ms-gallery-item wide\">\n                                                        <a href=\"https:\/\/sites.hslu.ch\/architektur\/wp-content\/uploads\/sites\/11\/2024\/02\/23hs_16_Nachhaltigkeit_Vernissage_9388-Verbessert-RR.jpg\" data-lightbox=\"masonery-gallery\"  data-size=\"wide\"  data-title=\"\" data-alt=\"\">\n                        <img decoding=\"async\" class=\"ms-gallery-item__image\"  data-size=\"wide\"  src=\"https:\/\/sites.hslu.ch\/architektur\/wp-content\/uploads\/sites\/11\/2024\/02\/23hs_16_Nachhaltigkeit_Vernissage_9388-Verbessert-RR.jpg\" alt=\"\" \/>\n                    <\/a>\n                                        <\/div>\n\n                                                                <div class=\"ms-gallery-item wide\">\n                                                        <a href=\"https:\/\/sites.hslu.ch\/architektur\/wp-content\/uploads\/sites\/11\/2024\/02\/23hs_16_Nachhaltigkeit_Vernissage_9396-Verbessert-RR.jpg\" data-lightbox=\"masonery-gallery\"  data-size=\"wide\"  data-title=\"\" data-alt=\"\">\n                        <img decoding=\"async\" class=\"ms-gallery-item__image\"  data-size=\"wide\"  src=\"https:\/\/sites.hslu.ch\/architektur\/wp-content\/uploads\/sites\/11\/2024\/02\/23hs_16_Nachhaltigkeit_Vernissage_9396-Verbessert-RR.jpg\" alt=\"\" \/>\n                    <\/a>\n                                        <\/div>\n\n                                                                    <div class=\"ms-gallery-item narrow\">\n                                                            <a href=\"https:\/\/sites.hslu.ch\/architektur\/wp-content\/uploads\/sites\/11\/2024\/02\/23hs_16_Nachhaltigkeit_Vernissage_9400-Verbessert-RR.jpg\" data-lightbox=\"masonery-gallery\"  data-size=\"narrow\"  data-title=\"\" data-alt=\"\">\n                        <img decoding=\"async\" class=\"ms-gallery-item__image\"  data-size=\"narrow\"  src=\"https:\/\/sites.hslu.ch\/architektur\/wp-content\/uploads\/sites\/11\/2024\/02\/23hs_16_Nachhaltigkeit_Vernissage_9400-Verbessert-RR.jpg\" alt=\"\" \/>\n                    <\/a>\n                                        <\/div>\n\n                                                                    <div class=\"ms-gallery-item narrow\">\n                                                            <a href=\"https:\/\/sites.hslu.ch\/architektur\/wp-content\/uploads\/sites\/11\/2024\/02\/23hs_16_Nachhaltigkeit_Vernissage_9411-Verbessert-RR.jpg\" data-lightbox=\"masonery-gallery\"  data-size=\"narrow\"  data-title=\"\" data-alt=\"\">\n                        <img decoding=\"async\" class=\"ms-gallery-item__image\"  data-size=\"narrow\"  src=\"https:\/\/sites.hslu.ch\/architektur\/wp-content\/uploads\/sites\/11\/2024\/02\/23hs_16_Nachhaltigkeit_Vernissage_9411-Verbessert-RR.jpg\" alt=\"\" \/>\n                    <\/a>\n                                        <\/div>\n\n                                                                    <div class=\"ms-gallery-item narrow\">\n                                                            <a href=\"https:\/\/sites.hslu.ch\/architektur\/wp-content\/uploads\/sites\/11\/2024\/02\/23hs_16_Nachhaltigkeit_Vernissage_9402-Verbessert-RR.jpg\" data-lightbox=\"masonery-gallery\"  data-size=\"narrow\"  data-title=\"\" data-alt=\"\">\n                        <img decoding=\"async\" class=\"ms-gallery-item__image\"  data-size=\"narrow\"  src=\"https:\/\/sites.hslu.ch\/architektur\/wp-content\/uploads\/sites\/11\/2024\/02\/23hs_16_Nachhaltigkeit_Vernissage_9402-Verbessert-RR.jpg\" alt=\"\" \/>\n                    <\/a>\n                                        <\/div>\n\n                                                                <div class=\"ms-gallery-item wide\">\n                                                        <a href=\"https:\/\/sites.hslu.ch\/architektur\/wp-content\/uploads\/sites\/11\/2024\/02\/23hs_16_Nachhaltigkeit_Vernissage_9421-Verbessert-RR.jpg\" data-lightbox=\"masonery-gallery\"  data-size=\"wide\"  data-title=\"\" data-alt=\"\">\n                        <img decoding=\"async\" class=\"ms-gallery-item__image\"  data-size=\"wide\"  src=\"https:\/\/sites.hslu.ch\/architektur\/wp-content\/uploads\/sites\/11\/2024\/02\/23hs_16_Nachhaltigkeit_Vernissage_9421-Verbessert-RR.jpg\" alt=\"\" \/>\n                    <\/a>\n                                        <\/div>\n\n                                                                    <div class=\"ms-gallery-item narrow\">\n                                                            <a href=\"https:\/\/sites.hslu.ch\/architektur\/wp-content\/uploads\/sites\/11\/2024\/02\/23hs_16_Nachhaltigkeit_Vernissage_9414-Verbessert-RR.jpg\" data-lightbox=\"masonery-gallery\"  data-size=\"narrow\"  data-title=\"\" data-alt=\"\">\n                        <img decoding=\"async\" class=\"ms-gallery-item__image\"  data-size=\"narrow\"  src=\"https:\/\/sites.hslu.ch\/architektur\/wp-content\/uploads\/sites\/11\/2024\/02\/23hs_16_Nachhaltigkeit_Vernissage_9414-Verbessert-RR.jpg\" alt=\"\" \/>\n                    <\/a>\n                                        <\/div>\n\n                                                                <div class=\"ms-gallery-item wide\">\n                                                        <a href=\"https:\/\/sites.hslu.ch\/architektur\/wp-content\/uploads\/sites\/11\/2024\/02\/23hs_16_Nachhaltigkeit_Vernissage_9438-Verbessert-RR.jpg\" data-lightbox=\"masonery-gallery\"  data-size=\"wide\"  data-title=\"\" data-alt=\"\">\n                        <img decoding=\"async\" class=\"ms-gallery-item__image\"  data-size=\"wide\"  src=\"https:\/\/sites.hslu.ch\/architektur\/wp-content\/uploads\/sites\/11\/2024\/02\/23hs_16_Nachhaltigkeit_Vernissage_9438-Verbessert-RR.jpg\" alt=\"\" \/>\n                    <\/a>\n                                        <\/div>\n\n                                                    <div class=\"ms-gallery-item narrow\">\n                <\/div>\n                <\/div>\n            ","protected":false},"excerpt":{"rendered":"<p>Studierende der Bachelorstudieng\u00e4nge Architektur, Digital Construction und Geb\u00e4udetechnik gingen im Modul \u00abNachhaltigkeit\u00bb der Frage nach, wie nachhaltig unser praktischer Umgang mit endlichen Ressourcen ist. Auf der Suche nach lokalen Antworten auf globale Fragen, haben sie in mehreren Richtungen recherchiert und mit dem gesammelten Material einen Zeitungsbeitrag gestaltet.<\/p>\n","protected":false},"author":44,"featured_media":31066,"comment_status":"closed","ping_status":"closed","sticky":false,"template":"","format":"standard","meta":{"_acf_changed":false,"footnotes":""},"categories":[6,16,243,22],"tags":[],"class_list":["post-31024","post","type-post","status-publish","format-standard","has-post-thumbnail","hentry","category-bachelor-architektur","category-baukultur","category-hs2023","category-semester-jahr"],"acf":[],"yoast_head":"<!-- This site is optimized with the Yoast SEO plugin v27.5 - https:\/\/yoast.com\/product\/yoast-seo-wordpress\/ -->\n<title>Nachhaltigkeit \u2013 HS23 - Architektur an der Hochschule Luzern<\/title>\n<meta name=\"robots\" content=\"index, follow, max-snippet:-1, max-image-preview:large, max-video-preview:-1\" \/>\n<link rel=\"canonical\" href=\"https:\/\/sites.hslu.ch\/architektur\/nachhaltigkeit-hs23\/\" \/>\n<meta property=\"og:locale\" content=\"de_DE\" \/>\n<meta property=\"og:type\" content=\"article\" \/>\n<meta property=\"og:title\" content=\"Nachhaltigkeit \u2013 HS23 - Architektur an der Hochschule Luzern\" \/>\n<meta property=\"og:description\" content=\"Studierende der Bachelorstudieng\u00e4nge Architektur, Digital Construction und Geb\u00e4udetechnik gingen im Modul \u00abNachhaltigkeit\u00bb der Frage nach, wie nachhaltig unser praktischer Umgang mit endlichen Ressourcen ist. Auf der Suche nach lokalen Antworten auf globale Fragen, haben sie in mehreren Richtungen recherchiert und mit dem gesammelten Material einen Zeitungsbeitrag gestaltet.\" \/>\n<meta property=\"og:url\" content=\"https:\/\/sites.hslu.ch\/architektur\/nachhaltigkeit-hs23\/\" \/>\n<meta property=\"og:site_name\" content=\"Architektur an der Hochschule Luzern\" \/>\n<meta property=\"article:published_time\" content=\"2024-02-28T08:10:51+00:00\" \/>\n<meta property=\"article:modified_time\" content=\"2024-02-28T08:11:46+00:00\" \/>\n<meta property=\"og:image\" content=\"https:\/\/sites.hslu.ch\/architektur\/wp-content\/uploads\/sites\/11\/2024\/02\/B2_Nachhaltigkeit__HS23-1.jpg\" \/>\n\t<meta property=\"og:image:width\" content=\"1344\" \/>\n\t<meta property=\"og:image:height\" content=\"1920\" \/>\n\t<meta property=\"og:image:type\" content=\"image\/jpeg\" \/>\n<meta name=\"author\" content=\"jaramalevez\" \/>\n<meta name=\"twitter:card\" content=\"summary_large_image\" \/>\n<meta name=\"twitter:label1\" content=\"Verfasst von\" \/>\n\t<meta name=\"twitter:data1\" content=\"jaramalevez\" \/>\n\t<meta name=\"twitter:label2\" content=\"Gesch\u00e4tzte Lesezeit\" \/>\n\t<meta name=\"twitter:data2\" content=\"2\u00a0Minuten\" \/>\n<script type=\"application\/ld+json\" class=\"yoast-schema-graph\">{\"@context\":\"https:\\\/\\\/schema.org\",\"@graph\":[{\"@type\":\"Article\",\"@id\":\"https:\\\/\\\/sites.hslu.ch\\\/architektur\\\/nachhaltigkeit-hs23\\\/#article\",\"isPartOf\":{\"@id\":\"https:\\\/\\\/sites.hslu.ch\\\/architektur\\\/nachhaltigkeit-hs23\\\/\"},\"author\":{\"name\":\"jaramalevez\",\"@id\":\"https:\\\/\\\/sites.hslu.ch\\\/architektur\\\/#\\\/schema\\\/person\\\/001cee0914381b1d1d390e0f07da2aad\"},\"headline\":\"Nachhaltigkeit \u2013 HS23\",\"datePublished\":\"2024-02-28T08:10:51+00:00\",\"dateModified\":\"2024-02-28T08:11:46+00:00\",\"mainEntityOfPage\":{\"@id\":\"https:\\\/\\\/sites.hslu.ch\\\/architektur\\\/nachhaltigkeit-hs23\\\/\"},\"wordCount\":290,\"image\":{\"@id\":\"https:\\\/\\\/sites.hslu.ch\\\/architektur\\\/nachhaltigkeit-hs23\\\/#primaryimage\"},\"thumbnailUrl\":\"https:\\\/\\\/sites.hslu.ch\\\/architektur\\\/wp-content\\\/uploads\\\/sites\\\/11\\\/2024\\\/02\\\/B2_Nachhaltigkeit__HS23-1.jpg\",\"articleSection\":[\"Bachelor Architektur\",\"Baukultur\",\"HS2023\",\"Semester\\\/Jahr\"],\"inLanguage\":\"de\"},{\"@type\":\"WebPage\",\"@id\":\"https:\\\/\\\/sites.hslu.ch\\\/architektur\\\/nachhaltigkeit-hs23\\\/\",\"url\":\"https:\\\/\\\/sites.hslu.ch\\\/architektur\\\/nachhaltigkeit-hs23\\\/\",\"name\":\"Nachhaltigkeit \u2013 HS23 - Architektur an der Hochschule Luzern\",\"isPartOf\":{\"@id\":\"https:\\\/\\\/sites.hslu.ch\\\/architektur\\\/#website\"},\"primaryImageOfPage\":{\"@id\":\"https:\\\/\\\/sites.hslu.ch\\\/architektur\\\/nachhaltigkeit-hs23\\\/#primaryimage\"},\"image\":{\"@id\":\"https:\\\/\\\/sites.hslu.ch\\\/architektur\\\/nachhaltigkeit-hs23\\\/#primaryimage\"},\"thumbnailUrl\":\"https:\\\/\\\/sites.hslu.ch\\\/architektur\\\/wp-content\\\/uploads\\\/sites\\\/11\\\/2024\\\/02\\\/B2_Nachhaltigkeit__HS23-1.jpg\",\"datePublished\":\"2024-02-28T08:10:51+00:00\",\"dateModified\":\"2024-02-28T08:11:46+00:00\",\"author\":{\"@id\":\"https:\\\/\\\/sites.hslu.ch\\\/architektur\\\/#\\\/schema\\\/person\\\/001cee0914381b1d1d390e0f07da2aad\"},\"breadcrumb\":{\"@id\":\"https:\\\/\\\/sites.hslu.ch\\\/architektur\\\/nachhaltigkeit-hs23\\\/#breadcrumb\"},\"inLanguage\":\"de\",\"potentialAction\":[{\"@type\":\"ReadAction\",\"target\":[\"https:\\\/\\\/sites.hslu.ch\\\/architektur\\\/nachhaltigkeit-hs23\\\/\"]}]},{\"@type\":\"ImageObject\",\"inLanguage\":\"de\",\"@id\":\"https:\\\/\\\/sites.hslu.ch\\\/architektur\\\/nachhaltigkeit-hs23\\\/#primaryimage\",\"url\":\"https:\\\/\\\/sites.hslu.ch\\\/architektur\\\/wp-content\\\/uploads\\\/sites\\\/11\\\/2024\\\/02\\\/B2_Nachhaltigkeit__HS23-1.jpg\",\"contentUrl\":\"https:\\\/\\\/sites.hslu.ch\\\/architektur\\\/wp-content\\\/uploads\\\/sites\\\/11\\\/2024\\\/02\\\/B2_Nachhaltigkeit__HS23-1.jpg\",\"width\":1344,\"height\":1920},{\"@type\":\"BreadcrumbList\",\"@id\":\"https:\\\/\\\/sites.hslu.ch\\\/architektur\\\/nachhaltigkeit-hs23\\\/#breadcrumb\",\"itemListElement\":[{\"@type\":\"ListItem\",\"position\":1,\"name\":\"Home\",\"item\":\"https:\\\/\\\/sites.hslu.ch\\\/architektur\\\/\"},{\"@type\":\"ListItem\",\"position\":2,\"name\":\"Nachhaltigkeit \u2013 HS23\"}]},{\"@type\":\"WebSite\",\"@id\":\"https:\\\/\\\/sites.hslu.ch\\\/architektur\\\/#website\",\"url\":\"https:\\\/\\\/sites.hslu.ch\\\/architektur\\\/\",\"name\":\"Architektur an der Hochschule Luzern\",\"description\":\"\",\"potentialAction\":[{\"@type\":\"SearchAction\",\"target\":{\"@type\":\"EntryPoint\",\"urlTemplate\":\"https:\\\/\\\/sites.hslu.ch\\\/architektur\\\/?s={search_term_string}\"},\"query-input\":{\"@type\":\"PropertyValueSpecification\",\"valueRequired\":true,\"valueName\":\"search_term_string\"}}],\"inLanguage\":\"de\"},{\"@type\":\"Person\",\"@id\":\"https:\\\/\\\/sites.hslu.ch\\\/architektur\\\/#\\\/schema\\\/person\\\/001cee0914381b1d1d390e0f07da2aad\",\"name\":\"jaramalevez\",\"url\":\"https:\\\/\\\/sites.hslu.ch\\\/architektur\\\/author\\\/jaramalevez\\\/\"}]}<\/script>\n<!-- \/ Yoast SEO plugin. -->","yoast_head_json":{"title":"Nachhaltigkeit \u2013 HS23 - Architektur an der Hochschule Luzern","robots":{"index":"index","follow":"follow","max-snippet":"max-snippet:-1","max-image-preview":"max-image-preview:large","max-video-preview":"max-video-preview:-1"},"canonical":"https:\/\/sites.hslu.ch\/architektur\/nachhaltigkeit-hs23\/","og_locale":"de_DE","og_type":"article","og_title":"Nachhaltigkeit \u2013 HS23 - Architektur an der Hochschule Luzern","og_description":"Studierende der Bachelorstudieng\u00e4nge Architektur, Digital Construction und Geb\u00e4udetechnik gingen im Modul \u00abNachhaltigkeit\u00bb der Frage nach, wie nachhaltig unser praktischer Umgang mit endlichen Ressourcen ist. Auf der Suche nach lokalen Antworten auf globale Fragen, haben sie in mehreren Richtungen recherchiert und mit dem gesammelten Material einen Zeitungsbeitrag gestaltet.","og_url":"https:\/\/sites.hslu.ch\/architektur\/nachhaltigkeit-hs23\/","og_site_name":"Architektur an der Hochschule Luzern","article_published_time":"2024-02-28T08:10:51+00:00","article_modified_time":"2024-02-28T08:11:46+00:00","og_image":[{"width":1344,"height":1920,"url":"https:\/\/sites.hslu.ch\/architektur\/wp-content\/uploads\/sites\/11\/2024\/02\/B2_Nachhaltigkeit__HS23-1.jpg","type":"image\/jpeg"}],"author":"jaramalevez","twitter_card":"summary_large_image","twitter_misc":{"Verfasst von":"jaramalevez","Gesch\u00e4tzte Lesezeit":"2\u00a0Minuten"},"schema":{"@context":"https:\/\/schema.org","@graph":[{"@type":"Article","@id":"https:\/\/sites.hslu.ch\/architektur\/nachhaltigkeit-hs23\/#article","isPartOf":{"@id":"https:\/\/sites.hslu.ch\/architektur\/nachhaltigkeit-hs23\/"},"author":{"name":"jaramalevez","@id":"https:\/\/sites.hslu.ch\/architektur\/#\/schema\/person\/001cee0914381b1d1d390e0f07da2aad"},"headline":"Nachhaltigkeit \u2013 HS23","datePublished":"2024-02-28T08:10:51+00:00","dateModified":"2024-02-28T08:11:46+00:00","mainEntityOfPage":{"@id":"https:\/\/sites.hslu.ch\/architektur\/nachhaltigkeit-hs23\/"},"wordCount":290,"image":{"@id":"https:\/\/sites.hslu.ch\/architektur\/nachhaltigkeit-hs23\/#primaryimage"},"thumbnailUrl":"https:\/\/sites.hslu.ch\/architektur\/wp-content\/uploads\/sites\/11\/2024\/02\/B2_Nachhaltigkeit__HS23-1.jpg","articleSection":["Bachelor Architektur","Baukultur","HS2023","Semester\/Jahr"],"inLanguage":"de"},{"@type":"WebPage","@id":"https:\/\/sites.hslu.ch\/architektur\/nachhaltigkeit-hs23\/","url":"https:\/\/sites.hslu.ch\/architektur\/nachhaltigkeit-hs23\/","name":"Nachhaltigkeit \u2013 HS23 - Architektur an der Hochschule Luzern","isPartOf":{"@id":"https:\/\/sites.hslu.ch\/architektur\/#website"},"primaryImageOfPage":{"@id":"https:\/\/sites.hslu.ch\/architektur\/nachhaltigkeit-hs23\/#primaryimage"},"image":{"@id":"https:\/\/sites.hslu.ch\/architektur\/nachhaltigkeit-hs23\/#primaryimage"},"thumbnailUrl":"https:\/\/sites.hslu.ch\/architektur\/wp-content\/uploads\/sites\/11\/2024\/02\/B2_Nachhaltigkeit__HS23-1.jpg","datePublished":"2024-02-28T08:10:51+00:00","dateModified":"2024-02-28T08:11:46+00:00","author":{"@id":"https:\/\/sites.hslu.ch\/architektur\/#\/schema\/person\/001cee0914381b1d1d390e0f07da2aad"},"breadcrumb":{"@id":"https:\/\/sites.hslu.ch\/architektur\/nachhaltigkeit-hs23\/#breadcrumb"},"inLanguage":"de","potentialAction":[{"@type":"ReadAction","target":["https:\/\/sites.hslu.ch\/architektur\/nachhaltigkeit-hs23\/"]}]},{"@type":"ImageObject","inLanguage":"de","@id":"https:\/\/sites.hslu.ch\/architektur\/nachhaltigkeit-hs23\/#primaryimage","url":"https:\/\/sites.hslu.ch\/architektur\/wp-content\/uploads\/sites\/11\/2024\/02\/B2_Nachhaltigkeit__HS23-1.jpg","contentUrl":"https:\/\/sites.hslu.ch\/architektur\/wp-content\/uploads\/sites\/11\/2024\/02\/B2_Nachhaltigkeit__HS23-1.jpg","width":1344,"height":1920},{"@type":"BreadcrumbList","@id":"https:\/\/sites.hslu.ch\/architektur\/nachhaltigkeit-hs23\/#breadcrumb","itemListElement":[{"@type":"ListItem","position":1,"name":"Home","item":"https:\/\/sites.hslu.ch\/architektur\/"},{"@type":"ListItem","position":2,"name":"Nachhaltigkeit \u2013 HS23"}]},{"@type":"WebSite","@id":"https:\/\/sites.hslu.ch\/architektur\/#website","url":"https:\/\/sites.hslu.ch\/architektur\/","name":"Architektur an der Hochschule Luzern","description":"","potentialAction":[{"@type":"SearchAction","target":{"@type":"EntryPoint","urlTemplate":"https:\/\/sites.hslu.ch\/architektur\/?s={search_term_string}"},"query-input":{"@type":"PropertyValueSpecification","valueRequired":true,"valueName":"search_term_string"}}],"inLanguage":"de"},{"@type":"Person","@id":"https:\/\/sites.hslu.ch\/architektur\/#\/schema\/person\/001cee0914381b1d1d390e0f07da2aad","name":"jaramalevez","url":"https:\/\/sites.hslu.ch\/architektur\/author\/jaramalevez\/"}]}},"_links":{"self":[{"href":"https:\/\/sites.hslu.ch\/architektur\/wp-json\/wp\/v2\/posts\/31024","targetHints":{"allow":["GET"]}}],"collection":[{"href":"https:\/\/sites.hslu.ch\/architektur\/wp-json\/wp\/v2\/posts"}],"about":[{"href":"https:\/\/sites.hslu.ch\/architektur\/wp-json\/wp\/v2\/types\/post"}],"author":[{"embeddable":true,"href":"https:\/\/sites.hslu.ch\/architektur\/wp-json\/wp\/v2\/users\/44"}],"replies":[{"embeddable":true,"href":"https:\/\/sites.hslu.ch\/architektur\/wp-json\/wp\/v2\/comments?post=31024"}],"version-history":[{"count":13,"href":"https:\/\/sites.hslu.ch\/architektur\/wp-json\/wp\/v2\/posts\/31024\/revisions"}],"predecessor-version":[{"id":31095,"href":"https:\/\/sites.hslu.ch\/architektur\/wp-json\/wp\/v2\/posts\/31024\/revisions\/31095"}],"wp:featuredmedia":[{"embeddable":true,"href":"https:\/\/sites.hslu.ch\/architektur\/wp-json\/wp\/v2\/media\/31066"}],"wp:attachment":[{"href":"https:\/\/sites.hslu.ch\/architektur\/wp-json\/wp\/v2\/media?parent=31024"}],"wp:term":[{"taxonomy":"category","embeddable":true,"href":"https:\/\/sites.hslu.ch\/architektur\/wp-json\/wp\/v2\/categories?post=31024"},{"taxonomy":"post_tag","embeddable":true,"href":"https:\/\/sites.hslu.ch\/architektur\/wp-json\/wp\/v2\/tags?post=31024"}],"curies":[{"name":"wp","href":"https:\/\/api.w.org\/{rel}","templated":true}]}}