{"id":30015,"date":"2024-03-01T09:07:48","date_gmt":"2024-03-01T08:07:48","guid":{"rendered":"https:\/\/sites.hslu.ch\/architektur\/?p=30015"},"modified":"2024-03-01T09:07:50","modified_gmt":"2024-03-01T08:07:50","slug":"politik-hs23","status":"publish","type":"post","link":"https:\/\/sites.hslu.ch\/architektur\/politik-hs23\/","title":{"rendered":"Politik HS23"},"content":{"rendered":"\n<p class=\"is-style-lead-text\">Im Kernmodul \u00abPolitik\u00bb erforschen die Studierenden den Stadtraum Luzern und die politischen Zusammenh\u00e4nge und Prozesse, welche unsere Ortsbilder pr\u00e4gen. Die Studierenden konzipieren und realisieren eine Video\u00adarbeit zu einem ISOS-Perimeter der Stadt Luzern. <\/p>\n\n\n\n<p class=\"is-style-default\">Die Erkenntnisse werden durch audiovisuelle Untersuchungen zu spezifischen Fragestellungen aufgebaut und in Bezugnahme zur Kultur- und Architektur\u00adgeschichte verortet. So entsteht eine thematische Reihe von architektonischen Untersuchungen der lokalen und regionalen Baugeschichte und auch ein vertieftes Verst\u00e4ndnis f\u00fcr die Wechselwirkungen und Abl\u00e4ufe in der Politik und deren Einfluss auf die Ortsbilder und Lebensr\u00e4ume.<\/p>\n\n\n\n<figure class=\"wp-block-embed is-type-video is-provider-vimeo wp-block-embed-vimeo wp-embed-aspect-16-9 wp-has-aspect-ratio\"><div class=\"wp-block-embed__wrapper\">\n<iframe loading=\"lazy\" title=\"23HS_Advanced_Politik_ISOS_16.2_Werksiedlung_Gopplismooshalde_Mario_Herger_Alexander_Schuetz_Marlon_Felber\" src=\"https:\/\/player.vimeo.com\/video\/910082658?h=089e60c5af&amp;app_id=122963\" width=\"640\" height=\"360\" frameborder=\"0\" allow=\"autoplay; fullscreen; picture-in-picture; clipboard-write\"><\/iframe>\n<\/div><figcaption class=\"wp-element-caption\">Videoarbeit zum ISOS-Perimeter \u00abWerksiedlung Gopplismooshalde\u00bb von Marlon Felber, Mario Herger und Alexander Sch\u00fctz<\/figcaption><\/figure>\n\n\n\n<figure class=\"wp-block-embed is-type-video is-provider-vimeo wp-block-embed-vimeo wp-embed-aspect-16-9 wp-has-aspect-ratio\"><div class=\"wp-block-embed__wrapper\">\n<iframe loading=\"lazy\" title=\"23HS_Advanced_Politik_ISOS_024_Reussinseli_Gisler_Daetwiler\" src=\"https:\/\/player.vimeo.com\/video\/910084717?h=0b12682de5&amp;app_id=122963\" width=\"640\" height=\"360\" frameborder=\"0\" allow=\"autoplay; fullscreen; picture-in-picture; clipboard-write\"><\/iframe>\n<\/div><figcaption class=\"wp-element-caption\">Videoarbeit zum ISOS-Perimeter \u00abReihenhaussiedlung Reussinsel\u00bb von Luis Daetwiler und Maria Gisler<\/figcaption><\/figure>\n\n\n\n<figure class=\"wp-block-embed is-type-video is-provider-vimeo wp-block-embed-vimeo wp-embed-aspect-16-9 wp-has-aspect-ratio\"><div class=\"wp-block-embed__wrapper\">\n  <iframe loading=\"lazy\" title=\"23HS_Advanced_Politik_ISOS_16_Umgebungszone Geissenstein_Birrer_Bruegger\" src=\"https:\/\/player.vimeo.com\/video\/910081429?h=31b0a622db&amp;app_id=122963\" width=\"640\" height=\"360\" frameborder=\"0\" allow=\"autoplay; fullscreen; picture-in-picture; clipboard-write\"><\/iframe>\n<\/div><figcaption class=\"wp-element-caption\">Videoarbeit zum ISOS Perimeter \u00abUmgebungszone Geissenstein\u00bb von Marlis Birrer und Marc Br\u00fcgger<\/figcaption><\/figure>\n","protected":false},"excerpt":{"rendered":"<p>Im Kernmodul \u00abPolitik\u00bb erforschen die Studierenden den Stadtraum Luzern und die politischen Zusammenh\u00e4nge und Prozesse, welche unsere Ortsbilder pr\u00e4gen. Sie konzipieren und realisieren eine Video\u00adarbeit zu einem ISOS-Perimeter der Stadt Luzern. <\/p>\n","protected":false},"author":44,"featured_media":31636,"comment_status":"closed","ping_status":"closed","sticky":false,"template":"","format":"standard","meta":{"_acf_changed":false,"footnotes":""},"categories":[6,12,243,22],"tags":[],"class_list":["post-30015","post","type-post","status-publish","format-standard","has-post-thumbnail","hentry","category-bachelor-architektur","category-gestaltung","category-hs2023","category-semester-jahr"],"acf":[],"yoast_head":"<!-- This site is optimized with the Yoast SEO plugin v27.5 - https:\/\/yoast.com\/product\/yoast-seo-wordpress\/ -->\n<title>Politik HS23 - Architektur an der Hochschule Luzern<\/title>\n<meta name=\"robots\" content=\"index, follow, max-snippet:-1, max-image-preview:large, max-video-preview:-1\" \/>\n<link rel=\"canonical\" href=\"https:\/\/sites.hslu.ch\/architektur\/politik-hs23\/\" \/>\n<meta property=\"og:locale\" content=\"de_DE\" \/>\n<meta property=\"og:type\" content=\"article\" \/>\n<meta property=\"og:title\" content=\"Politik HS23 - Architektur an der Hochschule Luzern\" \/>\n<meta property=\"og:description\" content=\"Im Kernmodul \u00abPolitik\u00bb erforschen die Studierenden den Stadtraum Luzern und die politischen Zusammenh\u00e4nge und Prozesse, welche unsere Ortsbilder pr\u00e4gen. Sie konzipieren und realisieren eine Video\u00adarbeit zu einem ISOS-Perimeter der Stadt Luzern.\" \/>\n<meta property=\"og:url\" content=\"https:\/\/sites.hslu.ch\/architektur\/politik-hs23\/\" \/>\n<meta property=\"og:site_name\" content=\"Architektur an der Hochschule Luzern\" \/>\n<meta property=\"article:published_time\" content=\"2024-03-01T08:07:48+00:00\" \/>\n<meta property=\"article:modified_time\" content=\"2024-03-01T08:07:50+00:00\" \/>\n<meta property=\"og:image\" content=\"https:\/\/sites.hslu.ch\/architektur\/wp-content\/uploads\/sites\/11\/2024\/03\/Thumbnail_Politik_HS23.jpg\" \/>\n\t<meta property=\"og:image:width\" content=\"1920\" \/>\n\t<meta property=\"og:image:height\" content=\"1080\" \/>\n\t<meta property=\"og:image:type\" content=\"image\/jpeg\" \/>\n<meta name=\"author\" content=\"jaramalevez\" \/>\n<meta name=\"twitter:card\" content=\"summary_large_image\" \/>\n<meta name=\"twitter:label1\" content=\"Verfasst von\" \/>\n\t<meta name=\"twitter:data1\" content=\"jaramalevez\" \/>\n\t<meta name=\"twitter:label2\" content=\"Gesch\u00e4tzte Lesezeit\" \/>\n\t<meta name=\"twitter:data2\" content=\"1\u00a0Minute\" \/>\n<script type=\"application\/ld+json\" class=\"yoast-schema-graph\">{\"@context\":\"https:\\\/\\\/schema.org\",\"@graph\":[{\"@type\":\"Article\",\"@id\":\"https:\\\/\\\/sites.hslu.ch\\\/architektur\\\/politik-hs23\\\/#article\",\"isPartOf\":{\"@id\":\"https:\\\/\\\/sites.hslu.ch\\\/architektur\\\/politik-hs23\\\/\"},\"author\":{\"name\":\"jaramalevez\",\"@id\":\"https:\\\/\\\/sites.hslu.ch\\\/architektur\\\/#\\\/schema\\\/person\\\/001cee0914381b1d1d390e0f07da2aad\"},\"headline\":\"Politik HS23\",\"datePublished\":\"2024-03-01T08:07:48+00:00\",\"dateModified\":\"2024-03-01T08:07:50+00:00\",\"mainEntityOfPage\":{\"@id\":\"https:\\\/\\\/sites.hslu.ch\\\/architektur\\\/politik-hs23\\\/\"},\"wordCount\":155,\"image\":{\"@id\":\"https:\\\/\\\/sites.hslu.ch\\\/architektur\\\/politik-hs23\\\/#primaryimage\"},\"thumbnailUrl\":\"https:\\\/\\\/sites.hslu.ch\\\/architektur\\\/wp-content\\\/uploads\\\/sites\\\/11\\\/2024\\\/03\\\/Thumbnail_Politik_HS23.jpg\",\"articleSection\":[\"Bachelor Architektur\",\"Gestaltung\",\"HS2023\",\"Semester\\\/Jahr\"],\"inLanguage\":\"de\"},{\"@type\":\"WebPage\",\"@id\":\"https:\\\/\\\/sites.hslu.ch\\\/architektur\\\/politik-hs23\\\/\",\"url\":\"https:\\\/\\\/sites.hslu.ch\\\/architektur\\\/politik-hs23\\\/\",\"name\":\"Politik HS23 - Architektur an der Hochschule Luzern\",\"isPartOf\":{\"@id\":\"https:\\\/\\\/sites.hslu.ch\\\/architektur\\\/#website\"},\"primaryImageOfPage\":{\"@id\":\"https:\\\/\\\/sites.hslu.ch\\\/architektur\\\/politik-hs23\\\/#primaryimage\"},\"image\":{\"@id\":\"https:\\\/\\\/sites.hslu.ch\\\/architektur\\\/politik-hs23\\\/#primaryimage\"},\"thumbnailUrl\":\"https:\\\/\\\/sites.hslu.ch\\\/architektur\\\/wp-content\\\/uploads\\\/sites\\\/11\\\/2024\\\/03\\\/Thumbnail_Politik_HS23.jpg\",\"datePublished\":\"2024-03-01T08:07:48+00:00\",\"dateModified\":\"2024-03-01T08:07:50+00:00\",\"author\":{\"@id\":\"https:\\\/\\\/sites.hslu.ch\\\/architektur\\\/#\\\/schema\\\/person\\\/001cee0914381b1d1d390e0f07da2aad\"},\"breadcrumb\":{\"@id\":\"https:\\\/\\\/sites.hslu.ch\\\/architektur\\\/politik-hs23\\\/#breadcrumb\"},\"inLanguage\":\"de\",\"potentialAction\":[{\"@type\":\"ReadAction\",\"target\":[\"https:\\\/\\\/sites.hslu.ch\\\/architektur\\\/politik-hs23\\\/\"]}]},{\"@type\":\"ImageObject\",\"inLanguage\":\"de\",\"@id\":\"https:\\\/\\\/sites.hslu.ch\\\/architektur\\\/politik-hs23\\\/#primaryimage\",\"url\":\"https:\\\/\\\/sites.hslu.ch\\\/architektur\\\/wp-content\\\/uploads\\\/sites\\\/11\\\/2024\\\/03\\\/Thumbnail_Politik_HS23.jpg\",\"contentUrl\":\"https:\\\/\\\/sites.hslu.ch\\\/architektur\\\/wp-content\\\/uploads\\\/sites\\\/11\\\/2024\\\/03\\\/Thumbnail_Politik_HS23.jpg\",\"width\":1920,\"height\":1080},{\"@type\":\"BreadcrumbList\",\"@id\":\"https:\\\/\\\/sites.hslu.ch\\\/architektur\\\/politik-hs23\\\/#breadcrumb\",\"itemListElement\":[{\"@type\":\"ListItem\",\"position\":1,\"name\":\"Home\",\"item\":\"https:\\\/\\\/sites.hslu.ch\\\/architektur\\\/\"},{\"@type\":\"ListItem\",\"position\":2,\"name\":\"Politik HS23\"}]},{\"@type\":\"WebSite\",\"@id\":\"https:\\\/\\\/sites.hslu.ch\\\/architektur\\\/#website\",\"url\":\"https:\\\/\\\/sites.hslu.ch\\\/architektur\\\/\",\"name\":\"Architektur an der Hochschule Luzern\",\"description\":\"\",\"potentialAction\":[{\"@type\":\"SearchAction\",\"target\":{\"@type\":\"EntryPoint\",\"urlTemplate\":\"https:\\\/\\\/sites.hslu.ch\\\/architektur\\\/?s={search_term_string}\"},\"query-input\":{\"@type\":\"PropertyValueSpecification\",\"valueRequired\":true,\"valueName\":\"search_term_string\"}}],\"inLanguage\":\"de\"},{\"@type\":\"Person\",\"@id\":\"https:\\\/\\\/sites.hslu.ch\\\/architektur\\\/#\\\/schema\\\/person\\\/001cee0914381b1d1d390e0f07da2aad\",\"name\":\"jaramalevez\",\"url\":\"https:\\\/\\\/sites.hslu.ch\\\/architektur\\\/author\\\/jaramalevez\\\/\"}]}<\/script>\n<!-- \/ Yoast SEO plugin. -->","yoast_head_json":{"title":"Politik HS23 - Architektur an der Hochschule Luzern","robots":{"index":"index","follow":"follow","max-snippet":"max-snippet:-1","max-image-preview":"max-image-preview:large","max-video-preview":"max-video-preview:-1"},"canonical":"https:\/\/sites.hslu.ch\/architektur\/politik-hs23\/","og_locale":"de_DE","og_type":"article","og_title":"Politik HS23 - Architektur an der Hochschule Luzern","og_description":"Im Kernmodul \u00abPolitik\u00bb erforschen die Studierenden den Stadtraum Luzern und die politischen Zusammenh\u00e4nge und Prozesse, welche unsere Ortsbilder pr\u00e4gen. Sie konzipieren und realisieren eine Video\u00adarbeit zu einem ISOS-Perimeter der Stadt Luzern.","og_url":"https:\/\/sites.hslu.ch\/architektur\/politik-hs23\/","og_site_name":"Architektur an der Hochschule Luzern","article_published_time":"2024-03-01T08:07:48+00:00","article_modified_time":"2024-03-01T08:07:50+00:00","og_image":[{"width":1920,"height":1080,"url":"https:\/\/sites.hslu.ch\/architektur\/wp-content\/uploads\/sites\/11\/2024\/03\/Thumbnail_Politik_HS23.jpg","type":"image\/jpeg"}],"author":"jaramalevez","twitter_card":"summary_large_image","twitter_misc":{"Verfasst von":"jaramalevez","Gesch\u00e4tzte Lesezeit":"1\u00a0Minute"},"schema":{"@context":"https:\/\/schema.org","@graph":[{"@type":"Article","@id":"https:\/\/sites.hslu.ch\/architektur\/politik-hs23\/#article","isPartOf":{"@id":"https:\/\/sites.hslu.ch\/architektur\/politik-hs23\/"},"author":{"name":"jaramalevez","@id":"https:\/\/sites.hslu.ch\/architektur\/#\/schema\/person\/001cee0914381b1d1d390e0f07da2aad"},"headline":"Politik HS23","datePublished":"2024-03-01T08:07:48+00:00","dateModified":"2024-03-01T08:07:50+00:00","mainEntityOfPage":{"@id":"https:\/\/sites.hslu.ch\/architektur\/politik-hs23\/"},"wordCount":155,"image":{"@id":"https:\/\/sites.hslu.ch\/architektur\/politik-hs23\/#primaryimage"},"thumbnailUrl":"https:\/\/sites.hslu.ch\/architektur\/wp-content\/uploads\/sites\/11\/2024\/03\/Thumbnail_Politik_HS23.jpg","articleSection":["Bachelor Architektur","Gestaltung","HS2023","Semester\/Jahr"],"inLanguage":"de"},{"@type":"WebPage","@id":"https:\/\/sites.hslu.ch\/architektur\/politik-hs23\/","url":"https:\/\/sites.hslu.ch\/architektur\/politik-hs23\/","name":"Politik HS23 - Architektur an der Hochschule Luzern","isPartOf":{"@id":"https:\/\/sites.hslu.ch\/architektur\/#website"},"primaryImageOfPage":{"@id":"https:\/\/sites.hslu.ch\/architektur\/politik-hs23\/#primaryimage"},"image":{"@id":"https:\/\/sites.hslu.ch\/architektur\/politik-hs23\/#primaryimage"},"thumbnailUrl":"https:\/\/sites.hslu.ch\/architektur\/wp-content\/uploads\/sites\/11\/2024\/03\/Thumbnail_Politik_HS23.jpg","datePublished":"2024-03-01T08:07:48+00:00","dateModified":"2024-03-01T08:07:50+00:00","author":{"@id":"https:\/\/sites.hslu.ch\/architektur\/#\/schema\/person\/001cee0914381b1d1d390e0f07da2aad"},"breadcrumb":{"@id":"https:\/\/sites.hslu.ch\/architektur\/politik-hs23\/#breadcrumb"},"inLanguage":"de","potentialAction":[{"@type":"ReadAction","target":["https:\/\/sites.hslu.ch\/architektur\/politik-hs23\/"]}]},{"@type":"ImageObject","inLanguage":"de","@id":"https:\/\/sites.hslu.ch\/architektur\/politik-hs23\/#primaryimage","url":"https:\/\/sites.hslu.ch\/architektur\/wp-content\/uploads\/sites\/11\/2024\/03\/Thumbnail_Politik_HS23.jpg","contentUrl":"https:\/\/sites.hslu.ch\/architektur\/wp-content\/uploads\/sites\/11\/2024\/03\/Thumbnail_Politik_HS23.jpg","width":1920,"height":1080},{"@type":"BreadcrumbList","@id":"https:\/\/sites.hslu.ch\/architektur\/politik-hs23\/#breadcrumb","itemListElement":[{"@type":"ListItem","position":1,"name":"Home","item":"https:\/\/sites.hslu.ch\/architektur\/"},{"@type":"ListItem","position":2,"name":"Politik HS23"}]},{"@type":"WebSite","@id":"https:\/\/sites.hslu.ch\/architektur\/#website","url":"https:\/\/sites.hslu.ch\/architektur\/","name":"Architektur an der Hochschule Luzern","description":"","potentialAction":[{"@type":"SearchAction","target":{"@type":"EntryPoint","urlTemplate":"https:\/\/sites.hslu.ch\/architektur\/?s={search_term_string}"},"query-input":{"@type":"PropertyValueSpecification","valueRequired":true,"valueName":"search_term_string"}}],"inLanguage":"de"},{"@type":"Person","@id":"https:\/\/sites.hslu.ch\/architektur\/#\/schema\/person\/001cee0914381b1d1d390e0f07da2aad","name":"jaramalevez","url":"https:\/\/sites.hslu.ch\/architektur\/author\/jaramalevez\/"}]}},"_links":{"self":[{"href":"https:\/\/sites.hslu.ch\/architektur\/wp-json\/wp\/v2\/posts\/30015","targetHints":{"allow":["GET"]}}],"collection":[{"href":"https:\/\/sites.hslu.ch\/architektur\/wp-json\/wp\/v2\/posts"}],"about":[{"href":"https:\/\/sites.hslu.ch\/architektur\/wp-json\/wp\/v2\/types\/post"}],"author":[{"embeddable":true,"href":"https:\/\/sites.hslu.ch\/architektur\/wp-json\/wp\/v2\/users\/44"}],"replies":[{"embeddable":true,"href":"https:\/\/sites.hslu.ch\/architektur\/wp-json\/wp\/v2\/comments?post=30015"}],"version-history":[{"count":10,"href":"https:\/\/sites.hslu.ch\/architektur\/wp-json\/wp\/v2\/posts\/30015\/revisions"}],"predecessor-version":[{"id":31638,"href":"https:\/\/sites.hslu.ch\/architektur\/wp-json\/wp\/v2\/posts\/30015\/revisions\/31638"}],"wp:featuredmedia":[{"embeddable":true,"href":"https:\/\/sites.hslu.ch\/architektur\/wp-json\/wp\/v2\/media\/31636"}],"wp:attachment":[{"href":"https:\/\/sites.hslu.ch\/architektur\/wp-json\/wp\/v2\/media?parent=30015"}],"wp:term":[{"taxonomy":"category","embeddable":true,"href":"https:\/\/sites.hslu.ch\/architektur\/wp-json\/wp\/v2\/categories?post=30015"},{"taxonomy":"post_tag","embeddable":true,"href":"https:\/\/sites.hslu.ch\/architektur\/wp-json\/wp\/v2\/tags?post=30015"}],"curies":[{"name":"wp","href":"https:\/\/api.w.org\/{rel}","templated":true}]}}