{"id":26224,"date":"2023-08-04T10:00:00","date_gmt":"2023-08-04T08:00:00","guid":{"rendered":"https:\/\/sites.hslu.ch\/architektur\/?p=26224"},"modified":"2023-08-15T17:06:17","modified_gmt":"2023-08-15T15:06:17","slug":"ethik-hs-22","status":"publish","type":"post","link":"https:\/\/sites.hslu.ch\/architektur\/ethik-hs-22\/","title":{"rendered":"ETHIK HS 22"},"content":{"rendered":"\n<p class=\"is-style-lead-text\">Im Modul \u00abEthik\u00bb diskutierten die Studierenden \u00fcber das Handeln von Architekt*innen sowie die ethischen Fragestellungen und Konflikte, die sich im Zusammenhang damit ergeben. Ziel war es, die Auswirkungen des eigenen Tuns besser absch\u00e4tzen und reflektieren zu lernen.<\/p>\n\n\n\n<figure class=\"wp-block-image size-large\"><img loading=\"lazy\" decoding=\"async\" width=\"1024\" height=\"718\" src=\"https:\/\/sites.hslu.ch\/architektur\/wp-content\/uploads\/sites\/11\/2023\/07\/HUB_Ethik_Mohtashamian-Daniyal-k-1024x718.jpg\" alt=\"\" class=\"wp-image-26229\" srcset=\"https:\/\/sites.hslu.ch\/architektur\/wp-content\/uploads\/sites\/11\/2023\/07\/HUB_Ethik_Mohtashamian-Daniyal-k-1024x718.jpg 1024w, https:\/\/sites.hslu.ch\/architektur\/wp-content\/uploads\/sites\/11\/2023\/07\/HUB_Ethik_Mohtashamian-Daniyal-k-300x210.jpg 300w, https:\/\/sites.hslu.ch\/architektur\/wp-content\/uploads\/sites\/11\/2023\/07\/HUB_Ethik_Mohtashamian-Daniyal-k-768x538.jpg 768w, https:\/\/sites.hslu.ch\/architektur\/wp-content\/uploads\/sites\/11\/2023\/07\/HUB_Ethik_Mohtashamian-Daniyal-k-1536x1077.jpg 1536w, https:\/\/sites.hslu.ch\/architektur\/wp-content\/uploads\/sites\/11\/2023\/07\/HUB_Ethik_Mohtashamian-Daniyal-k-600x421.jpg 600w, https:\/\/sites.hslu.ch\/architektur\/wp-content\/uploads\/sites\/11\/2023\/07\/HUB_Ethik_Mohtashamian-Daniyal-k.jpg 1920w\" sizes=\"auto, (max-width: 1024px) 100vw, 1024px\" \/><\/figure>\n\n\n\n<p>Ethische Raumpraxis: Notations von Mohtashamian Daniyal, 2022<\/p>\n\n\n\n<p>Von der Auftragsvergabe bis zur Ausf\u00fchrung begegnen Architekturschaffende in ihrem Praxisalltag zahlreichen ethischen Herausforderungen. In Anbetracht der planetarischen Krise und des erheblichen Beitrags, den der Bausektor zum globalen Energieverbrauch und CO2-Ausstoss leistet, werden diese zudem nicht kleiner. Schon die grundlegende Frage nach Erhalt oder Abriss ber\u00fchrt ethische Aspekte, ist doch das eigene Honorar an die Bausumme gekoppelt. Ebenso haben hierzulande intensiv diskutierte Themen wie das Wohnen und die Raumplanung eine ethische Dimension. Knapper und teurer Wohnraum sowie der hohe Bodenverbrauch steigern den Ruf nach Verdichtung. Doch wem n\u00fctzt diese unter den gegebenen Voraussetzungen\u2014Investor*innen und der Immobilienwirtschaft oder der Bev\u00f6lkerung, die sich zunehmend Verdr\u00e4ngungsdynamiken ausgesetzt sieht? Weitere ethische Dilemmas stellen sich im Zusammenhang mit den im Sektor herrschenden Arbeits- und Produktionsbedingungen, insbesondere im Zuge der voranschreitenden Globalisierung und Digitalisierung der Baut\u00e4tigkeit. Hier geht es beispielsweise um verbindliche Standards fairer Arbeit und die Wahrung der Rechte von Arbeitsmigrant*innen auf Grossbaustellen. Zu guter Letzt birgt die Realisierung von Bauten eine Reihe ethischer Fragen\u2014vom Abbau \u00fcber die Verarbeitung und den Transport, bis hin zum Einbau (und zunehmend auch die Wiederverwendung) von Baustoffen. M\u00f6gen sich Architekt*innen in all diesen Bereichen noch so sehr f\u00fcr Schadensminimierung aussprechen, m\u00fcssen sie doch h\u00e4ufig anerkennen, dass ihr Handeln trotz guter Intentionen bisweilen auch negative Konsequenzen hat.<\/p>\n\n\n\n<p>Die Komplexit\u00e4t dieser Ausgangslage ist aber kein Grund zu resignieren; sie gibt weder Anlass zu Fatalismus (\u00abich kann ohnehin nichts \u00e4ndern\u00bb) noch zum R\u00fcckzug auf disziplin\u00e4re Autonomie (\u00abmich interessiert nur die Architektur an sich\u00bb). Gleichwohl gilt es, sowohl blindem Fortschrittsglauben (\u00abtechnische und gesellschaftliche Entwicklungen l\u00f6sen all unsere Probleme\u00bb) als auch einem heroischen Optimismus (\u00abgute Gestaltung ver\u00e4ndert die Welt\u00bb) angesichts begrenzter Handlungsspielr\u00e4ume kritisch gegen\u00fcberzutreten.<\/p>\n\n\n\n<p>\u00dcber ein Semester haben sich die Studierenden im Modul daher einem situierten und eigenst\u00e4ndigen Verst\u00e4ndnis der Ethik von Architekt*innen angen\u00e4hert. Im Austausch untereinander haben sie gelernt, die Konsequenzen ihres Handelns einzusch\u00e4tzen und zu reflektieren. Als Orientierungsrahmen diente ihnen zum einen die Inputreihe, die ethische Fragestellungen der Gegenwart\u2014zum Umgang mit einer komplexen Welt, zur Ethik des Sorgetragens oder zu ethischen Herausforderungen digitaler Planungswerkzeuge\u2014in einen breiteren historischen Kontext stellte. Zum anderen wurden verschiedene ethische Prinzipien in Lekt\u00fcreseminaren zur Diskussion gestellt. Einen Resonanzraum zu dieser theoretischen Auseinandersetzung boten die \u00dcbungen zur ethischen Raumpraxis. Sie dienten der Sch\u00e4rfung der k\u00f6rperbasierten Wahrnehmung, dem Erfahren sozialer Interaktions- und Aushandlungsprozesse sowie der Selbstbeobachtung und Reflexion des individuellen Handelns. Denn Ethik ersch\u00f6pft sich nicht im abstrakten Verst\u00e4ndnis ethischer Prinzipien, sondern entsteht im gelebten Umgang miteinander in konkreten Situationen. Insofern liegt das Gewicht weniger im Aufbau einer eigenen \u00abHaltung\u00bb, als dem Ausloten von Strategien eines \u00absich-zu-den-Dingen-Verhaltens\u00bb.<\/p>\n\n\n    <div class=\"ms-gallery \">\n        <div class=\"ms-gallery-sizer\"><\/div>\n        <div class=\"ms-gallery-gutter\"><\/div>\n                                    <div class=\"ms-gallery-item wide\">\n                                                        <a href=\"https:\/\/sites.hslu.ch\/architektur\/wp-content\/uploads\/sites\/11\/2023\/08\/Abb.-2c-Kopie_2.jpg\" data-lightbox=\"masonery-gallery\"  data-size=\"wide\"  data-title=\"Weberei der William Morris Co. in Merton Abbey\" data-alt=\"\">\n                        <img decoding=\"async\" class=\"ms-gallery-item__image\"  data-size=\"wide\"  src=\"https:\/\/sites.hslu.ch\/architektur\/wp-content\/uploads\/sites\/11\/2023\/08\/Abb.-2c-Kopie_2.jpg\" alt=\"\" \/>\n                    <\/a>\n                                            <p>Weberei der William Morris Co. in Merton Abbey<\/p>\n                                        <\/div>\n\n                                                                                                                                                                <div class=\"ms-gallery-item wide\">\n                                                        <a href=\"https:\/\/sites.hslu.ch\/architektur\/wp-content\/uploads\/sites\/11\/2023\/07\/Abb.-1_HUB-2.jpg\" data-lightbox=\"masonery-gallery\"  data-size=\"wide\"  data-title=\"Filippo Brunelleschi und Lorenzo Ghiberti \u00fcbergeben Cosimo dem \u00c4lteren de Medici\r\nein Modell f\u00fcr San Lorenzo\" data-alt=\"\">\n                        <img decoding=\"async\" class=\"ms-gallery-item__image\"  data-size=\"wide\"  src=\"https:\/\/sites.hslu.ch\/architektur\/wp-content\/uploads\/sites\/11\/2023\/07\/Abb.-1_HUB-2.jpg\" alt=\"\" \/>\n                    <\/a>\n                                            <p>Filippo Brunelleschi und Lorenzo Ghiberti \u00fcbergeben Cosimo dem \u00c4lteren de Medici\r\nein Modell f\u00fcr San Lorenzo<\/p>\n                                        <\/div>\n\n                                                                                                                                                                <div class=\"ms-gallery-item wide\">\n                                                        <a href=\"https:\/\/sites.hslu.ch\/architektur\/wp-content\/uploads\/sites\/11\/2023\/08\/Abb.-3c.jpeg\" data-lightbox=\"masonery-gallery\"  data-size=\"wide\"  data-title=\"Jane Drew und Maxwell Fry mit dem Modell eines ihrer Schulhausprojekte in Ghana\" data-alt=\"\">\n                        <img decoding=\"async\" class=\"ms-gallery-item__image\"  data-size=\"wide\"  src=\"https:\/\/sites.hslu.ch\/architektur\/wp-content\/uploads\/sites\/11\/2023\/08\/Abb.-3c.jpeg\" alt=\"\" \/>\n                    <\/a>\n                                            <p>Jane Drew und Maxwell Fry mit dem Modell eines ihrer Schulhausprojekte in Ghana<\/p>\n                                        <\/div>\n\n                                                                                                                                                    <div class=\"ms-gallery-item narrow\">\n                <\/div>\n                <\/div>\n            \n\n\n<p><strong>Kultur- und Architekturgeschichte<\/strong><\/p>\n\n\n\n<p>Die Inputs der Kultur- und Architekturgeschichte hatten einen professionsgeschichtlichen Fokus. Im Mittelpunkt standen die soziale Stellung, Fremd- und Eigenwahrnehmung sowie das berufliche Selbstverst\u00e4ndnis von Architekt*innen in ihrem historischen Wandel. Wir gingen der Frage nach, wie sich technische und soziale Ver\u00e4nderungen \u00fcber mehrere Jahrhunderte auf die Arbeitsweise und den Praxisalltag auswirkten\u2014auf fachspezifische Wissens- und Werkzeugkulturen und die Herausbildung eines Berufsethos\u2014und welche Wendepunkte sich dabei abzeichnen. Erg\u00e4nzend zu den Vorlesungen im Plenum wurden ausgew\u00e4hlte Texte zeitgen\u00f6ssischer Architekturschaffender und Theoretiker*innen in kleinen Gruppen gelesen und diskutiert. Diese Texte dienten der Vertiefung der angesprochenen ethischen Fragestellungen und Prinzipien. Themen wie Verantwortung, Autonomie und Abh\u00e4ngigkeit, Nachhaltigkeit und Integrit\u00e4t, Arbeitsbedingungen oder auch ethische Dilemmas standen dabei im Zentrum.<\/p>\n\n\n    <div class=\"ms-gallery \">\n        <div class=\"ms-gallery-sizer\"><\/div>\n        <div class=\"ms-gallery-gutter\"><\/div>\n                                    <div class=\"ms-gallery-item wide\">\n                                                        <a href=\"https:\/\/sites.hslu.ch\/architektur\/wp-content\/uploads\/sites\/11\/2023\/07\/Abb.-4_HUB-1.jpg\" data-lightbox=\"masonery-gallery\"  data-size=\"wide\"  data-title=\"\" data-alt=\"\">\n                        <img decoding=\"async\" class=\"ms-gallery-item__image\"  data-size=\"wide\"  src=\"https:\/\/sites.hslu.ch\/architektur\/wp-content\/uploads\/sites\/11\/2023\/07\/Abb.-4_HUB-1.jpg\" alt=\"\" \/>\n                    <\/a>\n                                        <\/div>\n\n                                                                <div class=\"ms-gallery-item wide\">\n                                                        <a href=\"https:\/\/sites.hslu.ch\/architektur\/wp-content\/uploads\/sites\/11\/2023\/07\/Abb.-6.jpg\" data-lightbox=\"masonery-gallery\"  data-size=\"wide\"  data-title=\"\" data-alt=\"\">\n                        <img decoding=\"async\" class=\"ms-gallery-item__image\"  data-size=\"wide\"  src=\"https:\/\/sites.hslu.ch\/architektur\/wp-content\/uploads\/sites\/11\/2023\/07\/Abb.-6.jpg\" alt=\"\" \/>\n                    <\/a>\n                                        <\/div>\n\n                                                                <div class=\"ms-gallery-item wide\">\n                                                        <a href=\"https:\/\/sites.hslu.ch\/architektur\/wp-content\/uploads\/sites\/11\/2023\/07\/Abb.-5_HUB.jpg\" data-lightbox=\"masonery-gallery\"  data-size=\"wide\"  data-title=\"\" data-alt=\"\">\n                        <img decoding=\"async\" class=\"ms-gallery-item__image\"  data-size=\"wide\"  src=\"https:\/\/sites.hslu.ch\/architektur\/wp-content\/uploads\/sites\/11\/2023\/07\/Abb.-5_HUB.jpg\" alt=\"\" \/>\n                    <\/a>\n                                        <\/div>\n\n                                                    <div class=\"ms-gallery-item narrow\">\n                <\/div>\n                <\/div>\n            \n\n\n<p><strong>Ethische Raumpraxis \u00abInstructions\u00bb<\/strong><\/p>\n\n\n\n<p>Handlungsanweisungen (engl. Instructions) sind im Alltag omnipr\u00e4sent. Sie sind Voraussetzung f\u00fcr das Funktionieren des modernen Lebens und geh\u00f6ren zur allt\u00e4glichen Erfahrung eines jeden Individuums. Handlungsanweisungen geh\u00f6ren aber auch zum Repertoire von Architekt*innen. Diese weisen Handwerker*innen in Form von Baupl\u00e4nen an, die anzeigen, wie etwas konstruiert werden soll. Zudem sind Handlungsanweisungen auch Teil von bestimmten k\u00fcnstlerischen Methoden und Entwicklungen seit den fr\u00fchen 1960er Jahren. Die Multi-Media-K\u00fcnstlerin Yoko Ono beispielsweise war mit ihren Instructions und Event Scores eine Pionierin der Konzeptkunst. Die Studierenden setzten sich mit diesen k\u00fcnstlerischen Methoden auseinander und entwickelten in Gruppen- und Einzelarbeiten Handlungsanweisungen. Im Fokus der \u00abEthischen Raumpraxis\u00bb standen Eigen- und Fremdbeobachtung.<\/p>\n\n\n    <div class=\"ms-gallery \">\n        <div class=\"ms-gallery-sizer\"><\/div>\n        <div class=\"ms-gallery-gutter\"><\/div>\n                                    <div class=\"ms-gallery-item wide\">\n                                                        <a href=\"https:\/\/sites.hslu.ch\/architektur\/wp-content\/uploads\/sites\/11\/2023\/07\/Ethical_Spatial_Practice_20221104_Benjamin_Gorzawski-6.jpg\" data-lightbox=\"masonery-gallery\"  data-size=\"wide\"  data-title=\"Benjamin Gorzawski, Bare Observation\" data-alt=\"\">\n                        <img decoding=\"async\" class=\"ms-gallery-item__image\"  data-size=\"wide\"  src=\"https:\/\/sites.hslu.ch\/architektur\/wp-content\/uploads\/sites\/11\/2023\/07\/Ethical_Spatial_Practice_20221104_Benjamin_Gorzawski-6.jpg\" alt=\"\" \/>\n                    <\/a>\n                                            <p>Benjamin Gorzawski, Bare Observation<\/p>\n                                        <\/div>\n\n                                                                    <div class=\"ms-gallery-item narrow\">\n                                                            <a href=\"https:\/\/sites.hslu.ch\/architektur\/wp-content\/uploads\/sites\/11\/2023\/07\/HUB_Ethische_Raumpraxis_20221108_Dario_Schorer-1-Kopie-1.jpg\" data-lightbox=\"masonery-gallery\"  data-size=\"narrow\"  data-title=\"Dario Schorer, Bare Observations\" data-alt=\"\">\n                        <img decoding=\"async\" class=\"ms-gallery-item__image\"  data-size=\"narrow\"  src=\"https:\/\/sites.hslu.ch\/architektur\/wp-content\/uploads\/sites\/11\/2023\/07\/HUB_Ethische_Raumpraxis_20221108_Dario_Schorer-1-Kopie-1.jpg\" alt=\"\" \/>\n                    <\/a>\n                                            <p>Dario Schorer, Bare Observations<\/p>\n                                        <\/div>\n\n                                                                <div class=\"ms-gallery-item wide\">\n                                                        <a href=\"https:\/\/sites.hslu.ch\/architektur\/wp-content\/uploads\/sites\/11\/2023\/07\/HUB_20221213_104814.jpg\" data-lightbox=\"masonery-gallery\"  data-size=\"wide\"  data-title=\"Xenja Grand, Manuals\" data-alt=\"\">\n                        <img decoding=\"async\" class=\"ms-gallery-item__image\"  data-size=\"wide\"  src=\"https:\/\/sites.hslu.ch\/architektur\/wp-content\/uploads\/sites\/11\/2023\/07\/HUB_20221213_104814.jpg\" alt=\"\" \/>\n                    <\/a>\n                                            <p>Xenja Grand, Manuals<\/p>\n                                        <\/div>\n\n                                                                <div class=\"ms-gallery-item wide\">\n                                                        <a href=\"https:\/\/sites.hslu.ch\/architektur\/wp-content\/uploads\/sites\/11\/2023\/07\/HUB_Ethische_raumpraxis_20221206_Lara_De__caillet-Kopie.jpg\" data-lightbox=\"masonery-gallery\"  data-size=\"wide\"  data-title=\"Lara Decaillet, Notations\" data-alt=\"\">\n                        <img decoding=\"async\" class=\"ms-gallery-item__image\"  data-size=\"wide\"  src=\"https:\/\/sites.hslu.ch\/architektur\/wp-content\/uploads\/sites\/11\/2023\/07\/HUB_Ethische_raumpraxis_20221206_Lara_De__caillet-Kopie.jpg\" alt=\"\" \/>\n                    <\/a>\n                                            <p>Lara Decaillet, Notations<\/p>\n                                        <\/div>\n\n                                                                <div class=\"ms-gallery-item wide\">\n                                                        <a href=\"https:\/\/sites.hslu.ch\/architektur\/wp-content\/uploads\/sites\/11\/2023\/07\/Ethische_Raumpraxis_20221108_Michelle_Wermelinger-2.jpg\" data-lightbox=\"masonery-gallery\"  data-size=\"wide\"  data-title=\"Michelle Wermelinger, Bare Observations\" data-alt=\"\">\n                        <img decoding=\"async\" class=\"ms-gallery-item__image\"  data-size=\"wide\"  src=\"https:\/\/sites.hslu.ch\/architektur\/wp-content\/uploads\/sites\/11\/2023\/07\/Ethische_Raumpraxis_20221108_Michelle_Wermelinger-2.jpg\" alt=\"\" \/>\n                    <\/a>\n                                            <p>Michelle Wermelinger, Bare Observations<\/p>\n                                        <\/div>\n\n                                                                <div class=\"ms-gallery-item wide\">\n                                                        <a href=\"https:\/\/sites.hslu.ch\/architektur\/wp-content\/uploads\/sites\/11\/2023\/07\/HUB_Ethische_Raumpraxis_20220920_Elio_Garbani-1-Kopie.jpg\" data-lightbox=\"masonery-gallery\"  data-size=\"wide\"  data-title=\"Elio Garbani, Manuals\" data-alt=\"\">\n                        <img decoding=\"async\" class=\"ms-gallery-item__image\"  data-size=\"wide\"  src=\"https:\/\/sites.hslu.ch\/architektur\/wp-content\/uploads\/sites\/11\/2023\/07\/HUB_Ethische_Raumpraxis_20220920_Elio_Garbani-1-Kopie.jpg\" alt=\"\" \/>\n                    <\/a>\n                                            <p>Elio Garbani, Manuals<\/p>\n                                        <\/div>\n\n                                                                    <div class=\"ms-gallery-item narrow\">\n                                                            <a href=\"https:\/\/sites.hslu.ch\/architektur\/wp-content\/uploads\/sites\/11\/2023\/07\/HUB_Ethische_Raumpraxis_20221108_Maria_Gisler-3.jpg\" data-lightbox=\"masonery-gallery\"  data-size=\"narrow\"  data-title=\"Maria Gisler, Bare Observations\" data-alt=\"\">\n                        <img decoding=\"async\" class=\"ms-gallery-item__image\"  data-size=\"narrow\"  src=\"https:\/\/sites.hslu.ch\/architektur\/wp-content\/uploads\/sites\/11\/2023\/07\/HUB_Ethische_Raumpraxis_20221108_Maria_Gisler-3.jpg\" alt=\"\" \/>\n                    <\/a>\n                                            <p>Maria Gisler, Bare Observations<\/p>\n                                        <\/div>\n\n                                                                <div class=\"ms-gallery-item wide\">\n                                                        <a href=\"https:\/\/sites.hslu.ch\/architektur\/wp-content\/uploads\/sites\/11\/2023\/07\/HUB_Ethische_Raumpraxis_20221206_Alexander_Schu__tz.jpg\" data-lightbox=\"masonery-gallery\"  data-size=\"wide\"  data-title=\"Alexander Sch\u00fctz, Notations\" data-alt=\"\">\n                        <img decoding=\"async\" class=\"ms-gallery-item__image\"  data-size=\"wide\"  src=\"https:\/\/sites.hslu.ch\/architektur\/wp-content\/uploads\/sites\/11\/2023\/07\/HUB_Ethische_Raumpraxis_20221206_Alexander_Schu__tz.jpg\" alt=\"\" \/>\n                    <\/a>\n                                            <p>Alexander Sch\u00fctz, Notations<\/p>\n                                        <\/div>\n\n                                                                <div class=\"ms-gallery-item wide\">\n                                                        <a href=\"https:\/\/sites.hslu.ch\/architektur\/wp-content\/uploads\/sites\/11\/2023\/07\/Ethical_Spatial_Practice_20221104_Benjamin_Gorzawski-4.jpg\" data-lightbox=\"masonery-gallery\"  data-size=\"wide\"  data-title=\"Benjamin Gorzawski, Bare Observations\" data-alt=\"\">\n                        <img decoding=\"async\" class=\"ms-gallery-item__image\"  data-size=\"wide\"  src=\"https:\/\/sites.hslu.ch\/architektur\/wp-content\/uploads\/sites\/11\/2023\/07\/Ethical_Spatial_Practice_20221104_Benjamin_Gorzawski-4.jpg\" alt=\"\" \/>\n                    <\/a>\n                                            <p>Benjamin Gorzawski, Bare Observations<\/p>\n                                        <\/div>\n\n                                                                    <div class=\"ms-gallery-item narrow\">\n                                                            <a href=\"https:\/\/sites.hslu.ch\/architektur\/wp-content\/uploads\/sites\/11\/2023\/07\/Ethische_Raumpraxis_20220920_Lara_Decaillet-2.jpg\" data-lightbox=\"masonery-gallery\"  data-size=\"narrow\"  data-title=\"Lara Decaillet, Manuals\" data-alt=\"\">\n                        <img decoding=\"async\" class=\"ms-gallery-item__image\"  data-size=\"narrow\"  src=\"https:\/\/sites.hslu.ch\/architektur\/wp-content\/uploads\/sites\/11\/2023\/07\/Ethische_Raumpraxis_20220920_Lara_Decaillet-2.jpg\" alt=\"\" \/>\n                    <\/a>\n                                            <p>Lara Decaillet, Manuals<\/p>\n                                        <\/div>\n\n                                                                <div class=\"ms-gallery-item wide\">\n                                                        <a href=\"https:\/\/sites.hslu.ch\/architektur\/wp-content\/uploads\/sites\/11\/2023\/07\/Ethical_Spatial_Practice_20220923_Alma_Stocker-1.jpg\" data-lightbox=\"masonery-gallery\"  data-size=\"wide\"  data-title=\"Alma Stocker, Manuals\" data-alt=\"\">\n                        <img decoding=\"async\" class=\"ms-gallery-item__image\"  data-size=\"wide\"  src=\"https:\/\/sites.hslu.ch\/architektur\/wp-content\/uploads\/sites\/11\/2023\/07\/Ethical_Spatial_Practice_20220923_Alma_Stocker-1.jpg\" alt=\"\" \/>\n                    <\/a>\n                                            <p>Alma Stocker, Manuals<\/p>\n                                        <\/div>\n\n                                                                <div class=\"ms-gallery-item wide\">\n                                                        <a href=\"https:\/\/sites.hslu.ch\/architektur\/wp-content\/uploads\/sites\/11\/2023\/07\/Ethische_Raumpraxis_20220811_Xenja_Grand-5.jpg\" data-lightbox=\"masonery-gallery\"  data-size=\"wide\"  data-title=\"Xenja Grand, Bare Observations\" data-alt=\"\">\n                        <img decoding=\"async\" class=\"ms-gallery-item__image\"  data-size=\"wide\"  src=\"https:\/\/sites.hslu.ch\/architektur\/wp-content\/uploads\/sites\/11\/2023\/07\/Ethische_Raumpraxis_20220811_Xenja_Grand-5.jpg\" alt=\"\" \/>\n                    <\/a>\n                                            <p>Xenja Grand, Bare Observations<\/p>\n                                        <\/div>\n\n                                                                <div class=\"ms-gallery-item wide\">\n                                                        <a href=\"https:\/\/sites.hslu.ch\/architektur\/wp-content\/uploads\/sites\/11\/2023\/07\/Ethische_Raumpraxis_20221108_Michelle_Wermelinger-5.jpg\" data-lightbox=\"masonery-gallery\"  data-size=\"wide\"  data-title=\"Michelle Wermelinger, Bare Observations\" data-alt=\"\">\n                        <img decoding=\"async\" class=\"ms-gallery-item__image\"  data-size=\"wide\"  src=\"https:\/\/sites.hslu.ch\/architektur\/wp-content\/uploads\/sites\/11\/2023\/07\/Ethische_Raumpraxis_20221108_Michelle_Wermelinger-5.jpg\" alt=\"\" \/>\n                    <\/a>\n                                            <p>Michelle Wermelinger, Bare Observations<\/p>\n                                        <\/div>\n\n                                                                    <div class=\"ms-gallery-item narrow\">\n                                                            <a href=\"https:\/\/sites.hslu.ch\/architektur\/wp-content\/uploads\/sites\/11\/2023\/07\/Ethische_Raumpraxis_20221108_Dario_Schorer-4-1.jpg\" data-lightbox=\"masonery-gallery\"  data-size=\"narrow\"  data-title=\"Dario Schorer, Bare Observations\" data-alt=\"\">\n                        <img decoding=\"async\" class=\"ms-gallery-item__image\"  data-size=\"narrow\"  src=\"https:\/\/sites.hslu.ch\/architektur\/wp-content\/uploads\/sites\/11\/2023\/07\/Ethische_Raumpraxis_20221108_Dario_Schorer-4-1.jpg\" alt=\"\" \/>\n                    <\/a>\n                                            <p>Dario Schorer, Bare Observations<\/p>\n                                        <\/div>\n\n                                                                <div class=\"ms-gallery-item wide\">\n                                                        <a href=\"https:\/\/sites.hslu.ch\/architektur\/wp-content\/uploads\/sites\/11\/2023\/07\/HUB_Ethische_Raumpraxis_20221206_Jonas_Durrer.jpg\" data-lightbox=\"masonery-gallery\"  data-size=\"wide\"  data-title=\"Jonas Durrer, Notations\" data-alt=\"\">\n                        <img decoding=\"async\" class=\"ms-gallery-item__image\"  data-size=\"wide\"  src=\"https:\/\/sites.hslu.ch\/architektur\/wp-content\/uploads\/sites\/11\/2023\/07\/HUB_Ethische_Raumpraxis_20221206_Jonas_Durrer.jpg\" alt=\"\" \/>\n                    <\/a>\n                                            <p>Jonas Durrer, Notations<\/p>\n                                        <\/div>\n\n                                                    <div class=\"ms-gallery-item narrow\">\n                <\/div>\n                <\/div>\n            ","protected":false},"excerpt":{"rendered":"<p>Im Modul \u00abEthik\u00bb diskutierten die Studierenden \u00fcber das Handeln von Architekt*innen sowie die ethischen Fragestellungen und Konflikte, die sich im Zusammenhang damit ergeben. Ziel war es, die Auswirkungen des eigenen Tuns besser absch\u00e4tzen und reflektieren zu lernen.<\/p>\n","protected":false},"author":44,"featured_media":26287,"comment_status":"closed","ping_status":"closed","sticky":false,"template":"","format":"standard","meta":{"_acf_changed":false,"footnotes":""},"categories":[6,12,230],"tags":[242],"class_list":["post-26224","post","type-post","status-publish","format-standard","has-post-thumbnail","hentry","category-bachelor-architektur","category-gestaltung","category-hs2022","tag-ethik"],"acf":[],"yoast_head":"<!-- This site is optimized with the Yoast SEO plugin v27.4 - https:\/\/yoast.com\/product\/yoast-seo-wordpress\/ -->\n<title>ETHIK HS 22 - Architektur an der Hochschule Luzern<\/title>\n<meta name=\"robots\" content=\"index, follow, max-snippet:-1, max-image-preview:large, max-video-preview:-1\" \/>\n<link rel=\"canonical\" href=\"https:\/\/sites.hslu.ch\/architektur\/ethik-hs-22\/\" \/>\n<meta property=\"og:locale\" content=\"de_DE\" \/>\n<meta property=\"og:type\" content=\"article\" \/>\n<meta property=\"og:title\" content=\"ETHIK HS 22 - Architektur an der Hochschule Luzern\" \/>\n<meta property=\"og:description\" content=\"Im Modul \u00abEthik\u00bb diskutierten die Studierenden \u00fcber das Handeln von Architekt*innen sowie die ethischen Fragestellungen und Konflikte, die sich im Zusammenhang damit ergeben. Ziel war es, die Auswirkungen des eigenen Tuns besser absch\u00e4tzen und reflektieren zu lernen.\" \/>\n<meta property=\"og:url\" content=\"https:\/\/sites.hslu.ch\/architektur\/ethik-hs-22\/\" \/>\n<meta property=\"og:site_name\" content=\"Architektur an der Hochschule Luzern\" \/>\n<meta property=\"article:published_time\" content=\"2023-08-04T08:00:00+00:00\" \/>\n<meta property=\"article:modified_time\" content=\"2023-08-15T15:06:17+00:00\" \/>\n<meta property=\"og:image\" content=\"https:\/\/sites.hslu.ch\/architektur\/wp-content\/uploads\/sites\/11\/2023\/07\/neu_Abb.-4_HUB.jpg\" \/>\n\t<meta property=\"og:image:width\" content=\"1920\" \/>\n\t<meta property=\"og:image:height\" content=\"1440\" \/>\n\t<meta property=\"og:image:type\" content=\"image\/jpeg\" \/>\n<meta name=\"author\" content=\"jaramalevez\" \/>\n<meta name=\"twitter:card\" content=\"summary_large_image\" \/>\n<meta name=\"twitter:label1\" content=\"Verfasst von\" \/>\n\t<meta name=\"twitter:data1\" content=\"jaramalevez\" \/>\n\t<meta name=\"twitter:label2\" content=\"Gesch\u00e4tzte Lesezeit\" \/>\n\t<meta name=\"twitter:data2\" content=\"5\u00a0Minuten\" \/>\n<script type=\"application\/ld+json\" class=\"yoast-schema-graph\">{\"@context\":\"https:\\\/\\\/schema.org\",\"@graph\":[{\"@type\":\"Article\",\"@id\":\"https:\\\/\\\/sites.hslu.ch\\\/architektur\\\/ethik-hs-22\\\/#article\",\"isPartOf\":{\"@id\":\"https:\\\/\\\/sites.hslu.ch\\\/architektur\\\/ethik-hs-22\\\/\"},\"author\":{\"name\":\"jaramalevez\",\"@id\":\"https:\\\/\\\/sites.hslu.ch\\\/architektur\\\/#\\\/schema\\\/person\\\/001cee0914381b1d1d390e0f07da2aad\"},\"headline\":\"ETHIK HS 22\",\"datePublished\":\"2023-08-04T08:00:00+00:00\",\"dateModified\":\"2023-08-15T15:06:17+00:00\",\"mainEntityOfPage\":{\"@id\":\"https:\\\/\\\/sites.hslu.ch\\\/architektur\\\/ethik-hs-22\\\/\"},\"wordCount\":744,\"image\":{\"@id\":\"https:\\\/\\\/sites.hslu.ch\\\/architektur\\\/ethik-hs-22\\\/#primaryimage\"},\"thumbnailUrl\":\"https:\\\/\\\/sites.hslu.ch\\\/architektur\\\/wp-content\\\/uploads\\\/sites\\\/11\\\/2023\\\/07\\\/neu_Abb.-4_HUB.jpg\",\"keywords\":[\"Ethik\"],\"articleSection\":[\"Bachelor Architektur\",\"Gestaltung\",\"HS2022\"],\"inLanguage\":\"de\"},{\"@type\":\"WebPage\",\"@id\":\"https:\\\/\\\/sites.hslu.ch\\\/architektur\\\/ethik-hs-22\\\/\",\"url\":\"https:\\\/\\\/sites.hslu.ch\\\/architektur\\\/ethik-hs-22\\\/\",\"name\":\"ETHIK HS 22 - Architektur an der Hochschule Luzern\",\"isPartOf\":{\"@id\":\"https:\\\/\\\/sites.hslu.ch\\\/architektur\\\/#website\"},\"primaryImageOfPage\":{\"@id\":\"https:\\\/\\\/sites.hslu.ch\\\/architektur\\\/ethik-hs-22\\\/#primaryimage\"},\"image\":{\"@id\":\"https:\\\/\\\/sites.hslu.ch\\\/architektur\\\/ethik-hs-22\\\/#primaryimage\"},\"thumbnailUrl\":\"https:\\\/\\\/sites.hslu.ch\\\/architektur\\\/wp-content\\\/uploads\\\/sites\\\/11\\\/2023\\\/07\\\/neu_Abb.-4_HUB.jpg\",\"datePublished\":\"2023-08-04T08:00:00+00:00\",\"dateModified\":\"2023-08-15T15:06:17+00:00\",\"author\":{\"@id\":\"https:\\\/\\\/sites.hslu.ch\\\/architektur\\\/#\\\/schema\\\/person\\\/001cee0914381b1d1d390e0f07da2aad\"},\"breadcrumb\":{\"@id\":\"https:\\\/\\\/sites.hslu.ch\\\/architektur\\\/ethik-hs-22\\\/#breadcrumb\"},\"inLanguage\":\"de\",\"potentialAction\":[{\"@type\":\"ReadAction\",\"target\":[\"https:\\\/\\\/sites.hslu.ch\\\/architektur\\\/ethik-hs-22\\\/\"]}]},{\"@type\":\"ImageObject\",\"inLanguage\":\"de\",\"@id\":\"https:\\\/\\\/sites.hslu.ch\\\/architektur\\\/ethik-hs-22\\\/#primaryimage\",\"url\":\"https:\\\/\\\/sites.hslu.ch\\\/architektur\\\/wp-content\\\/uploads\\\/sites\\\/11\\\/2023\\\/07\\\/neu_Abb.-4_HUB.jpg\",\"contentUrl\":\"https:\\\/\\\/sites.hslu.ch\\\/architektur\\\/wp-content\\\/uploads\\\/sites\\\/11\\\/2023\\\/07\\\/neu_Abb.-4_HUB.jpg\",\"width\":1920,\"height\":1440},{\"@type\":\"BreadcrumbList\",\"@id\":\"https:\\\/\\\/sites.hslu.ch\\\/architektur\\\/ethik-hs-22\\\/#breadcrumb\",\"itemListElement\":[{\"@type\":\"ListItem\",\"position\":1,\"name\":\"Home\",\"item\":\"https:\\\/\\\/sites.hslu.ch\\\/architektur\\\/\"},{\"@type\":\"ListItem\",\"position\":2,\"name\":\"ETHIK HS 22\"}]},{\"@type\":\"WebSite\",\"@id\":\"https:\\\/\\\/sites.hslu.ch\\\/architektur\\\/#website\",\"url\":\"https:\\\/\\\/sites.hslu.ch\\\/architektur\\\/\",\"name\":\"Architektur an der Hochschule Luzern\",\"description\":\"\",\"potentialAction\":[{\"@type\":\"SearchAction\",\"target\":{\"@type\":\"EntryPoint\",\"urlTemplate\":\"https:\\\/\\\/sites.hslu.ch\\\/architektur\\\/?s={search_term_string}\"},\"query-input\":{\"@type\":\"PropertyValueSpecification\",\"valueRequired\":true,\"valueName\":\"search_term_string\"}}],\"inLanguage\":\"de\"},{\"@type\":\"Person\",\"@id\":\"https:\\\/\\\/sites.hslu.ch\\\/architektur\\\/#\\\/schema\\\/person\\\/001cee0914381b1d1d390e0f07da2aad\",\"name\":\"jaramalevez\",\"url\":\"https:\\\/\\\/sites.hslu.ch\\\/architektur\\\/author\\\/jaramalevez\\\/\"}]}<\/script>\n<!-- \/ Yoast SEO plugin. -->","yoast_head_json":{"title":"ETHIK HS 22 - Architektur an der Hochschule Luzern","robots":{"index":"index","follow":"follow","max-snippet":"max-snippet:-1","max-image-preview":"max-image-preview:large","max-video-preview":"max-video-preview:-1"},"canonical":"https:\/\/sites.hslu.ch\/architektur\/ethik-hs-22\/","og_locale":"de_DE","og_type":"article","og_title":"ETHIK HS 22 - Architektur an der Hochschule Luzern","og_description":"Im Modul \u00abEthik\u00bb diskutierten die Studierenden \u00fcber das Handeln von Architekt*innen sowie die ethischen Fragestellungen und Konflikte, die sich im Zusammenhang damit ergeben. Ziel war es, die Auswirkungen des eigenen Tuns besser absch\u00e4tzen und reflektieren zu lernen.","og_url":"https:\/\/sites.hslu.ch\/architektur\/ethik-hs-22\/","og_site_name":"Architektur an der Hochschule Luzern","article_published_time":"2023-08-04T08:00:00+00:00","article_modified_time":"2023-08-15T15:06:17+00:00","og_image":[{"width":1920,"height":1440,"url":"https:\/\/sites.hslu.ch\/architektur\/wp-content\/uploads\/sites\/11\/2023\/07\/neu_Abb.-4_HUB.jpg","type":"image\/jpeg"}],"author":"jaramalevez","twitter_card":"summary_large_image","twitter_misc":{"Verfasst von":"jaramalevez","Gesch\u00e4tzte Lesezeit":"5\u00a0Minuten"},"schema":{"@context":"https:\/\/schema.org","@graph":[{"@type":"Article","@id":"https:\/\/sites.hslu.ch\/architektur\/ethik-hs-22\/#article","isPartOf":{"@id":"https:\/\/sites.hslu.ch\/architektur\/ethik-hs-22\/"},"author":{"name":"jaramalevez","@id":"https:\/\/sites.hslu.ch\/architektur\/#\/schema\/person\/001cee0914381b1d1d390e0f07da2aad"},"headline":"ETHIK HS 22","datePublished":"2023-08-04T08:00:00+00:00","dateModified":"2023-08-15T15:06:17+00:00","mainEntityOfPage":{"@id":"https:\/\/sites.hslu.ch\/architektur\/ethik-hs-22\/"},"wordCount":744,"image":{"@id":"https:\/\/sites.hslu.ch\/architektur\/ethik-hs-22\/#primaryimage"},"thumbnailUrl":"https:\/\/sites.hslu.ch\/architektur\/wp-content\/uploads\/sites\/11\/2023\/07\/neu_Abb.-4_HUB.jpg","keywords":["Ethik"],"articleSection":["Bachelor Architektur","Gestaltung","HS2022"],"inLanguage":"de"},{"@type":"WebPage","@id":"https:\/\/sites.hslu.ch\/architektur\/ethik-hs-22\/","url":"https:\/\/sites.hslu.ch\/architektur\/ethik-hs-22\/","name":"ETHIK HS 22 - Architektur an der Hochschule Luzern","isPartOf":{"@id":"https:\/\/sites.hslu.ch\/architektur\/#website"},"primaryImageOfPage":{"@id":"https:\/\/sites.hslu.ch\/architektur\/ethik-hs-22\/#primaryimage"},"image":{"@id":"https:\/\/sites.hslu.ch\/architektur\/ethik-hs-22\/#primaryimage"},"thumbnailUrl":"https:\/\/sites.hslu.ch\/architektur\/wp-content\/uploads\/sites\/11\/2023\/07\/neu_Abb.-4_HUB.jpg","datePublished":"2023-08-04T08:00:00+00:00","dateModified":"2023-08-15T15:06:17+00:00","author":{"@id":"https:\/\/sites.hslu.ch\/architektur\/#\/schema\/person\/001cee0914381b1d1d390e0f07da2aad"},"breadcrumb":{"@id":"https:\/\/sites.hslu.ch\/architektur\/ethik-hs-22\/#breadcrumb"},"inLanguage":"de","potentialAction":[{"@type":"ReadAction","target":["https:\/\/sites.hslu.ch\/architektur\/ethik-hs-22\/"]}]},{"@type":"ImageObject","inLanguage":"de","@id":"https:\/\/sites.hslu.ch\/architektur\/ethik-hs-22\/#primaryimage","url":"https:\/\/sites.hslu.ch\/architektur\/wp-content\/uploads\/sites\/11\/2023\/07\/neu_Abb.-4_HUB.jpg","contentUrl":"https:\/\/sites.hslu.ch\/architektur\/wp-content\/uploads\/sites\/11\/2023\/07\/neu_Abb.-4_HUB.jpg","width":1920,"height":1440},{"@type":"BreadcrumbList","@id":"https:\/\/sites.hslu.ch\/architektur\/ethik-hs-22\/#breadcrumb","itemListElement":[{"@type":"ListItem","position":1,"name":"Home","item":"https:\/\/sites.hslu.ch\/architektur\/"},{"@type":"ListItem","position":2,"name":"ETHIK HS 22"}]},{"@type":"WebSite","@id":"https:\/\/sites.hslu.ch\/architektur\/#website","url":"https:\/\/sites.hslu.ch\/architektur\/","name":"Architektur an der Hochschule Luzern","description":"","potentialAction":[{"@type":"SearchAction","target":{"@type":"EntryPoint","urlTemplate":"https:\/\/sites.hslu.ch\/architektur\/?s={search_term_string}"},"query-input":{"@type":"PropertyValueSpecification","valueRequired":true,"valueName":"search_term_string"}}],"inLanguage":"de"},{"@type":"Person","@id":"https:\/\/sites.hslu.ch\/architektur\/#\/schema\/person\/001cee0914381b1d1d390e0f07da2aad","name":"jaramalevez","url":"https:\/\/sites.hslu.ch\/architektur\/author\/jaramalevez\/"}]}},"_links":{"self":[{"href":"https:\/\/sites.hslu.ch\/architektur\/wp-json\/wp\/v2\/posts\/26224","targetHints":{"allow":["GET"]}}],"collection":[{"href":"https:\/\/sites.hslu.ch\/architektur\/wp-json\/wp\/v2\/posts"}],"about":[{"href":"https:\/\/sites.hslu.ch\/architektur\/wp-json\/wp\/v2\/types\/post"}],"author":[{"embeddable":true,"href":"https:\/\/sites.hslu.ch\/architektur\/wp-json\/wp\/v2\/users\/44"}],"replies":[{"embeddable":true,"href":"https:\/\/sites.hslu.ch\/architektur\/wp-json\/wp\/v2\/comments?post=26224"}],"version-history":[{"count":46,"href":"https:\/\/sites.hslu.ch\/architektur\/wp-json\/wp\/v2\/posts\/26224\/revisions"}],"predecessor-version":[{"id":26497,"href":"https:\/\/sites.hslu.ch\/architektur\/wp-json\/wp\/v2\/posts\/26224\/revisions\/26497"}],"wp:featuredmedia":[{"embeddable":true,"href":"https:\/\/sites.hslu.ch\/architektur\/wp-json\/wp\/v2\/media\/26287"}],"wp:attachment":[{"href":"https:\/\/sites.hslu.ch\/architektur\/wp-json\/wp\/v2\/media?parent=26224"}],"wp:term":[{"taxonomy":"category","embeddable":true,"href":"https:\/\/sites.hslu.ch\/architektur\/wp-json\/wp\/v2\/categories?post=26224"},{"taxonomy":"post_tag","embeddable":true,"href":"https:\/\/sites.hslu.ch\/architektur\/wp-json\/wp\/v2\/tags?post=26224"}],"curies":[{"name":"wp","href":"https:\/\/api.w.org\/{rel}","templated":true}]}}