{"id":24846,"date":"2023-08-07T18:28:40","date_gmt":"2023-08-07T16:28:40","guid":{"rendered":"https:\/\/sites.hslu.ch\/architektur\/?p=24846"},"modified":"2023-08-07T18:28:41","modified_gmt":"2023-08-07T16:28:41","slug":"philosophie-fs23","status":"publish","type":"post","link":"https:\/\/sites.hslu.ch\/architektur\/philosophie-fs23\/","title":{"rendered":"Philosophie FS23\u00a0"},"content":{"rendered":"\n<p class=\"is-style-lead-text\">Das Ziel des Moduls \u00abPhilosophie\u00bb im Bachelor Advanced besteht darin, grundlegende Fragestellungen der zeitgen\u00f6ssischen Architekturpraxis kritisch zu reflektieren. Dabei bauen wir auf den Begrifflichkeiten der vorangegangenen Module in den Bereichen Gestaltung: Identit\u00e4t, Verantwortung, Ethik, Materialit\u00e4t und Politik auf.<\/p>\n\n\n\n<p>Die gestalterische Arbeit wird durch ein Manifest erg\u00e4nzt, welches die eigene Position zu einer der diskutierten Fragestellungen in Auseinandersetzung mit relevanten zeitgen\u00f6ssischen Diskursen in den Geistes- und Sozialwissenschaften thesenartig sch\u00e4rft.&nbsp;<\/p>\n\n\n\n<h3 class=\"wp-block-heading\">Arbeit von Holly Z\u00fcrcher \u2013 \u00abManifest f\u00fcr Verdichtung &amp; Fl\u00e4cheneffizienz\u00bb<\/h3>\n\n\n\n<p>Um unseren Verbrauch und unseren \u00f6kologischen Fussabdruck zu verringern, m\u00fcssen wir die Erwartungen an den Raum, in dem wir wohnen, \u00e4ndern. Dazu muss unsere Gesellschaft auf sozialer und politischer Ebene einen dynamischen Wandel erfahren. Kompaktes Bauen ist eine Voraussetzung f\u00fcr den sparsamen Umgang mit Boden, Ressourcen, Geld und Energie. Am Beispiel der Wohn\u00fcberbaung \u00abWagonlits\u00bb in Schlieren, wurde der Umgang mit Verdichtung und Fl\u00e4cheneffizient untersucht.&nbsp;In der Videoarbeit wird das&nbsp;urbanen Wohnquartier, das direkt an der Bahnlinie in Schlieren West liegt, portr\u00e4tiert. <\/p>\n\n\n\n<figure class=\"wp-block-embed is-type-video is-provider-vimeo wp-block-embed-vimeo wp-embed-aspect-16-9 wp-has-aspect-ratio\"><div class=\"wp-block-embed__wrapper\">\n<iframe loading=\"lazy\" title=\"23FS_Philosophie_Holly_Zuercher_Rethink\" src=\"https:\/\/player.vimeo.com\/video\/846969490?h=8bc2eceeeb&amp;app_id=122963\" width=\"640\" height=\"360\" frameborder=\"0\" allow=\"autoplay; fullscreen; picture-in-picture; clipboard-write\"><\/iframe>\n<\/div><\/figure>\n\n\n\n<h3 class=\"wp-block-heading\">Arbeit von David Dubois&nbsp;\u2013&nbsp;\u00abManifest f\u00fcr Ethische Handlungsprinzipien\u00bb<\/h3>\n\n\n\n<p>Ich versuche, meine Rolle als zuk\u00fcnftiger Architekt zu finden. Die Ethik ist in st\u00e4ndigem Wandel und es braucht den Austausch. Alleine kann ich nur wenig bewirken. Das Kollektiv ist aus verschiedenen Gr\u00fcnden zentral.&nbsp;&nbsp;Wie rege ich andere an, \u00fcber Ethik nachzudenken, sich auszutauschen und ethische Handlungsprinzipien zu erforschen? Wie komme ich mit anderen ins Gespr\u00e4ch, um gemeinsam \u00fcber unser Handeln nachzudenken?<\/p>\n\n\n\n<p><strong>Mini Pocket:<\/strong> In meiner Laufbahn werden st\u00e4ndig neue Themen auftauchen. Durch das Erstellen, Gestalten und Falten dieser Mini Pockets kann ich durch eine theoretische und physische sowie digitale wie analoge Handlung theoretische Themen in die Praxis meines Handelns aneignen. Aufgeh\u00e4ngt im B\u00fcro als Plakat zur Erinnerung und als Gespr\u00e4chsstarter, passen sie zusammengefaltet in mein Notizbuch, welches ich immer dabeihabe. Es ist etwas, dass ich st\u00e4ndig weiter bearbeiten kann mit Notizen und Skizzen. Es ist \u00fcber mein Studium hinaus ein Mehrwert f\u00fcr meinen Lebensweg als zuk\u00fcnftiger Architekt, da ich stets neue Themen bearbeiten und alte Themen wieder hervorholen und je nachdem weiter entwickeln kann.&nbsp;<\/p>\n\n\n    <div class=\"ms-gallery \">\n        <div class=\"ms-gallery-sizer\"><\/div>\n        <div class=\"ms-gallery-gutter\"><\/div>\n                                        <div class=\"ms-gallery-item narrow\">\n                                                            <a href=\"https:\/\/sites.hslu.ch\/architektur\/wp-content\/uploads\/sites\/11\/2023\/07\/David_Dubois_Philofs23_Hub_6.jpg\" data-lightbox=\"masonery-gallery\"  data-size=\"narrow\"  data-title=\"\" data-alt=\"\">\n                        <img decoding=\"async\" class=\"ms-gallery-item__image\"  data-size=\"narrow\"  src=\"https:\/\/sites.hslu.ch\/architektur\/wp-content\/uploads\/sites\/11\/2023\/07\/David_Dubois_Philofs23_Hub_6.jpg\" alt=\"\" \/>\n                    <\/a>\n                                        <\/div>\n\n                                                                    <div class=\"ms-gallery-item narrow\">\n                                                            <a href=\"https:\/\/sites.hslu.ch\/architektur\/wp-content\/uploads\/sites\/11\/2023\/07\/David_Dubois_Philofs23_Hub_3.jpg\" data-lightbox=\"masonery-gallery\"  data-size=\"narrow\"  data-title=\"\" data-alt=\"\">\n                        <img decoding=\"async\" class=\"ms-gallery-item__image\"  data-size=\"narrow\"  src=\"https:\/\/sites.hslu.ch\/architektur\/wp-content\/uploads\/sites\/11\/2023\/07\/David_Dubois_Philofs23_Hub_3.jpg\" alt=\"\" \/>\n                    <\/a>\n                                        <\/div>\n\n                                                                    <div class=\"ms-gallery-item narrow\">\n                                                            <a href=\"https:\/\/sites.hslu.ch\/architektur\/wp-content\/uploads\/sites\/11\/2023\/07\/David_Dubois_Philofs23_Hub_5.jpg\" data-lightbox=\"masonery-gallery\"  data-size=\"narrow\"  data-title=\"\" data-alt=\"\">\n                        <img decoding=\"async\" class=\"ms-gallery-item__image\"  data-size=\"narrow\"  src=\"https:\/\/sites.hslu.ch\/architektur\/wp-content\/uploads\/sites\/11\/2023\/07\/David_Dubois_Philofs23_Hub_5.jpg\" alt=\"\" \/>\n                    <\/a>\n                                        <\/div>\n\n                                                                    <div class=\"ms-gallery-item narrow\">\n                                                            <a href=\"https:\/\/sites.hslu.ch\/architektur\/wp-content\/uploads\/sites\/11\/2023\/07\/David_Dubois_Philofs23_Hub_1.jpg\" data-lightbox=\"masonery-gallery\"  data-size=\"narrow\"  data-title=\"\" data-alt=\"\">\n                        <img decoding=\"async\" class=\"ms-gallery-item__image\"  data-size=\"narrow\"  src=\"https:\/\/sites.hslu.ch\/architektur\/wp-content\/uploads\/sites\/11\/2023\/07\/David_Dubois_Philofs23_Hub_1.jpg\" alt=\"\" \/>\n                    <\/a>\n                                        <\/div>\n\n                                                                    <div class=\"ms-gallery-item narrow\">\n                                                            <a href=\"https:\/\/sites.hslu.ch\/architektur\/wp-content\/uploads\/sites\/11\/2023\/07\/David_Dubois_Philofs23_Hub_4.jpg\" data-lightbox=\"masonery-gallery\"  data-size=\"narrow\"  data-title=\"\" data-alt=\"\">\n                        <img decoding=\"async\" class=\"ms-gallery-item__image\"  data-size=\"narrow\"  src=\"https:\/\/sites.hslu.ch\/architektur\/wp-content\/uploads\/sites\/11\/2023\/07\/David_Dubois_Philofs23_Hub_4.jpg\" alt=\"\" \/>\n                    <\/a>\n                                        <\/div>\n\n                                                                    <div class=\"ms-gallery-item narrow\">\n                                                            <a href=\"https:\/\/sites.hslu.ch\/architektur\/wp-content\/uploads\/sites\/11\/2023\/07\/David_Dubois_Philofs23_Hub_2.jpg\" data-lightbox=\"masonery-gallery\"  data-size=\"narrow\"  data-title=\"\" data-alt=\"\">\n                        <img decoding=\"async\" class=\"ms-gallery-item__image\"  data-size=\"narrow\"  src=\"https:\/\/sites.hslu.ch\/architektur\/wp-content\/uploads\/sites\/11\/2023\/07\/David_Dubois_Philofs23_Hub_2.jpg\" alt=\"\" \/>\n                    <\/a>\n                                        <\/div>\n\n                                                    <div class=\"ms-gallery-item narrow\">\n                <\/div>\n                <\/div>\n            \n\n\n<h3 class=\"wp-block-heading\">Arbeit von Michael Andre&nbsp;&nbsp;\u2013&nbsp;\u00abMonokultur Manifest\u00bb<\/h3>\n\n\n\n<p>In meiner Videoarbeit werden g\u00e4ngige Agrarpraktiken visualisiert und hinterfragt. Im Fokus der Arbeit steht die intensive Auseinandersetzung mit dem Ph\u00e4nomen der Monokulturen, ihren Auswirkungen auf die Biodiversit\u00e4t und die Umwelt sowie der \u00f6konomische Anreiz, der hinter diesen Praktiken steht. Mittels eines Interviews wird das Konzept der Permakultur als m\u00f6gliche Alternative beschrieben. Im Zuge der intensiven Landnutzung und des gesellschaftlichen Wandels ist das Thema der nachhaltigen Raumgestaltung immer wichtiger und herausfordernder geworden. Mein Projekt zielt darauf ab, einen Leitfaden f\u00fcr die nachhaltige Nutzung von Raum und Boden zu schaffen. Schwerpunkte und Spannungsfelder meiner Arbeit sind die Bewahrung des \u00f6kologischen Gleichgewichts, die Anpassung an moderne Lebensstandards sowie die Ber\u00fccksichtigung von sozialen Aspekten.<\/p>\n\n\n\n<figure class=\"wp-block-embed is-type-video is-provider-vimeo wp-block-embed-vimeo wp-embed-aspect-16-9 wp-has-aspect-ratio\"><div class=\"wp-block-embed__wrapper\">\n<iframe loading=\"lazy\" title=\"23FS_Philosophie_Michael_Andre_Monokultur\" src=\"https:\/\/player.vimeo.com\/video\/846970110?h=f6a11bb08d&amp;app_id=122963\" width=\"640\" height=\"360\" frameborder=\"0\" allow=\"autoplay; fullscreen; picture-in-picture; clipboard-write\"><\/iframe>\n<\/div><\/figure>\n\n\n\n<h3 class=\"wp-block-heading\">Arbeit von Gina Propst \u2013 \u00abManifest (m)einer Haltung\u00bb<\/h3>\n\n\n\n<p>Als junge Architektin muss ich mir in dem unglaublich grossen und vielf\u00e4ltigen Gebiet der Architektur eine Meinung, eine Haltung aneignen. Diese muss stark sein, um mich in der Gegen\u00fcberstellung und im Konflikt mit anderen Wertvorstellungen behaupten zu k\u00f6nnen. Das bedeutet nicht, dass diese Ansichten nicht hinterfragt werden sollten. Im Gegenteil. Architektin sein heisst auch, die eigene Einstellung immer wieder zu reflektieren, zu pr\u00fcfen und anzupassen. Wieso denke und handle ich so, wie ich es tue? Aber um meine Haltung hinterfragen zu k\u00f6nnen, muss ich sie zuerst verstehen k\u00f6nnen. Ich muss sie formulieren und ausdr\u00fccken. Am besten kann ich das mit Sprache.<\/p>\n\n\n    <div class=\"ms-gallery \">\n        <div class=\"ms-gallery-sizer\"><\/div>\n        <div class=\"ms-gallery-gutter\"><\/div>\n                                        <div class=\"ms-gallery-item narrow\">\n                                                            <a href=\"https:\/\/sites.hslu.ch\/architektur\/wp-content\/uploads\/sites\/11\/2023\/08\/Manifest_GINA01.jpg\" data-lightbox=\"masonery-gallery\"  data-size=\"narrow\"  data-title=\"\" data-alt=\"\">\n                        <img decoding=\"async\" class=\"ms-gallery-item__image\"  data-size=\"narrow\"  src=\"https:\/\/sites.hslu.ch\/architektur\/wp-content\/uploads\/sites\/11\/2023\/08\/Manifest_GINA01.jpg\" alt=\"\" \/>\n                    <\/a>\n                                        <\/div>\n\n                                                                                                                                                                    <div class=\"ms-gallery-item narrow\">\n                                                            <a href=\"https:\/\/sites.hslu.ch\/architektur\/wp-content\/uploads\/sites\/11\/2023\/08\/Manifest_GINA03.jpg\" data-lightbox=\"masonery-gallery\"  data-size=\"narrow\"  data-title=\"\" data-alt=\"\">\n                        <img decoding=\"async\" class=\"ms-gallery-item__image\"  data-size=\"narrow\"  src=\"https:\/\/sites.hslu.ch\/architektur\/wp-content\/uploads\/sites\/11\/2023\/08\/Manifest_GINA03.jpg\" alt=\"\" \/>\n                    <\/a>\n                                        <\/div>\n\n                                                                                                                                                                    <div class=\"ms-gallery-item narrow\">\n                                                            <a href=\"https:\/\/sites.hslu.ch\/architektur\/wp-content\/uploads\/sites\/11\/2023\/08\/Manifest_GINA02.jpg\" data-lightbox=\"masonery-gallery\"  data-size=\"narrow\"  data-title=\"\" data-alt=\"\">\n                        <img decoding=\"async\" class=\"ms-gallery-item__image\"  data-size=\"narrow\"  src=\"https:\/\/sites.hslu.ch\/architektur\/wp-content\/uploads\/sites\/11\/2023\/08\/Manifest_GINA02.jpg\" alt=\"\" \/>\n                    <\/a>\n                                        <\/div>\n\n                                                                                                                                                    <div class=\"ms-gallery-item narrow\">\n                <\/div>\n                <\/div>\n            \n\n\n<p>Das Schreiben von f\u00fcnf Texten hat mir gezeigt, dass ich eine sehr starke Haltung zu meiner Rolle als Architektin habe. Diese Haltung ist sehr pers\u00f6nlich und ist gepr\u00e4gt, von meiner Herkunft, meiner Geschichte und meiner Pers\u00f6nlichkeit. Es ist ausserdem eine Haltung, die ich mir als Studentin angeeignet habe. Ich bin sicher, dass sie sich im Berufsleben durch die Konfrontation mit Berufskollegen, Bauherrschaften und Beh\u00f6rden ver\u00e4ndern wird. Deshalb ist es interessant, heute diese Haltung festzuhalten, um sie dann in Zukunft wieder zu reflektieren zu k\u00f6nnen.&nbsp;<\/p>\n\n\n\n<p><\/p>\n","protected":false},"excerpt":{"rendered":"<p>Das Ziel des Moduls \u00abPhilosophie\u00bb im Bachelor Advanced besteht darin, grundlegende Fragestellungen der zeitgen\u00f6ssischen Architekturpraxis kritisch zu reflektieren. Dabei bauen wir auf den Begrifflichkeiten der vorangegangenen Module in den Bereichen Gestaltung: Identit\u00e4t, Verantwortung, Ethik, Materialit\u00e4t und Politik auf.<\/p>\n","protected":false},"author":44,"featured_media":26320,"comment_status":"closed","ping_status":"closed","sticky":false,"template":"","format":"standard","meta":{"_acf_changed":false,"footnotes":""},"categories":[6,234,12,22],"tags":[],"class_list":["post-24846","post","type-post","status-publish","format-standard","has-post-thumbnail","hentry","category-bachelor-architektur","category-fs2023","category-gestaltung","category-semester-jahr"],"acf":[],"yoast_head":"<!-- This site is optimized with the Yoast SEO plugin v27.5 - https:\/\/yoast.com\/product\/yoast-seo-wordpress\/ -->\n<title>Philosophie FS23\u00a0 - Architektur an der Hochschule Luzern<\/title>\n<meta name=\"robots\" content=\"index, follow, max-snippet:-1, max-image-preview:large, max-video-preview:-1\" \/>\n<link rel=\"canonical\" href=\"https:\/\/sites.hslu.ch\/architektur\/philosophie-fs23\/\" \/>\n<meta property=\"og:locale\" content=\"de_DE\" \/>\n<meta property=\"og:type\" content=\"article\" \/>\n<meta property=\"og:title\" content=\"Philosophie FS23\u00a0 - Architektur an der Hochschule Luzern\" \/>\n<meta property=\"og:description\" content=\"Das Ziel des Moduls \u00abPhilosophie\u00bb im Bachelor Advanced besteht darin, grundlegende Fragestellungen der zeitgen\u00f6ssischen Architekturpraxis kritisch zu reflektieren. Dabei bauen wir auf den Begrifflichkeiten der vorangegangenen Module in den Bereichen Gestaltung: Identit\u00e4t, Verantwortung, Ethik, Materialit\u00e4t und Politik auf.\" \/>\n<meta property=\"og:url\" content=\"https:\/\/sites.hslu.ch\/architektur\/philosophie-fs23\/\" \/>\n<meta property=\"og:site_name\" content=\"Architektur an der Hochschule Luzern\" \/>\n<meta property=\"article:published_time\" content=\"2023-08-07T16:28:40+00:00\" \/>\n<meta property=\"article:modified_time\" content=\"2023-08-07T16:28:41+00:00\" \/>\n<meta property=\"og:image\" content=\"https:\/\/sites.hslu.ch\/architektur\/wp-content\/uploads\/sites\/11\/2023\/07\/monokultur2.jpg\" \/>\n\t<meta property=\"og:image:width\" content=\"1920\" \/>\n\t<meta property=\"og:image:height\" content=\"1071\" \/>\n\t<meta property=\"og:image:type\" content=\"image\/jpeg\" \/>\n<meta name=\"author\" content=\"jaramalevez\" \/>\n<meta name=\"twitter:card\" content=\"summary_large_image\" \/>\n<meta name=\"twitter:label1\" content=\"Verfasst von\" \/>\n\t<meta name=\"twitter:data1\" content=\"jaramalevez\" \/>\n\t<meta name=\"twitter:label2\" content=\"Gesch\u00e4tzte Lesezeit\" \/>\n\t<meta name=\"twitter:data2\" content=\"4\u00a0Minuten\" \/>\n<script type=\"application\/ld+json\" class=\"yoast-schema-graph\">{\"@context\":\"https:\\\/\\\/schema.org\",\"@graph\":[{\"@type\":\"Article\",\"@id\":\"https:\\\/\\\/sites.hslu.ch\\\/architektur\\\/philosophie-fs23\\\/#article\",\"isPartOf\":{\"@id\":\"https:\\\/\\\/sites.hslu.ch\\\/architektur\\\/philosophie-fs23\\\/\"},\"author\":{\"name\":\"jaramalevez\",\"@id\":\"https:\\\/\\\/sites.hslu.ch\\\/architektur\\\/#\\\/schema\\\/person\\\/001cee0914381b1d1d390e0f07da2aad\"},\"headline\":\"Philosophie FS23\u00a0\",\"datePublished\":\"2023-08-07T16:28:40+00:00\",\"dateModified\":\"2023-08-07T16:28:41+00:00\",\"mainEntityOfPage\":{\"@id\":\"https:\\\/\\\/sites.hslu.ch\\\/architektur\\\/philosophie-fs23\\\/\"},\"wordCount\":715,\"image\":{\"@id\":\"https:\\\/\\\/sites.hslu.ch\\\/architektur\\\/philosophie-fs23\\\/#primaryimage\"},\"thumbnailUrl\":\"https:\\\/\\\/sites.hslu.ch\\\/architektur\\\/wp-content\\\/uploads\\\/sites\\\/11\\\/2023\\\/07\\\/monokultur2.jpg\",\"articleSection\":[\"Bachelor Architektur\",\"FS2023\",\"Gestaltung\",\"Semester\\\/Jahr\"],\"inLanguage\":\"de\"},{\"@type\":\"WebPage\",\"@id\":\"https:\\\/\\\/sites.hslu.ch\\\/architektur\\\/philosophie-fs23\\\/\",\"url\":\"https:\\\/\\\/sites.hslu.ch\\\/architektur\\\/philosophie-fs23\\\/\",\"name\":\"Philosophie FS23\u00a0 - Architektur an der Hochschule Luzern\",\"isPartOf\":{\"@id\":\"https:\\\/\\\/sites.hslu.ch\\\/architektur\\\/#website\"},\"primaryImageOfPage\":{\"@id\":\"https:\\\/\\\/sites.hslu.ch\\\/architektur\\\/philosophie-fs23\\\/#primaryimage\"},\"image\":{\"@id\":\"https:\\\/\\\/sites.hslu.ch\\\/architektur\\\/philosophie-fs23\\\/#primaryimage\"},\"thumbnailUrl\":\"https:\\\/\\\/sites.hslu.ch\\\/architektur\\\/wp-content\\\/uploads\\\/sites\\\/11\\\/2023\\\/07\\\/monokultur2.jpg\",\"datePublished\":\"2023-08-07T16:28:40+00:00\",\"dateModified\":\"2023-08-07T16:28:41+00:00\",\"author\":{\"@id\":\"https:\\\/\\\/sites.hslu.ch\\\/architektur\\\/#\\\/schema\\\/person\\\/001cee0914381b1d1d390e0f07da2aad\"},\"breadcrumb\":{\"@id\":\"https:\\\/\\\/sites.hslu.ch\\\/architektur\\\/philosophie-fs23\\\/#breadcrumb\"},\"inLanguage\":\"de\",\"potentialAction\":[{\"@type\":\"ReadAction\",\"target\":[\"https:\\\/\\\/sites.hslu.ch\\\/architektur\\\/philosophie-fs23\\\/\"]}]},{\"@type\":\"ImageObject\",\"inLanguage\":\"de\",\"@id\":\"https:\\\/\\\/sites.hslu.ch\\\/architektur\\\/philosophie-fs23\\\/#primaryimage\",\"url\":\"https:\\\/\\\/sites.hslu.ch\\\/architektur\\\/wp-content\\\/uploads\\\/sites\\\/11\\\/2023\\\/07\\\/monokultur2.jpg\",\"contentUrl\":\"https:\\\/\\\/sites.hslu.ch\\\/architektur\\\/wp-content\\\/uploads\\\/sites\\\/11\\\/2023\\\/07\\\/monokultur2.jpg\",\"width\":1920,\"height\":1071},{\"@type\":\"BreadcrumbList\",\"@id\":\"https:\\\/\\\/sites.hslu.ch\\\/architektur\\\/philosophie-fs23\\\/#breadcrumb\",\"itemListElement\":[{\"@type\":\"ListItem\",\"position\":1,\"name\":\"Home\",\"item\":\"https:\\\/\\\/sites.hslu.ch\\\/architektur\\\/\"},{\"@type\":\"ListItem\",\"position\":2,\"name\":\"Philosophie FS23\u00a0\"}]},{\"@type\":\"WebSite\",\"@id\":\"https:\\\/\\\/sites.hslu.ch\\\/architektur\\\/#website\",\"url\":\"https:\\\/\\\/sites.hslu.ch\\\/architektur\\\/\",\"name\":\"Architektur an der Hochschule Luzern\",\"description\":\"\",\"potentialAction\":[{\"@type\":\"SearchAction\",\"target\":{\"@type\":\"EntryPoint\",\"urlTemplate\":\"https:\\\/\\\/sites.hslu.ch\\\/architektur\\\/?s={search_term_string}\"},\"query-input\":{\"@type\":\"PropertyValueSpecification\",\"valueRequired\":true,\"valueName\":\"search_term_string\"}}],\"inLanguage\":\"de\"},{\"@type\":\"Person\",\"@id\":\"https:\\\/\\\/sites.hslu.ch\\\/architektur\\\/#\\\/schema\\\/person\\\/001cee0914381b1d1d390e0f07da2aad\",\"name\":\"jaramalevez\",\"url\":\"https:\\\/\\\/sites.hslu.ch\\\/architektur\\\/author\\\/jaramalevez\\\/\"}]}<\/script>\n<!-- \/ Yoast SEO plugin. -->","yoast_head_json":{"title":"Philosophie FS23\u00a0 - Architektur an der Hochschule Luzern","robots":{"index":"index","follow":"follow","max-snippet":"max-snippet:-1","max-image-preview":"max-image-preview:large","max-video-preview":"max-video-preview:-1"},"canonical":"https:\/\/sites.hslu.ch\/architektur\/philosophie-fs23\/","og_locale":"de_DE","og_type":"article","og_title":"Philosophie FS23\u00a0 - Architektur an der Hochschule Luzern","og_description":"Das Ziel des Moduls \u00abPhilosophie\u00bb im Bachelor Advanced besteht darin, grundlegende Fragestellungen der zeitgen\u00f6ssischen Architekturpraxis kritisch zu reflektieren. Dabei bauen wir auf den Begrifflichkeiten der vorangegangenen Module in den Bereichen Gestaltung: Identit\u00e4t, Verantwortung, Ethik, Materialit\u00e4t und Politik auf.","og_url":"https:\/\/sites.hslu.ch\/architektur\/philosophie-fs23\/","og_site_name":"Architektur an der Hochschule Luzern","article_published_time":"2023-08-07T16:28:40+00:00","article_modified_time":"2023-08-07T16:28:41+00:00","og_image":[{"width":1920,"height":1071,"url":"https:\/\/sites.hslu.ch\/architektur\/wp-content\/uploads\/sites\/11\/2023\/07\/monokultur2.jpg","type":"image\/jpeg"}],"author":"jaramalevez","twitter_card":"summary_large_image","twitter_misc":{"Verfasst von":"jaramalevez","Gesch\u00e4tzte Lesezeit":"4\u00a0Minuten"},"schema":{"@context":"https:\/\/schema.org","@graph":[{"@type":"Article","@id":"https:\/\/sites.hslu.ch\/architektur\/philosophie-fs23\/#article","isPartOf":{"@id":"https:\/\/sites.hslu.ch\/architektur\/philosophie-fs23\/"},"author":{"name":"jaramalevez","@id":"https:\/\/sites.hslu.ch\/architektur\/#\/schema\/person\/001cee0914381b1d1d390e0f07da2aad"},"headline":"Philosophie FS23\u00a0","datePublished":"2023-08-07T16:28:40+00:00","dateModified":"2023-08-07T16:28:41+00:00","mainEntityOfPage":{"@id":"https:\/\/sites.hslu.ch\/architektur\/philosophie-fs23\/"},"wordCount":715,"image":{"@id":"https:\/\/sites.hslu.ch\/architektur\/philosophie-fs23\/#primaryimage"},"thumbnailUrl":"https:\/\/sites.hslu.ch\/architektur\/wp-content\/uploads\/sites\/11\/2023\/07\/monokultur2.jpg","articleSection":["Bachelor Architektur","FS2023","Gestaltung","Semester\/Jahr"],"inLanguage":"de"},{"@type":"WebPage","@id":"https:\/\/sites.hslu.ch\/architektur\/philosophie-fs23\/","url":"https:\/\/sites.hslu.ch\/architektur\/philosophie-fs23\/","name":"Philosophie FS23\u00a0 - Architektur an der Hochschule Luzern","isPartOf":{"@id":"https:\/\/sites.hslu.ch\/architektur\/#website"},"primaryImageOfPage":{"@id":"https:\/\/sites.hslu.ch\/architektur\/philosophie-fs23\/#primaryimage"},"image":{"@id":"https:\/\/sites.hslu.ch\/architektur\/philosophie-fs23\/#primaryimage"},"thumbnailUrl":"https:\/\/sites.hslu.ch\/architektur\/wp-content\/uploads\/sites\/11\/2023\/07\/monokultur2.jpg","datePublished":"2023-08-07T16:28:40+00:00","dateModified":"2023-08-07T16:28:41+00:00","author":{"@id":"https:\/\/sites.hslu.ch\/architektur\/#\/schema\/person\/001cee0914381b1d1d390e0f07da2aad"},"breadcrumb":{"@id":"https:\/\/sites.hslu.ch\/architektur\/philosophie-fs23\/#breadcrumb"},"inLanguage":"de","potentialAction":[{"@type":"ReadAction","target":["https:\/\/sites.hslu.ch\/architektur\/philosophie-fs23\/"]}]},{"@type":"ImageObject","inLanguage":"de","@id":"https:\/\/sites.hslu.ch\/architektur\/philosophie-fs23\/#primaryimage","url":"https:\/\/sites.hslu.ch\/architektur\/wp-content\/uploads\/sites\/11\/2023\/07\/monokultur2.jpg","contentUrl":"https:\/\/sites.hslu.ch\/architektur\/wp-content\/uploads\/sites\/11\/2023\/07\/monokultur2.jpg","width":1920,"height":1071},{"@type":"BreadcrumbList","@id":"https:\/\/sites.hslu.ch\/architektur\/philosophie-fs23\/#breadcrumb","itemListElement":[{"@type":"ListItem","position":1,"name":"Home","item":"https:\/\/sites.hslu.ch\/architektur\/"},{"@type":"ListItem","position":2,"name":"Philosophie FS23\u00a0"}]},{"@type":"WebSite","@id":"https:\/\/sites.hslu.ch\/architektur\/#website","url":"https:\/\/sites.hslu.ch\/architektur\/","name":"Architektur an der Hochschule Luzern","description":"","potentialAction":[{"@type":"SearchAction","target":{"@type":"EntryPoint","urlTemplate":"https:\/\/sites.hslu.ch\/architektur\/?s={search_term_string}"},"query-input":{"@type":"PropertyValueSpecification","valueRequired":true,"valueName":"search_term_string"}}],"inLanguage":"de"},{"@type":"Person","@id":"https:\/\/sites.hslu.ch\/architektur\/#\/schema\/person\/001cee0914381b1d1d390e0f07da2aad","name":"jaramalevez","url":"https:\/\/sites.hslu.ch\/architektur\/author\/jaramalevez\/"}]}},"_links":{"self":[{"href":"https:\/\/sites.hslu.ch\/architektur\/wp-json\/wp\/v2\/posts\/24846","targetHints":{"allow":["GET"]}}],"collection":[{"href":"https:\/\/sites.hslu.ch\/architektur\/wp-json\/wp\/v2\/posts"}],"about":[{"href":"https:\/\/sites.hslu.ch\/architektur\/wp-json\/wp\/v2\/types\/post"}],"author":[{"embeddable":true,"href":"https:\/\/sites.hslu.ch\/architektur\/wp-json\/wp\/v2\/users\/44"}],"replies":[{"embeddable":true,"href":"https:\/\/sites.hslu.ch\/architektur\/wp-json\/wp\/v2\/comments?post=24846"}],"version-history":[{"count":45,"href":"https:\/\/sites.hslu.ch\/architektur\/wp-json\/wp\/v2\/posts\/24846\/revisions"}],"predecessor-version":[{"id":26409,"href":"https:\/\/sites.hslu.ch\/architektur\/wp-json\/wp\/v2\/posts\/24846\/revisions\/26409"}],"wp:featuredmedia":[{"embeddable":true,"href":"https:\/\/sites.hslu.ch\/architektur\/wp-json\/wp\/v2\/media\/26320"}],"wp:attachment":[{"href":"https:\/\/sites.hslu.ch\/architektur\/wp-json\/wp\/v2\/media?parent=24846"}],"wp:term":[{"taxonomy":"category","embeddable":true,"href":"https:\/\/sites.hslu.ch\/architektur\/wp-json\/wp\/v2\/categories?post=24846"},{"taxonomy":"post_tag","embeddable":true,"href":"https:\/\/sites.hslu.ch\/architektur\/wp-json\/wp\/v2\/tags?post=24846"}],"curies":[{"name":"wp","href":"https:\/\/api.w.org\/{rel}","templated":true}]}}