{"id":24513,"date":"2023-07-19T15:59:03","date_gmt":"2023-07-19T13:59:03","guid":{"rendered":"https:\/\/sites.hslu.ch\/architektur\/?p=24513"},"modified":"2023-08-15T17:30:14","modified_gmt":"2023-08-15T15:30:14","slug":"lehm-holz-pavillons-im-bachelor-basic","status":"publish","type":"post","link":"https:\/\/sites.hslu.ch\/architektur\/lehm-holz-pavillons-im-bachelor-basic\/","title":{"rendered":"Lehm-Holz Pavillons im Bachelor Basic"},"content":{"rendered":"\n<p class=\"is-style-lead-text\">In einem kollaborativen Prozess haben die Studierenden des Bachelor Basic in Zusammenarbeit mit OXARA einen Pavillon auf dem Campus der HSLU in Horw entworfen. Das Start-up-Unternehmen aus Dietikon versucht den Lehmbau \u2013 im Speziellen giessbaren Fl\u00fcssiglehm \u2013 zu f\u00f6rdern und damit nachhaltiges und zirkul\u00e4res Bauen in der schweizer Bauindustrie zu etablieren. <br>In kleinen Entwurfsgruppen&nbsp;entstanden 18 Pavillonprojekte. Dabei wurde mit Holz und Fl\u00fcssiglehm gearbeitet. Im Zentrum der Arbeiten standen Untersuchungen zum konstruktiven und r\u00e4umlichen Potenzial dieser beiden Materialien, wobei dem Fl\u00fcssiglehm erstmals eine tragende Rolle in der Struktur zugetraut wurde.<\/p>\n\n\n\n<p>Es ist geplant, einen der Entw\u00fcrfe als Vorzeigebau aus Lehm und Holz auf dem Campus zu errichten. Dieser wird \u2013 im Sinne des zirkul\u00e4ren Bauens \u2013 bis zu seinem vollst\u00e4ndigen R\u00fcckbau das Raumangebot der HSLU um neue R\u00e4ume f\u00fcr Sitzungen, Tagungen und informelle Treffen erg\u00e4nzen.<\/p>\n\n\n    <div class=\"ms-gallery \">\n        <div class=\"ms-gallery-sizer\"><\/div>\n        <div class=\"ms-gallery-gutter\"><\/div>\n                                        <div class=\"ms-gallery-item narrow\">\n                                                            <a href=\"https:\/\/sites.hslu.ch\/architektur\/wp-content\/uploads\/sites\/11\/2023\/07\/23fs_22_Schlusskritik_BASIC_4292.jpg\" data-lightbox=\"masonery-gallery\"  data-size=\"narrow\"  data-title=\"\" data-alt=\"\">\n                        <img decoding=\"async\" class=\"ms-gallery-item__image\"  data-size=\"narrow\"  src=\"https:\/\/sites.hslu.ch\/architektur\/wp-content\/uploads\/sites\/11\/2023\/07\/23fs_22_Schlusskritik_BASIC_4292.jpg\" alt=\"\" \/>\n                    <\/a>\n                                        <\/div>\n\n                                                                <div class=\"ms-gallery-item wide\">\n                                                        <a href=\"https:\/\/sites.hslu.ch\/architektur\/wp-content\/uploads\/sites\/11\/2023\/07\/23fs_22_Schlusskritik_BASIC_4308.jpg\" data-lightbox=\"masonery-gallery\"  data-size=\"wide\"  data-title=\"\" data-alt=\"\">\n                        <img decoding=\"async\" class=\"ms-gallery-item__image\"  data-size=\"wide\"  src=\"https:\/\/sites.hslu.ch\/architektur\/wp-content\/uploads\/sites\/11\/2023\/07\/23fs_22_Schlusskritik_BASIC_4308.jpg\" alt=\"\" \/>\n                    <\/a>\n                                        <\/div>\n\n                                                                    <div class=\"ms-gallery-item narrow\">\n                                                            <a href=\"https:\/\/sites.hslu.ch\/architektur\/wp-content\/uploads\/sites\/11\/2023\/07\/23fs_22_Schlusskritik_BASIC_4376.jpg\" data-lightbox=\"masonery-gallery\"  data-size=\"narrow\"  data-title=\"\" data-alt=\"\">\n                        <img decoding=\"async\" class=\"ms-gallery-item__image\"  data-size=\"narrow\"  src=\"https:\/\/sites.hslu.ch\/architektur\/wp-content\/uploads\/sites\/11\/2023\/07\/23fs_22_Schlusskritik_BASIC_4376.jpg\" alt=\"\" \/>\n                    <\/a>\n                                        <\/div>\n\n                                                                <div class=\"ms-gallery-item wide\">\n                                                        <a href=\"https:\/\/sites.hslu.ch\/architektur\/wp-content\/uploads\/sites\/11\/2023\/07\/23fs_22_Schlusskritik_BASIC_4348.jpg\" data-lightbox=\"masonery-gallery\"  data-size=\"wide\"  data-title=\"\" data-alt=\"\">\n                        <img decoding=\"async\" class=\"ms-gallery-item__image\"  data-size=\"wide\"  src=\"https:\/\/sites.hslu.ch\/architektur\/wp-content\/uploads\/sites\/11\/2023\/07\/23fs_22_Schlusskritik_BASIC_4348.jpg\" alt=\"\" \/>\n                    <\/a>\n                                        <\/div>\n\n                                                                <div class=\"ms-gallery-item wide\">\n                                                        <a href=\"https:\/\/sites.hslu.ch\/architektur\/wp-content\/uploads\/sites\/11\/2023\/07\/23fs_22_Schlusskritik_BASIC_4407.jpg\" data-lightbox=\"masonery-gallery\"  data-size=\"wide\"  data-title=\"\" data-alt=\"\">\n                        <img decoding=\"async\" class=\"ms-gallery-item__image\"  data-size=\"wide\"  src=\"https:\/\/sites.hslu.ch\/architektur\/wp-content\/uploads\/sites\/11\/2023\/07\/23fs_22_Schlusskritik_BASIC_4407.jpg\" alt=\"\" \/>\n                    <\/a>\n                                        <\/div>\n\n                                                                <div class=\"ms-gallery-item wide\">\n                                                        <a href=\"https:\/\/sites.hslu.ch\/architektur\/wp-content\/uploads\/sites\/11\/2023\/07\/23fs_22_Schlusskritik_BASIC_4392.jpg\" data-lightbox=\"masonery-gallery\"  data-size=\"wide\"  data-title=\"\" data-alt=\"\">\n                        <img decoding=\"async\" class=\"ms-gallery-item__image\"  data-size=\"wide\"  src=\"https:\/\/sites.hslu.ch\/architektur\/wp-content\/uploads\/sites\/11\/2023\/07\/23fs_22_Schlusskritik_BASIC_4392.jpg\" alt=\"\" \/>\n                    <\/a>\n                                        <\/div>\n\n                                                                <div class=\"ms-gallery-item wide\">\n                                                        <a href=\"https:\/\/sites.hslu.ch\/architektur\/wp-content\/uploads\/sites\/11\/2023\/07\/23fs_22_Schlusskritik_BASIC_4420.jpg\" data-lightbox=\"masonery-gallery\"  data-size=\"wide\"  data-title=\"\" data-alt=\"\">\n                        <img decoding=\"async\" class=\"ms-gallery-item__image\"  data-size=\"wide\"  src=\"https:\/\/sites.hslu.ch\/architektur\/wp-content\/uploads\/sites\/11\/2023\/07\/23fs_22_Schlusskritik_BASIC_4420.jpg\" alt=\"\" \/>\n                    <\/a>\n                                        <\/div>\n\n                                                                <div class=\"ms-gallery-item wide\">\n                                                        <a href=\"https:\/\/sites.hslu.ch\/architektur\/wp-content\/uploads\/sites\/11\/2023\/07\/23fs_22_Schlusskritik_BASIC_4462.jpg\" data-lightbox=\"masonery-gallery\"  data-size=\"wide\"  data-title=\"\" data-alt=\"\">\n                        <img decoding=\"async\" class=\"ms-gallery-item__image\"  data-size=\"wide\"  src=\"https:\/\/sites.hslu.ch\/architektur\/wp-content\/uploads\/sites\/11\/2023\/07\/23fs_22_Schlusskritik_BASIC_4462.jpg\" alt=\"\" \/>\n                    <\/a>\n                                        <\/div>\n\n                                                    <div class=\"ms-gallery-item narrow\">\n                <\/div>\n                <\/div>\n            \n\n\n<h3 class=\"wp-block-heading\">Projekt von Marius Bachofner, Manuel Kempf, Robin Steiner und Esther Steinmann<\/h3>\n\n\n    <div class=\"ms-gallery \">\n        <div class=\"ms-gallery-sizer\"><\/div>\n        <div class=\"ms-gallery-gutter\"><\/div>\n                                    <div class=\"ms-gallery-item wide\">\n                                                        <a href=\"https:\/\/sites.hslu.ch\/architektur\/wp-content\/uploads\/sites\/11\/2023\/07\/23fs_23_Projektmodul_Basic_Steinmann_Kempf_4968.jpg\" data-lightbox=\"masonery-gallery\"  data-size=\"wide\"  data-title=\"\" data-alt=\"\">\n                        <img decoding=\"async\" class=\"ms-gallery-item__image\"  data-size=\"wide\"  src=\"https:\/\/sites.hslu.ch\/architektur\/wp-content\/uploads\/sites\/11\/2023\/07\/23fs_23_Projektmodul_Basic_Steinmann_Kempf_4968.jpg\" alt=\"\" \/>\n                    <\/a>\n                                        <\/div>\n\n                                                                    <div class=\"ms-gallery-item narrow\">\n                                                            <a href=\"https:\/\/sites.hslu.ch\/architektur\/wp-content\/uploads\/sites\/11\/2023\/07\/W7A1563a_1920px.jpg\" data-lightbox=\"masonery-gallery\"  data-size=\"narrow\"  data-title=\"\" data-alt=\"\">\n                        <img decoding=\"async\" class=\"ms-gallery-item__image\"  data-size=\"narrow\"  src=\"https:\/\/sites.hslu.ch\/architektur\/wp-content\/uploads\/sites\/11\/2023\/07\/W7A1563a_1920px.jpg\" alt=\"\" \/>\n                    <\/a>\n                                        <\/div>\n\n                                                                <div class=\"ms-gallery-item wide\">\n                                                        <a href=\"https:\/\/sites.hslu.ch\/architektur\/wp-content\/uploads\/sites\/11\/2023\/07\/23fs_23_Projektmodul_Basic_Steinmann_Kempf_0209_mix.jpg\" data-lightbox=\"masonery-gallery\"  data-size=\"wide\"  data-title=\"\" data-alt=\"\">\n                        <img decoding=\"async\" class=\"ms-gallery-item__image\"  data-size=\"wide\"  src=\"https:\/\/sites.hslu.ch\/architektur\/wp-content\/uploads\/sites\/11\/2023\/07\/23fs_23_Projektmodul_Basic_Steinmann_Kempf_0209_mix.jpg\" alt=\"\" \/>\n                    <\/a>\n                                        <\/div>\n\n                                                    <div class=\"ms-gallery-item narrow\">\n                <\/div>\n                <\/div>\n            \n\n\n<figure class=\"wp-block-embed is-type-video is-provider-vimeo wp-block-embed-vimeo wp-embed-aspect-16-9 wp-has-aspect-ratio\"><div class=\"wp-block-embed__wrapper\">\n<iframe loading=\"lazy\" title=\"23FS_Bachelor_Basic_LehmHolz_Pavillon\" src=\"https:\/\/player.vimeo.com\/video\/846604515?app_id=122963\" width=\"640\" height=\"360\" frameborder=\"0\" allow=\"autoplay; fullscreen; picture-in-picture; clipboard-write\"><\/iframe>\n<\/div><figcaption class=\"wp-element-caption\">Pr\u00e4sentation von Esther Steinmann und Manuel Kempf<\/figcaption><\/figure>\n\n\n    <div class=\"ms-gallery \">\n        <div class=\"ms-gallery-sizer\"><\/div>\n        <div class=\"ms-gallery-gutter\"><\/div>\n                                    <div class=\"ms-gallery-item wide\">\n                                                        <a href=\"https:\/\/sites.hslu.ch\/architektur\/wp-content\/uploads\/sites\/11\/2023\/07\/02_Rohdatei_Gruppe-5_Grundriss_1920px-1.jpg\" data-lightbox=\"masonery-gallery\"  data-size=\"wide\"  data-title=\"Grundriss\" data-alt=\"\">\n                        <img decoding=\"async\" class=\"ms-gallery-item__image\"  data-size=\"wide\"  src=\"https:\/\/sites.hslu.ch\/architektur\/wp-content\/uploads\/sites\/11\/2023\/07\/02_Rohdatei_Gruppe-5_Grundriss_1920px-1.jpg\" alt=\"\" \/>\n                    <\/a>\n                                            <p>Grundriss<\/p>\n                                        <\/div>\n\n                                                                    <div class=\"ms-gallery-item narrow\">\n                                                            <a href=\"https:\/\/sites.hslu.ch\/architektur\/wp-content\/uploads\/sites\/11\/2023\/07\/01_Rohdatei_Gruppe-5_Situationsplan_1920px.jpg\" data-lightbox=\"masonery-gallery\"  data-size=\"narrow\"  data-title=\"Situationsplan\" data-alt=\"\">\n                        <img decoding=\"async\" class=\"ms-gallery-item__image\"  data-size=\"narrow\"  src=\"https:\/\/sites.hslu.ch\/architektur\/wp-content\/uploads\/sites\/11\/2023\/07\/01_Rohdatei_Gruppe-5_Situationsplan_1920px.jpg\" alt=\"\" \/>\n                    <\/a>\n                                            <p>Situationsplan<\/p>\n                                        <\/div>\n\n                                                                <div class=\"ms-gallery-item wide\">\n                                                        <a href=\"https:\/\/sites.hslu.ch\/architektur\/wp-content\/uploads\/sites\/11\/2023\/07\/07_Rohdatei_Gruppe-5_Perspektivenschnitt_1920px.jpg\" data-lightbox=\"masonery-gallery\"  data-size=\"wide\"  data-title=\"Perspektivenschnitt\" data-alt=\"\">\n                        <img decoding=\"async\" class=\"ms-gallery-item__image\"  data-size=\"wide\"  src=\"https:\/\/sites.hslu.ch\/architektur\/wp-content\/uploads\/sites\/11\/2023\/07\/07_Rohdatei_Gruppe-5_Perspektivenschnitt_1920px.jpg\" alt=\"\" \/>\n                    <\/a>\n                                            <p>Perspektivenschnitt<\/p>\n                                        <\/div>\n\n                                                                <div class=\"ms-gallery-item wide\">\n                                                        <a href=\"https:\/\/sites.hslu.ch\/architektur\/wp-content\/uploads\/sites\/11\/2023\/07\/03_Rohdatei_Gruppe-5_Schnitt_1920px.jpg\" data-lightbox=\"masonery-gallery\"  data-size=\"wide\"  data-title=\"Schnitt\" data-alt=\"\">\n                        <img decoding=\"async\" class=\"ms-gallery-item__image\"  data-size=\"wide\"  src=\"https:\/\/sites.hslu.ch\/architektur\/wp-content\/uploads\/sites\/11\/2023\/07\/03_Rohdatei_Gruppe-5_Schnitt_1920px.jpg\" alt=\"\" \/>\n                    <\/a>\n                                            <p>Schnitt<\/p>\n                                        <\/div>\n\n                                                                <div class=\"ms-gallery-item wide\">\n                                                        <a href=\"https:\/\/sites.hslu.ch\/architektur\/wp-content\/uploads\/sites\/11\/2023\/07\/04_Rohdatei_Gruppe-5_Schnitt-A_1920px.jpg\" data-lightbox=\"masonery-gallery\"  data-size=\"wide\"  data-title=\"Schnitt\" data-alt=\"\">\n                        <img decoding=\"async\" class=\"ms-gallery-item__image\"  data-size=\"wide\"  src=\"https:\/\/sites.hslu.ch\/architektur\/wp-content\/uploads\/sites\/11\/2023\/07\/04_Rohdatei_Gruppe-5_Schnitt-A_1920px.jpg\" alt=\"\" \/>\n                    <\/a>\n                                            <p>Schnitt<\/p>\n                                        <\/div>\n\n                                                                    <div class=\"ms-gallery-item narrow\">\n                                                            <a href=\"https:\/\/sites.hslu.ch\/architektur\/wp-content\/uploads\/sites\/11\/2023\/07\/08_Rohdatei_Gruppe-5_Vertiefungen-Uebersichtsaxo_1920px.jpg\" data-lightbox=\"masonery-gallery\"  data-size=\"narrow\"  data-title=\"\u00dcbersichtsaxonometrie\" data-alt=\"\">\n                        <img decoding=\"async\" class=\"ms-gallery-item__image\"  data-size=\"narrow\"  src=\"https:\/\/sites.hslu.ch\/architektur\/wp-content\/uploads\/sites\/11\/2023\/07\/08_Rohdatei_Gruppe-5_Vertiefungen-Uebersichtsaxo_1920px.jpg\" alt=\"\" \/>\n                    <\/a>\n                                            <p>\u00dcbersichtsaxonometrie<\/p>\n                                        <\/div>\n\n                                                                <div class=\"ms-gallery-item wide\">\n                                                        <a href=\"https:\/\/sites.hslu.ch\/architektur\/wp-content\/uploads\/sites\/11\/2023\/07\/05_Rohdatei_Gruppe-5_Nordfassade_1920px.jpg\" data-lightbox=\"masonery-gallery\"  data-size=\"wide\"  data-title=\"Nordfassade\" data-alt=\"\">\n                        <img decoding=\"async\" class=\"ms-gallery-item__image\"  data-size=\"wide\"  src=\"https:\/\/sites.hslu.ch\/architektur\/wp-content\/uploads\/sites\/11\/2023\/07\/05_Rohdatei_Gruppe-5_Nordfassade_1920px.jpg\" alt=\"\" \/>\n                    <\/a>\n                                            <p>Nordfassade<\/p>\n                                        <\/div>\n\n                                                                <div class=\"ms-gallery-item wide\">\n                                                        <a href=\"https:\/\/sites.hslu.ch\/architektur\/wp-content\/uploads\/sites\/11\/2023\/07\/06_Rohdatei_Gruppe-5_Westfassade_1920px.jpg\" data-lightbox=\"masonery-gallery\"  data-size=\"wide\"  data-title=\"Westfassade\" data-alt=\"\">\n                        <img decoding=\"async\" class=\"ms-gallery-item__image\"  data-size=\"wide\"  src=\"https:\/\/sites.hslu.ch\/architektur\/wp-content\/uploads\/sites\/11\/2023\/07\/06_Rohdatei_Gruppe-5_Westfassade_1920px.jpg\" alt=\"\" \/>\n                    <\/a>\n                                            <p>Westfassade<\/p>\n                                        <\/div>\n\n                                                    <div class=\"ms-gallery-item narrow\">\n                <\/div>\n                <\/div>\n            \n\n\n<p>Vorfabrizierte Lehmelemente in Form eines Kreuzgratgew\u00f6lbes in Parabelform und Fachwerktr\u00e4ger mit geknoteten Verbindungen bilden die Struktur des Pavillons. Im Grundriss sind die Lehmelemente im Quadrat mit jeweils f\u00fcnf Lehmelementen pro Seite angeordnet. In den \u00e4ussersten Elementen befinden sich Meetingr\u00e4ume, die sich an Nord- und S\u00fcdfassade \u00fcber drei Elemente weiterziehen. In den restlichen Elementen an der Nord- und S\u00fcdfassade sowie an der gesamten Ostfassade befinden sich Arbeitsnischen. Im Auge des Ringes aus Elementen befindet sich ein st\u00fctzenloser Innenhof, der als Werkraum dient.&nbsp;<\/p>\n\n\n\n<p>Um f\u00fcr Meetings eine Privatsph\u00e4re zu erzeugen sind die sonst offenen Elemente geschlossen. Gegen innen sind die Meetingr\u00e4ume mit Lehmsteinen aufgemauert, gegen aussen mit Fenstern versehen. Um die Lehmsteinwand dem Element anzupassen, sind innen sowie aussen die Steine in Parabelform aufgemauert und bilden einen Abschluss. Ebenso sind die Abstellr\u00e4ume gegen aussen geschlossen und erzeugen damit Raum f\u00fcr Regale.&nbsp;<\/p>\n\n\n    <div class=\"ms-gallery \">\n        <div class=\"ms-gallery-sizer\"><\/div>\n        <div class=\"ms-gallery-gutter\"><\/div>\n                                    <div class=\"ms-gallery-item wide\">\n                                                        <a href=\"https:\/\/sites.hslu.ch\/architektur\/wp-content\/uploads\/sites\/11\/2023\/07\/10_Rohdatei_Gruppe-5_Vertiefung-Dachkonstruktion_1920px.jpg\" data-lightbox=\"masonery-gallery\"  data-size=\"wide\"  data-title=\"Dachkonstruktion\" data-alt=\"\">\n                        <img decoding=\"async\" class=\"ms-gallery-item__image\"  data-size=\"wide\"  src=\"https:\/\/sites.hslu.ch\/architektur\/wp-content\/uploads\/sites\/11\/2023\/07\/10_Rohdatei_Gruppe-5_Vertiefung-Dachkonstruktion_1920px.jpg\" alt=\"\" \/>\n                    <\/a>\n                                            <p>Dachkonstruktion<\/p>\n                                        <\/div>\n\n                                                                <div class=\"ms-gallery-item wide\">\n                                                        <a href=\"https:\/\/sites.hslu.ch\/architektur\/wp-content\/uploads\/sites\/11\/2023\/07\/11_Rohdatei_Gruppe-5_Vertiefung-Ausfachung_1920px.jpg\" data-lightbox=\"masonery-gallery\"  data-size=\"wide\"  data-title=\"Ausfachung\" data-alt=\"\">\n                        <img decoding=\"async\" class=\"ms-gallery-item__image\"  data-size=\"wide\"  src=\"https:\/\/sites.hslu.ch\/architektur\/wp-content\/uploads\/sites\/11\/2023\/07\/11_Rohdatei_Gruppe-5_Vertiefung-Ausfachung_1920px.jpg\" alt=\"\" \/>\n                    <\/a>\n                                            <p>Ausfachung<\/p>\n                                        <\/div>\n\n                                                                <div class=\"ms-gallery-item wide\">\n                                                        <a href=\"https:\/\/sites.hslu.ch\/architektur\/wp-content\/uploads\/sites\/11\/2023\/07\/09_Rohdatei_Gruppe-5_Vertiefung-Uebergang-Lehm_1920px.jpg\" data-lightbox=\"masonery-gallery\"  data-size=\"wide\"  data-title=\"\u00dcbergang Lehm\" data-alt=\"\">\n                        <img decoding=\"async\" class=\"ms-gallery-item__image\"  data-size=\"wide\"  src=\"https:\/\/sites.hslu.ch\/architektur\/wp-content\/uploads\/sites\/11\/2023\/07\/09_Rohdatei_Gruppe-5_Vertiefung-Uebergang-Lehm_1920px.jpg\" alt=\"\" \/>\n                    <\/a>\n                                            <p>\u00dcbergang Lehm<\/p>\n                                        <\/div>\n\n                                                    <div class=\"ms-gallery-item narrow\">\n                <\/div>\n                <\/div>\n            \n\n\n<p>Ein Setzholz bildet den oberen Abschluss des Elementes und generiert zudem eine Verbindung zur Holzkonstruktion des Daches. Die Dachkonstruktion ist ein Raster von Fachwerktr\u00e4gern, die jeweils auf dem Setzholz der Elemente aufliegen. Der Innenhof wird von drei \u00fcbereinanderliegenden Gurten \u00fcberspannt, die im Bereich der Elemente auf zwei Gurte reduziert werden. Das zwischen den Gurten einfallende Licht sorgt f\u00fcr eine sanfte Lichtstimmung im Werkraum und l\u00e4sst den Fokus auf die Dachkonstruktion gleiten. Eine weitere Reduzierung auf einen Gurt sorgt im Bereich des Vordachs f\u00fcr die Leichtigkeit des Daches.&nbsp;<\/p>\n\n\n\n<p>Von aussen betrachtet zeichnet sich der Pavillon durch geometrische Formen aus, die von den Parabelformen der Elemente gebrochen werden.&nbsp;<\/p>\n\n\n\n<h3 class=\"wp-block-heading\">Modell 1:20<\/h3>\n\n\n<div\n   class=\"cloudimage-360\"\n   data-amount=\"70\"\n   data-image-list='[\"https:\/\/sites.hslu.ch\/architektur\/wp-content\/uploads\/sites\/11\/2023\/07\/FS23_Modellfotografie_Bachelor_Basic_SteinerSteinmann_0081.jpg\",\"https:\/\/sites.hslu.ch\/architektur\/wp-content\/uploads\/sites\/11\/2023\/07\/FS23_Modellfotografie_Bachelor_Basic_SteinerSteinmann_0082.jpg\",\"https:\/\/sites.hslu.ch\/architektur\/wp-content\/uploads\/sites\/11\/2023\/07\/FS23_Modellfotografie_Bachelor_Basic_SteinerSteinmann_0083.jpg\",\"https:\/\/sites.hslu.ch\/architektur\/wp-content\/uploads\/sites\/11\/2023\/07\/FS23_Modellfotografie_Bachelor_Basic_SteinerSteinmann_0084.jpg\",\"https:\/\/sites.hslu.ch\/architektur\/wp-content\/uploads\/sites\/11\/2023\/07\/FS23_Modellfotografie_Bachelor_Basic_SteinerSteinmann_0085.jpg\",\"https:\/\/sites.hslu.ch\/architektur\/wp-content\/uploads\/sites\/11\/2023\/07\/FS23_Modellfotografie_Bachelor_Basic_SteinerSteinmann_0086.jpg\",\"https:\/\/sites.hslu.ch\/architektur\/wp-content\/uploads\/sites\/11\/2023\/07\/FS23_Modellfotografie_Bachelor_Basic_SteinerSteinmann_0087.jpg\",\"https:\/\/sites.hslu.ch\/architektur\/wp-content\/uploads\/sites\/11\/2023\/07\/FS23_Modellfotografie_Bachelor_Basic_SteinerSteinmann_0088.jpg\",\"https:\/\/sites.hslu.ch\/architektur\/wp-content\/uploads\/sites\/11\/2023\/07\/FS23_Modellfotografie_Bachelor_Basic_SteinerSteinmann_0089.jpg\",\"https:\/\/sites.hslu.ch\/architektur\/wp-content\/uploads\/sites\/11\/2023\/07\/FS23_Modellfotografie_Bachelor_Basic_SteinerSteinmann_0090.jpg\",\"https:\/\/sites.hslu.ch\/architektur\/wp-content\/uploads\/sites\/11\/2023\/07\/FS23_Modellfotografie_Bachelor_Basic_SteinerSteinmann_0091.jpg\",\"https:\/\/sites.hslu.ch\/architektur\/wp-content\/uploads\/sites\/11\/2023\/07\/FS23_Modellfotografie_Bachelor_Basic_SteinerSteinmann_0092.jpg\",\"https:\/\/sites.hslu.ch\/architektur\/wp-content\/uploads\/sites\/11\/2023\/07\/FS23_Modellfotografie_Bachelor_Basic_SteinerSteinmann_0093.jpg\",\"https:\/\/sites.hslu.ch\/architektur\/wp-content\/uploads\/sites\/11\/2023\/07\/FS23_Modellfotografie_Bachelor_Basic_SteinerSteinmann_0094.jpg\",\"https:\/\/sites.hslu.ch\/architektur\/wp-content\/uploads\/sites\/11\/2023\/07\/FS23_Modellfotografie_Bachelor_Basic_SteinerSteinmann_0095.jpg\",\"https:\/\/sites.hslu.ch\/architektur\/wp-content\/uploads\/sites\/11\/2023\/07\/FS23_Modellfotografie_Bachelor_Basic_SteinerSteinmann_0096.jpg\",\"https:\/\/sites.hslu.ch\/architektur\/wp-content\/uploads\/sites\/11\/2023\/07\/FS23_Modellfotografie_Bachelor_Basic_SteinerSteinmann_0097.jpg\",\"https:\/\/sites.hslu.ch\/architektur\/wp-content\/uploads\/sites\/11\/2023\/07\/FS23_Modellfotografie_Bachelor_Basic_SteinerSteinmann_0098.jpg\",\"https:\/\/sites.hslu.ch\/architektur\/wp-content\/uploads\/sites\/11\/2023\/07\/FS23_Modellfotografie_Bachelor_Basic_SteinerSteinmann_0099.jpg\",\"https:\/\/sites.hslu.ch\/architektur\/wp-content\/uploads\/sites\/11\/2023\/07\/FS23_Modellfotografie_Bachelor_Basic_SteinerSteinmann_0100.jpg\",\"https:\/\/sites.hslu.ch\/architektur\/wp-content\/uploads\/sites\/11\/2023\/07\/FS23_Modellfotografie_Bachelor_Basic_SteinerSteinmann_0101.jpg\",\"https:\/\/sites.hslu.ch\/architektur\/wp-content\/uploads\/sites\/11\/2023\/07\/FS23_Modellfotografie_Bachelor_Basic_SteinerSteinmann_0102.jpg\",\"https:\/\/sites.hslu.ch\/architektur\/wp-content\/uploads\/sites\/11\/2023\/07\/FS23_Modellfotografie_Bachelor_Basic_SteinerSteinmann_0103.jpg\",\"https:\/\/sites.hslu.ch\/architektur\/wp-content\/uploads\/sites\/11\/2023\/07\/FS23_Modellfotografie_Bachelor_Basic_SteinerSteinmann_0104.jpg\",\"https:\/\/sites.hslu.ch\/architektur\/wp-content\/uploads\/sites\/11\/2023\/07\/FS23_Modellfotografie_Bachelor_Basic_SteinerSteinmann_0105.jpg\",\"https:\/\/sites.hslu.ch\/architektur\/wp-content\/uploads\/sites\/11\/2023\/07\/FS23_Modellfotografie_Bachelor_Basic_SteinerSteinmann_0106.jpg\",\"https:\/\/sites.hslu.ch\/architektur\/wp-content\/uploads\/sites\/11\/2023\/07\/FS23_Modellfotografie_Bachelor_Basic_SteinerSteinmann_0107.jpg\",\"https:\/\/sites.hslu.ch\/architektur\/wp-content\/uploads\/sites\/11\/2023\/07\/FS23_Modellfotografie_Bachelor_Basic_SteinerSteinmann_0108.jpg\",\"https:\/\/sites.hslu.ch\/architektur\/wp-content\/uploads\/sites\/11\/2023\/07\/FS23_Modellfotografie_Bachelor_Basic_SteinerSteinmann_0109.jpg\",\"https:\/\/sites.hslu.ch\/architektur\/wp-content\/uploads\/sites\/11\/2023\/07\/FS23_Modellfotografie_Bachelor_Basic_SteinerSteinmann_0110.jpg\",\"https:\/\/sites.hslu.ch\/architektur\/wp-content\/uploads\/sites\/11\/2023\/07\/FS23_Modellfotografie_Bachelor_Basic_SteinerSteinmann_0111.jpg\",\"https:\/\/sites.hslu.ch\/architektur\/wp-content\/uploads\/sites\/11\/2023\/07\/FS23_Modellfotografie_Bachelor_Basic_SteinerSteinmann_0112.jpg\",\"https:\/\/sites.hslu.ch\/architektur\/wp-content\/uploads\/sites\/11\/2023\/07\/FS23_Modellfotografie_Bachelor_Basic_SteinerSteinmann_0113.jpg\",\"https:\/\/sites.hslu.ch\/architektur\/wp-content\/uploads\/sites\/11\/2023\/07\/FS23_Modellfotografie_Bachelor_Basic_SteinerSteinmann_0114.jpg\",\"https:\/\/sites.hslu.ch\/architektur\/wp-content\/uploads\/sites\/11\/2023\/07\/FS23_Modellfotografie_Bachelor_Basic_SteinerSteinmann_0115.jpg\",\"https:\/\/sites.hslu.ch\/architektur\/wp-content\/uploads\/sites\/11\/2023\/07\/FS23_Modellfotografie_Bachelor_Basic_SteinerSteinmann_0116.jpg\",\"https:\/\/sites.hslu.ch\/architektur\/wp-content\/uploads\/sites\/11\/2023\/07\/FS23_Modellfotografie_Bachelor_Basic_SteinerSteinmann_0117.jpg\",\"https:\/\/sites.hslu.ch\/architektur\/wp-content\/uploads\/sites\/11\/2023\/07\/FS23_Modellfotografie_Bachelor_Basic_SteinerSteinmann_0118.jpg\",\"https:\/\/sites.hslu.ch\/architektur\/wp-content\/uploads\/sites\/11\/2023\/07\/FS23_Modellfotografie_Bachelor_Basic_SteinerSteinmann_0119.jpg\",\"https:\/\/sites.hslu.ch\/architektur\/wp-content\/uploads\/sites\/11\/2023\/07\/FS23_Modellfotografie_Bachelor_Basic_SteinerSteinmann_0120.jpg\",\"https:\/\/sites.hslu.ch\/architektur\/wp-content\/uploads\/sites\/11\/2023\/07\/FS23_Modellfotografie_Bachelor_Basic_SteinerSteinmann_0121.jpg\",\"https:\/\/sites.hslu.ch\/architektur\/wp-content\/uploads\/sites\/11\/2023\/07\/FS23_Modellfotografie_Bachelor_Basic_SteinerSteinmann_0122.jpg\",\"https:\/\/sites.hslu.ch\/architektur\/wp-content\/uploads\/sites\/11\/2023\/07\/FS23_Modellfotografie_Bachelor_Basic_SteinerSteinmann_0123.jpg\",\"https:\/\/sites.hslu.ch\/architektur\/wp-content\/uploads\/sites\/11\/2023\/07\/FS23_Modellfotografie_Bachelor_Basic_SteinerSteinmann_0124.jpg\",\"https:\/\/sites.hslu.ch\/architektur\/wp-content\/uploads\/sites\/11\/2023\/07\/FS23_Modellfotografie_Bachelor_Basic_SteinerSteinmann_0125.jpg\",\"https:\/\/sites.hslu.ch\/architektur\/wp-content\/uploads\/sites\/11\/2023\/07\/FS23_Modellfotografie_Bachelor_Basic_SteinerSteinmann_0126.jpg\",\"https:\/\/sites.hslu.ch\/architektur\/wp-content\/uploads\/sites\/11\/2023\/07\/FS23_Modellfotografie_Bachelor_Basic_SteinerSteinmann_0127.jpg\",\"https:\/\/sites.hslu.ch\/architektur\/wp-content\/uploads\/sites\/11\/2023\/07\/FS23_Modellfotografie_Bachelor_Basic_SteinerSteinmann_0128.jpg\",\"https:\/\/sites.hslu.ch\/architektur\/wp-content\/uploads\/sites\/11\/2023\/07\/FS23_Modellfotografie_Bachelor_Basic_SteinerSteinmann_0129.jpg\",\"https:\/\/sites.hslu.ch\/architektur\/wp-content\/uploads\/sites\/11\/2023\/07\/FS23_Modellfotografie_Bachelor_Basic_SteinerSteinmann_0130.jpg\",\"https:\/\/sites.hslu.ch\/architektur\/wp-content\/uploads\/sites\/11\/2023\/07\/FS23_Modellfotografie_Bachelor_Basic_SteinerSteinmann_0131.jpg\",\"https:\/\/sites.hslu.ch\/architektur\/wp-content\/uploads\/sites\/11\/2023\/07\/FS23_Modellfotografie_Bachelor_Basic_SteinerSteinmann_0132.jpg\",\"https:\/\/sites.hslu.ch\/architektur\/wp-content\/uploads\/sites\/11\/2023\/07\/FS23_Modellfotografie_Bachelor_Basic_SteinerSteinmann_0133.jpg\",\"https:\/\/sites.hslu.ch\/architektur\/wp-content\/uploads\/sites\/11\/2023\/07\/FS23_Modellfotografie_Bachelor_Basic_SteinerSteinmann_0134.jpg\",\"https:\/\/sites.hslu.ch\/architektur\/wp-content\/uploads\/sites\/11\/2023\/07\/FS23_Modellfotografie_Bachelor_Basic_SteinerSteinmann_0135.jpg\",\"https:\/\/sites.hslu.ch\/architektur\/wp-content\/uploads\/sites\/11\/2023\/07\/FS23_Modellfotografie_Bachelor_Basic_SteinerSteinmann_0136.jpg\",\"https:\/\/sites.hslu.ch\/architektur\/wp-content\/uploads\/sites\/11\/2023\/07\/FS23_Modellfotografie_Bachelor_Basic_SteinerSteinmann_0137.jpg\",\"https:\/\/sites.hslu.ch\/architektur\/wp-content\/uploads\/sites\/11\/2023\/07\/FS23_Modellfotografie_Bachelor_Basic_SteinerSteinmann_0138.jpg\",\"https:\/\/sites.hslu.ch\/architektur\/wp-content\/uploads\/sites\/11\/2023\/07\/FS23_Modellfotografie_Bachelor_Basic_SteinerSteinmann_0139.jpg\",\"https:\/\/sites.hslu.ch\/architektur\/wp-content\/uploads\/sites\/11\/2023\/07\/FS23_Modellfotografie_Bachelor_Basic_SteinerSteinmann_0140.jpg\",\"https:\/\/sites.hslu.ch\/architektur\/wp-content\/uploads\/sites\/11\/2023\/07\/FS23_Modellfotografie_Bachelor_Basic_SteinerSteinmann_0141.jpg\",\"https:\/\/sites.hslu.ch\/architektur\/wp-content\/uploads\/sites\/11\/2023\/07\/FS23_Modellfotografie_Bachelor_Basic_SteinerSteinmann_0142.jpg\",\"https:\/\/sites.hslu.ch\/architektur\/wp-content\/uploads\/sites\/11\/2023\/07\/FS23_Modellfotografie_Bachelor_Basic_SteinerSteinmann_0143.jpg\",\"https:\/\/sites.hslu.ch\/architektur\/wp-content\/uploads\/sites\/11\/2023\/07\/FS23_Modellfotografie_Bachelor_Basic_SteinerSteinmann_0144.jpg\",\"https:\/\/sites.hslu.ch\/architektur\/wp-content\/uploads\/sites\/11\/2023\/07\/FS23_Modellfotografie_Bachelor_Basic_SteinerSteinmann_0145.jpg\",\"https:\/\/sites.hslu.ch\/architektur\/wp-content\/uploads\/sites\/11\/2023\/07\/FS23_Modellfotografie_Bachelor_Basic_SteinerSteinmann_0146.jpg\",\"https:\/\/sites.hslu.ch\/architektur\/wp-content\/uploads\/sites\/11\/2023\/07\/FS23_Modellfotografie_Bachelor_Basic_SteinerSteinmann_0147.jpg\",\"https:\/\/sites.hslu.ch\/architektur\/wp-content\/uploads\/sites\/11\/2023\/07\/FS23_Modellfotografie_Bachelor_Basic_SteinerSteinmann_0148.jpg\",\"https:\/\/sites.hslu.ch\/architektur\/wp-content\/uploads\/sites\/11\/2023\/07\/FS23_Modellfotografie_Bachelor_Basic_SteinerSteinmann_0149.jpg\",\"https:\/\/sites.hslu.ch\/architektur\/wp-content\/uploads\/sites\/11\/2023\/07\/FS23_Modellfotografie_Bachelor_Basic_SteinerSteinmann_0150.jpg\"]'\n   data-full-screen \n   >\n\t<button class=\"cloudimage-360-prev\"><\/button>\n\t<button class=\"cloudimage-360-next\"><\/button>\n<\/div>","protected":false},"excerpt":{"rendered":"<p>In einem kollaborativen Prozess haben die Studierenden des Bachelor Basic in Zusammenarbeit mit dem Lehmbau-Start-up OXARA einen Pavillon auf dem Campus der HSLU in Horw entworfen.<\/p>\n","protected":false},"author":44,"featured_media":25459,"comment_status":"closed","ping_status":"closed","sticky":false,"template":"","format":"standard","meta":{"_acf_changed":false,"footnotes":""},"categories":[6,234,15,22],"tags":[],"class_list":["post-24513","post","type-post","status-publish","format-standard","has-post-thumbnail","hentry","category-bachelor-architektur","category-fs2023","category-projektmodule","category-semester-jahr"],"acf":[],"yoast_head":"<!-- This site is optimized with the Yoast SEO plugin v27.5 - https:\/\/yoast.com\/product\/yoast-seo-wordpress\/ -->\n<title>Lehm-Holz Pavillons im Bachelor Basic - Architektur an der Hochschule Luzern<\/title>\n<meta name=\"robots\" content=\"index, follow, max-snippet:-1, max-image-preview:large, max-video-preview:-1\" \/>\n<link rel=\"canonical\" href=\"https:\/\/sites.hslu.ch\/architektur\/lehm-holz-pavillons-im-bachelor-basic\/\" \/>\n<meta property=\"og:locale\" content=\"de_DE\" \/>\n<meta property=\"og:type\" content=\"article\" \/>\n<meta property=\"og:title\" content=\"Lehm-Holz Pavillons im Bachelor Basic - Architektur an der Hochschule Luzern\" \/>\n<meta property=\"og:description\" content=\"In einem kollaborativen Prozess haben die Studierenden des Bachelor Basic in Zusammenarbeit mit dem Lehmbau-Start-up OXARA einen Pavillon auf dem Campus der HSLU in Horw entworfen.\" \/>\n<meta property=\"og:url\" content=\"https:\/\/sites.hslu.ch\/architektur\/lehm-holz-pavillons-im-bachelor-basic\/\" \/>\n<meta property=\"og:site_name\" content=\"Architektur an der Hochschule Luzern\" \/>\n<meta property=\"article:published_time\" content=\"2023-07-19T13:59:03+00:00\" \/>\n<meta property=\"article:modified_time\" content=\"2023-08-15T15:30:14+00:00\" \/>\n<meta property=\"og:image\" content=\"https:\/\/sites.hslu.ch\/architektur\/wp-content\/uploads\/sites\/11\/2023\/07\/23fs_23_Projektmodul_Basic_Steinmann_Kempf_0209_mix.jpg\" \/>\n\t<meta property=\"og:image:width\" content=\"1920\" \/>\n\t<meta property=\"og:image:height\" content=\"1280\" \/>\n\t<meta property=\"og:image:type\" content=\"image\/jpeg\" \/>\n<meta name=\"author\" content=\"jaramalevez\" \/>\n<meta name=\"twitter:card\" content=\"summary_large_image\" \/>\n<meta name=\"twitter:label1\" content=\"Verfasst von\" \/>\n\t<meta name=\"twitter:data1\" content=\"jaramalevez\" \/>\n\t<meta name=\"twitter:label2\" content=\"Gesch\u00e4tzte Lesezeit\" \/>\n\t<meta name=\"twitter:data2\" content=\"3\u00a0Minuten\" \/>\n<script type=\"application\/ld+json\" class=\"yoast-schema-graph\">{\"@context\":\"https:\\\/\\\/schema.org\",\"@graph\":[{\"@type\":\"Article\",\"@id\":\"https:\\\/\\\/sites.hslu.ch\\\/architektur\\\/lehm-holz-pavillons-im-bachelor-basic\\\/#article\",\"isPartOf\":{\"@id\":\"https:\\\/\\\/sites.hslu.ch\\\/architektur\\\/lehm-holz-pavillons-im-bachelor-basic\\\/\"},\"author\":{\"name\":\"jaramalevez\",\"@id\":\"https:\\\/\\\/sites.hslu.ch\\\/architektur\\\/#\\\/schema\\\/person\\\/001cee0914381b1d1d390e0f07da2aad\"},\"headline\":\"Lehm-Holz Pavillons im Bachelor Basic\",\"datePublished\":\"2023-07-19T13:59:03+00:00\",\"dateModified\":\"2023-08-15T15:30:14+00:00\",\"mainEntityOfPage\":{\"@id\":\"https:\\\/\\\/sites.hslu.ch\\\/architektur\\\/lehm-holz-pavillons-im-bachelor-basic\\\/\"},\"wordCount\":443,\"image\":{\"@id\":\"https:\\\/\\\/sites.hslu.ch\\\/architektur\\\/lehm-holz-pavillons-im-bachelor-basic\\\/#primaryimage\"},\"thumbnailUrl\":\"https:\\\/\\\/sites.hslu.ch\\\/architektur\\\/wp-content\\\/uploads\\\/sites\\\/11\\\/2023\\\/07\\\/23fs_23_Projektmodul_Basic_Steinmann_Kempf_0209_mix.jpg\",\"articleSection\":[\"Bachelor Architektur\",\"FS2023\",\"Projektmodule\",\"Semester\\\/Jahr\"],\"inLanguage\":\"de\"},{\"@type\":\"WebPage\",\"@id\":\"https:\\\/\\\/sites.hslu.ch\\\/architektur\\\/lehm-holz-pavillons-im-bachelor-basic\\\/\",\"url\":\"https:\\\/\\\/sites.hslu.ch\\\/architektur\\\/lehm-holz-pavillons-im-bachelor-basic\\\/\",\"name\":\"Lehm-Holz Pavillons im Bachelor Basic - Architektur an der Hochschule Luzern\",\"isPartOf\":{\"@id\":\"https:\\\/\\\/sites.hslu.ch\\\/architektur\\\/#website\"},\"primaryImageOfPage\":{\"@id\":\"https:\\\/\\\/sites.hslu.ch\\\/architektur\\\/lehm-holz-pavillons-im-bachelor-basic\\\/#primaryimage\"},\"image\":{\"@id\":\"https:\\\/\\\/sites.hslu.ch\\\/architektur\\\/lehm-holz-pavillons-im-bachelor-basic\\\/#primaryimage\"},\"thumbnailUrl\":\"https:\\\/\\\/sites.hslu.ch\\\/architektur\\\/wp-content\\\/uploads\\\/sites\\\/11\\\/2023\\\/07\\\/23fs_23_Projektmodul_Basic_Steinmann_Kempf_0209_mix.jpg\",\"datePublished\":\"2023-07-19T13:59:03+00:00\",\"dateModified\":\"2023-08-15T15:30:14+00:00\",\"author\":{\"@id\":\"https:\\\/\\\/sites.hslu.ch\\\/architektur\\\/#\\\/schema\\\/person\\\/001cee0914381b1d1d390e0f07da2aad\"},\"breadcrumb\":{\"@id\":\"https:\\\/\\\/sites.hslu.ch\\\/architektur\\\/lehm-holz-pavillons-im-bachelor-basic\\\/#breadcrumb\"},\"inLanguage\":\"de\",\"potentialAction\":[{\"@type\":\"ReadAction\",\"target\":[\"https:\\\/\\\/sites.hslu.ch\\\/architektur\\\/lehm-holz-pavillons-im-bachelor-basic\\\/\"]}]},{\"@type\":\"ImageObject\",\"inLanguage\":\"de\",\"@id\":\"https:\\\/\\\/sites.hslu.ch\\\/architektur\\\/lehm-holz-pavillons-im-bachelor-basic\\\/#primaryimage\",\"url\":\"https:\\\/\\\/sites.hslu.ch\\\/architektur\\\/wp-content\\\/uploads\\\/sites\\\/11\\\/2023\\\/07\\\/23fs_23_Projektmodul_Basic_Steinmann_Kempf_0209_mix.jpg\",\"contentUrl\":\"https:\\\/\\\/sites.hslu.ch\\\/architektur\\\/wp-content\\\/uploads\\\/sites\\\/11\\\/2023\\\/07\\\/23fs_23_Projektmodul_Basic_Steinmann_Kempf_0209_mix.jpg\",\"width\":1920,\"height\":1280},{\"@type\":\"BreadcrumbList\",\"@id\":\"https:\\\/\\\/sites.hslu.ch\\\/architektur\\\/lehm-holz-pavillons-im-bachelor-basic\\\/#breadcrumb\",\"itemListElement\":[{\"@type\":\"ListItem\",\"position\":1,\"name\":\"Home\",\"item\":\"https:\\\/\\\/sites.hslu.ch\\\/architektur\\\/\"},{\"@type\":\"ListItem\",\"position\":2,\"name\":\"Lehm-Holz Pavillons im Bachelor Basic\"}]},{\"@type\":\"WebSite\",\"@id\":\"https:\\\/\\\/sites.hslu.ch\\\/architektur\\\/#website\",\"url\":\"https:\\\/\\\/sites.hslu.ch\\\/architektur\\\/\",\"name\":\"Architektur an der Hochschule Luzern\",\"description\":\"\",\"potentialAction\":[{\"@type\":\"SearchAction\",\"target\":{\"@type\":\"EntryPoint\",\"urlTemplate\":\"https:\\\/\\\/sites.hslu.ch\\\/architektur\\\/?s={search_term_string}\"},\"query-input\":{\"@type\":\"PropertyValueSpecification\",\"valueRequired\":true,\"valueName\":\"search_term_string\"}}],\"inLanguage\":\"de\"},{\"@type\":\"Person\",\"@id\":\"https:\\\/\\\/sites.hslu.ch\\\/architektur\\\/#\\\/schema\\\/person\\\/001cee0914381b1d1d390e0f07da2aad\",\"name\":\"jaramalevez\",\"url\":\"https:\\\/\\\/sites.hslu.ch\\\/architektur\\\/author\\\/jaramalevez\\\/\"}]}<\/script>\n<!-- \/ Yoast SEO plugin. -->","yoast_head_json":{"title":"Lehm-Holz Pavillons im Bachelor Basic - Architektur an der Hochschule Luzern","robots":{"index":"index","follow":"follow","max-snippet":"max-snippet:-1","max-image-preview":"max-image-preview:large","max-video-preview":"max-video-preview:-1"},"canonical":"https:\/\/sites.hslu.ch\/architektur\/lehm-holz-pavillons-im-bachelor-basic\/","og_locale":"de_DE","og_type":"article","og_title":"Lehm-Holz Pavillons im Bachelor Basic - Architektur an der Hochschule Luzern","og_description":"In einem kollaborativen Prozess haben die Studierenden des Bachelor Basic in Zusammenarbeit mit dem Lehmbau-Start-up OXARA einen Pavillon auf dem Campus der HSLU in Horw entworfen.","og_url":"https:\/\/sites.hslu.ch\/architektur\/lehm-holz-pavillons-im-bachelor-basic\/","og_site_name":"Architektur an der Hochschule Luzern","article_published_time":"2023-07-19T13:59:03+00:00","article_modified_time":"2023-08-15T15:30:14+00:00","og_image":[{"width":1920,"height":1280,"url":"https:\/\/sites.hslu.ch\/architektur\/wp-content\/uploads\/sites\/11\/2023\/07\/23fs_23_Projektmodul_Basic_Steinmann_Kempf_0209_mix.jpg","type":"image\/jpeg"}],"author":"jaramalevez","twitter_card":"summary_large_image","twitter_misc":{"Verfasst von":"jaramalevez","Gesch\u00e4tzte Lesezeit":"3\u00a0Minuten"},"schema":{"@context":"https:\/\/schema.org","@graph":[{"@type":"Article","@id":"https:\/\/sites.hslu.ch\/architektur\/lehm-holz-pavillons-im-bachelor-basic\/#article","isPartOf":{"@id":"https:\/\/sites.hslu.ch\/architektur\/lehm-holz-pavillons-im-bachelor-basic\/"},"author":{"name":"jaramalevez","@id":"https:\/\/sites.hslu.ch\/architektur\/#\/schema\/person\/001cee0914381b1d1d390e0f07da2aad"},"headline":"Lehm-Holz Pavillons im Bachelor Basic","datePublished":"2023-07-19T13:59:03+00:00","dateModified":"2023-08-15T15:30:14+00:00","mainEntityOfPage":{"@id":"https:\/\/sites.hslu.ch\/architektur\/lehm-holz-pavillons-im-bachelor-basic\/"},"wordCount":443,"image":{"@id":"https:\/\/sites.hslu.ch\/architektur\/lehm-holz-pavillons-im-bachelor-basic\/#primaryimage"},"thumbnailUrl":"https:\/\/sites.hslu.ch\/architektur\/wp-content\/uploads\/sites\/11\/2023\/07\/23fs_23_Projektmodul_Basic_Steinmann_Kempf_0209_mix.jpg","articleSection":["Bachelor Architektur","FS2023","Projektmodule","Semester\/Jahr"],"inLanguage":"de"},{"@type":"WebPage","@id":"https:\/\/sites.hslu.ch\/architektur\/lehm-holz-pavillons-im-bachelor-basic\/","url":"https:\/\/sites.hslu.ch\/architektur\/lehm-holz-pavillons-im-bachelor-basic\/","name":"Lehm-Holz Pavillons im Bachelor Basic - Architektur an der Hochschule Luzern","isPartOf":{"@id":"https:\/\/sites.hslu.ch\/architektur\/#website"},"primaryImageOfPage":{"@id":"https:\/\/sites.hslu.ch\/architektur\/lehm-holz-pavillons-im-bachelor-basic\/#primaryimage"},"image":{"@id":"https:\/\/sites.hslu.ch\/architektur\/lehm-holz-pavillons-im-bachelor-basic\/#primaryimage"},"thumbnailUrl":"https:\/\/sites.hslu.ch\/architektur\/wp-content\/uploads\/sites\/11\/2023\/07\/23fs_23_Projektmodul_Basic_Steinmann_Kempf_0209_mix.jpg","datePublished":"2023-07-19T13:59:03+00:00","dateModified":"2023-08-15T15:30:14+00:00","author":{"@id":"https:\/\/sites.hslu.ch\/architektur\/#\/schema\/person\/001cee0914381b1d1d390e0f07da2aad"},"breadcrumb":{"@id":"https:\/\/sites.hslu.ch\/architektur\/lehm-holz-pavillons-im-bachelor-basic\/#breadcrumb"},"inLanguage":"de","potentialAction":[{"@type":"ReadAction","target":["https:\/\/sites.hslu.ch\/architektur\/lehm-holz-pavillons-im-bachelor-basic\/"]}]},{"@type":"ImageObject","inLanguage":"de","@id":"https:\/\/sites.hslu.ch\/architektur\/lehm-holz-pavillons-im-bachelor-basic\/#primaryimage","url":"https:\/\/sites.hslu.ch\/architektur\/wp-content\/uploads\/sites\/11\/2023\/07\/23fs_23_Projektmodul_Basic_Steinmann_Kempf_0209_mix.jpg","contentUrl":"https:\/\/sites.hslu.ch\/architektur\/wp-content\/uploads\/sites\/11\/2023\/07\/23fs_23_Projektmodul_Basic_Steinmann_Kempf_0209_mix.jpg","width":1920,"height":1280},{"@type":"BreadcrumbList","@id":"https:\/\/sites.hslu.ch\/architektur\/lehm-holz-pavillons-im-bachelor-basic\/#breadcrumb","itemListElement":[{"@type":"ListItem","position":1,"name":"Home","item":"https:\/\/sites.hslu.ch\/architektur\/"},{"@type":"ListItem","position":2,"name":"Lehm-Holz Pavillons im Bachelor Basic"}]},{"@type":"WebSite","@id":"https:\/\/sites.hslu.ch\/architektur\/#website","url":"https:\/\/sites.hslu.ch\/architektur\/","name":"Architektur an der Hochschule Luzern","description":"","potentialAction":[{"@type":"SearchAction","target":{"@type":"EntryPoint","urlTemplate":"https:\/\/sites.hslu.ch\/architektur\/?s={search_term_string}"},"query-input":{"@type":"PropertyValueSpecification","valueRequired":true,"valueName":"search_term_string"}}],"inLanguage":"de"},{"@type":"Person","@id":"https:\/\/sites.hslu.ch\/architektur\/#\/schema\/person\/001cee0914381b1d1d390e0f07da2aad","name":"jaramalevez","url":"https:\/\/sites.hslu.ch\/architektur\/author\/jaramalevez\/"}]}},"_links":{"self":[{"href":"https:\/\/sites.hslu.ch\/architektur\/wp-json\/wp\/v2\/posts\/24513","targetHints":{"allow":["GET"]}}],"collection":[{"href":"https:\/\/sites.hslu.ch\/architektur\/wp-json\/wp\/v2\/posts"}],"about":[{"href":"https:\/\/sites.hslu.ch\/architektur\/wp-json\/wp\/v2\/types\/post"}],"author":[{"embeddable":true,"href":"https:\/\/sites.hslu.ch\/architektur\/wp-json\/wp\/v2\/users\/44"}],"replies":[{"embeddable":true,"href":"https:\/\/sites.hslu.ch\/architektur\/wp-json\/wp\/v2\/comments?post=24513"}],"version-history":[{"count":63,"href":"https:\/\/sites.hslu.ch\/architektur\/wp-json\/wp\/v2\/posts\/24513\/revisions"}],"predecessor-version":[{"id":26502,"href":"https:\/\/sites.hslu.ch\/architektur\/wp-json\/wp\/v2\/posts\/24513\/revisions\/26502"}],"wp:featuredmedia":[{"embeddable":true,"href":"https:\/\/sites.hslu.ch\/architektur\/wp-json\/wp\/v2\/media\/25459"}],"wp:attachment":[{"href":"https:\/\/sites.hslu.ch\/architektur\/wp-json\/wp\/v2\/media?parent=24513"}],"wp:term":[{"taxonomy":"category","embeddable":true,"href":"https:\/\/sites.hslu.ch\/architektur\/wp-json\/wp\/v2\/categories?post=24513"},{"taxonomy":"post_tag","embeddable":true,"href":"https:\/\/sites.hslu.ch\/architektur\/wp-json\/wp\/v2\/tags?post=24513"}],"curies":[{"name":"wp","href":"https:\/\/api.w.org\/{rel}","templated":true}]}}