{"id":18360,"date":"2023-02-21T17:07:55","date_gmt":"2023-02-21T16:07:55","guid":{"rendered":"https:\/\/sites.hslu.ch\/architektur\/?p=18360"},"modified":"2023-02-24T09:19:02","modified_gmt":"2023-02-24T08:19:02","slug":"the-frame","status":"publish","type":"post","link":"https:\/\/sites.hslu.ch\/architektur\/the-frame\/","title":{"rendered":"The frame"},"content":{"rendered":"\n<p class=\"is-style-lead-text\">Im Herbstsemester 2022 haben sich die Studierenden des Master Fokus \u00abArchitektur &amp; Energie\u00bb mit drei gestalterisch und architekturgeschichtlich bedeutenden Pavillonbauten auseinandergesetzt und sie als Ressource betrachtet, die ihnen in Form einer Bauteilwiederverwendung zur Verf\u00fcgung stehen, um ein neues Projekt zu entwerfen. Die drei Originalbauten &#8211; der Saffa Pavillon 58, das \u00abCentre le Corbusier\u00bb in Z\u00fcrich und der \u00abB\u00fcrgenstock Bazar\u00bb &#8211; wurden hypothetisch nach Horw gebracht, wo sie die materielle Grundlage f\u00fcr ein Studentisches Gemeinschaftshaus auf dem zuk\u00fcnftigen HSLU-Campus bilden. Die Studierenden nahmen einen Pavillon als Ausgangspunkt, analysierten ihn umfassend und entwickelten auf der Basis der vorhandenen Ressourcen und Bauteile einen neuen Entwurf. <\/p>\n\n\n\n<p>Dabei haben die Studierenden sich mit Fragen materieller und ideeller Art besch\u00e4ftigt: Welche Rolle spielt das Thema \u00abgraue Energie\u00bb bei Entwurfs\u00fcberlegungen? Kann es gelingen, neue, stimmige Entw\u00fcrfe zu schaffen, die weitgehend auf den Materialien eines bestehenden Geb\u00e4udes basieren? Welche Chancen und Herausforderungen bringt die Geschichte und bisherige architektonische Identit\u00e4t des urspr\u00fcnglichen Geb\u00e4udes mit sich? Inwieweit dient die urspr\u00fcngliche architektonische Konstellation als wertvolle St\u00fctze? Wo nehmen wir uns Freiheiten bei der neuen Gestaltung?<\/p>\n\n\n\n<h3 class=\"wp-block-heading\">Projekt von Dugald Gardner <\/h3>\n\n\n    <div class=\"ms-gallery \">\n        <div class=\"ms-gallery-sizer\"><\/div>\n        <div class=\"ms-gallery-gutter\"><\/div>\n                                    <div class=\"ms-gallery-item wide\">\n                                                        <a href=\"https:\/\/sites.hslu.ch\/architektur\/wp-content\/uploads\/sites\/11\/2023\/02\/22hs_19_Projektmodule_Dugald_6504.jpg\" data-lightbox=\"masonery-gallery\"  data-size=\"wide\"  data-title=\"\" data-alt=\"\">\n                        <img decoding=\"async\" class=\"ms-gallery-item__image\"  data-size=\"wide\"  src=\"https:\/\/sites.hslu.ch\/architektur\/wp-content\/uploads\/sites\/11\/2023\/02\/22hs_19_Projektmodule_Dugald_6504.jpg\" alt=\"\" \/>\n                    <\/a>\n                                        <\/div>\n\n                                                                <div class=\"ms-gallery-item wide\">\n                                                        <a href=\"https:\/\/sites.hslu.ch\/architektur\/wp-content\/uploads\/sites\/11\/2023\/02\/22hs_19_Projektmodule_Dugald_6522.jpg\" data-lightbox=\"masonery-gallery\"  data-size=\"wide\"  data-title=\"\" data-alt=\"\">\n                        <img decoding=\"async\" class=\"ms-gallery-item__image\"  data-size=\"wide\"  src=\"https:\/\/sites.hslu.ch\/architektur\/wp-content\/uploads\/sites\/11\/2023\/02\/22hs_19_Projektmodule_Dugald_6522.jpg\" alt=\"\" \/>\n                    <\/a>\n                                        <\/div>\n\n                                                                <div class=\"ms-gallery-item wide\">\n                                                        <a href=\"https:\/\/sites.hslu.ch\/architektur\/wp-content\/uploads\/sites\/11\/2023\/02\/22hs_19_Projektmodule_Dugald_6480.jpg\" data-lightbox=\"masonery-gallery\"  data-size=\"wide\"  data-title=\"\" data-alt=\"\">\n                        <img decoding=\"async\" class=\"ms-gallery-item__image\"  data-size=\"wide\"  src=\"https:\/\/sites.hslu.ch\/architektur\/wp-content\/uploads\/sites\/11\/2023\/02\/22hs_19_Projektmodule_Dugald_6480.jpg\" alt=\"\" \/>\n                    <\/a>\n                                        <\/div>\n\n                                                    <div class=\"ms-gallery-item narrow\">\n                <\/div>\n                <\/div>\n            \n\n\n<p><strong>Programm\n<\/strong>Eine von den Studierenden betriebene Bar l\u00e4dt zum geselligen Beisammensein mit Kommilitonen ein. Das Wohnzimmer bietet den Studierenden einen Raum ohne Konsumationszwang, in dem sie sich austauschen k\u00f6nnen. Der Raum sollte multifunktional sein, Tische und Sitzgelegenheiten sollten f\u00fcr Ausstellungen oder andere Veranstaltungen frei arrangiert werden k\u00f6nnen.<\/p>\n\n\n    <div class=\"ms-gallery \">\n        <div class=\"ms-gallery-sizer\"><\/div>\n        <div class=\"ms-gallery-gutter\"><\/div>\n                                        <div class=\"ms-gallery-item narrow\">\n                                                            <a href=\"https:\/\/sites.hslu.ch\/architektur\/wp-content\/uploads\/sites\/11\/2023\/02\/HS22-Master-Focus-Architecture-Energy_Plans-Seite9_1920px.jpg\" data-lightbox=\"masonery-gallery\"  data-size=\"narrow\"  data-title=\"\" data-alt=\"\">\n                        <img decoding=\"async\" class=\"ms-gallery-item__image\"  data-size=\"narrow\"  src=\"https:\/\/sites.hslu.ch\/architektur\/wp-content\/uploads\/sites\/11\/2023\/02\/HS22-Master-Focus-Architecture-Energy_Plans-Seite9_1920px.jpg\" alt=\"\" \/>\n                    <\/a>\n                                        <\/div>\n\n                                                                    <div class=\"ms-gallery-item narrow\">\n                                                            <a href=\"https:\/\/sites.hslu.ch\/architektur\/wp-content\/uploads\/sites\/11\/2023\/02\/HS22-Master-Focus-Architecture-Energy_Plans-Seite2_1920px.jpg\" data-lightbox=\"masonery-gallery\"  data-size=\"narrow\"  data-title=\"\" data-alt=\"\">\n                        <img decoding=\"async\" class=\"ms-gallery-item__image\"  data-size=\"narrow\"  src=\"https:\/\/sites.hslu.ch\/architektur\/wp-content\/uploads\/sites\/11\/2023\/02\/HS22-Master-Focus-Architecture-Energy_Plans-Seite2_1920px.jpg\" alt=\"\" \/>\n                    <\/a>\n                                        <\/div>\n\n                                                                    <div class=\"ms-gallery-item narrow\">\n                                                            <a href=\"https:\/\/sites.hslu.ch\/architektur\/wp-content\/uploads\/sites\/11\/2023\/02\/HS22-Master-Focus-Architecture-Energy_Plans-Seite10_1920px.jpg\" data-lightbox=\"masonery-gallery\"  data-size=\"narrow\"  data-title=\"\" data-alt=\"\">\n                        <img decoding=\"async\" class=\"ms-gallery-item__image\"  data-size=\"narrow\"  src=\"https:\/\/sites.hslu.ch\/architektur\/wp-content\/uploads\/sites\/11\/2023\/02\/HS22-Master-Focus-Architecture-Energy_Plans-Seite10_1920px.jpg\" alt=\"\" \/>\n                    <\/a>\n                                        <\/div>\n\n                                                    <div class=\"ms-gallery-item narrow\">\n                <\/div>\n                <\/div>\n            \n\n\n<p><strong>Konzept<\/strong>\nDie meisten Menschen werden auf der unteren Ebene des neuen Campus ein- und ausgehen und die obere Ebene aus den Augen und damit aus dem Sinn verlieren. Das Konzept sieht vor, die obere H\u00e4lfte des Campus mit einem Ort zu beleben, der von Studierenden f\u00fcr Studierende betrieben wird. Das Geb\u00e4ude rahmt den Platz vor der neuen Mensa und soll gleichzeitig als Tor zwischen dem Campus und dem Park fungieren.<\/p>\n\n\n    <div class=\"ms-gallery \">\n        <div class=\"ms-gallery-sizer\"><\/div>\n        <div class=\"ms-gallery-gutter\"><\/div>\n                                    <div class=\"ms-gallery-item wide\">\n                                                        <a href=\"https:\/\/sites.hslu.ch\/architektur\/wp-content\/uploads\/sites\/11\/2023\/02\/HS22-Master-Focus-Architecture-Energy_Plans-Seite3_1920px.jpg\" data-lightbox=\"masonery-gallery\"  data-size=\"wide\"  data-title=\"\" data-alt=\"\">\n                        <img decoding=\"async\" class=\"ms-gallery-item__image\"  data-size=\"wide\"  src=\"https:\/\/sites.hslu.ch\/architektur\/wp-content\/uploads\/sites\/11\/2023\/02\/HS22-Master-Focus-Architecture-Energy_Plans-Seite3_1920px.jpg\" alt=\"\" \/>\n                    <\/a>\n                                        <\/div>\n\n                                                                <div class=\"ms-gallery-item wide\">\n                                                        <a href=\"https:\/\/sites.hslu.ch\/architektur\/wp-content\/uploads\/sites\/11\/2023\/02\/HS22-Master-Focus-Architecture-Energy_Plans-Seite4_1920px.jpg\" data-lightbox=\"masonery-gallery\"  data-size=\"wide\"  data-title=\"\" data-alt=\"\">\n                        <img decoding=\"async\" class=\"ms-gallery-item__image\"  data-size=\"wide\"  src=\"https:\/\/sites.hslu.ch\/architektur\/wp-content\/uploads\/sites\/11\/2023\/02\/HS22-Master-Focus-Architecture-Energy_Plans-Seite4_1920px.jpg\" alt=\"\" \/>\n                    <\/a>\n                                        <\/div>\n\n                                                                <div class=\"ms-gallery-item wide\">\n                                                        <a href=\"https:\/\/sites.hslu.ch\/architektur\/wp-content\/uploads\/sites\/11\/2023\/02\/HS22-Master-Focus-Architecture-Energy_Plans-Seite5_1920px.jpg\" data-lightbox=\"masonery-gallery\"  data-size=\"wide\"  data-title=\"\" data-alt=\"\">\n                        <img decoding=\"async\" class=\"ms-gallery-item__image\"  data-size=\"wide\"  src=\"https:\/\/sites.hslu.ch\/architektur\/wp-content\/uploads\/sites\/11\/2023\/02\/HS22-Master-Focus-Architecture-Energy_Plans-Seite5_1920px.jpg\" alt=\"\" \/>\n                    <\/a>\n                                        <\/div>\n\n                                                                <div class=\"ms-gallery-item wide\">\n                                                        <a href=\"https:\/\/sites.hslu.ch\/architektur\/wp-content\/uploads\/sites\/11\/2023\/02\/HS22-Master-Focus-Architecture-Energy_Plans-Seite6_1920px.jpg\" data-lightbox=\"masonery-gallery\"  data-size=\"wide\"  data-title=\"\" data-alt=\"\">\n                        <img decoding=\"async\" class=\"ms-gallery-item__image\"  data-size=\"wide\"  src=\"https:\/\/sites.hslu.ch\/architektur\/wp-content\/uploads\/sites\/11\/2023\/02\/HS22-Master-Focus-Architecture-Energy_Plans-Seite6_1920px.jpg\" alt=\"\" \/>\n                    <\/a>\n                                        <\/div>\n\n                                                                <div class=\"ms-gallery-item wide\">\n                                                        <a href=\"https:\/\/sites.hslu.ch\/architektur\/wp-content\/uploads\/sites\/11\/2023\/02\/HS22-Master-Focus-Architecture-Energy_Plans-Seite8_1920px.jpg\" data-lightbox=\"masonery-gallery\"  data-size=\"wide\"  data-title=\"\" data-alt=\"\">\n                        <img decoding=\"async\" class=\"ms-gallery-item__image\"  data-size=\"wide\"  src=\"https:\/\/sites.hslu.ch\/architektur\/wp-content\/uploads\/sites\/11\/2023\/02\/HS22-Master-Focus-Architecture-Energy_Plans-Seite8_1920px.jpg\" alt=\"\" \/>\n                    <\/a>\n                                        <\/div>\n\n                                                                <div class=\"ms-gallery-item wide\">\n                                                        <a href=\"https:\/\/sites.hslu.ch\/architektur\/wp-content\/uploads\/sites\/11\/2023\/02\/HS22-Master-Focus-Architecture-Energy_Plans-Seite7_1920px.jpg\" data-lightbox=\"masonery-gallery\"  data-size=\"wide\"  data-title=\"\" data-alt=\"\">\n                        <img decoding=\"async\" class=\"ms-gallery-item__image\"  data-size=\"wide\"  src=\"https:\/\/sites.hslu.ch\/architektur\/wp-content\/uploads\/sites\/11\/2023\/02\/HS22-Master-Focus-Architecture-Energy_Plans-Seite7_1920px.jpg\" alt=\"\" \/>\n                    <\/a>\n                                        <\/div>\n\n                                                    <div class=\"ms-gallery-item narrow\">\n                <\/div>\n                <\/div>\n            \n\n\n<p><strong>Struktureller Ansatz<\/strong>\nDurch die Verwendung von K\u00f6cherfundamenten aus wiederverwendeten Zementrohren und Stahltr\u00e4gern wird die Verwendung eines Plattenfundaments vermieden, was zur Reduzierung von neuem Beton beitr\u00e4gt. Durch die Anhebung des Geb\u00e4udes wird weniger Beton verbaut und&nbsp; der Boden wird nicht versiegelt. In dem Geb\u00e4ude werden haupts\u00e4chlich Elemente mit hohem architektonischem und strukturellem Wert wiederverwendet. Holzbalken und Fu\u00dfb\u00f6den stammen aus nachhaltiger Beschaffung, um zus\u00e4tzlichen Kohlenstoff zu binden. Ein Low-Tech-Ansatz mit minimalen Installationen soll die Emissionen weiter reduzieren.<\/p>\n\n\n<div\n   class=\"cloudimage-360\"\n   data-amount=\"70\"\n   data-image-list='[\"https:\/\/sites.hslu.ch\/architektur\/wp-content\/uploads\/sites\/11\/2023\/02\/HS22_Modellfotografie_Master_Struktur_Dugald_Gardner_0003.jpg\",\"https:\/\/sites.hslu.ch\/architektur\/wp-content\/uploads\/sites\/11\/2023\/02\/HS22_Modellfotografie_Master_Struktur_Dugald_Gardner_0004.jpg\",\"https:\/\/sites.hslu.ch\/architektur\/wp-content\/uploads\/sites\/11\/2023\/02\/HS22_Modellfotografie_Master_Struktur_Dugald_Gardner_0005.jpg\",\"https:\/\/sites.hslu.ch\/architektur\/wp-content\/uploads\/sites\/11\/2023\/02\/HS22_Modellfotografie_Master_Struktur_Dugald_Gardner_0006.jpg\",\"https:\/\/sites.hslu.ch\/architektur\/wp-content\/uploads\/sites\/11\/2023\/02\/HS22_Modellfotografie_Master_Struktur_Dugald_Gardner_0007.jpg\",\"https:\/\/sites.hslu.ch\/architektur\/wp-content\/uploads\/sites\/11\/2023\/02\/HS22_Modellfotografie_Master_Struktur_Dugald_Gardner_0008.jpg\",\"https:\/\/sites.hslu.ch\/architektur\/wp-content\/uploads\/sites\/11\/2023\/02\/HS22_Modellfotografie_Master_Struktur_Dugald_Gardner_0009.jpg\",\"https:\/\/sites.hslu.ch\/architektur\/wp-content\/uploads\/sites\/11\/2023\/02\/HS22_Modellfotografie_Master_Struktur_Dugald_Gardner_0010.jpg\",\"https:\/\/sites.hslu.ch\/architektur\/wp-content\/uploads\/sites\/11\/2023\/02\/HS22_Modellfotografie_Master_Struktur_Dugald_Gardner_0011.jpg\",\"https:\/\/sites.hslu.ch\/architektur\/wp-content\/uploads\/sites\/11\/2023\/02\/HS22_Modellfotografie_Master_Struktur_Dugald_Gardner_0012.jpg\",\"https:\/\/sites.hslu.ch\/architektur\/wp-content\/uploads\/sites\/11\/2023\/02\/HS22_Modellfotografie_Master_Struktur_Dugald_Gardner_0013.jpg\",\"https:\/\/sites.hslu.ch\/architektur\/wp-content\/uploads\/sites\/11\/2023\/02\/HS22_Modellfotografie_Master_Struktur_Dugald_Gardner_0014.jpg\",\"https:\/\/sites.hslu.ch\/architektur\/wp-content\/uploads\/sites\/11\/2023\/02\/HS22_Modellfotografie_Master_Struktur_Dugald_Gardner_0015.jpg\",\"https:\/\/sites.hslu.ch\/architektur\/wp-content\/uploads\/sites\/11\/2023\/02\/HS22_Modellfotografie_Master_Struktur_Dugald_Gardner_0016.jpg\",\"https:\/\/sites.hslu.ch\/architektur\/wp-content\/uploads\/sites\/11\/2023\/02\/HS22_Modellfotografie_Master_Struktur_Dugald_Gardner_0017.jpg\",\"https:\/\/sites.hslu.ch\/architektur\/wp-content\/uploads\/sites\/11\/2023\/02\/HS22_Modellfotografie_Master_Struktur_Dugald_Gardner_0018.jpg\",\"https:\/\/sites.hslu.ch\/architektur\/wp-content\/uploads\/sites\/11\/2023\/02\/HS22_Modellfotografie_Master_Struktur_Dugald_Gardner_0019.jpg\",\"https:\/\/sites.hslu.ch\/architektur\/wp-content\/uploads\/sites\/11\/2023\/02\/HS22_Modellfotografie_Master_Struktur_Dugald_Gardner_0020.jpg\",\"https:\/\/sites.hslu.ch\/architektur\/wp-content\/uploads\/sites\/11\/2023\/02\/HS22_Modellfotografie_Master_Struktur_Dugald_Gardner_0021.jpg\",\"https:\/\/sites.hslu.ch\/architektur\/wp-content\/uploads\/sites\/11\/2023\/02\/HS22_Modellfotografie_Master_Struktur_Dugald_Gardner_0022.jpg\",\"https:\/\/sites.hslu.ch\/architektur\/wp-content\/uploads\/sites\/11\/2023\/02\/HS22_Modellfotografie_Master_Struktur_Dugald_Gardner_0023.jpg\",\"https:\/\/sites.hslu.ch\/architektur\/wp-content\/uploads\/sites\/11\/2023\/02\/HS22_Modellfotografie_Master_Struktur_Dugald_Gardner_0024.jpg\",\"https:\/\/sites.hslu.ch\/architektur\/wp-content\/uploads\/sites\/11\/2023\/02\/HS22_Modellfotografie_Master_Struktur_Dugald_Gardner_0025.jpg\",\"https:\/\/sites.hslu.ch\/architektur\/wp-content\/uploads\/sites\/11\/2023\/02\/HS22_Modellfotografie_Master_Struktur_Dugald_Gardner_0026.jpg\",\"https:\/\/sites.hslu.ch\/architektur\/wp-content\/uploads\/sites\/11\/2023\/02\/HS22_Modellfotografie_Master_Struktur_Dugald_Gardner_0027.jpg\",\"https:\/\/sites.hslu.ch\/architektur\/wp-content\/uploads\/sites\/11\/2023\/02\/HS22_Modellfotografie_Master_Struktur_Dugald_Gardner_0028.jpg\",\"https:\/\/sites.hslu.ch\/architektur\/wp-content\/uploads\/sites\/11\/2023\/02\/HS22_Modellfotografie_Master_Struktur_Dugald_Gardner_0029.jpg\",\"https:\/\/sites.hslu.ch\/architektur\/wp-content\/uploads\/sites\/11\/2023\/02\/HS22_Modellfotografie_Master_Struktur_Dugald_Gardner_0030.jpg\",\"https:\/\/sites.hslu.ch\/architektur\/wp-content\/uploads\/sites\/11\/2023\/02\/HS22_Modellfotografie_Master_Struktur_Dugald_Gardner_0031.jpg\",\"https:\/\/sites.hslu.ch\/architektur\/wp-content\/uploads\/sites\/11\/2023\/02\/HS22_Modellfotografie_Master_Struktur_Dugald_Gardner_0032.jpg\",\"https:\/\/sites.hslu.ch\/architektur\/wp-content\/uploads\/sites\/11\/2023\/02\/HS22_Modellfotografie_Master_Struktur_Dugald_Gardner_0033.jpg\",\"https:\/\/sites.hslu.ch\/architektur\/wp-content\/uploads\/sites\/11\/2023\/02\/HS22_Modellfotografie_Master_Struktur_Dugald_Gardner_0034.jpg\",\"https:\/\/sites.hslu.ch\/architektur\/wp-content\/uploads\/sites\/11\/2023\/02\/HS22_Modellfotografie_Master_Struktur_Dugald_Gardner_0035.jpg\",\"https:\/\/sites.hslu.ch\/architektur\/wp-content\/uploads\/sites\/11\/2023\/02\/HS22_Modellfotografie_Master_Struktur_Dugald_Gardner_0036.jpg\",\"https:\/\/sites.hslu.ch\/architektur\/wp-content\/uploads\/sites\/11\/2023\/02\/HS22_Modellfotografie_Master_Struktur_Dugald_Gardner_0037.jpg\",\"https:\/\/sites.hslu.ch\/architektur\/wp-content\/uploads\/sites\/11\/2023\/02\/HS22_Modellfotografie_Master_Struktur_Dugald_Gardner_0038.jpg\",\"https:\/\/sites.hslu.ch\/architektur\/wp-content\/uploads\/sites\/11\/2023\/02\/HS22_Modellfotografie_Master_Struktur_Dugald_Gardner_0039.jpg\",\"https:\/\/sites.hslu.ch\/architektur\/wp-content\/uploads\/sites\/11\/2023\/02\/HS22_Modellfotografie_Master_Struktur_Dugald_Gardner_0040.jpg\",\"https:\/\/sites.hslu.ch\/architektur\/wp-content\/uploads\/sites\/11\/2023\/02\/HS22_Modellfotografie_Master_Struktur_Dugald_Gardner_0041.jpg\",\"https:\/\/sites.hslu.ch\/architektur\/wp-content\/uploads\/sites\/11\/2023\/02\/HS22_Modellfotografie_Master_Struktur_Dugald_Gardner_0042.jpg\",\"https:\/\/sites.hslu.ch\/architektur\/wp-content\/uploads\/sites\/11\/2023\/02\/HS22_Modellfotografie_Master_Struktur_Dugald_Gardner_0043.jpg\",\"https:\/\/sites.hslu.ch\/architektur\/wp-content\/uploads\/sites\/11\/2023\/02\/HS22_Modellfotografie_Master_Struktur_Dugald_Gardner_0044.jpg\",\"https:\/\/sites.hslu.ch\/architektur\/wp-content\/uploads\/sites\/11\/2023\/02\/HS22_Modellfotografie_Master_Struktur_Dugald_Gardner_0045.jpg\",\"https:\/\/sites.hslu.ch\/architektur\/wp-content\/uploads\/sites\/11\/2023\/02\/HS22_Modellfotografie_Master_Struktur_Dugald_Gardner_0046.jpg\",\"https:\/\/sites.hslu.ch\/architektur\/wp-content\/uploads\/sites\/11\/2023\/02\/HS22_Modellfotografie_Master_Struktur_Dugald_Gardner_0047.jpg\",\"https:\/\/sites.hslu.ch\/architektur\/wp-content\/uploads\/sites\/11\/2023\/02\/HS22_Modellfotografie_Master_Struktur_Dugald_Gardner_0048.jpg\",\"https:\/\/sites.hslu.ch\/architektur\/wp-content\/uploads\/sites\/11\/2023\/02\/HS22_Modellfotografie_Master_Struktur_Dugald_Gardner_0049.jpg\",\"https:\/\/sites.hslu.ch\/architektur\/wp-content\/uploads\/sites\/11\/2023\/02\/HS22_Modellfotografie_Master_Struktur_Dugald_Gardner_0050.jpg\",\"https:\/\/sites.hslu.ch\/architektur\/wp-content\/uploads\/sites\/11\/2023\/02\/HS22_Modellfotografie_Master_Struktur_Dugald_Gardner_0051.jpg\",\"https:\/\/sites.hslu.ch\/architektur\/wp-content\/uploads\/sites\/11\/2023\/02\/HS22_Modellfotografie_Master_Struktur_Dugald_Gardner_0052.jpg\",\"https:\/\/sites.hslu.ch\/architektur\/wp-content\/uploads\/sites\/11\/2023\/02\/HS22_Modellfotografie_Master_Struktur_Dugald_Gardner_0053.jpg\",\"https:\/\/sites.hslu.ch\/architektur\/wp-content\/uploads\/sites\/11\/2023\/02\/HS22_Modellfotografie_Master_Struktur_Dugald_Gardner_0054.jpg\",\"https:\/\/sites.hslu.ch\/architektur\/wp-content\/uploads\/sites\/11\/2023\/02\/HS22_Modellfotografie_Master_Struktur_Dugald_Gardner_0055.jpg\",\"https:\/\/sites.hslu.ch\/architektur\/wp-content\/uploads\/sites\/11\/2023\/02\/HS22_Modellfotografie_Master_Struktur_Dugald_Gardner_0056.jpg\",\"https:\/\/sites.hslu.ch\/architektur\/wp-content\/uploads\/sites\/11\/2023\/02\/HS22_Modellfotografie_Master_Struktur_Dugald_Gardner_0057.jpg\",\"https:\/\/sites.hslu.ch\/architektur\/wp-content\/uploads\/sites\/11\/2023\/02\/HS22_Modellfotografie_Master_Struktur_Dugald_Gardner_0058.jpg\",\"https:\/\/sites.hslu.ch\/architektur\/wp-content\/uploads\/sites\/11\/2023\/02\/HS22_Modellfotografie_Master_Struktur_Dugald_Gardner_0059.jpg\",\"https:\/\/sites.hslu.ch\/architektur\/wp-content\/uploads\/sites\/11\/2023\/02\/HS22_Modellfotografie_Master_Struktur_Dugald_Gardner_0060.jpg\",\"https:\/\/sites.hslu.ch\/architektur\/wp-content\/uploads\/sites\/11\/2023\/02\/HS22_Modellfotografie_Master_Struktur_Dugald_Gardner_0061.jpg\",\"https:\/\/sites.hslu.ch\/architektur\/wp-content\/uploads\/sites\/11\/2023\/02\/HS22_Modellfotografie_Master_Struktur_Dugald_Gardner_0062.jpg\",\"https:\/\/sites.hslu.ch\/architektur\/wp-content\/uploads\/sites\/11\/2023\/02\/HS22_Modellfotografie_Master_Struktur_Dugald_Gardner_0063.jpg\",\"https:\/\/sites.hslu.ch\/architektur\/wp-content\/uploads\/sites\/11\/2023\/02\/HS22_Modellfotografie_Master_Struktur_Dugald_Gardner_0064.jpg\",\"https:\/\/sites.hslu.ch\/architektur\/wp-content\/uploads\/sites\/11\/2023\/02\/HS22_Modellfotografie_Master_Struktur_Dugald_Gardner_0065.jpg\",\"https:\/\/sites.hslu.ch\/architektur\/wp-content\/uploads\/sites\/11\/2023\/02\/HS22_Modellfotografie_Master_Struktur_Dugald_Gardner_0066.jpg\",\"https:\/\/sites.hslu.ch\/architektur\/wp-content\/uploads\/sites\/11\/2023\/02\/HS22_Modellfotografie_Master_Struktur_Dugald_Gardner_0067.jpg\",\"https:\/\/sites.hslu.ch\/architektur\/wp-content\/uploads\/sites\/11\/2023\/02\/HS22_Modellfotografie_Master_Struktur_Dugald_Gardner_0068.jpg\",\"https:\/\/sites.hslu.ch\/architektur\/wp-content\/uploads\/sites\/11\/2023\/02\/HS22_Modellfotografie_Master_Struktur_Dugald_Gardner_0069.jpg\",\"https:\/\/sites.hslu.ch\/architektur\/wp-content\/uploads\/sites\/11\/2023\/02\/HS22_Modellfotografie_Master_Struktur_Dugald_Gardner_0070.jpg\",\"https:\/\/sites.hslu.ch\/architektur\/wp-content\/uploads\/sites\/11\/2023\/02\/HS22_Modellfotografie_Master_Struktur_Dugald_Gardner_0071.jpg\",\"https:\/\/sites.hslu.ch\/architektur\/wp-content\/uploads\/sites\/11\/2023\/02\/HS22_Modellfotografie_Master_Struktur_Dugald_Gardner_0072.jpg\"]'\n   data-full-screen \n   >\n\t<button class=\"cloudimage-360-prev\"><\/button>\n\t<button class=\"cloudimage-360-next\"><\/button>\n<\/div>","protected":false},"excerpt":{"rendered":"<p>Im Herbstsemester 2022 haben sich die Studierenden des Master Fokus \u00abArchitektur &amp; Energie\u00bb mit drei gestalterisch und architekturgeschichtlich bedeutenden Pavillonbauten auseinandergesetzt und sie als Ressource betrachtet, die ihnen in Form einer Bauteilwiederverwendung zur Verf\u00fcgung stehen, um ein neues Projekt zu entwerfen. Dugald Gardner entwarf eine von Studierenden betriebene Bar auf dem Campus Horw.<\/p>\n","protected":false},"author":44,"featured_media":18179,"comment_status":"closed","ping_status":"closed","sticky":false,"template":"","format":"standard","meta":{"_acf_changed":false,"footnotes":""},"categories":[48,230,47,22],"tags":[],"class_list":["post-18360","post","type-post","status-publish","format-standard","has-post-thumbnail","hentry","category-architektur-und-energie","category-hs2022","category-master-architektur","category-semester-jahr"],"acf":[],"yoast_head":"<!-- This site is optimized with the Yoast SEO plugin v27.4 - https:\/\/yoast.com\/product\/yoast-seo-wordpress\/ -->\n<title>The frame - Architektur an der Hochschule Luzern<\/title>\n<meta name=\"robots\" content=\"index, follow, max-snippet:-1, max-image-preview:large, max-video-preview:-1\" \/>\n<link rel=\"canonical\" href=\"https:\/\/sites.hslu.ch\/architektur\/the-frame\/\" \/>\n<meta property=\"og:locale\" content=\"de_DE\" \/>\n<meta property=\"og:type\" content=\"article\" \/>\n<meta property=\"og:title\" content=\"The frame - Architektur an der Hochschule Luzern\" \/>\n<meta property=\"og:description\" content=\"Im Herbstsemester 2022 haben sich die Studierenden des Master Fokus \u00abArchitektur &amp; Energie\u00bb mit drei gestalterisch und architekturgeschichtlich bedeutenden Pavillonbauten auseinandergesetzt und sie als Ressource betrachtet, die ihnen in Form einer Bauteilwiederverwendung zur Verf\u00fcgung stehen, um ein neues Projekt zu entwerfen. Dugald Gardner entwarf eine von Studierenden betriebene Bar auf dem Campus Horw.\" \/>\n<meta property=\"og:url\" content=\"https:\/\/sites.hslu.ch\/architektur\/the-frame\/\" \/>\n<meta property=\"og:site_name\" content=\"Architektur an der Hochschule Luzern\" \/>\n<meta property=\"article:published_time\" content=\"2023-02-21T16:07:55+00:00\" \/>\n<meta property=\"article:modified_time\" content=\"2023-02-24T08:19:02+00:00\" \/>\n<meta property=\"og:image\" content=\"https:\/\/sites.hslu.ch\/architektur\/wp-content\/uploads\/sites\/11\/2023\/02\/22hs_19_Projektmodule_Dugald_6504.jpg\" \/>\n\t<meta property=\"og:image:width\" content=\"1920\" \/>\n\t<meta property=\"og:image:height\" content=\"1280\" \/>\n\t<meta property=\"og:image:type\" content=\"image\/jpeg\" \/>\n<meta name=\"author\" content=\"jaramalevez\" \/>\n<meta name=\"twitter:card\" content=\"summary_large_image\" \/>\n<meta name=\"twitter:label1\" content=\"Verfasst von\" \/>\n\t<meta name=\"twitter:data1\" content=\"jaramalevez\" \/>\n\t<meta name=\"twitter:label2\" content=\"Gesch\u00e4tzte Lesezeit\" \/>\n\t<meta name=\"twitter:data2\" content=\"3\u00a0Minuten\" \/>\n<script type=\"application\/ld+json\" class=\"yoast-schema-graph\">{\"@context\":\"https:\\\/\\\/schema.org\",\"@graph\":[{\"@type\":\"Article\",\"@id\":\"https:\\\/\\\/sites.hslu.ch\\\/architektur\\\/the-frame\\\/#article\",\"isPartOf\":{\"@id\":\"https:\\\/\\\/sites.hslu.ch\\\/architektur\\\/the-frame\\\/\"},\"author\":{\"name\":\"jaramalevez\",\"@id\":\"https:\\\/\\\/sites.hslu.ch\\\/architektur\\\/#\\\/schema\\\/person\\\/001cee0914381b1d1d390e0f07da2aad\"},\"headline\":\"The frame\",\"datePublished\":\"2023-02-21T16:07:55+00:00\",\"dateModified\":\"2023-02-24T08:19:02+00:00\",\"mainEntityOfPage\":{\"@id\":\"https:\\\/\\\/sites.hslu.ch\\\/architektur\\\/the-frame\\\/\"},\"wordCount\":401,\"image\":{\"@id\":\"https:\\\/\\\/sites.hslu.ch\\\/architektur\\\/the-frame\\\/#primaryimage\"},\"thumbnailUrl\":\"https:\\\/\\\/sites.hslu.ch\\\/architektur\\\/wp-content\\\/uploads\\\/sites\\\/11\\\/2023\\\/02\\\/22hs_19_Projektmodule_Dugald_6504.jpg\",\"articleSection\":[\"Architektur &amp; Energie\",\"HS2022\",\"Master Architektur\",\"Semester\\\/Jahr\"],\"inLanguage\":\"de\"},{\"@type\":\"WebPage\",\"@id\":\"https:\\\/\\\/sites.hslu.ch\\\/architektur\\\/the-frame\\\/\",\"url\":\"https:\\\/\\\/sites.hslu.ch\\\/architektur\\\/the-frame\\\/\",\"name\":\"The frame - Architektur an der Hochschule Luzern\",\"isPartOf\":{\"@id\":\"https:\\\/\\\/sites.hslu.ch\\\/architektur\\\/#website\"},\"primaryImageOfPage\":{\"@id\":\"https:\\\/\\\/sites.hslu.ch\\\/architektur\\\/the-frame\\\/#primaryimage\"},\"image\":{\"@id\":\"https:\\\/\\\/sites.hslu.ch\\\/architektur\\\/the-frame\\\/#primaryimage\"},\"thumbnailUrl\":\"https:\\\/\\\/sites.hslu.ch\\\/architektur\\\/wp-content\\\/uploads\\\/sites\\\/11\\\/2023\\\/02\\\/22hs_19_Projektmodule_Dugald_6504.jpg\",\"datePublished\":\"2023-02-21T16:07:55+00:00\",\"dateModified\":\"2023-02-24T08:19:02+00:00\",\"author\":{\"@id\":\"https:\\\/\\\/sites.hslu.ch\\\/architektur\\\/#\\\/schema\\\/person\\\/001cee0914381b1d1d390e0f07da2aad\"},\"breadcrumb\":{\"@id\":\"https:\\\/\\\/sites.hslu.ch\\\/architektur\\\/the-frame\\\/#breadcrumb\"},\"inLanguage\":\"de\",\"potentialAction\":[{\"@type\":\"ReadAction\",\"target\":[\"https:\\\/\\\/sites.hslu.ch\\\/architektur\\\/the-frame\\\/\"]}]},{\"@type\":\"ImageObject\",\"inLanguage\":\"de\",\"@id\":\"https:\\\/\\\/sites.hslu.ch\\\/architektur\\\/the-frame\\\/#primaryimage\",\"url\":\"https:\\\/\\\/sites.hslu.ch\\\/architektur\\\/wp-content\\\/uploads\\\/sites\\\/11\\\/2023\\\/02\\\/22hs_19_Projektmodule_Dugald_6504.jpg\",\"contentUrl\":\"https:\\\/\\\/sites.hslu.ch\\\/architektur\\\/wp-content\\\/uploads\\\/sites\\\/11\\\/2023\\\/02\\\/22hs_19_Projektmodule_Dugald_6504.jpg\",\"width\":1920,\"height\":1280},{\"@type\":\"BreadcrumbList\",\"@id\":\"https:\\\/\\\/sites.hslu.ch\\\/architektur\\\/the-frame\\\/#breadcrumb\",\"itemListElement\":[{\"@type\":\"ListItem\",\"position\":1,\"name\":\"Home\",\"item\":\"https:\\\/\\\/sites.hslu.ch\\\/architektur\\\/\"},{\"@type\":\"ListItem\",\"position\":2,\"name\":\"The frame\"}]},{\"@type\":\"WebSite\",\"@id\":\"https:\\\/\\\/sites.hslu.ch\\\/architektur\\\/#website\",\"url\":\"https:\\\/\\\/sites.hslu.ch\\\/architektur\\\/\",\"name\":\"Architektur an der Hochschule Luzern\",\"description\":\"\",\"potentialAction\":[{\"@type\":\"SearchAction\",\"target\":{\"@type\":\"EntryPoint\",\"urlTemplate\":\"https:\\\/\\\/sites.hslu.ch\\\/architektur\\\/?s={search_term_string}\"},\"query-input\":{\"@type\":\"PropertyValueSpecification\",\"valueRequired\":true,\"valueName\":\"search_term_string\"}}],\"inLanguage\":\"de\"},{\"@type\":\"Person\",\"@id\":\"https:\\\/\\\/sites.hslu.ch\\\/architektur\\\/#\\\/schema\\\/person\\\/001cee0914381b1d1d390e0f07da2aad\",\"name\":\"jaramalevez\",\"url\":\"https:\\\/\\\/sites.hslu.ch\\\/architektur\\\/author\\\/jaramalevez\\\/\"}]}<\/script>\n<!-- \/ Yoast SEO plugin. -->","yoast_head_json":{"title":"The frame - Architektur an der Hochschule Luzern","robots":{"index":"index","follow":"follow","max-snippet":"max-snippet:-1","max-image-preview":"max-image-preview:large","max-video-preview":"max-video-preview:-1"},"canonical":"https:\/\/sites.hslu.ch\/architektur\/the-frame\/","og_locale":"de_DE","og_type":"article","og_title":"The frame - Architektur an der Hochschule Luzern","og_description":"Im Herbstsemester 2022 haben sich die Studierenden des Master Fokus \u00abArchitektur &amp; Energie\u00bb mit drei gestalterisch und architekturgeschichtlich bedeutenden Pavillonbauten auseinandergesetzt und sie als Ressource betrachtet, die ihnen in Form einer Bauteilwiederverwendung zur Verf\u00fcgung stehen, um ein neues Projekt zu entwerfen. Dugald Gardner entwarf eine von Studierenden betriebene Bar auf dem Campus Horw.","og_url":"https:\/\/sites.hslu.ch\/architektur\/the-frame\/","og_site_name":"Architektur an der Hochschule Luzern","article_published_time":"2023-02-21T16:07:55+00:00","article_modified_time":"2023-02-24T08:19:02+00:00","og_image":[{"width":1920,"height":1280,"url":"https:\/\/sites.hslu.ch\/architektur\/wp-content\/uploads\/sites\/11\/2023\/02\/22hs_19_Projektmodule_Dugald_6504.jpg","type":"image\/jpeg"}],"author":"jaramalevez","twitter_card":"summary_large_image","twitter_misc":{"Verfasst von":"jaramalevez","Gesch\u00e4tzte Lesezeit":"3\u00a0Minuten"},"schema":{"@context":"https:\/\/schema.org","@graph":[{"@type":"Article","@id":"https:\/\/sites.hslu.ch\/architektur\/the-frame\/#article","isPartOf":{"@id":"https:\/\/sites.hslu.ch\/architektur\/the-frame\/"},"author":{"name":"jaramalevez","@id":"https:\/\/sites.hslu.ch\/architektur\/#\/schema\/person\/001cee0914381b1d1d390e0f07da2aad"},"headline":"The frame","datePublished":"2023-02-21T16:07:55+00:00","dateModified":"2023-02-24T08:19:02+00:00","mainEntityOfPage":{"@id":"https:\/\/sites.hslu.ch\/architektur\/the-frame\/"},"wordCount":401,"image":{"@id":"https:\/\/sites.hslu.ch\/architektur\/the-frame\/#primaryimage"},"thumbnailUrl":"https:\/\/sites.hslu.ch\/architektur\/wp-content\/uploads\/sites\/11\/2023\/02\/22hs_19_Projektmodule_Dugald_6504.jpg","articleSection":["Architektur &amp; Energie","HS2022","Master Architektur","Semester\/Jahr"],"inLanguage":"de"},{"@type":"WebPage","@id":"https:\/\/sites.hslu.ch\/architektur\/the-frame\/","url":"https:\/\/sites.hslu.ch\/architektur\/the-frame\/","name":"The frame - Architektur an der Hochschule Luzern","isPartOf":{"@id":"https:\/\/sites.hslu.ch\/architektur\/#website"},"primaryImageOfPage":{"@id":"https:\/\/sites.hslu.ch\/architektur\/the-frame\/#primaryimage"},"image":{"@id":"https:\/\/sites.hslu.ch\/architektur\/the-frame\/#primaryimage"},"thumbnailUrl":"https:\/\/sites.hslu.ch\/architektur\/wp-content\/uploads\/sites\/11\/2023\/02\/22hs_19_Projektmodule_Dugald_6504.jpg","datePublished":"2023-02-21T16:07:55+00:00","dateModified":"2023-02-24T08:19:02+00:00","author":{"@id":"https:\/\/sites.hslu.ch\/architektur\/#\/schema\/person\/001cee0914381b1d1d390e0f07da2aad"},"breadcrumb":{"@id":"https:\/\/sites.hslu.ch\/architektur\/the-frame\/#breadcrumb"},"inLanguage":"de","potentialAction":[{"@type":"ReadAction","target":["https:\/\/sites.hslu.ch\/architektur\/the-frame\/"]}]},{"@type":"ImageObject","inLanguage":"de","@id":"https:\/\/sites.hslu.ch\/architektur\/the-frame\/#primaryimage","url":"https:\/\/sites.hslu.ch\/architektur\/wp-content\/uploads\/sites\/11\/2023\/02\/22hs_19_Projektmodule_Dugald_6504.jpg","contentUrl":"https:\/\/sites.hslu.ch\/architektur\/wp-content\/uploads\/sites\/11\/2023\/02\/22hs_19_Projektmodule_Dugald_6504.jpg","width":1920,"height":1280},{"@type":"BreadcrumbList","@id":"https:\/\/sites.hslu.ch\/architektur\/the-frame\/#breadcrumb","itemListElement":[{"@type":"ListItem","position":1,"name":"Home","item":"https:\/\/sites.hslu.ch\/architektur\/"},{"@type":"ListItem","position":2,"name":"The frame"}]},{"@type":"WebSite","@id":"https:\/\/sites.hslu.ch\/architektur\/#website","url":"https:\/\/sites.hslu.ch\/architektur\/","name":"Architektur an der Hochschule Luzern","description":"","potentialAction":[{"@type":"SearchAction","target":{"@type":"EntryPoint","urlTemplate":"https:\/\/sites.hslu.ch\/architektur\/?s={search_term_string}"},"query-input":{"@type":"PropertyValueSpecification","valueRequired":true,"valueName":"search_term_string"}}],"inLanguage":"de"},{"@type":"Person","@id":"https:\/\/sites.hslu.ch\/architektur\/#\/schema\/person\/001cee0914381b1d1d390e0f07da2aad","name":"jaramalevez","url":"https:\/\/sites.hslu.ch\/architektur\/author\/jaramalevez\/"}]}},"_links":{"self":[{"href":"https:\/\/sites.hslu.ch\/architektur\/wp-json\/wp\/v2\/posts\/18360","targetHints":{"allow":["GET"]}}],"collection":[{"href":"https:\/\/sites.hslu.ch\/architektur\/wp-json\/wp\/v2\/posts"}],"about":[{"href":"https:\/\/sites.hslu.ch\/architektur\/wp-json\/wp\/v2\/types\/post"}],"author":[{"embeddable":true,"href":"https:\/\/sites.hslu.ch\/architektur\/wp-json\/wp\/v2\/users\/44"}],"replies":[{"embeddable":true,"href":"https:\/\/sites.hslu.ch\/architektur\/wp-json\/wp\/v2\/comments?post=18360"}],"version-history":[{"count":5,"href":"https:\/\/sites.hslu.ch\/architektur\/wp-json\/wp\/v2\/posts\/18360\/revisions"}],"predecessor-version":[{"id":19557,"href":"https:\/\/sites.hslu.ch\/architektur\/wp-json\/wp\/v2\/posts\/18360\/revisions\/19557"}],"wp:featuredmedia":[{"embeddable":true,"href":"https:\/\/sites.hslu.ch\/architektur\/wp-json\/wp\/v2\/media\/18179"}],"wp:attachment":[{"href":"https:\/\/sites.hslu.ch\/architektur\/wp-json\/wp\/v2\/media?parent=18360"}],"wp:term":[{"taxonomy":"category","embeddable":true,"href":"https:\/\/sites.hslu.ch\/architektur\/wp-json\/wp\/v2\/categories?post=18360"},{"taxonomy":"post_tag","embeddable":true,"href":"https:\/\/sites.hslu.ch\/architektur\/wp-json\/wp\/v2\/tags?post=18360"}],"curies":[{"name":"wp","href":"https:\/\/api.w.org\/{rel}","templated":true}]}}