{"id":17469,"date":"2023-02-02T09:23:38","date_gmt":"2023-02-02T08:23:38","guid":{"rendered":"https:\/\/sites.hslu.ch\/architektur\/?p=17469"},"modified":"2023-02-02T10:06:22","modified_gmt":"2023-02-02T09:06:22","slug":"eine-waldhuette-entwurf-im-basic","status":"publish","type":"post","link":"https:\/\/sites.hslu.ch\/architektur\/eine-waldhuette-entwurf-im-basic\/","title":{"rendered":"Eine Waldh\u00fctte \u2013 Entwurf im Basic"},"content":{"rendered":"\n<p class=\"is-style-lead-text\">Im Herbstsemester 2022 hatten die Studierenden des Bachelor Basic im Atelier Piertzovanis Toews die Aufgabe, eine Waldh\u00fctte (Grundfl\u00e4che max. 4x4m) am Lai da Palpuogna zu entwerfen. Die H\u00f6he war nicht beschr\u00e4nkt, musste jedoch begr\u00fcndet werden. Die H\u00fctte durfte auf maximal 4 F\u00fcssen stehen und sonst den Boden nicht ber\u00fchren, sie sollte aus Holz sein und der Umgebung keinen Schaden zuf\u00fchren. Alle Pl\u00e4ne mussten von Hand gezeichnet werden.<\/p>\n\n\n\n<p>Der Studierende <strong>Sandro Wipfli <\/strong>entwarf eine spitze, hohe H\u00fctte. Er schreibt zu seinem Projekt: \u00abUnscheinbar fu\u0308hrt ein Weg durch den L\u00e4rchenwald entlang des Bergsees in Preda. Vorbei an grossen B\u00e4umen, gelangt man u\u0308ber eine kleine Holzbru\u0308cke zu einer Stelle, an der sich der Bach in zwei kleinere B\u00e4che aufteilt. Folgt man dem Bach weiter, \u00f6ffnet sich die atemberaubende Aussicht auf den See und die dahinter liegenden Berge. Die ganze Aussicht wird von zwei sehr markanten B\u00e4umen seitlich gerahmt.\u00bb<\/p>\n\n\n    <div class=\"ms-gallery \">\n        <div class=\"ms-gallery-sizer\"><\/div>\n        <div class=\"ms-gallery-gutter\"><\/div>\n                                        <div class=\"ms-gallery-item narrow\">\n                                                            <a href=\"https:\/\/sites.hslu.ch\/architektur\/wp-content\/uploads\/sites\/11\/2023\/01\/Sandro_Wipfli_Lai-Palpuogna_1_1920px.jpg\" data-lightbox=\"masonery-gallery\"  data-size=\"narrow\"  data-title=\"\" data-alt=\"\">\n                        <img decoding=\"async\" class=\"ms-gallery-item__image\"  data-size=\"narrow\"  src=\"https:\/\/sites.hslu.ch\/architektur\/wp-content\/uploads\/sites\/11\/2023\/01\/Sandro_Wipfli_Lai-Palpuogna_1_1920px.jpg\" alt=\"\" \/>\n                    <\/a>\n                                        <\/div>\n\n                                                                    <div class=\"ms-gallery-item narrow\">\n                                                            <a href=\"https:\/\/sites.hslu.ch\/architektur\/wp-content\/uploads\/sites\/11\/2023\/01\/HS22_Modellfotografie_Basic_Sandro_Wipfli_0157_1920px.jpg\" data-lightbox=\"masonery-gallery\"  data-size=\"narrow\"  data-title=\"\" data-alt=\"\">\n                        <img decoding=\"async\" class=\"ms-gallery-item__image\"  data-size=\"narrow\"  src=\"https:\/\/sites.hslu.ch\/architektur\/wp-content\/uploads\/sites\/11\/2023\/01\/HS22_Modellfotografie_Basic_Sandro_Wipfli_0157_1920px.jpg\" alt=\"\" \/>\n                    <\/a>\n                                        <\/div>\n\n                                                                    <div class=\"ms-gallery-item narrow\">\n                                                            <a href=\"https:\/\/sites.hslu.ch\/architektur\/wp-content\/uploads\/sites\/11\/2023\/01\/Sandro_Wipfli_Lai-Palpuogna_2_1920px.jpg\" data-lightbox=\"masonery-gallery\"  data-size=\"narrow\"  data-title=\"\" data-alt=\"\">\n                        <img decoding=\"async\" class=\"ms-gallery-item__image\"  data-size=\"narrow\"  src=\"https:\/\/sites.hslu.ch\/architektur\/wp-content\/uploads\/sites\/11\/2023\/01\/Sandro_Wipfli_Lai-Palpuogna_2_1920px.jpg\" alt=\"\" \/>\n                    <\/a>\n                                        <\/div>\n\n                                                    <div class=\"ms-gallery-item narrow\">\n                <\/div>\n                <\/div>\n            \n\n\n<p>\u00abZwischen hohen L\u00e4rchenb\u00e4umen ragt ein Turm bedeckt mit Holzschindeln im Wald hervor. Die filigrane Holzkonstruktion steht auf gr\u00f6sseren Steinen direkt u\u0308ber dem Bach, welcher nur sehr wenig Wasser fu\u0308hrt. \u00dcber einen Felsen kann man die Klapptu\u0308re aufziehen, u\u0308ber eine Schwelle steigen und in den Innenraum des achteckigen Turmes gelangen. Im Inneren befindet sich ein ger\u00e4umiges Bett, welches bei Bedarf umgeklappt werden kann, womit ein Sofa entsteht. Der Turm dient Wanderern und Touristen als \u00dcbernachtungsm\u00f6glichkeit in der Natur.\u00bb <\/p>\n\n\n    <div class=\"ms-gallery \">\n        <div class=\"ms-gallery-sizer\"><\/div>\n        <div class=\"ms-gallery-gutter\"><\/div>\n                                        <div class=\"ms-gallery-item narrow\">\n                                                            <a href=\"https:\/\/sites.hslu.ch\/architektur\/wp-content\/uploads\/sites\/11\/2023\/01\/Ansicht_1920px-1.jpg\" data-lightbox=\"masonery-gallery\"  data-size=\"narrow\"  data-title=\"\" data-alt=\"\">\n                        <img decoding=\"async\" class=\"ms-gallery-item__image\"  data-size=\"narrow\"  src=\"https:\/\/sites.hslu.ch\/architektur\/wp-content\/uploads\/sites\/11\/2023\/01\/Ansicht_1920px-1.jpg\" alt=\"\" \/>\n                    <\/a>\n                                        <\/div>\n\n                                                                    <div class=\"ms-gallery-item narrow\">\n                                                            <a href=\"https:\/\/sites.hslu.ch\/architektur\/wp-content\/uploads\/sites\/11\/2023\/01\/Grundriss_1920px-1.jpg\" data-lightbox=\"masonery-gallery\"  data-size=\"narrow\"  data-title=\"\" data-alt=\"\">\n                        <img decoding=\"async\" class=\"ms-gallery-item__image\"  data-size=\"narrow\"  src=\"https:\/\/sites.hslu.ch\/architektur\/wp-content\/uploads\/sites\/11\/2023\/01\/Grundriss_1920px-1.jpg\" alt=\"\" \/>\n                    <\/a>\n                                        <\/div>\n\n                                                                    <div class=\"ms-gallery-item narrow\">\n                                                            <a href=\"https:\/\/sites.hslu.ch\/architektur\/wp-content\/uploads\/sites\/11\/2023\/01\/Schnitt_1920px-1.jpg\" data-lightbox=\"masonery-gallery\"  data-size=\"narrow\"  data-title=\"\" data-alt=\"\">\n                        <img decoding=\"async\" class=\"ms-gallery-item__image\"  data-size=\"narrow\"  src=\"https:\/\/sites.hslu.ch\/architektur\/wp-content\/uploads\/sites\/11\/2023\/01\/Schnitt_1920px-1.jpg\" alt=\"\" \/>\n                    <\/a>\n                                        <\/div>\n\n                                                    <div class=\"ms-gallery-item narrow\">\n                <\/div>\n                <\/div>\n            \n\n\n<p>\u00abBlickt man in den Turm hinauf, sieht man die komplexe Holzkonstruktion, welche quer durch den Raum ragt und sich atmosph\u00e4risch auf den Innenraum auswirkt. Die diagonal durch den Raum verlaufende Verstrebung verleiht dem Turm Stabilit\u00e4t. Durch die kleinen \u00d6ffnungen im Boden, entlang der achteckigen W\u00e4nde gelangt tagsu\u0308ber reflektiertes Licht in den Turm. \u00dcber die acht aufklappbaren Tu\u0308ren kann zus\u00e4tzliches Licht in den Innenraum gelangen und man erh\u00e4lt fantastische Aussichten in alle Richtungen.\u00bb <\/p>\n\n\n    <div class=\"ms-gallery \">\n        <div class=\"ms-gallery-sizer\"><\/div>\n        <div class=\"ms-gallery-gutter\"><\/div>\n                                    <div class=\"ms-gallery-item wide\">\n                                                        <a href=\"https:\/\/sites.hslu.ch\/architektur\/wp-content\/uploads\/sites\/11\/2023\/02\/22hs_19_Projektmodule_Sandro-Wipfli_6069.jpg\" data-lightbox=\"masonery-gallery\"  data-size=\"wide\"  data-title=\"\" data-alt=\"\">\n                        <img decoding=\"async\" class=\"ms-gallery-item__image\"  data-size=\"wide\"  src=\"https:\/\/sites.hslu.ch\/architektur\/wp-content\/uploads\/sites\/11\/2023\/02\/22hs_19_Projektmodule_Sandro-Wipfli_6069.jpg\" alt=\"\" \/>\n                    <\/a>\n                                        <\/div>\n\n                                                                    <div class=\"ms-gallery-item narrow\">\n                                                            <a href=\"https:\/\/sites.hslu.ch\/architektur\/wp-content\/uploads\/sites\/11\/2023\/02\/22hs_19_Projektmodule_Sandro-Wipfli_6076.jpg\" data-lightbox=\"masonery-gallery\"  data-size=\"narrow\"  data-title=\"\" data-alt=\"\">\n                        <img decoding=\"async\" class=\"ms-gallery-item__image\"  data-size=\"narrow\"  src=\"https:\/\/sites.hslu.ch\/architektur\/wp-content\/uploads\/sites\/11\/2023\/02\/22hs_19_Projektmodule_Sandro-Wipfli_6076.jpg\" alt=\"\" \/>\n                    <\/a>\n                                        <\/div>\n\n                                                                <div class=\"ms-gallery-item wide\">\n                                                        <a href=\"https:\/\/sites.hslu.ch\/architektur\/wp-content\/uploads\/sites\/11\/2023\/02\/22hs_19_Projektmodule_Sandro-Wipfli_6084.jpg\" data-lightbox=\"masonery-gallery\"  data-size=\"wide\"  data-title=\"\" data-alt=\"\">\n                        <img decoding=\"async\" class=\"ms-gallery-item__image\"  data-size=\"wide\"  src=\"https:\/\/sites.hslu.ch\/architektur\/wp-content\/uploads\/sites\/11\/2023\/02\/22hs_19_Projektmodule_Sandro-Wipfli_6084.jpg\" alt=\"\" \/>\n                    <\/a>\n                                        <\/div>\n\n                                                    <div class=\"ms-gallery-item narrow\">\n                <\/div>\n                <\/div>\n            \n\n\n<p>Als Referenz diente dem Studierenden Sandro Wipfli der Turm der Kirche von Davos. Der Dozent Heinrich Toews hatte ihn auf einer Exkursion nach Davos auf die Konstruktion des sich mit der Zeit verdrehten Kirchturms aufmerksam gemacht. Nach dem Studium der Pl\u00e4ne der Kirche hat Sandro Wipfli die Konstruktion seiner H\u00fctte entwickelt.<\/p>\n\n\n    <div class=\"ms-gallery \">\n        <div class=\"ms-gallery-sizer\"><\/div>\n        <div class=\"ms-gallery-gutter\"><\/div>\n                                        <div class=\"ms-gallery-item narrow\">\n                                                            <a href=\"https:\/\/sites.hslu.ch\/architektur\/wp-content\/uploads\/sites\/11\/2023\/01\/Kirche-Davos-Seite1_1920px.jpg\" data-lightbox=\"masonery-gallery\"  data-size=\"narrow\"  data-title=\"\" data-alt=\"\">\n                        <img decoding=\"async\" class=\"ms-gallery-item__image\"  data-size=\"narrow\"  src=\"https:\/\/sites.hslu.ch\/architektur\/wp-content\/uploads\/sites\/11\/2023\/01\/Kirche-Davos-Seite1_1920px.jpg\" alt=\"\" \/>\n                    <\/a>\n                                        <\/div>\n\n                                                                    <div class=\"ms-gallery-item narrow\">\n                                                            <a href=\"https:\/\/sites.hslu.ch\/architektur\/wp-content\/uploads\/sites\/11\/2023\/01\/Kirche-Davos-Seite3_1920px.jpg\" data-lightbox=\"masonery-gallery\"  data-size=\"narrow\"  data-title=\"\" data-alt=\"\">\n                        <img decoding=\"async\" class=\"ms-gallery-item__image\"  data-size=\"narrow\"  src=\"https:\/\/sites.hslu.ch\/architektur\/wp-content\/uploads\/sites\/11\/2023\/01\/Kirche-Davos-Seite3_1920px.jpg\" alt=\"\" \/>\n                    <\/a>\n                                        <\/div>\n\n                                                                    <div class=\"ms-gallery-item narrow\">\n                                                            <a href=\"https:\/\/sites.hslu.ch\/architektur\/wp-content\/uploads\/sites\/11\/2023\/01\/Kirche-Davos-Seite2_1920px.jpg\" data-lightbox=\"masonery-gallery\"  data-size=\"narrow\"  data-title=\"\" data-alt=\"\">\n                        <img decoding=\"async\" class=\"ms-gallery-item__image\"  data-size=\"narrow\"  src=\"https:\/\/sites.hslu.ch\/architektur\/wp-content\/uploads\/sites\/11\/2023\/01\/Kirche-Davos-Seite2_1920px.jpg\" alt=\"\" \/>\n                    <\/a>\n                                        <\/div>\n\n                                                    <div class=\"ms-gallery-item narrow\">\n                <\/div>\n                <\/div>\n            \n\n<div\n   class=\"cloudimage-360\"\n   data-amount=\"70\"\n   data-image-list='[\"https:\/\/sites.hslu.ch\/architektur\/wp-content\/uploads\/sites\/11\/2023\/01\/HS22_Modellfotografie_Basic_Sandro_Wipfli_0086.jpg\",\"https:\/\/sites.hslu.ch\/architektur\/wp-content\/uploads\/sites\/11\/2023\/01\/HS22_Modellfotografie_Basic_Sandro_Wipfli_0087.jpg\",\"https:\/\/sites.hslu.ch\/architektur\/wp-content\/uploads\/sites\/11\/2023\/01\/HS22_Modellfotografie_Basic_Sandro_Wipfli_0088.jpg\",\"https:\/\/sites.hslu.ch\/architektur\/wp-content\/uploads\/sites\/11\/2023\/01\/HS22_Modellfotografie_Basic_Sandro_Wipfli_0089.jpg\",\"https:\/\/sites.hslu.ch\/architektur\/wp-content\/uploads\/sites\/11\/2023\/01\/HS22_Modellfotografie_Basic_Sandro_Wipfli_0090.jpg\",\"https:\/\/sites.hslu.ch\/architektur\/wp-content\/uploads\/sites\/11\/2023\/01\/HS22_Modellfotografie_Basic_Sandro_Wipfli_0091.jpg\",\"https:\/\/sites.hslu.ch\/architektur\/wp-content\/uploads\/sites\/11\/2023\/01\/HS22_Modellfotografie_Basic_Sandro_Wipfli_0092.jpg\",\"https:\/\/sites.hslu.ch\/architektur\/wp-content\/uploads\/sites\/11\/2023\/01\/HS22_Modellfotografie_Basic_Sandro_Wipfli_0093.jpg\",\"https:\/\/sites.hslu.ch\/architektur\/wp-content\/uploads\/sites\/11\/2023\/01\/HS22_Modellfotografie_Basic_Sandro_Wipfli_0094.jpg\",\"https:\/\/sites.hslu.ch\/architektur\/wp-content\/uploads\/sites\/11\/2023\/01\/HS22_Modellfotografie_Basic_Sandro_Wipfli_0095.jpg\",\"https:\/\/sites.hslu.ch\/architektur\/wp-content\/uploads\/sites\/11\/2023\/01\/HS22_Modellfotografie_Basic_Sandro_Wipfli_0096.jpg\",\"https:\/\/sites.hslu.ch\/architektur\/wp-content\/uploads\/sites\/11\/2023\/01\/HS22_Modellfotografie_Basic_Sandro_Wipfli_0097.jpg\",\"https:\/\/sites.hslu.ch\/architektur\/wp-content\/uploads\/sites\/11\/2023\/01\/HS22_Modellfotografie_Basic_Sandro_Wipfli_0098.jpg\",\"https:\/\/sites.hslu.ch\/architektur\/wp-content\/uploads\/sites\/11\/2023\/01\/HS22_Modellfotografie_Basic_Sandro_Wipfli_0099.jpg\",\"https:\/\/sites.hslu.ch\/architektur\/wp-content\/uploads\/sites\/11\/2023\/01\/HS22_Modellfotografie_Basic_Sandro_Wipfli_0100.jpg\",\"https:\/\/sites.hslu.ch\/architektur\/wp-content\/uploads\/sites\/11\/2023\/01\/HS22_Modellfotografie_Basic_Sandro_Wipfli_0101.jpg\",\"https:\/\/sites.hslu.ch\/architektur\/wp-content\/uploads\/sites\/11\/2023\/01\/HS22_Modellfotografie_Basic_Sandro_Wipfli_0102.jpg\",\"https:\/\/sites.hslu.ch\/architektur\/wp-content\/uploads\/sites\/11\/2023\/01\/HS22_Modellfotografie_Basic_Sandro_Wipfli_0103.jpg\",\"https:\/\/sites.hslu.ch\/architektur\/wp-content\/uploads\/sites\/11\/2023\/01\/HS22_Modellfotografie_Basic_Sandro_Wipfli_0104.jpg\",\"https:\/\/sites.hslu.ch\/architektur\/wp-content\/uploads\/sites\/11\/2023\/01\/HS22_Modellfotografie_Basic_Sandro_Wipfli_0105.jpg\",\"https:\/\/sites.hslu.ch\/architektur\/wp-content\/uploads\/sites\/11\/2023\/01\/HS22_Modellfotografie_Basic_Sandro_Wipfli_0106.jpg\",\"https:\/\/sites.hslu.ch\/architektur\/wp-content\/uploads\/sites\/11\/2023\/01\/HS22_Modellfotografie_Basic_Sandro_Wipfli_0107.jpg\",\"https:\/\/sites.hslu.ch\/architektur\/wp-content\/uploads\/sites\/11\/2023\/01\/HS22_Modellfotografie_Basic_Sandro_Wipfli_0108.jpg\",\"https:\/\/sites.hslu.ch\/architektur\/wp-content\/uploads\/sites\/11\/2023\/01\/HS22_Modellfotografie_Basic_Sandro_Wipfli_0109.jpg\",\"https:\/\/sites.hslu.ch\/architektur\/wp-content\/uploads\/sites\/11\/2023\/01\/HS22_Modellfotografie_Basic_Sandro_Wipfli_0110.jpg\",\"https:\/\/sites.hslu.ch\/architektur\/wp-content\/uploads\/sites\/11\/2023\/01\/HS22_Modellfotografie_Basic_Sandro_Wipfli_0111.jpg\",\"https:\/\/sites.hslu.ch\/architektur\/wp-content\/uploads\/sites\/11\/2023\/01\/HS22_Modellfotografie_Basic_Sandro_Wipfli_0112.jpg\",\"https:\/\/sites.hslu.ch\/architektur\/wp-content\/uploads\/sites\/11\/2023\/01\/HS22_Modellfotografie_Basic_Sandro_Wipfli_0113.jpg\",\"https:\/\/sites.hslu.ch\/architektur\/wp-content\/uploads\/sites\/11\/2023\/01\/HS22_Modellfotografie_Basic_Sandro_Wipfli_0114.jpg\",\"https:\/\/sites.hslu.ch\/architektur\/wp-content\/uploads\/sites\/11\/2023\/01\/HS22_Modellfotografie_Basic_Sandro_Wipfli_0115.jpg\",\"https:\/\/sites.hslu.ch\/architektur\/wp-content\/uploads\/sites\/11\/2023\/01\/HS22_Modellfotografie_Basic_Sandro_Wipfli_0116.jpg\",\"https:\/\/sites.hslu.ch\/architektur\/wp-content\/uploads\/sites\/11\/2023\/01\/HS22_Modellfotografie_Basic_Sandro_Wipfli_0117.jpg\",\"https:\/\/sites.hslu.ch\/architektur\/wp-content\/uploads\/sites\/11\/2023\/01\/HS22_Modellfotografie_Basic_Sandro_Wipfli_0118.jpg\",\"https:\/\/sites.hslu.ch\/architektur\/wp-content\/uploads\/sites\/11\/2023\/01\/HS22_Modellfotografie_Basic_Sandro_Wipfli_0119.jpg\",\"https:\/\/sites.hslu.ch\/architektur\/wp-content\/uploads\/sites\/11\/2023\/01\/HS22_Modellfotografie_Basic_Sandro_Wipfli_0120.jpg\",\"https:\/\/sites.hslu.ch\/architektur\/wp-content\/uploads\/sites\/11\/2023\/01\/HS22_Modellfotografie_Basic_Sandro_Wipfli_0121.jpg\",\"https:\/\/sites.hslu.ch\/architektur\/wp-content\/uploads\/sites\/11\/2023\/01\/HS22_Modellfotografie_Basic_Sandro_Wipfli_0122.jpg\",\"https:\/\/sites.hslu.ch\/architektur\/wp-content\/uploads\/sites\/11\/2023\/01\/HS22_Modellfotografie_Basic_Sandro_Wipfli_0123.jpg\",\"https:\/\/sites.hslu.ch\/architektur\/wp-content\/uploads\/sites\/11\/2023\/01\/HS22_Modellfotografie_Basic_Sandro_Wipfli_0124.jpg\",\"https:\/\/sites.hslu.ch\/architektur\/wp-content\/uploads\/sites\/11\/2023\/01\/HS22_Modellfotografie_Basic_Sandro_Wipfli_0125.jpg\",\"https:\/\/sites.hslu.ch\/architektur\/wp-content\/uploads\/sites\/11\/2023\/01\/HS22_Modellfotografie_Basic_Sandro_Wipfli_0126.jpg\",\"https:\/\/sites.hslu.ch\/architektur\/wp-content\/uploads\/sites\/11\/2023\/01\/HS22_Modellfotografie_Basic_Sandro_Wipfli_0127.jpg\",\"https:\/\/sites.hslu.ch\/architektur\/wp-content\/uploads\/sites\/11\/2023\/01\/HS22_Modellfotografie_Basic_Sandro_Wipfli_0128.jpg\",\"https:\/\/sites.hslu.ch\/architektur\/wp-content\/uploads\/sites\/11\/2023\/01\/HS22_Modellfotografie_Basic_Sandro_Wipfli_0129.jpg\",\"https:\/\/sites.hslu.ch\/architektur\/wp-content\/uploads\/sites\/11\/2023\/01\/HS22_Modellfotografie_Basic_Sandro_Wipfli_0130.jpg\",\"https:\/\/sites.hslu.ch\/architektur\/wp-content\/uploads\/sites\/11\/2023\/01\/HS22_Modellfotografie_Basic_Sandro_Wipfli_0131.jpg\",\"https:\/\/sites.hslu.ch\/architektur\/wp-content\/uploads\/sites\/11\/2023\/01\/HS22_Modellfotografie_Basic_Sandro_Wipfli_0132.jpg\",\"https:\/\/sites.hslu.ch\/architektur\/wp-content\/uploads\/sites\/11\/2023\/01\/HS22_Modellfotografie_Basic_Sandro_Wipfli_0133.jpg\",\"https:\/\/sites.hslu.ch\/architektur\/wp-content\/uploads\/sites\/11\/2023\/01\/HS22_Modellfotografie_Basic_Sandro_Wipfli_0134.jpg\",\"https:\/\/sites.hslu.ch\/architektur\/wp-content\/uploads\/sites\/11\/2023\/01\/HS22_Modellfotografie_Basic_Sandro_Wipfli_0135.jpg\",\"https:\/\/sites.hslu.ch\/architektur\/wp-content\/uploads\/sites\/11\/2023\/01\/HS22_Modellfotografie_Basic_Sandro_Wipfli_0136.jpg\",\"https:\/\/sites.hslu.ch\/architektur\/wp-content\/uploads\/sites\/11\/2023\/01\/HS22_Modellfotografie_Basic_Sandro_Wipfli_0137.jpg\",\"https:\/\/sites.hslu.ch\/architektur\/wp-content\/uploads\/sites\/11\/2023\/01\/HS22_Modellfotografie_Basic_Sandro_Wipfli_0138.jpg\",\"https:\/\/sites.hslu.ch\/architektur\/wp-content\/uploads\/sites\/11\/2023\/01\/HS22_Modellfotografie_Basic_Sandro_Wipfli_0139.jpg\",\"https:\/\/sites.hslu.ch\/architektur\/wp-content\/uploads\/sites\/11\/2023\/01\/HS22_Modellfotografie_Basic_Sandro_Wipfli_0140.jpg\",\"https:\/\/sites.hslu.ch\/architektur\/wp-content\/uploads\/sites\/11\/2023\/01\/HS22_Modellfotografie_Basic_Sandro_Wipfli_0141.jpg\",\"https:\/\/sites.hslu.ch\/architektur\/wp-content\/uploads\/sites\/11\/2023\/01\/HS22_Modellfotografie_Basic_Sandro_Wipfli_0142.jpg\",\"https:\/\/sites.hslu.ch\/architektur\/wp-content\/uploads\/sites\/11\/2023\/01\/HS22_Modellfotografie_Basic_Sandro_Wipfli_0143.jpg\",\"https:\/\/sites.hslu.ch\/architektur\/wp-content\/uploads\/sites\/11\/2023\/01\/HS22_Modellfotografie_Basic_Sandro_Wipfli_0144.jpg\",\"https:\/\/sites.hslu.ch\/architektur\/wp-content\/uploads\/sites\/11\/2023\/01\/HS22_Modellfotografie_Basic_Sandro_Wipfli_0145.jpg\",\"https:\/\/sites.hslu.ch\/architektur\/wp-content\/uploads\/sites\/11\/2023\/01\/HS22_Modellfotografie_Basic_Sandro_Wipfli_0146.jpg\",\"https:\/\/sites.hslu.ch\/architektur\/wp-content\/uploads\/sites\/11\/2023\/01\/HS22_Modellfotografie_Basic_Sandro_Wipfli_0147.jpg\",\"https:\/\/sites.hslu.ch\/architektur\/wp-content\/uploads\/sites\/11\/2023\/01\/HS22_Modellfotografie_Basic_Sandro_Wipfli_0148.jpg\",\"https:\/\/sites.hslu.ch\/architektur\/wp-content\/uploads\/sites\/11\/2023\/01\/HS22_Modellfotografie_Basic_Sandro_Wipfli_0149.jpg\",\"https:\/\/sites.hslu.ch\/architektur\/wp-content\/uploads\/sites\/11\/2023\/01\/HS22_Modellfotografie_Basic_Sandro_Wipfli_0150-1.jpg\",\"https:\/\/sites.hslu.ch\/architektur\/wp-content\/uploads\/sites\/11\/2023\/01\/HS22_Modellfotografie_Basic_Sandro_Wipfli_0151.jpg\",\"https:\/\/sites.hslu.ch\/architektur\/wp-content\/uploads\/sites\/11\/2023\/01\/HS22_Modellfotografie_Basic_Sandro_Wipfli_0152.jpg\",\"https:\/\/sites.hslu.ch\/architektur\/wp-content\/uploads\/sites\/11\/2023\/01\/HS22_Modellfotografie_Basic_Sandro_Wipfli_0153.jpg\",\"https:\/\/sites.hslu.ch\/architektur\/wp-content\/uploads\/sites\/11\/2023\/01\/HS22_Modellfotografie_Basic_Sandro_Wipfli_0154.jpg\",\"https:\/\/sites.hslu.ch\/architektur\/wp-content\/uploads\/sites\/11\/2023\/01\/HS22_Modellfotografie_Basic_Sandro_Wipfli_0155.jpg\"]'\n   data-full-screen \n   >\n\t<button class=\"cloudimage-360-prev\"><\/button>\n\t<button class=\"cloudimage-360-next\"><\/button>\n<\/div>","protected":false},"excerpt":{"rendered":"<p>Im Herbstsemester 2022 hatten die Studierenden des Bachelor Basic im Atelier Piertzovanis Toews die Aufgabe, eine Waldh\u00fctte (Grundfl\u00e4che max. 4x4m) am Lai da Palpuogna zu entwerfen. Die H\u00f6he war nicht [&hellip;]<\/p>\n","protected":false},"author":44,"featured_media":17616,"comment_status":"closed","ping_status":"closed","sticky":false,"template":"","format":"standard","meta":{"_acf_changed":false,"footnotes":""},"categories":[6,230,15,22],"tags":[],"class_list":["post-17469","post","type-post","status-publish","format-standard","has-post-thumbnail","hentry","category-bachelor-architektur","category-hs2022","category-projektmodule","category-semester-jahr"],"acf":[],"yoast_head":"<!-- This site is optimized with the Yoast SEO plugin v27.4 - https:\/\/yoast.com\/product\/yoast-seo-wordpress\/ -->\n<title>Eine Waldh\u00fctte \u2013 Entwurf im Basic - Architektur an der Hochschule Luzern<\/title>\n<meta name=\"robots\" content=\"index, follow, max-snippet:-1, max-image-preview:large, max-video-preview:-1\" \/>\n<link rel=\"canonical\" href=\"https:\/\/sites.hslu.ch\/architektur\/eine-waldhuette-entwurf-im-basic\/\" \/>\n<meta property=\"og:locale\" content=\"de_DE\" \/>\n<meta property=\"og:type\" content=\"article\" \/>\n<meta property=\"og:title\" content=\"Eine Waldh\u00fctte \u2013 Entwurf im Basic - Architektur an der Hochschule Luzern\" \/>\n<meta property=\"og:description\" content=\"Im Herbstsemester 2022 hatten die Studierenden des Bachelor Basic im Atelier Piertzovanis Toews die Aufgabe, eine Waldh\u00fctte (Grundfl\u00e4che max. 4x4m) am Lai da Palpuogna zu entwerfen. Die H\u00f6he war nicht [&hellip;]\" \/>\n<meta property=\"og:url\" content=\"https:\/\/sites.hslu.ch\/architektur\/eine-waldhuette-entwurf-im-basic\/\" \/>\n<meta property=\"og:site_name\" content=\"Architektur an der Hochschule Luzern\" \/>\n<meta property=\"article:published_time\" content=\"2023-02-02T08:23:38+00:00\" \/>\n<meta property=\"article:modified_time\" content=\"2023-02-02T09:06:22+00:00\" \/>\n<meta property=\"og:image\" content=\"https:\/\/sites.hslu.ch\/architektur\/wp-content\/uploads\/sites\/11\/2023\/01\/HS22_Modellfotografie_Basic_Sandro_Wipfli_0157_1920px.jpg\" \/>\n\t<meta property=\"og:image:width\" content=\"1280\" \/>\n\t<meta property=\"og:image:height\" content=\"1920\" \/>\n\t<meta property=\"og:image:type\" content=\"image\/jpeg\" \/>\n<meta name=\"author\" content=\"jaramalevez\" \/>\n<meta name=\"twitter:card\" content=\"summary_large_image\" \/>\n<meta name=\"twitter:label1\" content=\"Verfasst von\" \/>\n\t<meta name=\"twitter:data1\" content=\"jaramalevez\" \/>\n\t<meta name=\"twitter:label2\" content=\"Gesch\u00e4tzte Lesezeit\" \/>\n\t<meta name=\"twitter:data2\" content=\"2\u00a0Minuten\" \/>\n<script type=\"application\/ld+json\" class=\"yoast-schema-graph\">{\"@context\":\"https:\\\/\\\/schema.org\",\"@graph\":[{\"@type\":\"Article\",\"@id\":\"https:\\\/\\\/sites.hslu.ch\\\/architektur\\\/eine-waldhuette-entwurf-im-basic\\\/#article\",\"isPartOf\":{\"@id\":\"https:\\\/\\\/sites.hslu.ch\\\/architektur\\\/eine-waldhuette-entwurf-im-basic\\\/\"},\"author\":{\"name\":\"jaramalevez\",\"@id\":\"https:\\\/\\\/sites.hslu.ch\\\/architektur\\\/#\\\/schema\\\/person\\\/001cee0914381b1d1d390e0f07da2aad\"},\"headline\":\"Eine Waldh\u00fctte \u2013 Entwurf im Basic\",\"datePublished\":\"2023-02-02T08:23:38+00:00\",\"dateModified\":\"2023-02-02T09:06:22+00:00\",\"mainEntityOfPage\":{\"@id\":\"https:\\\/\\\/sites.hslu.ch\\\/architektur\\\/eine-waldhuette-entwurf-im-basic\\\/\"},\"wordCount\":386,\"image\":{\"@id\":\"https:\\\/\\\/sites.hslu.ch\\\/architektur\\\/eine-waldhuette-entwurf-im-basic\\\/#primaryimage\"},\"thumbnailUrl\":\"https:\\\/\\\/sites.hslu.ch\\\/architektur\\\/wp-content\\\/uploads\\\/sites\\\/11\\\/2023\\\/01\\\/HS22_Modellfotografie_Basic_Sandro_Wipfli_0157_1920px.jpg\",\"articleSection\":[\"Bachelor Architektur\",\"HS2022\",\"Projektmodule\",\"Semester\\\/Jahr\"],\"inLanguage\":\"de\"},{\"@type\":\"WebPage\",\"@id\":\"https:\\\/\\\/sites.hslu.ch\\\/architektur\\\/eine-waldhuette-entwurf-im-basic\\\/\",\"url\":\"https:\\\/\\\/sites.hslu.ch\\\/architektur\\\/eine-waldhuette-entwurf-im-basic\\\/\",\"name\":\"Eine Waldh\u00fctte \u2013 Entwurf im Basic - Architektur an der Hochschule Luzern\",\"isPartOf\":{\"@id\":\"https:\\\/\\\/sites.hslu.ch\\\/architektur\\\/#website\"},\"primaryImageOfPage\":{\"@id\":\"https:\\\/\\\/sites.hslu.ch\\\/architektur\\\/eine-waldhuette-entwurf-im-basic\\\/#primaryimage\"},\"image\":{\"@id\":\"https:\\\/\\\/sites.hslu.ch\\\/architektur\\\/eine-waldhuette-entwurf-im-basic\\\/#primaryimage\"},\"thumbnailUrl\":\"https:\\\/\\\/sites.hslu.ch\\\/architektur\\\/wp-content\\\/uploads\\\/sites\\\/11\\\/2023\\\/01\\\/HS22_Modellfotografie_Basic_Sandro_Wipfli_0157_1920px.jpg\",\"datePublished\":\"2023-02-02T08:23:38+00:00\",\"dateModified\":\"2023-02-02T09:06:22+00:00\",\"author\":{\"@id\":\"https:\\\/\\\/sites.hslu.ch\\\/architektur\\\/#\\\/schema\\\/person\\\/001cee0914381b1d1d390e0f07da2aad\"},\"breadcrumb\":{\"@id\":\"https:\\\/\\\/sites.hslu.ch\\\/architektur\\\/eine-waldhuette-entwurf-im-basic\\\/#breadcrumb\"},\"inLanguage\":\"de\",\"potentialAction\":[{\"@type\":\"ReadAction\",\"target\":[\"https:\\\/\\\/sites.hslu.ch\\\/architektur\\\/eine-waldhuette-entwurf-im-basic\\\/\"]}]},{\"@type\":\"ImageObject\",\"inLanguage\":\"de\",\"@id\":\"https:\\\/\\\/sites.hslu.ch\\\/architektur\\\/eine-waldhuette-entwurf-im-basic\\\/#primaryimage\",\"url\":\"https:\\\/\\\/sites.hslu.ch\\\/architektur\\\/wp-content\\\/uploads\\\/sites\\\/11\\\/2023\\\/01\\\/HS22_Modellfotografie_Basic_Sandro_Wipfli_0157_1920px.jpg\",\"contentUrl\":\"https:\\\/\\\/sites.hslu.ch\\\/architektur\\\/wp-content\\\/uploads\\\/sites\\\/11\\\/2023\\\/01\\\/HS22_Modellfotografie_Basic_Sandro_Wipfli_0157_1920px.jpg\",\"width\":1280,\"height\":1920},{\"@type\":\"BreadcrumbList\",\"@id\":\"https:\\\/\\\/sites.hslu.ch\\\/architektur\\\/eine-waldhuette-entwurf-im-basic\\\/#breadcrumb\",\"itemListElement\":[{\"@type\":\"ListItem\",\"position\":1,\"name\":\"Home\",\"item\":\"https:\\\/\\\/sites.hslu.ch\\\/architektur\\\/\"},{\"@type\":\"ListItem\",\"position\":2,\"name\":\"Eine Waldh\u00fctte \u2013 Entwurf im Basic\"}]},{\"@type\":\"WebSite\",\"@id\":\"https:\\\/\\\/sites.hslu.ch\\\/architektur\\\/#website\",\"url\":\"https:\\\/\\\/sites.hslu.ch\\\/architektur\\\/\",\"name\":\"Architektur an der Hochschule Luzern\",\"description\":\"\",\"potentialAction\":[{\"@type\":\"SearchAction\",\"target\":{\"@type\":\"EntryPoint\",\"urlTemplate\":\"https:\\\/\\\/sites.hslu.ch\\\/architektur\\\/?s={search_term_string}\"},\"query-input\":{\"@type\":\"PropertyValueSpecification\",\"valueRequired\":true,\"valueName\":\"search_term_string\"}}],\"inLanguage\":\"de\"},{\"@type\":\"Person\",\"@id\":\"https:\\\/\\\/sites.hslu.ch\\\/architektur\\\/#\\\/schema\\\/person\\\/001cee0914381b1d1d390e0f07da2aad\",\"name\":\"jaramalevez\",\"url\":\"https:\\\/\\\/sites.hslu.ch\\\/architektur\\\/author\\\/jaramalevez\\\/\"}]}<\/script>\n<!-- \/ Yoast SEO plugin. -->","yoast_head_json":{"title":"Eine Waldh\u00fctte \u2013 Entwurf im Basic - Architektur an der Hochschule Luzern","robots":{"index":"index","follow":"follow","max-snippet":"max-snippet:-1","max-image-preview":"max-image-preview:large","max-video-preview":"max-video-preview:-1"},"canonical":"https:\/\/sites.hslu.ch\/architektur\/eine-waldhuette-entwurf-im-basic\/","og_locale":"de_DE","og_type":"article","og_title":"Eine Waldh\u00fctte \u2013 Entwurf im Basic - Architektur an der Hochschule Luzern","og_description":"Im Herbstsemester 2022 hatten die Studierenden des Bachelor Basic im Atelier Piertzovanis Toews die Aufgabe, eine Waldh\u00fctte (Grundfl\u00e4che max. 4x4m) am Lai da Palpuogna zu entwerfen. Die H\u00f6he war nicht [&hellip;]","og_url":"https:\/\/sites.hslu.ch\/architektur\/eine-waldhuette-entwurf-im-basic\/","og_site_name":"Architektur an der Hochschule Luzern","article_published_time":"2023-02-02T08:23:38+00:00","article_modified_time":"2023-02-02T09:06:22+00:00","og_image":[{"width":1280,"height":1920,"url":"https:\/\/sites.hslu.ch\/architektur\/wp-content\/uploads\/sites\/11\/2023\/01\/HS22_Modellfotografie_Basic_Sandro_Wipfli_0157_1920px.jpg","type":"image\/jpeg"}],"author":"jaramalevez","twitter_card":"summary_large_image","twitter_misc":{"Verfasst von":"jaramalevez","Gesch\u00e4tzte Lesezeit":"2\u00a0Minuten"},"schema":{"@context":"https:\/\/schema.org","@graph":[{"@type":"Article","@id":"https:\/\/sites.hslu.ch\/architektur\/eine-waldhuette-entwurf-im-basic\/#article","isPartOf":{"@id":"https:\/\/sites.hslu.ch\/architektur\/eine-waldhuette-entwurf-im-basic\/"},"author":{"name":"jaramalevez","@id":"https:\/\/sites.hslu.ch\/architektur\/#\/schema\/person\/001cee0914381b1d1d390e0f07da2aad"},"headline":"Eine Waldh\u00fctte \u2013 Entwurf im Basic","datePublished":"2023-02-02T08:23:38+00:00","dateModified":"2023-02-02T09:06:22+00:00","mainEntityOfPage":{"@id":"https:\/\/sites.hslu.ch\/architektur\/eine-waldhuette-entwurf-im-basic\/"},"wordCount":386,"image":{"@id":"https:\/\/sites.hslu.ch\/architektur\/eine-waldhuette-entwurf-im-basic\/#primaryimage"},"thumbnailUrl":"https:\/\/sites.hslu.ch\/architektur\/wp-content\/uploads\/sites\/11\/2023\/01\/HS22_Modellfotografie_Basic_Sandro_Wipfli_0157_1920px.jpg","articleSection":["Bachelor Architektur","HS2022","Projektmodule","Semester\/Jahr"],"inLanguage":"de"},{"@type":"WebPage","@id":"https:\/\/sites.hslu.ch\/architektur\/eine-waldhuette-entwurf-im-basic\/","url":"https:\/\/sites.hslu.ch\/architektur\/eine-waldhuette-entwurf-im-basic\/","name":"Eine Waldh\u00fctte \u2013 Entwurf im Basic - Architektur an der Hochschule Luzern","isPartOf":{"@id":"https:\/\/sites.hslu.ch\/architektur\/#website"},"primaryImageOfPage":{"@id":"https:\/\/sites.hslu.ch\/architektur\/eine-waldhuette-entwurf-im-basic\/#primaryimage"},"image":{"@id":"https:\/\/sites.hslu.ch\/architektur\/eine-waldhuette-entwurf-im-basic\/#primaryimage"},"thumbnailUrl":"https:\/\/sites.hslu.ch\/architektur\/wp-content\/uploads\/sites\/11\/2023\/01\/HS22_Modellfotografie_Basic_Sandro_Wipfli_0157_1920px.jpg","datePublished":"2023-02-02T08:23:38+00:00","dateModified":"2023-02-02T09:06:22+00:00","author":{"@id":"https:\/\/sites.hslu.ch\/architektur\/#\/schema\/person\/001cee0914381b1d1d390e0f07da2aad"},"breadcrumb":{"@id":"https:\/\/sites.hslu.ch\/architektur\/eine-waldhuette-entwurf-im-basic\/#breadcrumb"},"inLanguage":"de","potentialAction":[{"@type":"ReadAction","target":["https:\/\/sites.hslu.ch\/architektur\/eine-waldhuette-entwurf-im-basic\/"]}]},{"@type":"ImageObject","inLanguage":"de","@id":"https:\/\/sites.hslu.ch\/architektur\/eine-waldhuette-entwurf-im-basic\/#primaryimage","url":"https:\/\/sites.hslu.ch\/architektur\/wp-content\/uploads\/sites\/11\/2023\/01\/HS22_Modellfotografie_Basic_Sandro_Wipfli_0157_1920px.jpg","contentUrl":"https:\/\/sites.hslu.ch\/architektur\/wp-content\/uploads\/sites\/11\/2023\/01\/HS22_Modellfotografie_Basic_Sandro_Wipfli_0157_1920px.jpg","width":1280,"height":1920},{"@type":"BreadcrumbList","@id":"https:\/\/sites.hslu.ch\/architektur\/eine-waldhuette-entwurf-im-basic\/#breadcrumb","itemListElement":[{"@type":"ListItem","position":1,"name":"Home","item":"https:\/\/sites.hslu.ch\/architektur\/"},{"@type":"ListItem","position":2,"name":"Eine Waldh\u00fctte \u2013 Entwurf im Basic"}]},{"@type":"WebSite","@id":"https:\/\/sites.hslu.ch\/architektur\/#website","url":"https:\/\/sites.hslu.ch\/architektur\/","name":"Architektur an der Hochschule Luzern","description":"","potentialAction":[{"@type":"SearchAction","target":{"@type":"EntryPoint","urlTemplate":"https:\/\/sites.hslu.ch\/architektur\/?s={search_term_string}"},"query-input":{"@type":"PropertyValueSpecification","valueRequired":true,"valueName":"search_term_string"}}],"inLanguage":"de"},{"@type":"Person","@id":"https:\/\/sites.hslu.ch\/architektur\/#\/schema\/person\/001cee0914381b1d1d390e0f07da2aad","name":"jaramalevez","url":"https:\/\/sites.hslu.ch\/architektur\/author\/jaramalevez\/"}]}},"_links":{"self":[{"href":"https:\/\/sites.hslu.ch\/architektur\/wp-json\/wp\/v2\/posts\/17469","targetHints":{"allow":["GET"]}}],"collection":[{"href":"https:\/\/sites.hslu.ch\/architektur\/wp-json\/wp\/v2\/posts"}],"about":[{"href":"https:\/\/sites.hslu.ch\/architektur\/wp-json\/wp\/v2\/types\/post"}],"author":[{"embeddable":true,"href":"https:\/\/sites.hslu.ch\/architektur\/wp-json\/wp\/v2\/users\/44"}],"replies":[{"embeddable":true,"href":"https:\/\/sites.hslu.ch\/architektur\/wp-json\/wp\/v2\/comments?post=17469"}],"version-history":[{"count":74,"href":"https:\/\/sites.hslu.ch\/architektur\/wp-json\/wp\/v2\/posts\/17469\/revisions"}],"predecessor-version":[{"id":17991,"href":"https:\/\/sites.hslu.ch\/architektur\/wp-json\/wp\/v2\/posts\/17469\/revisions\/17991"}],"wp:featuredmedia":[{"embeddable":true,"href":"https:\/\/sites.hslu.ch\/architektur\/wp-json\/wp\/v2\/media\/17616"}],"wp:attachment":[{"href":"https:\/\/sites.hslu.ch\/architektur\/wp-json\/wp\/v2\/media?parent=17469"}],"wp:term":[{"taxonomy":"category","embeddable":true,"href":"https:\/\/sites.hslu.ch\/architektur\/wp-json\/wp\/v2\/categories?post=17469"},{"taxonomy":"post_tag","embeddable":true,"href":"https:\/\/sites.hslu.ch\/architektur\/wp-json\/wp\/v2\/tags?post=17469"}],"curies":[{"name":"wp","href":"https:\/\/api.w.org\/{rel}","templated":true}]}}