{"id":14794,"date":"2022-09-01T21:59:00","date_gmt":"2022-09-01T19:59:00","guid":{"rendered":"https:\/\/sites.hslu.ch\/architektur\/?p=14794"},"modified":"2022-10-18T09:07:59","modified_gmt":"2022-10-18T07:07:59","slug":"ethik","status":"publish","type":"post","link":"https:\/\/sites.hslu.ch\/architektur\/ethik\/","title":{"rendered":"Ethik"},"content":{"rendered":"\n<p class=\"is-style-lead-text\">Im Herbst 2021 wurde erstmals das Modul \u00abEthik\u00bb durchgef\u00fchrt, das Teil des neuen Curriculums im Bachelor Architektur ist, dar\u00fcber hinaus aber auch Studierenden des Studiengangs Digital Construction offensteht. Ziel des Moduls war die Diskussion und Entwicklung pers\u00f6nlicher Strategien f\u00fcr einen ethischen Umgang mit Werkzeugen des Planens und Bauens vor dem Hintergrund des gegenw\u00e4rtigen digitalen Wandels in Architektur und Gesellschaft.<\/p>\n\n\n\n<p>Grundlage f\u00fcr die Auseinandersetzung bildete der Blick zur\u00fcck auf wesentliche Umbr\u00fcche der Neuzeit aus der Perspektive der Kultur- und Architekturgeschichte. So sollte aufgezeigt werden, dass technische Entwicklungen Architektur und Bauwesen im Laufe der Geschichte stets entscheidend mitgepr\u00e4gt haben. Zugleich beleuchteten wir die soziale Dimension unterschiedlicher Techniken und Werkzeuge, um ein kritisches Bewusstsein f\u00fcr ihre Nutzung zu etablieren.<\/p>\n\n\n\n<p>Der Zusammenhang zwischen technischem Wandel und der sich ver\u00e4ndernden Arbeitsweise und Berufspraxis von Architekt:innen in den vergangenen 600 Jahren wurde neben Inputs vor allem \u00fcber die Lekt\u00fcre und Diskussion historischer Quelltexte (Traktat, Essay, Vortrag, Manifest) studiert. Dabei wurden Themen diskutiert wie die Herausbildung eines professionellen Selbstverst\u00e4ndnisses seit der Renaissance, die zunehmende Professionalisierung, aber auch das Streben nach kreativer Autonomie im Zuge der Ausdifferenzierung zwischen Architektur und Ingenieurwissenschaften infolge der Aufkl\u00e4rung, die kritische Auseinandersetzung von Gestalter:innen mit sich radikal wandelnden Produktionsbedingungen und Zuwendung zum Handwerk im Kontext der Industrialisierung sowie der sich drastisch ausweitende Handlungsrahmen von Architekt:innen durch die Internationalisierung ihrer T\u00e4tigkeit im 20. Jahrhundert.<\/p>\n\n\n\n<p>Aus der Betrachtung fr\u00fcherer Reaktionen auf gesellschaftliche Umbr\u00fcche leiteten die Studierenden im Modul individuelle Strategien f\u00fcr ein ethisches Handeln im Rahmen einer autoethnografischen Untersuchung zum Einsatz und Gebrauch digitaler Werkzeuge ab. Dabei galt es, pers\u00f6nliche Erfahrungen sowohl zu beschreiben als auch systematisch zu analysieren, um die soziokulturelle Dimension technischer Werkzeuge in ihrem Wirken auf Kreativit\u00e4t und gestalterische Prozesse sowie auf planerischen Alltag und Praxis zu verstehen. Die kritische Selbstbeobachtung des jeweils eigenen Umgangs mit digitalen Werkzeugen im Studium oder B\u00fcro bildete dabei den Ausgangspunkt. Die Auswirkungen dieser Werkzeuge auf die entwerferische Praxis wurde ebenso beleuchtet wie geeignete Strategien f\u00fcr ihren kreativen und kritisch-reflexiven Einsatz. In ihren Arbeiten bezogen die Teilnehmenden dar\u00fcber hinaus Stellung zu den Implikationen des technischen Wandel auf ihre Arbeitsweise und Selbstverst\u00e4ndnis als angehende Architekt:innen.<\/p>\n\n\n\n<h3 class=\"wp-block-heading\">Arbeit von Stefan Bucher \u00abAutoethnography \u2013 Work in the digital era\u00bb<\/h3>\n\n\n\n<figure class=\"wp-block-image size-large\"><img decoding=\"async\" src=\"https:\/\/sites.hslu.ch\/architektur\/wp-content\/uploads\/sites\/11\/2022\/10\/220829_illu_hslu_ethik_1920px-1024x734.jpg\" alt=\"\" class=\"wp-image-14795\" \/><figcaption>Illustration von Stefan Bucher zu seiner Arbeit<\/figcaption><\/figure>\n\n\n\n<p><a href=\"https:\/\/sites.hslu.ch\/architektur\/wp-content\/uploads\/sites\/11\/2022\/10\/Ethics_Autoethnography_Stefan_Bucher.pdf\" target=\"_blank\" rel=\"noreferrer noopener\">Die ganze Arbeit kann hier als PDF heruntergeladen werden.<\/a><\/p>\n\n\n    <div class=\"ms-gallery \">\n        <div class=\"ms-gallery-sizer\"><\/div>\n        <div class=\"ms-gallery-gutter\"><\/div>\n                                        <div class=\"ms-gallery-item narrow\">\n                                                            <a href=\"https:\/\/sites.hslu.ch\/architektur\/wp-content\/uploads\/sites\/11\/2022\/10\/Ethics_Autoethnography_Stefan_Bucher-Seite1_1920px.jpg\" data-lightbox=\"masonery-gallery\"  data-size=\"narrow\"  data-title=\"\" data-alt=\"\">\n                        <img decoding=\"async\" class=\"ms-gallery-item__image\"  data-size=\"narrow\"  src=\"https:\/\/sites.hslu.ch\/architektur\/wp-content\/uploads\/sites\/11\/2022\/10\/Ethics_Autoethnography_Stefan_Bucher-Seite1_1920px.jpg\" alt=\"\" \/>\n                    <\/a>\n                                        <\/div>\n\n                                                                    <div class=\"ms-gallery-item narrow\">\n                                                            <a href=\"https:\/\/sites.hslu.ch\/architektur\/wp-content\/uploads\/sites\/11\/2022\/10\/Ethics_Autoethnography_Stefan_Bucher-Seite2_1920px.jpg\" data-lightbox=\"masonery-gallery\"  data-size=\"narrow\"  data-title=\"\" data-alt=\"\">\n                        <img decoding=\"async\" class=\"ms-gallery-item__image\"  data-size=\"narrow\"  src=\"https:\/\/sites.hslu.ch\/architektur\/wp-content\/uploads\/sites\/11\/2022\/10\/Ethics_Autoethnography_Stefan_Bucher-Seite2_1920px.jpg\" alt=\"\" \/>\n                    <\/a>\n                                        <\/div>\n\n                                                                    <div class=\"ms-gallery-item narrow\">\n                                                            <a href=\"https:\/\/sites.hslu.ch\/architektur\/wp-content\/uploads\/sites\/11\/2022\/10\/Ethics_Autoethnography_Stefan_Bucher-Seite3_1920px.jpg\" data-lightbox=\"masonery-gallery\"  data-size=\"narrow\"  data-title=\"\" data-alt=\"\">\n                        <img decoding=\"async\" class=\"ms-gallery-item__image\"  data-size=\"narrow\"  src=\"https:\/\/sites.hslu.ch\/architektur\/wp-content\/uploads\/sites\/11\/2022\/10\/Ethics_Autoethnography_Stefan_Bucher-Seite3_1920px.jpg\" alt=\"\" \/>\n                    <\/a>\n                                        <\/div>\n\n                                                    <div class=\"ms-gallery-item narrow\">\n                <\/div>\n                <\/div>\n            \n\n\n<p><\/p>\n","protected":false},"excerpt":{"rendered":"<p>Im Herbst 2021 wurde erstmals das Modul \u00abEthik\u00bb durchgef\u00fchrt, das Teil des neuen Curriculums im Bachelor Architektur ist, dar\u00fcber hinaus aber auch Studierenden des Studiengangs Digital Construction offensteht. Ziel des [&hellip;]<\/p>\n","protected":false},"author":44,"featured_media":14795,"comment_status":"closed","ping_status":"closed","sticky":false,"template":"","format":"standard","meta":{"_acf_changed":false,"footnotes":""},"categories":[6,12,132,22],"tags":[],"class_list":["post-14794","post","type-post","status-publish","format-standard","has-post-thumbnail","hentry","category-bachelor-architektur","category-gestaltung","category-hs2021","category-semester-jahr"],"acf":[],"yoast_head":"<!-- This site is optimized with the Yoast SEO plugin v27.5 - https:\/\/yoast.com\/product\/yoast-seo-wordpress\/ -->\n<title>Ethik - Architektur an der Hochschule Luzern<\/title>\n<meta name=\"robots\" content=\"index, follow, max-snippet:-1, max-image-preview:large, max-video-preview:-1\" \/>\n<link rel=\"canonical\" href=\"https:\/\/sites.hslu.ch\/architektur\/ethik\/\" \/>\n<meta property=\"og:locale\" content=\"de_DE\" \/>\n<meta property=\"og:type\" content=\"article\" \/>\n<meta property=\"og:title\" content=\"Ethik - Architektur an der Hochschule Luzern\" \/>\n<meta property=\"og:description\" content=\"Im Herbst 2021 wurde erstmals das Modul \u00abEthik\u00bb durchgef\u00fchrt, das Teil des neuen Curriculums im Bachelor Architektur ist, dar\u00fcber hinaus aber auch Studierenden des Studiengangs Digital Construction offensteht. Ziel des [&hellip;]\" \/>\n<meta property=\"og:url\" content=\"https:\/\/sites.hslu.ch\/architektur\/ethik\/\" \/>\n<meta property=\"og:site_name\" content=\"Architektur an der Hochschule Luzern\" \/>\n<meta property=\"article:published_time\" content=\"2022-09-01T19:59:00+00:00\" \/>\n<meta property=\"article:modified_time\" content=\"2022-10-18T07:07:59+00:00\" \/>\n<meta property=\"og:image\" content=\"https:\/\/sites.hslu.ch\/architektur\/wp-content\/uploads\/sites\/11\/2022\/10\/220829_illu_hslu_ethik_1920px.jpg\" \/>\n\t<meta property=\"og:image:width\" content=\"1920\" \/>\n\t<meta property=\"og:image:height\" content=\"1377\" \/>\n\t<meta property=\"og:image:type\" content=\"image\/jpeg\" \/>\n<meta name=\"author\" content=\"jaramalevez\" \/>\n<meta name=\"twitter:card\" content=\"summary_large_image\" \/>\n<meta name=\"twitter:label1\" content=\"Verfasst von\" \/>\n\t<meta name=\"twitter:data1\" content=\"jaramalevez\" \/>\n\t<meta name=\"twitter:label2\" content=\"Gesch\u00e4tzte Lesezeit\" \/>\n\t<meta name=\"twitter:data2\" content=\"3\u00a0Minuten\" \/>\n<script type=\"application\/ld+json\" class=\"yoast-schema-graph\">{\"@context\":\"https:\\\/\\\/schema.org\",\"@graph\":[{\"@type\":\"Article\",\"@id\":\"https:\\\/\\\/sites.hslu.ch\\\/architektur\\\/ethik\\\/#article\",\"isPartOf\":{\"@id\":\"https:\\\/\\\/sites.hslu.ch\\\/architektur\\\/ethik\\\/\"},\"author\":{\"name\":\"jaramalevez\",\"@id\":\"https:\\\/\\\/sites.hslu.ch\\\/architektur\\\/#\\\/schema\\\/person\\\/001cee0914381b1d1d390e0f07da2aad\"},\"headline\":\"Ethik\",\"datePublished\":\"2022-09-01T19:59:00+00:00\",\"dateModified\":\"2022-10-18T07:07:59+00:00\",\"mainEntityOfPage\":{\"@id\":\"https:\\\/\\\/sites.hslu.ch\\\/architektur\\\/ethik\\\/\"},\"wordCount\":399,\"image\":{\"@id\":\"https:\\\/\\\/sites.hslu.ch\\\/architektur\\\/ethik\\\/#primaryimage\"},\"thumbnailUrl\":\"https:\\\/\\\/sites.hslu.ch\\\/architektur\\\/wp-content\\\/uploads\\\/sites\\\/11\\\/2022\\\/10\\\/220829_illu_hslu_ethik_1920px.jpg\",\"articleSection\":[\"Bachelor Architektur\",\"Gestaltung\",\"HS2021\",\"Semester\\\/Jahr\"],\"inLanguage\":\"de\"},{\"@type\":\"WebPage\",\"@id\":\"https:\\\/\\\/sites.hslu.ch\\\/architektur\\\/ethik\\\/\",\"url\":\"https:\\\/\\\/sites.hslu.ch\\\/architektur\\\/ethik\\\/\",\"name\":\"Ethik - Architektur an der Hochschule Luzern\",\"isPartOf\":{\"@id\":\"https:\\\/\\\/sites.hslu.ch\\\/architektur\\\/#website\"},\"primaryImageOfPage\":{\"@id\":\"https:\\\/\\\/sites.hslu.ch\\\/architektur\\\/ethik\\\/#primaryimage\"},\"image\":{\"@id\":\"https:\\\/\\\/sites.hslu.ch\\\/architektur\\\/ethik\\\/#primaryimage\"},\"thumbnailUrl\":\"https:\\\/\\\/sites.hslu.ch\\\/architektur\\\/wp-content\\\/uploads\\\/sites\\\/11\\\/2022\\\/10\\\/220829_illu_hslu_ethik_1920px.jpg\",\"datePublished\":\"2022-09-01T19:59:00+00:00\",\"dateModified\":\"2022-10-18T07:07:59+00:00\",\"author\":{\"@id\":\"https:\\\/\\\/sites.hslu.ch\\\/architektur\\\/#\\\/schema\\\/person\\\/001cee0914381b1d1d390e0f07da2aad\"},\"breadcrumb\":{\"@id\":\"https:\\\/\\\/sites.hslu.ch\\\/architektur\\\/ethik\\\/#breadcrumb\"},\"inLanguage\":\"de\",\"potentialAction\":[{\"@type\":\"ReadAction\",\"target\":[\"https:\\\/\\\/sites.hslu.ch\\\/architektur\\\/ethik\\\/\"]}]},{\"@type\":\"ImageObject\",\"inLanguage\":\"de\",\"@id\":\"https:\\\/\\\/sites.hslu.ch\\\/architektur\\\/ethik\\\/#primaryimage\",\"url\":\"https:\\\/\\\/sites.hslu.ch\\\/architektur\\\/wp-content\\\/uploads\\\/sites\\\/11\\\/2022\\\/10\\\/220829_illu_hslu_ethik_1920px.jpg\",\"contentUrl\":\"https:\\\/\\\/sites.hslu.ch\\\/architektur\\\/wp-content\\\/uploads\\\/sites\\\/11\\\/2022\\\/10\\\/220829_illu_hslu_ethik_1920px.jpg\",\"width\":1920,\"height\":1377},{\"@type\":\"BreadcrumbList\",\"@id\":\"https:\\\/\\\/sites.hslu.ch\\\/architektur\\\/ethik\\\/#breadcrumb\",\"itemListElement\":[{\"@type\":\"ListItem\",\"position\":1,\"name\":\"Home\",\"item\":\"https:\\\/\\\/sites.hslu.ch\\\/architektur\\\/\"},{\"@type\":\"ListItem\",\"position\":2,\"name\":\"Ethik\"}]},{\"@type\":\"WebSite\",\"@id\":\"https:\\\/\\\/sites.hslu.ch\\\/architektur\\\/#website\",\"url\":\"https:\\\/\\\/sites.hslu.ch\\\/architektur\\\/\",\"name\":\"Architektur an der Hochschule Luzern\",\"description\":\"\",\"potentialAction\":[{\"@type\":\"SearchAction\",\"target\":{\"@type\":\"EntryPoint\",\"urlTemplate\":\"https:\\\/\\\/sites.hslu.ch\\\/architektur\\\/?s={search_term_string}\"},\"query-input\":{\"@type\":\"PropertyValueSpecification\",\"valueRequired\":true,\"valueName\":\"search_term_string\"}}],\"inLanguage\":\"de\"},{\"@type\":\"Person\",\"@id\":\"https:\\\/\\\/sites.hslu.ch\\\/architektur\\\/#\\\/schema\\\/person\\\/001cee0914381b1d1d390e0f07da2aad\",\"name\":\"jaramalevez\",\"url\":\"https:\\\/\\\/sites.hslu.ch\\\/architektur\\\/author\\\/jaramalevez\\\/\"}]}<\/script>\n<!-- \/ Yoast SEO plugin. -->","yoast_head_json":{"title":"Ethik - Architektur an der Hochschule Luzern","robots":{"index":"index","follow":"follow","max-snippet":"max-snippet:-1","max-image-preview":"max-image-preview:large","max-video-preview":"max-video-preview:-1"},"canonical":"https:\/\/sites.hslu.ch\/architektur\/ethik\/","og_locale":"de_DE","og_type":"article","og_title":"Ethik - Architektur an der Hochschule Luzern","og_description":"Im Herbst 2021 wurde erstmals das Modul \u00abEthik\u00bb durchgef\u00fchrt, das Teil des neuen Curriculums im Bachelor Architektur ist, dar\u00fcber hinaus aber auch Studierenden des Studiengangs Digital Construction offensteht. Ziel des [&hellip;]","og_url":"https:\/\/sites.hslu.ch\/architektur\/ethik\/","og_site_name":"Architektur an der Hochschule Luzern","article_published_time":"2022-09-01T19:59:00+00:00","article_modified_time":"2022-10-18T07:07:59+00:00","og_image":[{"width":1920,"height":1377,"url":"https:\/\/sites.hslu.ch\/architektur\/wp-content\/uploads\/sites\/11\/2022\/10\/220829_illu_hslu_ethik_1920px.jpg","type":"image\/jpeg"}],"author":"jaramalevez","twitter_card":"summary_large_image","twitter_misc":{"Verfasst von":"jaramalevez","Gesch\u00e4tzte Lesezeit":"3\u00a0Minuten"},"schema":{"@context":"https:\/\/schema.org","@graph":[{"@type":"Article","@id":"https:\/\/sites.hslu.ch\/architektur\/ethik\/#article","isPartOf":{"@id":"https:\/\/sites.hslu.ch\/architektur\/ethik\/"},"author":{"name":"jaramalevez","@id":"https:\/\/sites.hslu.ch\/architektur\/#\/schema\/person\/001cee0914381b1d1d390e0f07da2aad"},"headline":"Ethik","datePublished":"2022-09-01T19:59:00+00:00","dateModified":"2022-10-18T07:07:59+00:00","mainEntityOfPage":{"@id":"https:\/\/sites.hslu.ch\/architektur\/ethik\/"},"wordCount":399,"image":{"@id":"https:\/\/sites.hslu.ch\/architektur\/ethik\/#primaryimage"},"thumbnailUrl":"https:\/\/sites.hslu.ch\/architektur\/wp-content\/uploads\/sites\/11\/2022\/10\/220829_illu_hslu_ethik_1920px.jpg","articleSection":["Bachelor Architektur","Gestaltung","HS2021","Semester\/Jahr"],"inLanguage":"de"},{"@type":"WebPage","@id":"https:\/\/sites.hslu.ch\/architektur\/ethik\/","url":"https:\/\/sites.hslu.ch\/architektur\/ethik\/","name":"Ethik - Architektur an der Hochschule Luzern","isPartOf":{"@id":"https:\/\/sites.hslu.ch\/architektur\/#website"},"primaryImageOfPage":{"@id":"https:\/\/sites.hslu.ch\/architektur\/ethik\/#primaryimage"},"image":{"@id":"https:\/\/sites.hslu.ch\/architektur\/ethik\/#primaryimage"},"thumbnailUrl":"https:\/\/sites.hslu.ch\/architektur\/wp-content\/uploads\/sites\/11\/2022\/10\/220829_illu_hslu_ethik_1920px.jpg","datePublished":"2022-09-01T19:59:00+00:00","dateModified":"2022-10-18T07:07:59+00:00","author":{"@id":"https:\/\/sites.hslu.ch\/architektur\/#\/schema\/person\/001cee0914381b1d1d390e0f07da2aad"},"breadcrumb":{"@id":"https:\/\/sites.hslu.ch\/architektur\/ethik\/#breadcrumb"},"inLanguage":"de","potentialAction":[{"@type":"ReadAction","target":["https:\/\/sites.hslu.ch\/architektur\/ethik\/"]}]},{"@type":"ImageObject","inLanguage":"de","@id":"https:\/\/sites.hslu.ch\/architektur\/ethik\/#primaryimage","url":"https:\/\/sites.hslu.ch\/architektur\/wp-content\/uploads\/sites\/11\/2022\/10\/220829_illu_hslu_ethik_1920px.jpg","contentUrl":"https:\/\/sites.hslu.ch\/architektur\/wp-content\/uploads\/sites\/11\/2022\/10\/220829_illu_hslu_ethik_1920px.jpg","width":1920,"height":1377},{"@type":"BreadcrumbList","@id":"https:\/\/sites.hslu.ch\/architektur\/ethik\/#breadcrumb","itemListElement":[{"@type":"ListItem","position":1,"name":"Home","item":"https:\/\/sites.hslu.ch\/architektur\/"},{"@type":"ListItem","position":2,"name":"Ethik"}]},{"@type":"WebSite","@id":"https:\/\/sites.hslu.ch\/architektur\/#website","url":"https:\/\/sites.hslu.ch\/architektur\/","name":"Architektur an der Hochschule Luzern","description":"","potentialAction":[{"@type":"SearchAction","target":{"@type":"EntryPoint","urlTemplate":"https:\/\/sites.hslu.ch\/architektur\/?s={search_term_string}"},"query-input":{"@type":"PropertyValueSpecification","valueRequired":true,"valueName":"search_term_string"}}],"inLanguage":"de"},{"@type":"Person","@id":"https:\/\/sites.hslu.ch\/architektur\/#\/schema\/person\/001cee0914381b1d1d390e0f07da2aad","name":"jaramalevez","url":"https:\/\/sites.hslu.ch\/architektur\/author\/jaramalevez\/"}]}},"_links":{"self":[{"href":"https:\/\/sites.hslu.ch\/architektur\/wp-json\/wp\/v2\/posts\/14794","targetHints":{"allow":["GET"]}}],"collection":[{"href":"https:\/\/sites.hslu.ch\/architektur\/wp-json\/wp\/v2\/posts"}],"about":[{"href":"https:\/\/sites.hslu.ch\/architektur\/wp-json\/wp\/v2\/types\/post"}],"author":[{"embeddable":true,"href":"https:\/\/sites.hslu.ch\/architektur\/wp-json\/wp\/v2\/users\/44"}],"replies":[{"embeddable":true,"href":"https:\/\/sites.hslu.ch\/architektur\/wp-json\/wp\/v2\/comments?post=14794"}],"version-history":[{"count":7,"href":"https:\/\/sites.hslu.ch\/architektur\/wp-json\/wp\/v2\/posts\/14794\/revisions"}],"predecessor-version":[{"id":14811,"href":"https:\/\/sites.hslu.ch\/architektur\/wp-json\/wp\/v2\/posts\/14794\/revisions\/14811"}],"wp:featuredmedia":[{"embeddable":true,"href":"https:\/\/sites.hslu.ch\/architektur\/wp-json\/wp\/v2\/media\/14795"}],"wp:attachment":[{"href":"https:\/\/sites.hslu.ch\/architektur\/wp-json\/wp\/v2\/media?parent=14794"}],"wp:term":[{"taxonomy":"category","embeddable":true,"href":"https:\/\/sites.hslu.ch\/architektur\/wp-json\/wp\/v2\/categories?post=14794"},{"taxonomy":"post_tag","embeddable":true,"href":"https:\/\/sites.hslu.ch\/architektur\/wp-json\/wp\/v2\/tags?post=14794"}],"curies":[{"name":"wp","href":"https:\/\/api.w.org\/{rel}","templated":true}]}}