{"id":14738,"date":"2022-10-04T12:12:00","date_gmt":"2022-10-04T10:12:00","guid":{"rendered":"https:\/\/sites.hslu.ch\/architektur\/?p=14738"},"modified":"2022-10-06T17:24:00","modified_gmt":"2022-10-06T15:24:00","slug":"foto-essay-die-wohnqualitaeten-der-stirnrueti-siedlung","status":"publish","type":"post","link":"https:\/\/sites.hslu.ch\/architektur\/foto-essay-die-wohnqualitaeten-der-stirnrueti-siedlung\/","title":{"rendered":"Foto-Essay \u2013 Die Wohnqualit\u00e4ten der Stirnr\u00fcti Siedlung"},"content":{"rendered":"\n<p class=\"is-style-lead-text\">Im Fr\u00fchlingssemester 2022 hat Elio Garbani im Modul \u00abVerantwortung\u00bb (Modulverantwortung: Markus K\u00e4ch) die Stirnru\u0308ti Siedlung in Horw fotografisch portr\u00e4tiert. In den 90er-Jahre haben sich 26 Parteien zusammen gefunden, um gemeinschaftlich geplanten und finanzierten Wohnraum zu schaffen. Elio Garbani hat seine Kindheit und Jugend in dieser Siedlung verbracht.<\/p>\n\n\n    <div class=\"ms-gallery \">\n        <div class=\"ms-gallery-sizer\"><\/div>\n        <div class=\"ms-gallery-gutter\"><\/div>\n                                        <div class=\"ms-gallery-item narrow\">\n                                                            <a href=\"https:\/\/sites.hslu.ch\/architektur\/wp-content\/uploads\/sites\/11\/2022\/10\/Foto_Essay_Elio_Garbani01.jpg\" data-lightbox=\"masonery-gallery\"  data-size=\"narrow\"  data-title=\"\" data-alt=\"\">\n                        <img decoding=\"async\" class=\"ms-gallery-item__image\"  data-size=\"narrow\"  src=\"https:\/\/sites.hslu.ch\/architektur\/wp-content\/uploads\/sites\/11\/2022\/10\/Foto_Essay_Elio_Garbani01.jpg\" alt=\"\" \/>\n                    <\/a>\n                                        <\/div>\n\n                                                                <div class=\"ms-gallery-item wide\">\n                                                        <a href=\"https:\/\/sites.hslu.ch\/architektur\/wp-content\/uploads\/sites\/11\/2022\/10\/Foto_Essay_Elio_Garbani02.jpg\" data-lightbox=\"masonery-gallery\"  data-size=\"wide\"  data-title=\"\" data-alt=\"\">\n                        <img decoding=\"async\" class=\"ms-gallery-item__image\"  data-size=\"wide\"  src=\"https:\/\/sites.hslu.ch\/architektur\/wp-content\/uploads\/sites\/11\/2022\/10\/Foto_Essay_Elio_Garbani02.jpg\" alt=\"\" \/>\n                    <\/a>\n                                        <\/div>\n\n                                                                <div class=\"ms-gallery-item wide\">\n                                                        <a href=\"https:\/\/sites.hslu.ch\/architektur\/wp-content\/uploads\/sites\/11\/2022\/10\/Foto_Essay_Elio_Garbani03.jpg\" data-lightbox=\"masonery-gallery\"  data-size=\"wide\"  data-title=\"\" data-alt=\"\">\n                        <img decoding=\"async\" class=\"ms-gallery-item__image\"  data-size=\"wide\"  src=\"https:\/\/sites.hslu.ch\/architektur\/wp-content\/uploads\/sites\/11\/2022\/10\/Foto_Essay_Elio_Garbani03.jpg\" alt=\"\" \/>\n                    <\/a>\n                                        <\/div>\n\n                                                                <div class=\"ms-gallery-item wide\">\n                                                        <a href=\"https:\/\/sites.hslu.ch\/architektur\/wp-content\/uploads\/sites\/11\/2022\/10\/Foto_Essay_Elio_Garbani04.jpg\" data-lightbox=\"masonery-gallery\"  data-size=\"wide\"  data-title=\"\" data-alt=\"\">\n                        <img decoding=\"async\" class=\"ms-gallery-item__image\"  data-size=\"wide\"  src=\"https:\/\/sites.hslu.ch\/architektur\/wp-content\/uploads\/sites\/11\/2022\/10\/Foto_Essay_Elio_Garbani04.jpg\" alt=\"\" \/>\n                    <\/a>\n                                        <\/div>\n\n                                                                <div class=\"ms-gallery-item wide\">\n                                                        <a href=\"https:\/\/sites.hslu.ch\/architektur\/wp-content\/uploads\/sites\/11\/2022\/10\/Foto_Essay_Elio_Garbani05.jpg\" data-lightbox=\"masonery-gallery\"  data-size=\"wide\"  data-title=\"\" data-alt=\"\">\n                        <img decoding=\"async\" class=\"ms-gallery-item__image\"  data-size=\"wide\"  src=\"https:\/\/sites.hslu.ch\/architektur\/wp-content\/uploads\/sites\/11\/2022\/10\/Foto_Essay_Elio_Garbani05.jpg\" alt=\"\" \/>\n                    <\/a>\n                                        <\/div>\n\n                                                                <div class=\"ms-gallery-item wide\">\n                                                        <a href=\"https:\/\/sites.hslu.ch\/architektur\/wp-content\/uploads\/sites\/11\/2022\/10\/Foto_Essay_Elio_Garbani06.jpg\" data-lightbox=\"masonery-gallery\"  data-size=\"wide\"  data-title=\"\" data-alt=\"\">\n                        <img decoding=\"async\" class=\"ms-gallery-item__image\"  data-size=\"wide\"  src=\"https:\/\/sites.hslu.ch\/architektur\/wp-content\/uploads\/sites\/11\/2022\/10\/Foto_Essay_Elio_Garbani06.jpg\" alt=\"\" \/>\n                    <\/a>\n                                        <\/div>\n\n                                                                <div class=\"ms-gallery-item wide\">\n                                                        <a href=\"https:\/\/sites.hslu.ch\/architektur\/wp-content\/uploads\/sites\/11\/2022\/10\/Foto_Essay_Elio_Garbani07.jpg\" data-lightbox=\"masonery-gallery\"  data-size=\"wide\"  data-title=\"\" data-alt=\"\">\n                        <img decoding=\"async\" class=\"ms-gallery-item__image\"  data-size=\"wide\"  src=\"https:\/\/sites.hslu.ch\/architektur\/wp-content\/uploads\/sites\/11\/2022\/10\/Foto_Essay_Elio_Garbani07.jpg\" alt=\"\" \/>\n                    <\/a>\n                                        <\/div>\n\n                                                                <div class=\"ms-gallery-item wide\">\n                                                        <a href=\"https:\/\/sites.hslu.ch\/architektur\/wp-content\/uploads\/sites\/11\/2022\/10\/Foto_Essay_Elio_Garbani08.jpg\" data-lightbox=\"masonery-gallery\"  data-size=\"wide\"  data-title=\"\" data-alt=\"\">\n                        <img decoding=\"async\" class=\"ms-gallery-item__image\"  data-size=\"wide\"  src=\"https:\/\/sites.hslu.ch\/architektur\/wp-content\/uploads\/sites\/11\/2022\/10\/Foto_Essay_Elio_Garbani08.jpg\" alt=\"\" \/>\n                    <\/a>\n                                        <\/div>\n\n                                                                <div class=\"ms-gallery-item wide\">\n                                                        <a href=\"https:\/\/sites.hslu.ch\/architektur\/wp-content\/uploads\/sites\/11\/2022\/10\/Foto_Essay_Elio_Garbani09.jpg\" data-lightbox=\"masonery-gallery\"  data-size=\"wide\"  data-title=\"\" data-alt=\"\">\n                        <img decoding=\"async\" class=\"ms-gallery-item__image\"  data-size=\"wide\"  src=\"https:\/\/sites.hslu.ch\/architektur\/wp-content\/uploads\/sites\/11\/2022\/10\/Foto_Essay_Elio_Garbani09.jpg\" alt=\"\" \/>\n                    <\/a>\n                                        <\/div>\n\n                                                                <div class=\"ms-gallery-item wide\">\n                                                        <a href=\"https:\/\/sites.hslu.ch\/architektur\/wp-content\/uploads\/sites\/11\/2022\/10\/Foto_Essay_Elio_Garbani10.jpg\" data-lightbox=\"masonery-gallery\"  data-size=\"wide\"  data-title=\"\" data-alt=\"\">\n                        <img decoding=\"async\" class=\"ms-gallery-item__image\"  data-size=\"wide\"  src=\"https:\/\/sites.hslu.ch\/architektur\/wp-content\/uploads\/sites\/11\/2022\/10\/Foto_Essay_Elio_Garbani10.jpg\" alt=\"\" \/>\n                    <\/a>\n                                        <\/div>\n\n                                                                <div class=\"ms-gallery-item wide\">\n                                                        <a href=\"https:\/\/sites.hslu.ch\/architektur\/wp-content\/uploads\/sites\/11\/2022\/10\/Foto_Essay_Elio_Garbani11.jpg\" data-lightbox=\"masonery-gallery\"  data-size=\"wide\"  data-title=\"\" data-alt=\"\">\n                        <img decoding=\"async\" class=\"ms-gallery-item__image\"  data-size=\"wide\"  src=\"https:\/\/sites.hslu.ch\/architektur\/wp-content\/uploads\/sites\/11\/2022\/10\/Foto_Essay_Elio_Garbani11.jpg\" alt=\"\" \/>\n                    <\/a>\n                                        <\/div>\n\n                                                                <div class=\"ms-gallery-item wide\">\n                                                        <a href=\"https:\/\/sites.hslu.ch\/architektur\/wp-content\/uploads\/sites\/11\/2022\/10\/Foto_Essay_Elio_Garbani12.jpg\" data-lightbox=\"masonery-gallery\"  data-size=\"wide\"  data-title=\"\" data-alt=\"\">\n                        <img decoding=\"async\" class=\"ms-gallery-item__image\"  data-size=\"wide\"  src=\"https:\/\/sites.hslu.ch\/architektur\/wp-content\/uploads\/sites\/11\/2022\/10\/Foto_Essay_Elio_Garbani12.jpg\" alt=\"\" \/>\n                    <\/a>\n                                        <\/div>\n\n                                                                <div class=\"ms-gallery-item wide\">\n                                                        <a href=\"https:\/\/sites.hslu.ch\/architektur\/wp-content\/uploads\/sites\/11\/2022\/10\/Foto_Essay_Elio_Garbani13.jpg\" data-lightbox=\"masonery-gallery\"  data-size=\"wide\"  data-title=\"\" data-alt=\"\">\n                        <img decoding=\"async\" class=\"ms-gallery-item__image\"  data-size=\"wide\"  src=\"https:\/\/sites.hslu.ch\/architektur\/wp-content\/uploads\/sites\/11\/2022\/10\/Foto_Essay_Elio_Garbani13.jpg\" alt=\"\" \/>\n                    <\/a>\n                                        <\/div>\n\n                                                                <div class=\"ms-gallery-item wide\">\n                                                        <a href=\"https:\/\/sites.hslu.ch\/architektur\/wp-content\/uploads\/sites\/11\/2022\/10\/Foto_Essay_Elio_Garbani14.jpg\" data-lightbox=\"masonery-gallery\"  data-size=\"wide\"  data-title=\"\" data-alt=\"\">\n                        <img decoding=\"async\" class=\"ms-gallery-item__image\"  data-size=\"wide\"  src=\"https:\/\/sites.hslu.ch\/architektur\/wp-content\/uploads\/sites\/11\/2022\/10\/Foto_Essay_Elio_Garbani14.jpg\" alt=\"\" \/>\n                    <\/a>\n                                        <\/div>\n\n                                                                <div class=\"ms-gallery-item wide\">\n                                                        <a href=\"https:\/\/sites.hslu.ch\/architektur\/wp-content\/uploads\/sites\/11\/2022\/10\/Foto_Essay_Elio_Garbani15.jpg\" data-lightbox=\"masonery-gallery\"  data-size=\"wide\"  data-title=\"\" data-alt=\"\">\n                        <img decoding=\"async\" class=\"ms-gallery-item__image\"  data-size=\"wide\"  src=\"https:\/\/sites.hslu.ch\/architektur\/wp-content\/uploads\/sites\/11\/2022\/10\/Foto_Essay_Elio_Garbani15.jpg\" alt=\"\" \/>\n                    <\/a>\n                                        <\/div>\n\n                                                                <div class=\"ms-gallery-item wide\">\n                                                        <a href=\"https:\/\/sites.hslu.ch\/architektur\/wp-content\/uploads\/sites\/11\/2022\/10\/Foto_Essay_Elio_Garbani16.jpg\" data-lightbox=\"masonery-gallery\"  data-size=\"wide\"  data-title=\"\" data-alt=\"\">\n                        <img decoding=\"async\" class=\"ms-gallery-item__image\"  data-size=\"wide\"  src=\"https:\/\/sites.hslu.ch\/architektur\/wp-content\/uploads\/sites\/11\/2022\/10\/Foto_Essay_Elio_Garbani16.jpg\" alt=\"\" \/>\n                    <\/a>\n                                        <\/div>\n\n                                                                    <div class=\"ms-gallery-item narrow\">\n                                                            <a href=\"https:\/\/sites.hslu.ch\/architektur\/wp-content\/uploads\/sites\/11\/2022\/10\/Foto_Essay_Elio_Garbani17.jpg\" data-lightbox=\"masonery-gallery\"  data-size=\"narrow\"  data-title=\"\" data-alt=\"\">\n                        <img decoding=\"async\" class=\"ms-gallery-item__image\"  data-size=\"narrow\"  src=\"https:\/\/sites.hslu.ch\/architektur\/wp-content\/uploads\/sites\/11\/2022\/10\/Foto_Essay_Elio_Garbani17.jpg\" alt=\"\" \/>\n                    <\/a>\n                                        <\/div>\n\n                                                    <div class=\"ms-gallery-item narrow\">\n                <\/div>\n                <\/div>\n            \n\n\n<p><a href=\"https:\/\/sites.hslu.ch\/architektur\/wp-content\/uploads\/sites\/11\/2022\/10\/Foto_Essay_Elio_Garbani_150px.pdf\" target=\"_blank\" rel=\"noreferrer noopener\">Das ganze Foto-Essay kann hier als PDF heruntergeladen werden.<\/a><\/p>\n","protected":false},"excerpt":{"rendered":"<p>Im Fr\u00fchlingssemester 2022 hat Elio Garbani im Modul \u00abVerantwortung\u00bb (Modulverantwortung: Markus K\u00e4ch) die Stirnru\u0308ti Siedlung in Horw fotografisch portr\u00e4tiert. In den 90er-Jahre haben sich 26 Parteien zusammen gefunden, um gemeinschaftlich [&hellip;]<\/p>\n","protected":false},"author":44,"featured_media":14777,"comment_status":"closed","ping_status":"closed","sticky":false,"template":"","format":"standard","meta":{"_acf_changed":false,"footnotes":""},"categories":[6,220,12,22],"tags":[],"class_list":["post-14738","post","type-post","status-publish","format-standard","has-post-thumbnail","hentry","category-bachelor-architektur","category-fs2022","category-gestaltung","category-semester-jahr"],"acf":[],"yoast_head":"<!-- This site is optimized with the Yoast SEO plugin v27.4 - https:\/\/yoast.com\/product\/yoast-seo-wordpress\/ -->\n<title>Foto-Essay \u2013 Die Wohnqualit\u00e4ten der Stirnr\u00fcti Siedlung - Architektur an der Hochschule Luzern<\/title>\n<meta name=\"robots\" content=\"index, follow, max-snippet:-1, max-image-preview:large, max-video-preview:-1\" \/>\n<link rel=\"canonical\" href=\"https:\/\/sites.hslu.ch\/architektur\/foto-essay-die-wohnqualitaeten-der-stirnrueti-siedlung\/\" \/>\n<meta property=\"og:locale\" content=\"de_DE\" \/>\n<meta property=\"og:type\" content=\"article\" \/>\n<meta property=\"og:title\" content=\"Foto-Essay \u2013 Die Wohnqualit\u00e4ten der Stirnr\u00fcti Siedlung - Architektur an der Hochschule Luzern\" \/>\n<meta property=\"og:description\" content=\"Im Fr\u00fchlingssemester 2022 hat Elio Garbani im Modul \u00abVerantwortung\u00bb (Modulverantwortung: Markus K\u00e4ch) die Stirnru\u0308ti Siedlung in Horw fotografisch portr\u00e4tiert. In den 90er-Jahre haben sich 26 Parteien zusammen gefunden, um gemeinschaftlich [&hellip;]\" \/>\n<meta property=\"og:url\" content=\"https:\/\/sites.hslu.ch\/architektur\/foto-essay-die-wohnqualitaeten-der-stirnrueti-siedlung\/\" \/>\n<meta property=\"og:site_name\" content=\"Architektur an der Hochschule Luzern\" \/>\n<meta property=\"article:published_time\" content=\"2022-10-04T10:12:00+00:00\" \/>\n<meta property=\"article:modified_time\" content=\"2022-10-06T15:24:00+00:00\" \/>\n<meta property=\"og:image\" content=\"https:\/\/sites.hslu.ch\/architektur\/wp-content\/uploads\/sites\/11\/2022\/10\/elio_titel.jpg\" \/>\n\t<meta property=\"og:image:width\" content=\"1354\" \/>\n\t<meta property=\"og:image:height\" content=\"1920\" \/>\n\t<meta property=\"og:image:type\" content=\"image\/jpeg\" \/>\n<meta name=\"author\" content=\"jaramalevez\" \/>\n<meta name=\"twitter:card\" content=\"summary_large_image\" \/>\n<meta name=\"twitter:label1\" content=\"Verfasst von\" \/>\n\t<meta name=\"twitter:data1\" content=\"jaramalevez\" \/>\n\t<meta name=\"twitter:label2\" content=\"Gesch\u00e4tzte Lesezeit\" \/>\n\t<meta name=\"twitter:data2\" content=\"1\u00a0Minute\" \/>\n<script type=\"application\/ld+json\" class=\"yoast-schema-graph\">{\"@context\":\"https:\\\/\\\/schema.org\",\"@graph\":[{\"@type\":\"Article\",\"@id\":\"https:\\\/\\\/sites.hslu.ch\\\/architektur\\\/foto-essay-die-wohnqualitaeten-der-stirnrueti-siedlung\\\/#article\",\"isPartOf\":{\"@id\":\"https:\\\/\\\/sites.hslu.ch\\\/architektur\\\/foto-essay-die-wohnqualitaeten-der-stirnrueti-siedlung\\\/\"},\"author\":{\"name\":\"jaramalevez\",\"@id\":\"https:\\\/\\\/sites.hslu.ch\\\/architektur\\\/#\\\/schema\\\/person\\\/001cee0914381b1d1d390e0f07da2aad\"},\"headline\":\"Foto-Essay \u2013 Die Wohnqualit\u00e4ten der Stirnr\u00fcti Siedlung\",\"datePublished\":\"2022-10-04T10:12:00+00:00\",\"dateModified\":\"2022-10-06T15:24:00+00:00\",\"mainEntityOfPage\":{\"@id\":\"https:\\\/\\\/sites.hslu.ch\\\/architektur\\\/foto-essay-die-wohnqualitaeten-der-stirnrueti-siedlung\\\/\"},\"wordCount\":66,\"image\":{\"@id\":\"https:\\\/\\\/sites.hslu.ch\\\/architektur\\\/foto-essay-die-wohnqualitaeten-der-stirnrueti-siedlung\\\/#primaryimage\"},\"thumbnailUrl\":\"https:\\\/\\\/sites.hslu.ch\\\/architektur\\\/wp-content\\\/uploads\\\/sites\\\/11\\\/2022\\\/10\\\/elio_titel.jpg\",\"articleSection\":[\"Bachelor Architektur\",\"FS2022\",\"Gestaltung\",\"Semester\\\/Jahr\"],\"inLanguage\":\"de\"},{\"@type\":\"WebPage\",\"@id\":\"https:\\\/\\\/sites.hslu.ch\\\/architektur\\\/foto-essay-die-wohnqualitaeten-der-stirnrueti-siedlung\\\/\",\"url\":\"https:\\\/\\\/sites.hslu.ch\\\/architektur\\\/foto-essay-die-wohnqualitaeten-der-stirnrueti-siedlung\\\/\",\"name\":\"Foto-Essay \u2013 Die Wohnqualit\u00e4ten der Stirnr\u00fcti Siedlung - Architektur an der Hochschule Luzern\",\"isPartOf\":{\"@id\":\"https:\\\/\\\/sites.hslu.ch\\\/architektur\\\/#website\"},\"primaryImageOfPage\":{\"@id\":\"https:\\\/\\\/sites.hslu.ch\\\/architektur\\\/foto-essay-die-wohnqualitaeten-der-stirnrueti-siedlung\\\/#primaryimage\"},\"image\":{\"@id\":\"https:\\\/\\\/sites.hslu.ch\\\/architektur\\\/foto-essay-die-wohnqualitaeten-der-stirnrueti-siedlung\\\/#primaryimage\"},\"thumbnailUrl\":\"https:\\\/\\\/sites.hslu.ch\\\/architektur\\\/wp-content\\\/uploads\\\/sites\\\/11\\\/2022\\\/10\\\/elio_titel.jpg\",\"datePublished\":\"2022-10-04T10:12:00+00:00\",\"dateModified\":\"2022-10-06T15:24:00+00:00\",\"author\":{\"@id\":\"https:\\\/\\\/sites.hslu.ch\\\/architektur\\\/#\\\/schema\\\/person\\\/001cee0914381b1d1d390e0f07da2aad\"},\"breadcrumb\":{\"@id\":\"https:\\\/\\\/sites.hslu.ch\\\/architektur\\\/foto-essay-die-wohnqualitaeten-der-stirnrueti-siedlung\\\/#breadcrumb\"},\"inLanguage\":\"de\",\"potentialAction\":[{\"@type\":\"ReadAction\",\"target\":[\"https:\\\/\\\/sites.hslu.ch\\\/architektur\\\/foto-essay-die-wohnqualitaeten-der-stirnrueti-siedlung\\\/\"]}]},{\"@type\":\"ImageObject\",\"inLanguage\":\"de\",\"@id\":\"https:\\\/\\\/sites.hslu.ch\\\/architektur\\\/foto-essay-die-wohnqualitaeten-der-stirnrueti-siedlung\\\/#primaryimage\",\"url\":\"https:\\\/\\\/sites.hslu.ch\\\/architektur\\\/wp-content\\\/uploads\\\/sites\\\/11\\\/2022\\\/10\\\/elio_titel.jpg\",\"contentUrl\":\"https:\\\/\\\/sites.hslu.ch\\\/architektur\\\/wp-content\\\/uploads\\\/sites\\\/11\\\/2022\\\/10\\\/elio_titel.jpg\",\"width\":1354,\"height\":1920},{\"@type\":\"BreadcrumbList\",\"@id\":\"https:\\\/\\\/sites.hslu.ch\\\/architektur\\\/foto-essay-die-wohnqualitaeten-der-stirnrueti-siedlung\\\/#breadcrumb\",\"itemListElement\":[{\"@type\":\"ListItem\",\"position\":1,\"name\":\"Home\",\"item\":\"https:\\\/\\\/sites.hslu.ch\\\/architektur\\\/\"},{\"@type\":\"ListItem\",\"position\":2,\"name\":\"Foto-Essay \u2013 Die Wohnqualit\u00e4ten der Stirnr\u00fcti Siedlung\"}]},{\"@type\":\"WebSite\",\"@id\":\"https:\\\/\\\/sites.hslu.ch\\\/architektur\\\/#website\",\"url\":\"https:\\\/\\\/sites.hslu.ch\\\/architektur\\\/\",\"name\":\"Architektur an der Hochschule Luzern\",\"description\":\"\",\"potentialAction\":[{\"@type\":\"SearchAction\",\"target\":{\"@type\":\"EntryPoint\",\"urlTemplate\":\"https:\\\/\\\/sites.hslu.ch\\\/architektur\\\/?s={search_term_string}\"},\"query-input\":{\"@type\":\"PropertyValueSpecification\",\"valueRequired\":true,\"valueName\":\"search_term_string\"}}],\"inLanguage\":\"de\"},{\"@type\":\"Person\",\"@id\":\"https:\\\/\\\/sites.hslu.ch\\\/architektur\\\/#\\\/schema\\\/person\\\/001cee0914381b1d1d390e0f07da2aad\",\"name\":\"jaramalevez\",\"url\":\"https:\\\/\\\/sites.hslu.ch\\\/architektur\\\/author\\\/jaramalevez\\\/\"}]}<\/script>\n<!-- \/ Yoast SEO plugin. -->","yoast_head_json":{"title":"Foto-Essay \u2013 Die Wohnqualit\u00e4ten der Stirnr\u00fcti Siedlung - Architektur an der Hochschule Luzern","robots":{"index":"index","follow":"follow","max-snippet":"max-snippet:-1","max-image-preview":"max-image-preview:large","max-video-preview":"max-video-preview:-1"},"canonical":"https:\/\/sites.hslu.ch\/architektur\/foto-essay-die-wohnqualitaeten-der-stirnrueti-siedlung\/","og_locale":"de_DE","og_type":"article","og_title":"Foto-Essay \u2013 Die Wohnqualit\u00e4ten der Stirnr\u00fcti Siedlung - Architektur an der Hochschule Luzern","og_description":"Im Fr\u00fchlingssemester 2022 hat Elio Garbani im Modul \u00abVerantwortung\u00bb (Modulverantwortung: Markus K\u00e4ch) die Stirnru\u0308ti Siedlung in Horw fotografisch portr\u00e4tiert. In den 90er-Jahre haben sich 26 Parteien zusammen gefunden, um gemeinschaftlich [&hellip;]","og_url":"https:\/\/sites.hslu.ch\/architektur\/foto-essay-die-wohnqualitaeten-der-stirnrueti-siedlung\/","og_site_name":"Architektur an der Hochschule Luzern","article_published_time":"2022-10-04T10:12:00+00:00","article_modified_time":"2022-10-06T15:24:00+00:00","og_image":[{"width":1354,"height":1920,"url":"https:\/\/sites.hslu.ch\/architektur\/wp-content\/uploads\/sites\/11\/2022\/10\/elio_titel.jpg","type":"image\/jpeg"}],"author":"jaramalevez","twitter_card":"summary_large_image","twitter_misc":{"Verfasst von":"jaramalevez","Gesch\u00e4tzte Lesezeit":"1\u00a0Minute"},"schema":{"@context":"https:\/\/schema.org","@graph":[{"@type":"Article","@id":"https:\/\/sites.hslu.ch\/architektur\/foto-essay-die-wohnqualitaeten-der-stirnrueti-siedlung\/#article","isPartOf":{"@id":"https:\/\/sites.hslu.ch\/architektur\/foto-essay-die-wohnqualitaeten-der-stirnrueti-siedlung\/"},"author":{"name":"jaramalevez","@id":"https:\/\/sites.hslu.ch\/architektur\/#\/schema\/person\/001cee0914381b1d1d390e0f07da2aad"},"headline":"Foto-Essay \u2013 Die Wohnqualit\u00e4ten der Stirnr\u00fcti Siedlung","datePublished":"2022-10-04T10:12:00+00:00","dateModified":"2022-10-06T15:24:00+00:00","mainEntityOfPage":{"@id":"https:\/\/sites.hslu.ch\/architektur\/foto-essay-die-wohnqualitaeten-der-stirnrueti-siedlung\/"},"wordCount":66,"image":{"@id":"https:\/\/sites.hslu.ch\/architektur\/foto-essay-die-wohnqualitaeten-der-stirnrueti-siedlung\/#primaryimage"},"thumbnailUrl":"https:\/\/sites.hslu.ch\/architektur\/wp-content\/uploads\/sites\/11\/2022\/10\/elio_titel.jpg","articleSection":["Bachelor Architektur","FS2022","Gestaltung","Semester\/Jahr"],"inLanguage":"de"},{"@type":"WebPage","@id":"https:\/\/sites.hslu.ch\/architektur\/foto-essay-die-wohnqualitaeten-der-stirnrueti-siedlung\/","url":"https:\/\/sites.hslu.ch\/architektur\/foto-essay-die-wohnqualitaeten-der-stirnrueti-siedlung\/","name":"Foto-Essay \u2013 Die Wohnqualit\u00e4ten der Stirnr\u00fcti Siedlung - Architektur an der Hochschule Luzern","isPartOf":{"@id":"https:\/\/sites.hslu.ch\/architektur\/#website"},"primaryImageOfPage":{"@id":"https:\/\/sites.hslu.ch\/architektur\/foto-essay-die-wohnqualitaeten-der-stirnrueti-siedlung\/#primaryimage"},"image":{"@id":"https:\/\/sites.hslu.ch\/architektur\/foto-essay-die-wohnqualitaeten-der-stirnrueti-siedlung\/#primaryimage"},"thumbnailUrl":"https:\/\/sites.hslu.ch\/architektur\/wp-content\/uploads\/sites\/11\/2022\/10\/elio_titel.jpg","datePublished":"2022-10-04T10:12:00+00:00","dateModified":"2022-10-06T15:24:00+00:00","author":{"@id":"https:\/\/sites.hslu.ch\/architektur\/#\/schema\/person\/001cee0914381b1d1d390e0f07da2aad"},"breadcrumb":{"@id":"https:\/\/sites.hslu.ch\/architektur\/foto-essay-die-wohnqualitaeten-der-stirnrueti-siedlung\/#breadcrumb"},"inLanguage":"de","potentialAction":[{"@type":"ReadAction","target":["https:\/\/sites.hslu.ch\/architektur\/foto-essay-die-wohnqualitaeten-der-stirnrueti-siedlung\/"]}]},{"@type":"ImageObject","inLanguage":"de","@id":"https:\/\/sites.hslu.ch\/architektur\/foto-essay-die-wohnqualitaeten-der-stirnrueti-siedlung\/#primaryimage","url":"https:\/\/sites.hslu.ch\/architektur\/wp-content\/uploads\/sites\/11\/2022\/10\/elio_titel.jpg","contentUrl":"https:\/\/sites.hslu.ch\/architektur\/wp-content\/uploads\/sites\/11\/2022\/10\/elio_titel.jpg","width":1354,"height":1920},{"@type":"BreadcrumbList","@id":"https:\/\/sites.hslu.ch\/architektur\/foto-essay-die-wohnqualitaeten-der-stirnrueti-siedlung\/#breadcrumb","itemListElement":[{"@type":"ListItem","position":1,"name":"Home","item":"https:\/\/sites.hslu.ch\/architektur\/"},{"@type":"ListItem","position":2,"name":"Foto-Essay \u2013 Die Wohnqualit\u00e4ten der Stirnr\u00fcti Siedlung"}]},{"@type":"WebSite","@id":"https:\/\/sites.hslu.ch\/architektur\/#website","url":"https:\/\/sites.hslu.ch\/architektur\/","name":"Architektur an der Hochschule Luzern","description":"","potentialAction":[{"@type":"SearchAction","target":{"@type":"EntryPoint","urlTemplate":"https:\/\/sites.hslu.ch\/architektur\/?s={search_term_string}"},"query-input":{"@type":"PropertyValueSpecification","valueRequired":true,"valueName":"search_term_string"}}],"inLanguage":"de"},{"@type":"Person","@id":"https:\/\/sites.hslu.ch\/architektur\/#\/schema\/person\/001cee0914381b1d1d390e0f07da2aad","name":"jaramalevez","url":"https:\/\/sites.hslu.ch\/architektur\/author\/jaramalevez\/"}]}},"_links":{"self":[{"href":"https:\/\/sites.hslu.ch\/architektur\/wp-json\/wp\/v2\/posts\/14738","targetHints":{"allow":["GET"]}}],"collection":[{"href":"https:\/\/sites.hslu.ch\/architektur\/wp-json\/wp\/v2\/posts"}],"about":[{"href":"https:\/\/sites.hslu.ch\/architektur\/wp-json\/wp\/v2\/types\/post"}],"author":[{"embeddable":true,"href":"https:\/\/sites.hslu.ch\/architektur\/wp-json\/wp\/v2\/users\/44"}],"replies":[{"embeddable":true,"href":"https:\/\/sites.hslu.ch\/architektur\/wp-json\/wp\/v2\/comments?post=14738"}],"version-history":[{"count":3,"href":"https:\/\/sites.hslu.ch\/architektur\/wp-json\/wp\/v2\/posts\/14738\/revisions"}],"predecessor-version":[{"id":14779,"href":"https:\/\/sites.hslu.ch\/architektur\/wp-json\/wp\/v2\/posts\/14738\/revisions\/14779"}],"wp:featuredmedia":[{"embeddable":true,"href":"https:\/\/sites.hslu.ch\/architektur\/wp-json\/wp\/v2\/media\/14777"}],"wp:attachment":[{"href":"https:\/\/sites.hslu.ch\/architektur\/wp-json\/wp\/v2\/media?parent=14738"}],"wp:term":[{"taxonomy":"category","embeddable":true,"href":"https:\/\/sites.hslu.ch\/architektur\/wp-json\/wp\/v2\/categories?post=14738"},{"taxonomy":"post_tag","embeddable":true,"href":"https:\/\/sites.hslu.ch\/architektur\/wp-json\/wp\/v2\/tags?post=14738"}],"curies":[{"name":"wp","href":"https:\/\/api.w.org\/{rel}","templated":true}]}}