{"id":12839,"date":"2022-08-17T14:25:31","date_gmt":"2022-08-17T12:25:31","guid":{"rendered":"https:\/\/sites.hslu.ch\/architektur\/?p=12839"},"modified":"2022-08-17T14:31:14","modified_gmt":"2022-08-17T12:31:14","slug":"entwurf-im-bachelor-basic-offene-textilwerkstatt","status":"publish","type":"post","link":"https:\/\/sites.hslu.ch\/architektur\/entwurf-im-bachelor-basic-offene-textilwerkstatt\/","title":{"rendered":"Entwurf im Bachelor Basic \u2013 Offene Textilwerkstatt"},"content":{"rendered":"\n<p class=\"is-style-lead-text\">Im Herbstsemester 2022 entwarfen die Studierenden des Bachelor Basic in den Ateliers von Marianne Meister und Corina Trunz eine Manufaktur. Die vorgefundene Situation in der Luzerner Altstadt bot ihnen eine gute M\u00f6glichkeit, Verdichtung und mit den angrenzenden H\u00e4usern Volumetrie, Stapelung und Kontext zu untersuchen.<\/p>\n\n\n\n<p>Verschiedene kleinmasst\u00e4bliche Produktionen dienten als Inspiration. Jede Arbeit untersuchte ein spezifisches Handwerk, aus welchen Eigenheiten eine m\u00f6gliche Idee f\u00fcr den Entwurf entstehen konnte. Die lokale Manufaktur stand dabei sowohl f\u00fcr das \u00abh\u00e4ndische\u00bb im Sinne des menschlichen Massstabs als auch das Geb\u00e4ude als Ort von Menschen f\u00fcr Menschen gemacht. Jede Manufaktur verf\u00fcgte \u00fcber einen ged\u00e4mmten und einen unged\u00e4mmten Bereich und bot neben dem eigentlichen Ort der Produktion auch R\u00e4ume der Vermittlung und des Verkaufs an.<\/p>\n\n\n\n<h3 class=\"wp-block-heading\">Projekt von Maria Gisler \u2013 Offene Textilwerkstatt<\/h3>\n\n\n    <div class=\"ms-gallery \">\n        <div class=\"ms-gallery-sizer\"><\/div>\n        <div class=\"ms-gallery-gutter\"><\/div>\n                                    <div class=\"ms-gallery-item wide\">\n                                                        <a href=\"https:\/\/sites.hslu.ch\/architektur\/wp-content\/uploads\/sites\/11\/2022\/08\/22fs_12_Projektmodul_Maria_Gisler_0108_1920px.jpg\" data-lightbox=\"masonery-gallery\"  data-size=\"wide\"  data-title=\"\" data-alt=\"\">\n                        <img decoding=\"async\" class=\"ms-gallery-item__image\"  data-size=\"wide\"  src=\"https:\/\/sites.hslu.ch\/architektur\/wp-content\/uploads\/sites\/11\/2022\/08\/22fs_12_Projektmodul_Maria_Gisler_0108_1920px.jpg\" alt=\"\" \/>\n                    <\/a>\n                                        <\/div>\n\n                                                                <div class=\"ms-gallery-item wide\">\n                                                        <a href=\"https:\/\/sites.hslu.ch\/architektur\/wp-content\/uploads\/sites\/11\/2022\/08\/22fs_12_Projektmodul_Maria_Gisler_0113_1920px.jpg\" data-lightbox=\"masonery-gallery\"  data-size=\"wide\"  data-title=\"\" data-alt=\"\">\n                        <img decoding=\"async\" class=\"ms-gallery-item__image\"  data-size=\"wide\"  src=\"https:\/\/sites.hslu.ch\/architektur\/wp-content\/uploads\/sites\/11\/2022\/08\/22fs_12_Projektmodul_Maria_Gisler_0113_1920px.jpg\" alt=\"\" \/>\n                    <\/a>\n                                        <\/div>\n\n                                                                <div class=\"ms-gallery-item wide\">\n                                                        <a href=\"https:\/\/sites.hslu.ch\/architektur\/wp-content\/uploads\/sites\/11\/2022\/08\/22fs_12_Projektmodul_Maria_Gisler_0315_1920px.jpg\" data-lightbox=\"masonery-gallery\"  data-size=\"wide\"  data-title=\"\" data-alt=\"\">\n                        <img decoding=\"async\" class=\"ms-gallery-item__image\"  data-size=\"wide\"  src=\"https:\/\/sites.hslu.ch\/architektur\/wp-content\/uploads\/sites\/11\/2022\/08\/22fs_12_Projektmodul_Maria_Gisler_0315_1920px.jpg\" alt=\"\" \/>\n                    <\/a>\n                                        <\/div>\n\n                                                    <div class=\"ms-gallery-item narrow\">\n                <\/div>\n                <\/div>\n            \n\n\n<p>Die Studierende Maria Gisler entwarf eine offene Textilwerkstatt. Sie schreibt zu ihrem Projekt: <br>\u00c4rgerlich, wenn pl\u00f6tzlich ein Knopf am Lieblingsmantel fehlt, die Hose reisst oder der T-Shirt-Saum aufgeht. Aber das Kleidungsst\u00fcck deshalb direkt ersetzen? Lieber nicht. Oft f\u00e4llt es einem sowieso schwer, sich von seinem Lieblingsst\u00fcck zu trennen. Auch spielt der Nachhaltigkeitsgedanke und mit ihm die Langlebigkeit der Kleidung eine grosse Rolle. Es soll deshalb ein Ort entstehen, wo alte Kleidung gemeinsam mit Schneider*innen geflickt oder aufgemotzt werden k\u00f6nnen. Auch soll Neues realisiert oder Unbekanntes ausprobiert werden k\u00f6nnen. Die Reparaturveranstaltungen bieten die M\u00f6glichkeit, etwas gegen den Ressourcenverschleiss, geplante Obsoleszenz und die wachsenden Abfallberge zu unternehmen.<br>Ein kleines Caf\u00e9 soll das Reparieren attraktiver und bekannter machen. Man trifft neue Leute und kann sich bei Kaffee und Kuchen unterhalten.<\/p>\n\n\n    <div class=\"ms-gallery \">\n        <div class=\"ms-gallery-sizer\"><\/div>\n        <div class=\"ms-gallery-gutter\"><\/div>\n                                        <div class=\"ms-gallery-item narrow\">\n                                                            <a href=\"https:\/\/sites.hslu.ch\/architektur\/wp-content\/uploads\/sites\/11\/2022\/08\/22fs_12_Projektmodul_Maria_Gisler_0103_1920px.jpg\" data-lightbox=\"masonery-gallery\"  data-size=\"narrow\"  data-title=\"\" data-alt=\"\">\n                        <img decoding=\"async\" class=\"ms-gallery-item__image\"  data-size=\"narrow\"  src=\"https:\/\/sites.hslu.ch\/architektur\/wp-content\/uploads\/sites\/11\/2022\/08\/22fs_12_Projektmodul_Maria_Gisler_0103_1920px.jpg\" alt=\"\" \/>\n                    <\/a>\n                                        <\/div>\n\n                                                                <div class=\"ms-gallery-item wide\">\n                                                        <a href=\"https:\/\/sites.hslu.ch\/architektur\/wp-content\/uploads\/sites\/11\/2022\/08\/Bild1.jpg\" data-lightbox=\"masonery-gallery\"  data-size=\"wide\"  data-title=\"\" data-alt=\"\">\n                        <img decoding=\"async\" class=\"ms-gallery-item__image\"  data-size=\"wide\"  src=\"https:\/\/sites.hslu.ch\/architektur\/wp-content\/uploads\/sites\/11\/2022\/08\/Bild1.jpg\" alt=\"\" \/>\n                    <\/a>\n                                        <\/div>\n\n                                                                    <div class=\"ms-gallery-item narrow\">\n                                                            <a href=\"https:\/\/sites.hslu.ch\/architektur\/wp-content\/uploads\/sites\/11\/2022\/08\/Bild3.jpg\" data-lightbox=\"masonery-gallery\"  data-size=\"narrow\"  data-title=\"\" data-alt=\"\">\n                        <img decoding=\"async\" class=\"ms-gallery-item__image\"  data-size=\"narrow\"  src=\"https:\/\/sites.hslu.ch\/architektur\/wp-content\/uploads\/sites\/11\/2022\/08\/Bild3.jpg\" alt=\"\" \/>\n                    <\/a>\n                                        <\/div>\n\n                                                    <div class=\"ms-gallery-item narrow\">\n                <\/div>\n                <\/div>\n            \n\n\n<p><br>Der Standort in der Altstadt ist f\u00fcr dieses Angebot perfekt. Dort halten sich immer viele Menschen auf, welche so darauf aufmerksam w\u00fcrden. Zudem befindet sich die Parzelle in der unmittelbaren N\u00e4he zu vielen Fast-Fashion L\u00e4den und soll somit einen Gegensatz bilden.<br>Durch ein Materialbuffet soll das Angebot abgerundet werden. Dort kann Altmaterial abgegeben werden, welches sortiert und schliesslich zum Flicken oder zur freien Entfaltung wiederverwendet werden kann.<br><strong>In der Texilwerkstatt sollen Dinge repariert und Wissen weitergegeben werden.<\/strong><\/p>\n\n\n    <div class=\"ms-gallery \">\n        <div class=\"ms-gallery-sizer\"><\/div>\n        <div class=\"ms-gallery-gutter\"><\/div>\n                                    <div class=\"ms-gallery-item wide\">\n                                                        <a href=\"https:\/\/sites.hslu.ch\/architektur\/wp-content\/uploads\/sites\/11\/2022\/08\/Ansicht_Front.jpg\" data-lightbox=\"masonery-gallery\"  data-size=\"wide\"  data-title=\"Ansicht Front\" data-alt=\"\">\n                        <img decoding=\"async\" class=\"ms-gallery-item__image\"  data-size=\"wide\"  src=\"https:\/\/sites.hslu.ch\/architektur\/wp-content\/uploads\/sites\/11\/2022\/08\/Ansicht_Front.jpg\" alt=\"\" \/>\n                    <\/a>\n                                            <p>Ansicht Front<\/p>\n                                        <\/div>\n\n                                                                    <div class=\"ms-gallery-item narrow\">\n                                                            <a href=\"https:\/\/sites.hslu.ch\/architektur\/wp-content\/uploads\/sites\/11\/2022\/08\/Ansicht_Hinten.jpg\" data-lightbox=\"masonery-gallery\"  data-size=\"narrow\"  data-title=\"Ansicht hinten\" data-alt=\"\">\n                        <img decoding=\"async\" class=\"ms-gallery-item__image\"  data-size=\"narrow\"  src=\"https:\/\/sites.hslu.ch\/architektur\/wp-content\/uploads\/sites\/11\/2022\/08\/Ansicht_Hinten.jpg\" alt=\"\" \/>\n                    <\/a>\n                                            <p>Ansicht hinten<\/p>\n                                        <\/div>\n\n                                                                <div class=\"ms-gallery-item wide\">\n                                                        <a href=\"https:\/\/sites.hslu.ch\/architektur\/wp-content\/uploads\/sites\/11\/2022\/08\/Ansicht_Seite.jpg\" data-lightbox=\"masonery-gallery\"  data-size=\"wide\"  data-title=\"Ansicht Seite\" data-alt=\"\">\n                        <img decoding=\"async\" class=\"ms-gallery-item__image\"  data-size=\"wide\"  src=\"https:\/\/sites.hslu.ch\/architektur\/wp-content\/uploads\/sites\/11\/2022\/08\/Ansicht_Seite.jpg\" alt=\"\" \/>\n                    <\/a>\n                                            <p>Ansicht Seite<\/p>\n                                        <\/div>\n\n                                                                <div class=\"ms-gallery-item wide\">\n                                                        <a href=\"https:\/\/sites.hslu.ch\/architektur\/wp-content\/uploads\/sites\/11\/2022\/08\/Collage_Aussen.jpg\" data-lightbox=\"masonery-gallery\"  data-size=\"wide\"  data-title=\"Collage aussen\" data-alt=\"\">\n                        <img decoding=\"async\" class=\"ms-gallery-item__image\"  data-size=\"wide\"  src=\"https:\/\/sites.hslu.ch\/architektur\/wp-content\/uploads\/sites\/11\/2022\/08\/Collage_Aussen.jpg\" alt=\"\" \/>\n                    <\/a>\n                                            <p>Collage aussen<\/p>\n                                        <\/div>\n\n                                                                <div class=\"ms-gallery-item wide\">\n                                                        <a href=\"https:\/\/sites.hslu.ch\/architektur\/wp-content\/uploads\/sites\/11\/2022\/08\/Collage_Oben.jpg\" data-lightbox=\"masonery-gallery\"  data-size=\"wide\"  data-title=\"Collage von oben\" data-alt=\"\">\n                        <img decoding=\"async\" class=\"ms-gallery-item__image\"  data-size=\"wide\"  src=\"https:\/\/sites.hslu.ch\/architektur\/wp-content\/uploads\/sites\/11\/2022\/08\/Collage_Oben.jpg\" alt=\"\" \/>\n                    <\/a>\n                                            <p>Collage von oben<\/p>\n                                        <\/div>\n\n                                                                <div class=\"ms-gallery-item wide\">\n                                                        <a href=\"https:\/\/sites.hslu.ch\/architektur\/wp-content\/uploads\/sites\/11\/2022\/08\/Collage_Innen.jpg\" data-lightbox=\"masonery-gallery\"  data-size=\"wide\"  data-title=\"Collage innen\" data-alt=\"\">\n                        <img decoding=\"async\" class=\"ms-gallery-item__image\"  data-size=\"wide\"  src=\"https:\/\/sites.hslu.ch\/architektur\/wp-content\/uploads\/sites\/11\/2022\/08\/Collage_Innen.jpg\" alt=\"\" \/>\n                    <\/a>\n                                            <p>Collage innen<\/p>\n                                        <\/div>\n\n                                                    <div class=\"ms-gallery-item narrow\">\n                <\/div>\n                <\/div>\n            \n\n\n<h3 class=\"wp-block-heading\">Konzept<\/h3>\n\n\n\n<p>Wo fru\u0308her einmal die Stadtmauer entlanglief, steht nun mein Geb\u00e4ude. Die Fassadenfront soll der Mauer gedenken, indem sie an ein historisches Baugeru\u0308st erinnert. Das Volumen ragt leicht in die Strasse. Dadurch entsteht ein einladender Eingang. Der Innenraum besteht aus einem u\u0308berdimensioniertem \u00abRegal\u00bb. Der gesamte Innenausbau ist darin untergebracht. Der Sockel und das darin integrierte WC sind aus Beton. Darauf stehen zwei parallele Wandscheiben aus purem Holz. Eine solche Wand besteht aus vielen Holzplatten, die durch Holzdu\u0308bel zusammengehalten werden. Dazwischen eingeklemmt ist der Innenausbau. Dieser besteht ebenfalls aus Platten und Rundh\u00f6lzer, welche an die in der Massivholzwand vorhandenen Holzdu\u0308bel anlehnen sollen. Auf den Wandscheiben liegt die Dachstruktur aus Rundh\u00f6lzern. Diese fliesst u\u0308ber die Fassade in den Boden. Dafu\u0308r wird immer derselbe Knoten verwendet, welcher durch diagonal verlaufende Stoffbahnen zus\u00e4tzlich ausgesteift wird. Der Stoff leistet gleichzeitig einen Beitrag zum sommerlichen W\u00e4rmeschutz. Das Dach ist aus einer PVC Wellplatte. Dadurch gelangt viel Licht von oben in den Bau, da seitlich nur wenig Licht eintritt aufgrund der N\u00e4he zu den Nachbarbauten.<\/p>\n\n\n    <div class=\"ms-gallery \">\n        <div class=\"ms-gallery-sizer\"><\/div>\n        <div class=\"ms-gallery-gutter\"><\/div>\n                                    <div class=\"ms-gallery-item wide\">\n                                                        <a href=\"https:\/\/sites.hslu.ch\/architektur\/wp-content\/uploads\/sites\/11\/2022\/08\/La\u0308ngsschnitt.jpg\" data-lightbox=\"masonery-gallery\"  data-size=\"wide\"  data-title=\"L\u00e4ngsschnitt\" data-alt=\"\">\n                        <img decoding=\"async\" class=\"ms-gallery-item__image\"  data-size=\"wide\"  src=\"https:\/\/sites.hslu.ch\/architektur\/wp-content\/uploads\/sites\/11\/2022\/08\/La\u0308ngsschnitt.jpg\" alt=\"\" \/>\n                    <\/a>\n                                            <p>L\u00e4ngsschnitt<\/p>\n                                        <\/div>\n\n                                                                    <div class=\"ms-gallery-item narrow\">\n                                                            <a href=\"https:\/\/sites.hslu.ch\/architektur\/wp-content\/uploads\/sites\/11\/2022\/08\/Axo.jpg\" data-lightbox=\"masonery-gallery\"  data-size=\"narrow\"  data-title=\"Axonometrie\" data-alt=\"\">\n                        <img decoding=\"async\" class=\"ms-gallery-item__image\"  data-size=\"narrow\"  src=\"https:\/\/sites.hslu.ch\/architektur\/wp-content\/uploads\/sites\/11\/2022\/08\/Axo.jpg\" alt=\"\" \/>\n                    <\/a>\n                                            <p>Axonometrie<\/p>\n                                        <\/div>\n\n                                                                    <div class=\"ms-gallery-item narrow\">\n                                                            <a href=\"https:\/\/sites.hslu.ch\/architektur\/wp-content\/uploads\/sites\/11\/2022\/08\/Querschnitt.jpg\" data-lightbox=\"masonery-gallery\"  data-size=\"narrow\"  data-title=\"Querschnitt\" data-alt=\"\">\n                        <img decoding=\"async\" class=\"ms-gallery-item__image\"  data-size=\"narrow\"  src=\"https:\/\/sites.hslu.ch\/architektur\/wp-content\/uploads\/sites\/11\/2022\/08\/Querschnitt.jpg\" alt=\"\" \/>\n                    <\/a>\n                                            <p>Querschnitt<\/p>\n                                        <\/div>\n\n                                                    <div class=\"ms-gallery-item narrow\">\n                <\/div>\n                <\/div>\n            \n\n    <div class=\"ms-gallery \">\n        <div class=\"ms-gallery-sizer\"><\/div>\n        <div class=\"ms-gallery-gutter\"><\/div>\n                                        <div class=\"ms-gallery-item narrow\">\n                                                            <a href=\"https:\/\/sites.hslu.ch\/architektur\/wp-content\/uploads\/sites\/11\/2022\/08\/UG.jpg\" data-lightbox=\"masonery-gallery\"  data-size=\"narrow\"  data-title=\"UG\" data-alt=\"\">\n                        <img decoding=\"async\" class=\"ms-gallery-item__image\"  data-size=\"narrow\"  src=\"https:\/\/sites.hslu.ch\/architektur\/wp-content\/uploads\/sites\/11\/2022\/08\/UG.jpg\" alt=\"\" \/>\n                    <\/a>\n                                            <p>UG<\/p>\n                                        <\/div>\n\n                                                                    <div class=\"ms-gallery-item narrow\">\n                                                            <a href=\"https:\/\/sites.hslu.ch\/architektur\/wp-content\/uploads\/sites\/11\/2022\/08\/EG.jpg\" data-lightbox=\"masonery-gallery\"  data-size=\"narrow\"  data-title=\"EG\" data-alt=\"\">\n                        <img decoding=\"async\" class=\"ms-gallery-item__image\"  data-size=\"narrow\"  src=\"https:\/\/sites.hslu.ch\/architektur\/wp-content\/uploads\/sites\/11\/2022\/08\/EG.jpg\" alt=\"\" \/>\n                    <\/a>\n                                            <p>EG<\/p>\n                                        <\/div>\n\n                                                                    <div class=\"ms-gallery-item narrow\">\n                                                            <a href=\"https:\/\/sites.hslu.ch\/architektur\/wp-content\/uploads\/sites\/11\/2022\/08\/1OG.jpg\" data-lightbox=\"masonery-gallery\"  data-size=\"narrow\"  data-title=\"1. OG\" data-alt=\"\">\n                        <img decoding=\"async\" class=\"ms-gallery-item__image\"  data-size=\"narrow\"  src=\"https:\/\/sites.hslu.ch\/architektur\/wp-content\/uploads\/sites\/11\/2022\/08\/1OG.jpg\" alt=\"\" \/>\n                    <\/a>\n                                            <p>1. OG<\/p>\n                                        <\/div>\n\n                                                                    <div class=\"ms-gallery-item narrow\">\n                                                            <a href=\"https:\/\/sites.hslu.ch\/architektur\/wp-content\/uploads\/sites\/11\/2022\/08\/2OG.jpg\" data-lightbox=\"masonery-gallery\"  data-size=\"narrow\"  data-title=\"2. OG\" data-alt=\"\">\n                        <img decoding=\"async\" class=\"ms-gallery-item__image\"  data-size=\"narrow\"  src=\"https:\/\/sites.hslu.ch\/architektur\/wp-content\/uploads\/sites\/11\/2022\/08\/2OG.jpg\" alt=\"\" \/>\n                    <\/a>\n                                            <p>2. OG<\/p>\n                                        <\/div>\n\n                                                                    <div class=\"ms-gallery-item narrow\">\n                                                            <a href=\"https:\/\/sites.hslu.ch\/architektur\/wp-content\/uploads\/sites\/11\/2022\/08\/3-DG.jpg\" data-lightbox=\"masonery-gallery\"  data-size=\"narrow\"  data-title=\"3. OG\" data-alt=\"\">\n                        <img decoding=\"async\" class=\"ms-gallery-item__image\"  data-size=\"narrow\"  src=\"https:\/\/sites.hslu.ch\/architektur\/wp-content\/uploads\/sites\/11\/2022\/08\/3-DG.jpg\" alt=\"\" \/>\n                    <\/a>\n                                            <p>3. OG<\/p>\n                                        <\/div>\n\n                                                    <div class=\"ms-gallery-item narrow\">\n                <\/div>\n                <\/div>\n            ","protected":false},"excerpt":{"rendered":"<p>Im Herbstsemester 2022 entwarfen die Studierenden des Bachelor Basic in den Ateliers von Marianne Meister und Corina Trunz eine Manufaktur. Die vorgefundene Situation in der Luzerner Altstadt bot ihnen eine [&hellip;]<\/p>\n","protected":false},"author":44,"featured_media":12947,"comment_status":"closed","ping_status":"closed","sticky":false,"template":"","format":"standard","meta":{"_acf_changed":false,"footnotes":""},"categories":[6,230,15,22],"tags":[],"class_list":["post-12839","post","type-post","status-publish","format-standard","has-post-thumbnail","hentry","category-bachelor-architektur","category-hs2022","category-projektmodule","category-semester-jahr"],"acf":[],"yoast_head":"<!-- This site is optimized with the Yoast SEO plugin v27.4 - https:\/\/yoast.com\/product\/yoast-seo-wordpress\/ -->\n<title>Entwurf im Bachelor Basic \u2013 Offene Textilwerkstatt - Architektur an der Hochschule Luzern<\/title>\n<meta name=\"robots\" content=\"index, follow, max-snippet:-1, max-image-preview:large, max-video-preview:-1\" \/>\n<link rel=\"canonical\" href=\"https:\/\/sites.hslu.ch\/architektur\/entwurf-im-bachelor-basic-offene-textilwerkstatt\/\" \/>\n<meta property=\"og:locale\" content=\"de_DE\" \/>\n<meta property=\"og:type\" content=\"article\" \/>\n<meta property=\"og:title\" content=\"Entwurf im Bachelor Basic \u2013 Offene Textilwerkstatt - Architektur an der Hochschule Luzern\" \/>\n<meta property=\"og:description\" content=\"Im Herbstsemester 2022 entwarfen die Studierenden des Bachelor Basic in den Ateliers von Marianne Meister und Corina Trunz eine Manufaktur. Die vorgefundene Situation in der Luzerner Altstadt bot ihnen eine [&hellip;]\" \/>\n<meta property=\"og:url\" content=\"https:\/\/sites.hslu.ch\/architektur\/entwurf-im-bachelor-basic-offene-textilwerkstatt\/\" \/>\n<meta property=\"og:site_name\" content=\"Architektur an der Hochschule Luzern\" \/>\n<meta property=\"article:published_time\" content=\"2022-08-17T12:25:31+00:00\" \/>\n<meta property=\"article:modified_time\" content=\"2022-08-17T12:31:14+00:00\" \/>\n<meta property=\"og:image\" content=\"https:\/\/sites.hslu.ch\/architektur\/wp-content\/uploads\/sites\/11\/2022\/08\/22fs_12_Projektmodul_Maria_Gisler_0315_1920px.jpg\" \/>\n\t<meta property=\"og:image:width\" content=\"1920\" \/>\n\t<meta property=\"og:image:height\" content=\"1280\" \/>\n\t<meta property=\"og:image:type\" content=\"image\/jpeg\" \/>\n<meta name=\"author\" content=\"jaramalevez\" \/>\n<meta name=\"twitter:card\" content=\"summary_large_image\" \/>\n<meta name=\"twitter:label1\" content=\"Verfasst von\" \/>\n\t<meta name=\"twitter:data1\" content=\"jaramalevez\" \/>\n\t<meta name=\"twitter:label2\" content=\"Gesch\u00e4tzte Lesezeit\" \/>\n\t<meta name=\"twitter:data2\" content=\"3\u00a0Minuten\" \/>\n<script type=\"application\/ld+json\" class=\"yoast-schema-graph\">{\"@context\":\"https:\\\/\\\/schema.org\",\"@graph\":[{\"@type\":\"Article\",\"@id\":\"https:\\\/\\\/sites.hslu.ch\\\/architektur\\\/entwurf-im-bachelor-basic-offene-textilwerkstatt\\\/#article\",\"isPartOf\":{\"@id\":\"https:\\\/\\\/sites.hslu.ch\\\/architektur\\\/entwurf-im-bachelor-basic-offene-textilwerkstatt\\\/\"},\"author\":{\"name\":\"jaramalevez\",\"@id\":\"https:\\\/\\\/sites.hslu.ch\\\/architektur\\\/#\\\/schema\\\/person\\\/001cee0914381b1d1d390e0f07da2aad\"},\"headline\":\"Entwurf im Bachelor Basic \u2013 Offene Textilwerkstatt\",\"datePublished\":\"2022-08-17T12:25:31+00:00\",\"dateModified\":\"2022-08-17T12:31:14+00:00\",\"mainEntityOfPage\":{\"@id\":\"https:\\\/\\\/sites.hslu.ch\\\/architektur\\\/entwurf-im-bachelor-basic-offene-textilwerkstatt\\\/\"},\"wordCount\":539,\"image\":{\"@id\":\"https:\\\/\\\/sites.hslu.ch\\\/architektur\\\/entwurf-im-bachelor-basic-offene-textilwerkstatt\\\/#primaryimage\"},\"thumbnailUrl\":\"https:\\\/\\\/sites.hslu.ch\\\/architektur\\\/wp-content\\\/uploads\\\/sites\\\/11\\\/2022\\\/08\\\/22fs_12_Projektmodul_Maria_Gisler_0315_1920px.jpg\",\"articleSection\":[\"Bachelor Architektur\",\"HS2022\",\"Projektmodule\",\"Semester\\\/Jahr\"],\"inLanguage\":\"de\"},{\"@type\":\"WebPage\",\"@id\":\"https:\\\/\\\/sites.hslu.ch\\\/architektur\\\/entwurf-im-bachelor-basic-offene-textilwerkstatt\\\/\",\"url\":\"https:\\\/\\\/sites.hslu.ch\\\/architektur\\\/entwurf-im-bachelor-basic-offene-textilwerkstatt\\\/\",\"name\":\"Entwurf im Bachelor Basic \u2013 Offene Textilwerkstatt - Architektur an der Hochschule Luzern\",\"isPartOf\":{\"@id\":\"https:\\\/\\\/sites.hslu.ch\\\/architektur\\\/#website\"},\"primaryImageOfPage\":{\"@id\":\"https:\\\/\\\/sites.hslu.ch\\\/architektur\\\/entwurf-im-bachelor-basic-offene-textilwerkstatt\\\/#primaryimage\"},\"image\":{\"@id\":\"https:\\\/\\\/sites.hslu.ch\\\/architektur\\\/entwurf-im-bachelor-basic-offene-textilwerkstatt\\\/#primaryimage\"},\"thumbnailUrl\":\"https:\\\/\\\/sites.hslu.ch\\\/architektur\\\/wp-content\\\/uploads\\\/sites\\\/11\\\/2022\\\/08\\\/22fs_12_Projektmodul_Maria_Gisler_0315_1920px.jpg\",\"datePublished\":\"2022-08-17T12:25:31+00:00\",\"dateModified\":\"2022-08-17T12:31:14+00:00\",\"author\":{\"@id\":\"https:\\\/\\\/sites.hslu.ch\\\/architektur\\\/#\\\/schema\\\/person\\\/001cee0914381b1d1d390e0f07da2aad\"},\"breadcrumb\":{\"@id\":\"https:\\\/\\\/sites.hslu.ch\\\/architektur\\\/entwurf-im-bachelor-basic-offene-textilwerkstatt\\\/#breadcrumb\"},\"inLanguage\":\"de\",\"potentialAction\":[{\"@type\":\"ReadAction\",\"target\":[\"https:\\\/\\\/sites.hslu.ch\\\/architektur\\\/entwurf-im-bachelor-basic-offene-textilwerkstatt\\\/\"]}]},{\"@type\":\"ImageObject\",\"inLanguage\":\"de\",\"@id\":\"https:\\\/\\\/sites.hslu.ch\\\/architektur\\\/entwurf-im-bachelor-basic-offene-textilwerkstatt\\\/#primaryimage\",\"url\":\"https:\\\/\\\/sites.hslu.ch\\\/architektur\\\/wp-content\\\/uploads\\\/sites\\\/11\\\/2022\\\/08\\\/22fs_12_Projektmodul_Maria_Gisler_0315_1920px.jpg\",\"contentUrl\":\"https:\\\/\\\/sites.hslu.ch\\\/architektur\\\/wp-content\\\/uploads\\\/sites\\\/11\\\/2022\\\/08\\\/22fs_12_Projektmodul_Maria_Gisler_0315_1920px.jpg\",\"width\":1920,\"height\":1280},{\"@type\":\"BreadcrumbList\",\"@id\":\"https:\\\/\\\/sites.hslu.ch\\\/architektur\\\/entwurf-im-bachelor-basic-offene-textilwerkstatt\\\/#breadcrumb\",\"itemListElement\":[{\"@type\":\"ListItem\",\"position\":1,\"name\":\"Home\",\"item\":\"https:\\\/\\\/sites.hslu.ch\\\/architektur\\\/\"},{\"@type\":\"ListItem\",\"position\":2,\"name\":\"Entwurf im Bachelor Basic \u2013 Offene Textilwerkstatt\"}]},{\"@type\":\"WebSite\",\"@id\":\"https:\\\/\\\/sites.hslu.ch\\\/architektur\\\/#website\",\"url\":\"https:\\\/\\\/sites.hslu.ch\\\/architektur\\\/\",\"name\":\"Architektur an der Hochschule Luzern\",\"description\":\"\",\"potentialAction\":[{\"@type\":\"SearchAction\",\"target\":{\"@type\":\"EntryPoint\",\"urlTemplate\":\"https:\\\/\\\/sites.hslu.ch\\\/architektur\\\/?s={search_term_string}\"},\"query-input\":{\"@type\":\"PropertyValueSpecification\",\"valueRequired\":true,\"valueName\":\"search_term_string\"}}],\"inLanguage\":\"de\"},{\"@type\":\"Person\",\"@id\":\"https:\\\/\\\/sites.hslu.ch\\\/architektur\\\/#\\\/schema\\\/person\\\/001cee0914381b1d1d390e0f07da2aad\",\"name\":\"jaramalevez\",\"url\":\"https:\\\/\\\/sites.hslu.ch\\\/architektur\\\/author\\\/jaramalevez\\\/\"}]}<\/script>\n<!-- \/ Yoast SEO plugin. -->","yoast_head_json":{"title":"Entwurf im Bachelor Basic \u2013 Offene Textilwerkstatt - Architektur an der Hochschule Luzern","robots":{"index":"index","follow":"follow","max-snippet":"max-snippet:-1","max-image-preview":"max-image-preview:large","max-video-preview":"max-video-preview:-1"},"canonical":"https:\/\/sites.hslu.ch\/architektur\/entwurf-im-bachelor-basic-offene-textilwerkstatt\/","og_locale":"de_DE","og_type":"article","og_title":"Entwurf im Bachelor Basic \u2013 Offene Textilwerkstatt - Architektur an der Hochschule Luzern","og_description":"Im Herbstsemester 2022 entwarfen die Studierenden des Bachelor Basic in den Ateliers von Marianne Meister und Corina Trunz eine Manufaktur. Die vorgefundene Situation in der Luzerner Altstadt bot ihnen eine [&hellip;]","og_url":"https:\/\/sites.hslu.ch\/architektur\/entwurf-im-bachelor-basic-offene-textilwerkstatt\/","og_site_name":"Architektur an der Hochschule Luzern","article_published_time":"2022-08-17T12:25:31+00:00","article_modified_time":"2022-08-17T12:31:14+00:00","og_image":[{"width":1920,"height":1280,"url":"https:\/\/sites.hslu.ch\/architektur\/wp-content\/uploads\/sites\/11\/2022\/08\/22fs_12_Projektmodul_Maria_Gisler_0315_1920px.jpg","type":"image\/jpeg"}],"author":"jaramalevez","twitter_card":"summary_large_image","twitter_misc":{"Verfasst von":"jaramalevez","Gesch\u00e4tzte Lesezeit":"3\u00a0Minuten"},"schema":{"@context":"https:\/\/schema.org","@graph":[{"@type":"Article","@id":"https:\/\/sites.hslu.ch\/architektur\/entwurf-im-bachelor-basic-offene-textilwerkstatt\/#article","isPartOf":{"@id":"https:\/\/sites.hslu.ch\/architektur\/entwurf-im-bachelor-basic-offene-textilwerkstatt\/"},"author":{"name":"jaramalevez","@id":"https:\/\/sites.hslu.ch\/architektur\/#\/schema\/person\/001cee0914381b1d1d390e0f07da2aad"},"headline":"Entwurf im Bachelor Basic \u2013 Offene Textilwerkstatt","datePublished":"2022-08-17T12:25:31+00:00","dateModified":"2022-08-17T12:31:14+00:00","mainEntityOfPage":{"@id":"https:\/\/sites.hslu.ch\/architektur\/entwurf-im-bachelor-basic-offene-textilwerkstatt\/"},"wordCount":539,"image":{"@id":"https:\/\/sites.hslu.ch\/architektur\/entwurf-im-bachelor-basic-offene-textilwerkstatt\/#primaryimage"},"thumbnailUrl":"https:\/\/sites.hslu.ch\/architektur\/wp-content\/uploads\/sites\/11\/2022\/08\/22fs_12_Projektmodul_Maria_Gisler_0315_1920px.jpg","articleSection":["Bachelor Architektur","HS2022","Projektmodule","Semester\/Jahr"],"inLanguage":"de"},{"@type":"WebPage","@id":"https:\/\/sites.hslu.ch\/architektur\/entwurf-im-bachelor-basic-offene-textilwerkstatt\/","url":"https:\/\/sites.hslu.ch\/architektur\/entwurf-im-bachelor-basic-offene-textilwerkstatt\/","name":"Entwurf im Bachelor Basic \u2013 Offene Textilwerkstatt - Architektur an der Hochschule Luzern","isPartOf":{"@id":"https:\/\/sites.hslu.ch\/architektur\/#website"},"primaryImageOfPage":{"@id":"https:\/\/sites.hslu.ch\/architektur\/entwurf-im-bachelor-basic-offene-textilwerkstatt\/#primaryimage"},"image":{"@id":"https:\/\/sites.hslu.ch\/architektur\/entwurf-im-bachelor-basic-offene-textilwerkstatt\/#primaryimage"},"thumbnailUrl":"https:\/\/sites.hslu.ch\/architektur\/wp-content\/uploads\/sites\/11\/2022\/08\/22fs_12_Projektmodul_Maria_Gisler_0315_1920px.jpg","datePublished":"2022-08-17T12:25:31+00:00","dateModified":"2022-08-17T12:31:14+00:00","author":{"@id":"https:\/\/sites.hslu.ch\/architektur\/#\/schema\/person\/001cee0914381b1d1d390e0f07da2aad"},"breadcrumb":{"@id":"https:\/\/sites.hslu.ch\/architektur\/entwurf-im-bachelor-basic-offene-textilwerkstatt\/#breadcrumb"},"inLanguage":"de","potentialAction":[{"@type":"ReadAction","target":["https:\/\/sites.hslu.ch\/architektur\/entwurf-im-bachelor-basic-offene-textilwerkstatt\/"]}]},{"@type":"ImageObject","inLanguage":"de","@id":"https:\/\/sites.hslu.ch\/architektur\/entwurf-im-bachelor-basic-offene-textilwerkstatt\/#primaryimage","url":"https:\/\/sites.hslu.ch\/architektur\/wp-content\/uploads\/sites\/11\/2022\/08\/22fs_12_Projektmodul_Maria_Gisler_0315_1920px.jpg","contentUrl":"https:\/\/sites.hslu.ch\/architektur\/wp-content\/uploads\/sites\/11\/2022\/08\/22fs_12_Projektmodul_Maria_Gisler_0315_1920px.jpg","width":1920,"height":1280},{"@type":"BreadcrumbList","@id":"https:\/\/sites.hslu.ch\/architektur\/entwurf-im-bachelor-basic-offene-textilwerkstatt\/#breadcrumb","itemListElement":[{"@type":"ListItem","position":1,"name":"Home","item":"https:\/\/sites.hslu.ch\/architektur\/"},{"@type":"ListItem","position":2,"name":"Entwurf im Bachelor Basic \u2013 Offene Textilwerkstatt"}]},{"@type":"WebSite","@id":"https:\/\/sites.hslu.ch\/architektur\/#website","url":"https:\/\/sites.hslu.ch\/architektur\/","name":"Architektur an der Hochschule Luzern","description":"","potentialAction":[{"@type":"SearchAction","target":{"@type":"EntryPoint","urlTemplate":"https:\/\/sites.hslu.ch\/architektur\/?s={search_term_string}"},"query-input":{"@type":"PropertyValueSpecification","valueRequired":true,"valueName":"search_term_string"}}],"inLanguage":"de"},{"@type":"Person","@id":"https:\/\/sites.hslu.ch\/architektur\/#\/schema\/person\/001cee0914381b1d1d390e0f07da2aad","name":"jaramalevez","url":"https:\/\/sites.hslu.ch\/architektur\/author\/jaramalevez\/"}]}},"_links":{"self":[{"href":"https:\/\/sites.hslu.ch\/architektur\/wp-json\/wp\/v2\/posts\/12839","targetHints":{"allow":["GET"]}}],"collection":[{"href":"https:\/\/sites.hslu.ch\/architektur\/wp-json\/wp\/v2\/posts"}],"about":[{"href":"https:\/\/sites.hslu.ch\/architektur\/wp-json\/wp\/v2\/types\/post"}],"author":[{"embeddable":true,"href":"https:\/\/sites.hslu.ch\/architektur\/wp-json\/wp\/v2\/users\/44"}],"replies":[{"embeddable":true,"href":"https:\/\/sites.hslu.ch\/architektur\/wp-json\/wp\/v2\/comments?post=12839"}],"version-history":[{"count":37,"href":"https:\/\/sites.hslu.ch\/architektur\/wp-json\/wp\/v2\/posts\/12839\/revisions"}],"predecessor-version":[{"id":12954,"href":"https:\/\/sites.hslu.ch\/architektur\/wp-json\/wp\/v2\/posts\/12839\/revisions\/12954"}],"wp:featuredmedia":[{"embeddable":true,"href":"https:\/\/sites.hslu.ch\/architektur\/wp-json\/wp\/v2\/media\/12947"}],"wp:attachment":[{"href":"https:\/\/sites.hslu.ch\/architektur\/wp-json\/wp\/v2\/media?parent=12839"}],"wp:term":[{"taxonomy":"category","embeddable":true,"href":"https:\/\/sites.hslu.ch\/architektur\/wp-json\/wp\/v2\/categories?post=12839"},{"taxonomy":"post_tag","embeddable":true,"href":"https:\/\/sites.hslu.ch\/architektur\/wp-json\/wp\/v2\/tags?post=12839"}],"curies":[{"name":"wp","href":"https:\/\/api.w.org\/{rel}","templated":true}]}}