{"id":4577,"date":"2019-12-11T12:52:50","date_gmt":"2019-12-11T10:52:50","guid":{"rendered":"https:\/\/sites.hslu.ch\/applied-data-science\/?p=4577"},"modified":"2023-04-24T14:24:03","modified_gmt":"2023-04-24T12:24:03","slug":"spannungsfeld-datensammlung-datenschutz","status":"publish","type":"post","link":"https:\/\/sites.hslu.ch\/applied-data-science\/spannungsfeld-datensammlung-datenschutz\/","title":{"rendered":"Spannungsfeld Datensammlung \/ Datenschutz"},"content":{"rendered":"\n<p>Die Einf\u00fchrung der EU Datenschutzgrundverordnung (DSGVO) hat einen Einfluss auf alle, die sich online bewegen. Der Umfang der DSGVO und die de facto \u00dcbernahme der EU Richtlinien durch Schweizer Unternehmen hat f\u00fcr einige Diskussionen gesorgt. Hemmt die Verordnung die Entwicklung neuer, datenbasierter Technologien? Oder handelt es sich dabei um einen wichtigen Schutz der Pers\u00f6nlichkeitsrechte? Datenexperten Reinhard Riedl und Andr\u00e9 Golliez nehmen im Interview Stellung zu diesen Fragen.<\/p>\n\n\n\n<p><strong>Datensammlung als \u00d6kosystem<\/strong><\/p>\n\n\n\n<p>Daten sind die Ressourcen des 21. Jahrhunderts. Die Gewinnung dieser Ressource erfolgt jedoch nicht in einem Vakuum. Die Datensammlung ist eher ein riesiges \u00d6kosystem, von dem wir alle als Internetanwender und -anwenderinnen ein Teil sind. Jede unserer Nutzungen wird aufgezeichnet, gespeichert und ausgewertet. Die gr\u00f6ssten singul\u00e4ren Akteure in diesem System sind die riesigen, datensammelnden Tech-Unternehmen und die Gesetzgeber.<\/p>\n\n\n\n<div class=\"wp-block-button aligncenter\"><a class=\"wp-block-button__link has-background\" href=\"https:\/\/www.hslu.ch\/de-ch\/wirtschaft\/studium\/master\/applied-information-and-data-science\/\" target=\"_blank\" rel=\"noopener noreferrer\">Erfahren Sie alles zum MSc in Applied Information and Data Science<\/a><\/div>\n\n\n\n<p><\/p>\n\n\n\n<p>Wie die Teile dieses \u00d6kosystem miteinander interagieren, konnte im Fr\u00fchling 2018 beobachtet werden, als Unternehmen unsere E-Mail-Postf\u00e4cher mit Hinweisen zu ihren aktualisierten AGBs f\u00f6rmlich \u00fcberfluteten. Ausl\u00f6ser hierzu war die Umsetzung der neuen EU-Datenschutzgrundverordnung (DSGVO). Zwar handelt es sich hierbei um eine EU-Verordnung, dennoch hat sie extraterritoriale Wirkung, denn auch Unternehmen aus Nicht-Mitgliedsstaaten sind unter gewissen Umst\u00e4nden zur Umsetzung verpflichtet. Vermutlich der wichtigste Aspekt f\u00fcr Schweizer Unternehmen ist die Umsetzungspflicht, wenn Waren oder Dienstleistung EU-B\u00fcrgern und EU-B\u00fcrgerinnen angeboten werden (Eidgen\u00f6ssischer Datenschutz- und \u00d6ffentlichkeitsbeauftragter ED\u00d6B, 2018).<\/p>\n\n\n\n<p>Wer nun im Netz .ch-Domains besucht, wird feststellen, dass viele Unternehmen die DSGVO Regeln \u00fcbernommen haben. Diese de facto \u00dcbernahme liess einige kritische Stimmen laut werden. In einem Kommentar f\u00fcr die NZZ meinte Giorgio V. M\u00fcller (2018), dass die Verordnung die B\u00fcrokratie f\u00fcr Unternehmen unn\u00f6tig erh\u00f6he, und dass die Datenmobilit\u00e4t stark eingeschr\u00e4nkt w\u00fcrde.<\/p>\n\n\n\n<p>Ein wichtiger Bestandteil des \u00d6kosystems hat sich allerdings noch nicht lautstark zu Wort gemeldet: Die User und Userinnen. Dabei sind es gerade sie, die im Mittelpunkt der Datensammlung stehen.<\/p>\n\n\n\n<p><strong>Userwilligkeit zur Teilnahme am \u00d6kosystem<\/strong><\/p>\n\n\n\n<p>Bei der Erhebung und Nutzung personenbezogener Daten kann festgestellt werden, dass die Datenschutzbelange bei verschiedenen Gruppen nicht gleich verteilt sind. Datenschutzbedenken variieren offensichtlich je nach Alter, Einkommen und Geschlecht. So sind sich j\u00fcngere User und Userinnen der Datenerhebungspraktiken st\u00e4rker bewusst, w\u00e4hrend j\u00fcngere Verbraucher und Verbraucherinnen eher in einer &#8220;will pay for your information&#8221;-Gesellschaft aufgewachsen sind. \u00c4ltere Verbraucher scheinen hingegen eher besorgt \u00fcber den finanziellen Datenschutz (Graef &amp; Harmon, 2002).<\/p>\n\n\n\n<p>Die Verbraucher glauben im Allgemeinen nicht, dass sich Marketingspezialisten und -spezialistinnen mit Fragen des Verbraucherschutzes befassen und haben eine negative Wahrnehmung von jenen, die versuchen, zu viele personenbezogene Daten zu erfassen. Doch obwohl die Verbraucher und Verbraucherinnen das Gef\u00fchl haben, dass einige Vermarkter bereits zu viel \u00fcber sie wissen, sind sich die Verbraucher einig, dass ihr Angebot und Werbebotschaften umso n\u00fctzlicher werden, je mehr Vermarkter \u00fcber sie wissen (Graef &amp; Harmon, 2002).<\/p>\n\n\n\n<p>Tats\u00e4chlich halten es viele Verbraucher zumindest teilweise f\u00fcr akzeptabel, dass Unternehmen das Kaufverhalten der Verbraucher nutzen, um sie f\u00fcr Angebote anzusprechen. In Studien zu Internetnutzung haben j\u00fcngere Befragte (13-25 Jahre) sogar eine positive Einstellung zur Sammlung von Informationen f\u00fcr Marketingzwecke ge\u00e4u\u00dfert, wenn sie die Wahl hatten und ihren Verlust der Privatsph\u00e4re kompensierten. Kinder im Alter von 10-17 Jahren waren durchaus bereit, Informationen an Websites weiterzugeben (obwohl 46 Prozent der befragten Eltern nicht wussten, dass ihre Kinder Informationen online weitergaben) (Graef &amp; Harmon, 2002).<\/p>\n\n\n\n<p><strong>Datenmissbrauchsf\u00e4lle und ihre Effekte in der Gesellschaft<\/strong><\/p>\n\n\n\n<p>Nutzer nehmen bis anhin willentlich an diesem \u00d6kosystem teil. Doch diese Haltung kann sich mit Aufkommen von weitl\u00e4ufigen Datenmissbrauchsf\u00e4llen \u00e4ndern. Datenexperte Reinhard Riedl vom Institut Digital Society der Berner Fachhochschule sieht noch keinen Anhaltspunkt f\u00fcr ein anstehendes Umdenken bei Konsumenten in der Schweiz. Gem\u00e4ss Riedl gab es hierzulande bis anhin noch keine wirklich schwerwiegenden Datenmissbrauchsf\u00e4lle. Es g\u00e4be zwar Hinweise darauf, dass viele personalisierte Daten, wie zum Beispiel Kreditkartendaten, im Darknet erh\u00e4ltlich seien. Bislang w\u00fcrden die meisten pers\u00f6nlichen Daten aber nur indirekt f\u00fcr Werbezwecke oder Optimierungen gebraucht.<\/p>\n\n\n\n<p>Andr\u00e9 Golliez, Co-Gr\u00fcnder und Pr\u00e4sident des Vereins Opendata.ch, erg\u00e4nzt, dass man Datenmissbrauchsf\u00e4lle, wie zum Beispiel bei Facebook mit dem Cambridge-Analytica-Skandal, differenziert betrachten sollte. Denn gerade in diesem Beispiel w\u00fcrde klar von Datenmissbrauch gesprochen. Das Gesch\u00e4ftsmodell von Facebook best\u00fcnde jedoch genau in eben dieser Nutzung von personenbezogenen Daten. Angeblich zwar \u201cnur\u201d f\u00fcr die Werbeoptimierung und nicht f\u00fcr andere illegale Zwecke, dies wiederum erschien jedoch f\u00fcr viele Betroffene irref\u00fchrend. Man m\u00fcsse hier fragen, wer den Zugang und die damit verbundene Nutzung dieser Daten kontrolliert. Genau das w\u00fcrde in diesem speziellen Fall nicht verstanden. Das zeige, dass man mit solchen Missbrauchsf\u00e4llen vorsichtig umgehen m\u00fcsse.<\/p>\n\n\n\n<p>Des Weiteren g\u00e4be es auch sehr spezielle Formen des Missbrauchs, so w\u00fcrden in den USA zum Beispiel Datendossiers von Personen als Handelsg\u00fcter verwendet. Beispielsweise diene der Kauf von Studentendossiers durch kommerzielle Universit\u00e4ten dazu, sogenannte Versager-Studenten ausfindig zu machen um diese dann gezielt anwerben zu k\u00f6nnen. Das heisst, die Universit\u00e4ten suchen mit Hilfe der Dossiers Studenten, die in einem sozial schwachen Umfeld aufgewachsen sind oder sonstige bekannte Probleme im Leben hatten und f\u00fcr ihre Werbung besonders empf\u00e4nglich sind.<\/p>\n\n\n\n<p>Solche Missbrauchsf\u00e4lle k\u00f6nnen nat\u00fcrlich verschiedene Effekt in der Gesellschaft hervorrufen. Nach Riedl f\u00fchre Big Data zur erh\u00f6hten Personalisierung der Daten. Diese Personalisierung k\u00f6nne wiederum zu mehr Diskriminierung f\u00fchren. Tendenziell k\u00f6nnten so Unterschiede in der Gesellschaft gr\u00f6sser werden, wodurch die Folgen solcher Unterschiede ebenfalls verst\u00e4rkt w\u00fcrden.<\/p>\n\n\n\n<p>Durch die extensive Datennutzung w\u00fcrden wir Anwender und Anwenderinnen in die Pflicht genommen, sehr viel mehr Prozesse im Leben regeln und regulieren zu m\u00fcssen. Es zeige sich, dass viele bisher automatisch funktionierende Abl\u00e4ufe neu hinterfragt werden m\u00fcssten. Allen voran etwa jene, die pl\u00f6tzlich durch den Gebrauch von personalisierten Daten sichtbar w\u00fcrden, zum Beispiel das Solidarit\u00e4tsprinzip bei Versicherungen. Als ein Beispiel hierf\u00fcr erw\u00e4hnt Riedl die Nutzung pers\u00f6nlicher Daten durch Krankenversicherungen, die die Pr\u00e4mien individuell anpassen k\u00f6nnten, was wiederum das Solidarit\u00e4tsprinzip in Frage stelle.<\/p>\n\n\n\n<p>Dieser Sachverhalt k\u00f6nne in der Gesellschaft die Frage aufwerfen, ob wir auf die Solidarit\u00e4t verzichten oder ob wir sie weiterhin aufrechterhalten wollen. Dies f\u00fchre in diesem Bereich zur Notwendigkeit, dass wir zuk\u00fcnftig diesen bisher f\u00fcr uns selbstverst\u00e4ndlichen Mechanismus aktiv regeln m\u00fcssten.<\/p>\n\n\n\n<p><strong>Datenschutz als Mittel gegen Datenmissbrauch<\/strong><\/p>\n\n\n\n<p>Die Daten wurden schon lange vor dem Aufkommen des Internets erhoben. Mit der Demokratisierung des Internets ist die Datenmenge, die Erhebungsfreundlichkeit und das Interesse an der Gewinnung von Erkenntnissen aus dem Internet dramatisch gestiegen, was nat\u00fcrlich auch den Missbrauch von Daten zur Folge hat. Um diesen zu verhindern, wurden seitens der Politik schon einige Vorst\u00f6sse in Richtung Datenschutz gemacht. Selbst die Unternehmen intensivieren ihre Anstrengungen im Bereich Datenschutz. So wurde zum Beispiel im Juni 2017 Intelligent Tracking Prevention (ITP) entwickelt, ein Tool zur Reduzierung der Auswirkungen von Cookies von Drittanbietern und standort\u00fcbergreifendes Tracking. Dies angesichts der Tatsache, dass &#8220;<em>viele Benutzer das Gef\u00fchl haben, dass das Vertrauen gebrochen wird, wenn sie verfolgt werden, und dass datenschutzrelevante Daten \u00fcber ihre Webaktivit\u00e4ten f\u00fcr Zwecke erfasst werden, denen sie nie zugestimmt haben<\/em>&#8221; (Wilander, 2017).<\/p>\n\n\n\n<p>Nach Riedl bef\u00e4nden wir uns momentan in der Situation, in der wir am wenigsten dar\u00fcber w\u00fcssten, wie Datenschutz tats\u00e4chlich funktionieren soll, obwohl in Deutschland bereits ein neues Datenschutzgesetz in Kraft getreten und auch in der Schweiz ein solches in Vorbereitung ist. Die Realit\u00e4t sei jedoch, dass der vollst\u00e4ndige Schutz der Daten nicht gew\u00e4hrleistet werden k\u00f6nne. Einerseits, weil es global keine homogenen Regeln g\u00e4be, und andererseits, weil die Zusammenarbeit zwischen L\u00e4ndern weiterhin sehr eingeschr\u00e4nkt sei. Ebenfalls seien die Geschehnisse im Darknet und auch in der kriminellen Welt schwer kontrollierbar.<\/p>\n\n\n\n<p>Ein weiterer Grund sei, dass Begriffe wie \u201cpersonenbezogene Daten\u201d in Zukunft ihre Bedeutung verlieren w\u00fcrden. Dies gesch\u00e4he durch die Verkn\u00fcpfung von sachlichen mit personenbezogenen Daten, die anschliessend anonymisiert w\u00fcrden. Durch diese Verkn\u00fcpfung k\u00f6nnten diese Daten sp\u00e4ter aber wieder deanonymisiert werden. Somit w\u00fcrde der Personenbezug in Zukunft an Bedeutung verlieren. Um dieser Situation doch noch Herr zu werden, w\u00e4re nach Riedl anstatt eines Datenschutzgesetzes ein Datennutzungsgesetz die bessere Variante.<\/p>\n\n\n\n<p>Konkret hie\u00dfe das, wenn man sich bei einem Job bewerben w\u00fcrde, bei dem hohe k\u00f6rperliche Belastungen gefordert w\u00e4re und f\u00fcr dessen Bewerbungsverfahren deswegen Gendaten verlangt w\u00fcrden, es das Gesetz trotzdem nicht erlauben w\u00fcrde, diese Daten zur Verf\u00fcgung zu stellen. Am Ende sei es nicht die Verletzung der Privatsph\u00e4re, die problematisch sei, sondern die Nutzung der Daten, die vom Betroffenen kaum kontrolliert werden k\u00f6nne.<\/p>\n\n\n\n<p><strong>Kontrollverlust \u00fcber pers\u00f6nliche Daten<\/strong><\/p>\n\n\n\n<p>F\u00fcr Riedl ist es wichtig zu verstehen, wie genau User und Userinnen die Hoheit (oder Kontrolle) \u00fcber ihre personenbezogenen Daten verlieren. Der Kontrollverlust erfolge meistens schleichend und erst nachdem die personalisierten Daten an einem gewissen Ort entstanden sind. Hier habe der oder die Betroffene noch die theoretische Kontrolle \u00fcber seine Daten. Sp\u00e4ter w\u00fcrden sie aber mit anderen Daten zusammengef\u00fchrt und der Kontext mehrfach gewechselt. Bei diesen beiden Ereignissen w\u00fcrden die User und Userinnen oftmals die Kontrolle \u00fcber ihre Daten verlieren. Hierbei sei entscheidend, ob die Betroffenen noch identifizierbar sind. Falls sie anonymisiert w\u00e4ren, sei der Kontrollverlust harmlos. Ebenfalls wichtig sei, dass Daten in gewissen F\u00e4llen mit verschiedenen Methoden auch wieder deanonymisiert werden k\u00f6nnen. Da der Kontrollverlust haupts\u00e4chlich beim Kontextwechsel erfolge, sei der Datenschutz darauf ausgerichtet, dass ein Kontextwechsel nur dann zul\u00e4ssig sei, wenn verschieden Erlaubnistatbest\u00e4nde gegeben sind &#8211; inklusive der expliziten Zustimmung der Betroffenen. Nach Riedl sei es den meisten Usern nicht wichtig, wof\u00fcr was ihre personenbezogenen Daten genutzt w\u00fcrden. Im Moment w\u00fcrde noch beobachtet, wie sich dieser Markt, der sich noch in Kinderschuhen befindet, zuk\u00fcnftig entwickeln wird. Es sei jedoch auch ersichtlich, dass aus der Perspektive des Datenschutzes die Datennutzung transparenter werden m\u00fcsse und die Nutzung m\u00f6glichst simpel gestaltet werden sollte, damit man die Einstellungen zur Datennutzung bewusst und individuell \u00e4ndern k\u00f6nne.<\/p>\n\n\n\n<p><strong>Datenschutzgesetze in der Schweiz<\/strong><\/p>\n\n\n\n<p>Wie steht es in der Schweiz um den Datenschutz? Hierzulande gab es einen ersten Versuch, das Datenschutzgesetz zu revidieren als Antwort auf die EU-Datenschutz-Grundverordnung (DSGVO), welche jedoch relativ fr\u00fch in der Vernehmlassung gescheitert ist. Man hat sich danach dazu entschieden, das Ganze zu unterteilen in einen technischen Teil, der notwendig ist f\u00fcr den Schengenraum, und ein grunds\u00e4tzlich neues Datenschutzgesetz, das jetzt im Parlament ist.<\/p>\n\n\n\n<p>Gem\u00e4ss Riedl w\u00fcrde das Schweizer Datenschutzgesetz ein wesentliches Element sein, wie und wo sich die Schweiz in Zukunft in der digitalen Wirtschaft platzieren wird. Es sei wichtig, dass die Schweiz den gleichen Status zugebilligt bek\u00e4me wie die EU und somit Schweizer Datenverarbeiter gegen\u00fcber der EU nicht benachteiligt w\u00fcrden. Zus\u00e4tzlich sollten die Kundenrechte auch wirklich gest\u00e4rkt werden. Damit meint Riedl, dass man Daten einfach ohne Hindernisse aus einer Cloud herausnehmen oder sie auf eine andere Cloud transferieren k\u00f6nne. So soll insbesondere eine Zweit- oder Drittnutzung von Datensammlungen durch den Betroffenen erm\u00f6glicht werden.<\/p>\n\n\n\n<p>Nach Riedl m\u00fcsse die Schweiz darauf achten, dass das Datenschutzgesetz nicht wie beim deutschen Diskurs an der Realit\u00e4t vorbei ginge. Die Realit\u00e4t, dass bereits viele Unternehmen, insbesondere grosse aus den USA, durchaus eine positive Haltung zum Datenschutzgesetz einn\u00e4hmen.<\/p>\n\n\n\n<p>Nichtsdestotrotz k\u00f6nnte es der EU trotzdem gelingen, der digitalen freien Wirtschaft Prinzipien aufzuerlegen, die den Schutz der Betroffenen garantierten, obwohl das von vielen Seiten bezweifelt wurde. Gerade die Schweiz k\u00f6nne unter dem Label \u201cSwissness\u201d den Datenschutz gut verkaufen. Es k\u00f6nne gut sein, dass Schweizer Unternehmen unter dem Label \u00abMade in Switzerland\u00bb im Ausland auftr\u00e4ten und gerade deshalb die Auftr\u00e4ge erhielten.<\/p>\n\n\n\n<p>In der EU w\u00fcrde gegenw\u00e4rtig hingegen ein Kult um die Komplexit\u00e4t der DSGVO gemacht, anstatt zu begreifen, dass die DSGVO durchaus ein \u00f6konomisches Potential habe. Die Schweizer Wirtschaft habe zwar lange Zeit nicht begriffen, dass der Datenschutz eine positive Bedeutung habe, scheine aber jetzt im Vergleich zur EU doch erste Schritte in die richtige Richtung zu machen.<\/p>\n\n\n\n<p><strong>Datenschutz als Feind von Big Data<\/strong><\/p>\n\n\n\n<p>Viele Datenschutzkritiker behaupten, dass Big Data unter der Auferlegung von Prinzipien zu ersticken droht. Der Datenschutz wird gar als Feind von Big Data beschrieben. Ist effektiver Datenschutz wirklich so sch\u00e4dlich? Golliez glaubt nicht, dass der Datenschutz selbst das Problem f\u00fcr Europa sei, sondern vielmehr, dass China und USA einen signifikanten Vorteil h\u00e4tten. Nicht aus Datenschutzgr\u00fcnden, sondern weil in diesen L\u00e4ndern die grossen Datenplattformen angesiedelt seien. Was sich Europa \u00fcberlegen m\u00fcsse, sei, wie es das kompensieren k\u00f6nne, weil hier nur kleine Datenmengen verf\u00fcgbar w\u00e4ren.<\/p>\n\n\n\n<p>Laut Golliez zeige sich das Ph\u00e4nomen, dass die DSGVO sogar wie ein Exportprodukt zu einem weltweiten Standard w\u00fcrde, quasi als Vorzeigebeispiel wie man mit Daten vertrauensvoll umgehen solle. So w\u00fcrden zum Beispiel in Kalifornien \u00e4hnliche Gesetzgebungen im Bereich Datenschutz wie die DSGVO eingef\u00fchrt.<\/p>\n\n\n\n<p>Es bleibt uns nur, abzuwarten was im Sinne einer DSGVO auf uns zukommen wird und diese Entwicklungen stets kritisch zu hinterfragen.<\/p>\n\n\n\n<p><strong><\/strong><strong>Quellenverzeichnis<\/strong><\/p>\n\n\n\n<p>Eidgen\u00f6ssischer Datenschutz- und \u00d6ffentlichkeitsbeauftragter ED\u00d6B\u200b (November 2018).<br>Die EU-Datenschutzgrundverordnung und ihre Auswirkungen auf die Schweiz.<br>Abgerufen am 15.06.2019 von:<br>https:\/\/www.edoeb.admin.ch\/dam\/edoeb\/de\/dokumente\/<br>2018\/Die_EU_DSGVO_undihre_Auswirkungen_auf_die_Schweiz_DE_Nov18.pdf.<br>download.pdf\/Die_EU_DSGVOund_ihre_Auswirkungen_auf_die_Schweiz_DE_Nov18.pdf<\/p>\n\n\n\n<p>Golliez, Andr\u00e9. Interview zum Thema Datensammlung und Gesellschaft. Interview durchgef\u00fchrt am 29.04.2019 von Georg Oberer.<\/p>\n\n\n\n<p>Graeff, Timothy R. &amp; Harmon, Susan (2002). Collecting and using personal data consumers\u2019 awareness and concerns<br>Collecting and using personal data: consumers\u2019 awareness and concerns.<br>Abgerufen am 22.06.2019:<br>https:\/\/www.emeraldinsight.com\/doi\/pdfplus\/10.1108\/07363760210433627<\/p>\n\n\n\n<p>M\u00fcller, Giorgio V (25.01.2018). Datenschutz heisst Schutz der Privatsph\u00e4re. Abgerufen am 15.06.2019 von:<br>https:\/\/www.nzz.ch\/meinung\/datenschutz-heisst-schutz-der-privatsphaere-ld.1350896<\/p>\n\n\n\n<p>Riedl, Reinhard. Interview zum Thema Datensammlung und Gesellschaft. Interview durchgef\u00fchrt am 24.04.2019 von Georg Oberer.<\/p>\n\n\n\n<p>Wilander, J. (05.06.2017). Intelligent Tracking Prevention.<br>Abgerufen am 22.06.2019 von<br>https:\/\/webkit.org\/blog\/7675\/intelligent-tracking-prevention\/\u200b<\/p>\n\n\n\n<p><strong>Autoren<\/strong><\/p>\n\n\n\n<p>Georg Oberer, Giuliano Ardesi, Axel Kandel, Edward Leonar<\/p>\n\n\n\n<p>Contact us if you have any questions about the degree programme or for individual advice:<br>Tel.: <a href=\"tel:+41412284253\">+41 41 228 42 53<\/a> \/ E-mail:&nbsp;<a href=\"mailto:master.ids@hslu.ch\">master.ids@hslu.ch<\/a><\/p>\n\n\n\n<p id=\"info-events\"><br><strong>Start your career with the MSc in Applied Information and Data Science now! <br>Register and join us for a free online Info-Event:<\/strong><\/p>\n\n\n\n<p id=\"info-events\"><a href=\"https:\/\/www.hslu.ch\/en\/lucerne-school-of-business\/calendar\/events\/2026\/05\/11\/mscids\/\" target=\"_blank\" rel=\"noreferrer noopener\">Monday, 11 May 2026 (Online, English)<\/a><br><a href=\"https:\/\/www.hslu.ch\/de-ch\/wirtschaft\/agenda\/veranstaltungen\/2026\/05\/26\/mscids-260526\/\" id=\"https:\/\/www.hslu.ch\/de-ch\/wirtschaft\/agenda\/veranstaltungen\/2026\/05\/26\/mscids-260526\/\" target=\"_blank\" rel=\"noreferrer noopener\">Monday, 26 May 2026 (Online, German)<\/a><br><a href=\"https:\/\/www.hslu.ch\/de-ch\/wirtschaft\/agenda\/veranstaltungen\/2026\/06\/08\/mscids-260608\/\" target=\"_blank\" rel=\"noreferrer noopener\">Monday, 8 June 2026 (Online, German)<\/a><br><a href=\"https:\/\/www.hslu.ch\/en\/lucerne-school-of-business\/calendar\/events\/2026\/08\/10\/mscids-20260810\/\" id=\"https:\/\/www.hslu.ch\/en\/lucerne-school-of-business\/calendar\/events\/2026\/08\/10\/mscids-20260810\/\" target=\"_blank\" rel=\"noreferrer noopener\">Monday, 10 August 2026 (Online, English)<\/a><br><a href=\"https:\/\/www.hslu.ch\/de-ch\/wirtschaft\/agenda\/veranstaltungen\/2026\/09\/07\/mscids-260907\/\" id=\"https:\/\/www.hslu.ch\/de-ch\/wirtschaft\/agenda\/veranstaltungen\/2026\/09\/07\/mscids-260907\/\" target=\"_blank\" rel=\"noreferrer noopener\">Monday, 7 September 2026 (Online, German)<\/a><br><\/p>\n\n\n\n<p id=\"info-events\"><\/p>\n\n\n    <div id=\"tabs-block_0e911d0302bbb2895f8ca0dbf950a539\" class=\"wk-tabs\" data-tab-component>\n        <div class=\"wk-tabs__tablist\" role=\"tablist\" aria-label=\"Tabbed content\">\n                            <button class=\"wk-tabs__tab-button\" role=\"tab\" aria-selected=\"true\" aria-controls=\"tab-programme-information-content\" id=\"tab-programme-information\">\n                    Programme information                <\/button>\n                            <button class=\"wk-tabs__tab-button\" role=\"tab\" aria-selected=\"false\" aria-controls=\"tab-contact-content\" id=\"tab-contact\">\n                    Contact                <\/button>\n                            <button class=\"wk-tabs__tab-button\" role=\"tab\" aria-selected=\"false\" aria-controls=\"tab-professional-data-science-portraits-content\" id=\"tab-professional-data-science-portraits\">\n                    Professional Data Science Portraits                <\/button>\n                    <\/div>\n                    <section class=\"wk-tabs__tab-panel\" id=\"tab-programme-information-content\" role=\"tabpanel\" aria-labelledby=\"tab-programme-information\" tabindex=\"0\" aria-hidden=\"false\">\n                <p><strong>Programme Info<\/strong>: <a href=\"https:\/\/www.hslu.ch\/en\/lucerne-school-of-business\/degree-programmes\/master\/applied-information-and-data-science\/\">MSc in Applied Information and Data Science<\/a><br \/>\n<strong>More Field Reports &amp; Experiences<\/strong>: <a href=\"https:\/\/www.hslu.ch\/en\/lucerne-school-of-business\/degree-programmes\/master\/applied-information-and-data-science\/student-experiences\/\">Professional portraits &amp; study insights<\/a><br \/>\n<strong>Frequently Asked Questions<\/strong>: <a href=\"https:\/\/www.hslu.ch\/en\/lucerne-school-of-business\/degree-programmes\/master\/applied-information-and-data-science\/haeufig-gestellte-fragen\/\">FAQ<\/a><\/p>\n            <\/section>\n                    <section class=\"wk-tabs__tab-panel\" id=\"tab-contact-content\" role=\"tabpanel\" aria-labelledby=\"tab-contact\" tabindex=\"0\" aria-hidden=\"true\">\n                <p><strong>Contact<\/strong><br \/>\nContact us if you have any questions about the degree programme or for individual advice:<br \/>\nTel.: <a href=\"tel:+41412284253\">+41 41 228 41 30<\/a> \/ E-mail:\u00a0<a href=\"mailto:master.ids@hslu.ch\">master.ids@hslu.ch<\/a><\/p>\n            <\/section>\n                    <section class=\"wk-tabs__tab-panel\" id=\"tab-professional-data-science-portraits-content\" role=\"tabpanel\" aria-labelledby=\"tab-professional-data-science-portraits\" tabindex=\"0\" aria-hidden=\"true\">\n                <p><strong>Data Science Professional Portraits<\/strong><br \/>\nShortcuts:<br \/>\n<a href=\"https:\/\/www.hslu.ch\/en\/lucerne-school-of-business\/degree-programmes\/master\/applied-information-and-data-science\/student-experiences\/professional-portrait-decision-scientist\/\">Decision Scientist\u00a0<\/a>&#8211;\u00a0<a href=\"https:\/\/www.hslu.ch\/en\/lucerne-school-of-business\/degree-programmes\/master\/applied-information-and-data-science\/student-experiences\/professional-portrait-manager-internal-audit-data-analytics-leader\/\">Internal Audit Manager\/Data Analytics Leader\u00a0<\/a>&#8211;\u00a0<a href=\"https:\/\/www.hslu.ch\/en\/lucerne-school-of-business\/degree-programmes\/master\/applied-information-and-data-science\/student-experiences\/professional-portrait-data-engineer-data-scientist\/\">Data Engineer\/Data Scientist\u00a0<\/a>&#8211;\u00a0<a href=\"https:\/\/www.hslu.ch\/en\/lucerne-school-of-business\/degree-programmes\/master\/applied-information-and-data-science\/student-experiences\/professional-portrait-analyst-credit-management-office\/\">Analyst\/Credit Management Office\u00a0<\/a>&#8211;\u00a0<a href=\"https:\/\/www.hslu.ch\/en\/lucerne-school-of-business\/degree-programmes\/master\/applied-information-and-data-science\/student-experiences\/professional-portrait-data-analyst\/\">Data Analyst\u00a0<\/a>&#8211;\u00a0<a href=\"https:\/\/www.hslu.ch\/en\/lucerne-school-of-business\/degree-programmes\/master\/applied-information-and-data-science\/student-experiences\/professional-portrait-senior-consultant\/\">Senior Consultant\u00a0<\/a>&#8211;\u00a0<a href=\"https:\/\/www.hslu.ch\/en\/lucerne-school-of-business\/degree-programmes\/master\/applied-information-and-data-science\/student-experiences\/professional-portrait-specialist-in-data-analytics\/\">Specialist Data Analytics<\/a>\u00a0&#8211;\u00a0<a href=\"https:\/\/www.hslu.ch\/en\/lucerne-school-of-business\/degree-programmes\/master\/applied-information-and-data-science\/student-experiences\/professional-portrait-controlling-professional-and-data-science-specialist\/\">Controlling Professional and Data Science Specialist\u00a0<\/a>&#8211;\u00a0<a href=\"https:\/\/www.hslu.ch\/en\/lucerne-school-of-business\/degree-programmes\/master\/applied-information-and-data-science\/student-experiences\/professional-portrait-data-science-consultant\/\">Data Science Consultant\u00a0<\/a>&#8211;\u00a0<a href=\"https:\/\/www.hslu.ch\/en\/lucerne-school-of-business\/degree-programmes\/master\/applied-information-and-data-science\/student-experiences\/professional-portrait-chief-digital-officer-cdo\/\">Chief Digital Officer\u00a0<\/a>&#8211;\u00a0<a href=\"https:\/\/www.hslu.ch\/en\/lucerne-school-of-business\/degree-programmes\/master\/applied-information-and-data-science\/student-experiences\/professional-portrait-research-associate\/\">Research Associate<\/a>\u00a0&#8211;\u00a0<a href=\"https:\/\/www.hslu.ch\/de-ch\/wirtschaft\/studium\/master\/applied-information-and-data-science\/erfahrungsberichte\/berufsbild-digital-solutions-engineer\/\" target=\"_self\">Digital Solutions Engineer<\/a>\u00a0&#8211;\u00a0<a href=\"https:\/\/www.hslu.ch\/de-ch\/wirtschaft\/studium\/master\/applied-information-and-data-science\/erfahrungsberichte\/berufsbild-chief-revenue-officer-cro\/\" target=\"_self\">Chief Revenue Officer<\/a>\u00a0&#8211;\u00a0<a href=\"https:\/\/www.hslu.ch\/de-ch\/wirtschaft\/studium\/master\/applied-information-and-data-science\/erfahrungsberichte\/berufsbild-malatec\/\" target=\"_self\">Malatec<\/a><\/p>\n            <\/section>\n            <\/div>\n","protected":false},"excerpt":{"rendered":"<p>Sch\u00e4dliche \u00dcberregulierung oder notwendiger Pers\u00f6nlichkeitsschutz?<\/p>\n","protected":false},"author":94,"featured_media":4668,"comment_status":"closed","ping_status":"closed","sticky":false,"template":"","format":"standard","meta":{"_acf_changed":false,"ghostkit_customizer_options":"","ghostkit_custom_css":"","ghostkit_custom_js_head":"","ghostkit_custom_js_foot":"","ghostkit_typography":"","footnotes":""},"categories":[153],"tags":[],"class_list":["post-4577","post","type-post","status-publish","format-standard","has-post-thumbnail","hentry","category-data-privacy"],"acf":[],"yoast_head":"<!-- This site is optimized with the Yoast SEO plugin v27.5 - https:\/\/yoast.com\/product\/yoast-seo-wordpress\/ -->\n<title>Spannungsfeld Datensammlung \/ Datenschutz - Applied Data Science<\/title>\n<meta name=\"robots\" content=\"index, follow, max-snippet:-1, max-image-preview:large, max-video-preview:-1\" \/>\n<link rel=\"canonical\" href=\"https:\/\/sites.hslu.ch\/applied-data-science\/spannungsfeld-datensammlung-datenschutz\/\" \/>\n<meta property=\"og:locale\" content=\"en_US\" \/>\n<meta property=\"og:type\" content=\"article\" \/>\n<meta property=\"og:title\" content=\"Spannungsfeld Datensammlung \/ Datenschutz - Applied Data Science\" \/>\n<meta property=\"og:description\" content=\"Sch\u00e4dliche \u00dcberregulierung oder notwendiger Pers\u00f6nlichkeitsschutz?\" \/>\n<meta property=\"og:url\" content=\"https:\/\/sites.hslu.ch\/applied-data-science\/spannungsfeld-datensammlung-datenschutz\/\" \/>\n<meta property=\"og:site_name\" content=\"Applied Data Science\" \/>\n<meta property=\"article:published_time\" content=\"2019-12-11T10:52:50+00:00\" \/>\n<meta property=\"article:modified_time\" content=\"2023-04-24T12:24:03+00:00\" \/>\n<meta property=\"og:image\" content=\"https:\/\/sites.hslu.ch\/applied-data-science\/wp-content\/uploads\/sites\/4\/2019\/12\/Data_Privacy_1440_960_px.jpg\" \/>\n\t<meta property=\"og:image:width\" content=\"1440\" \/>\n\t<meta property=\"og:image:height\" content=\"960\" \/>\n\t<meta property=\"og:image:type\" content=\"image\/jpeg\" \/>\n<meta name=\"author\" content=\"stefanmiesch\" \/>\n<meta name=\"twitter:card\" content=\"summary_large_image\" \/>\n<meta name=\"twitter:label1\" content=\"Written by\" \/>\n\t<meta name=\"twitter:data1\" content=\"stefanmiesch\" \/>\n\t<meta name=\"twitter:label2\" content=\"Est. reading time\" \/>\n\t<meta name=\"twitter:data2\" content=\"10 minutes\" \/>\n<script type=\"application\/ld+json\" class=\"yoast-schema-graph\">{\"@context\":\"https:\\\/\\\/schema.org\",\"@graph\":[{\"@type\":\"Article\",\"@id\":\"https:\\\/\\\/sites.hslu.ch\\\/applied-data-science\\\/spannungsfeld-datensammlung-datenschutz\\\/#article\",\"isPartOf\":{\"@id\":\"https:\\\/\\\/sites.hslu.ch\\\/applied-data-science\\\/spannungsfeld-datensammlung-datenschutz\\\/\"},\"author\":{\"name\":\"stefanmiesch\",\"@id\":\"https:\\\/\\\/sites.hslu.ch\\\/applied-data-science\\\/#\\\/schema\\\/person\\\/82a42820e9d93e0127edd48132a5497d\"},\"headline\":\"Spannungsfeld Datensammlung \\\/ Datenschutz\",\"datePublished\":\"2019-12-11T10:52:50+00:00\",\"dateModified\":\"2023-04-24T12:24:03+00:00\",\"mainEntityOfPage\":{\"@id\":\"https:\\\/\\\/sites.hslu.ch\\\/applied-data-science\\\/spannungsfeld-datensammlung-datenschutz\\\/\"},\"wordCount\":2377,\"image\":{\"@id\":\"https:\\\/\\\/sites.hslu.ch\\\/applied-data-science\\\/spannungsfeld-datensammlung-datenschutz\\\/#primaryimage\"},\"thumbnailUrl\":\"https:\\\/\\\/sites.hslu.ch\\\/applied-data-science\\\/wp-content\\\/uploads\\\/sites\\\/4\\\/2019\\\/12\\\/Data_Privacy_1440_960_px.jpg\",\"articleSection\":[\"Data Privacy\"],\"inLanguage\":\"en-US\"},{\"@type\":\"WebPage\",\"@id\":\"https:\\\/\\\/sites.hslu.ch\\\/applied-data-science\\\/spannungsfeld-datensammlung-datenschutz\\\/\",\"url\":\"https:\\\/\\\/sites.hslu.ch\\\/applied-data-science\\\/spannungsfeld-datensammlung-datenschutz\\\/\",\"name\":\"Spannungsfeld Datensammlung \\\/ Datenschutz - Applied Data Science\",\"isPartOf\":{\"@id\":\"https:\\\/\\\/sites.hslu.ch\\\/applied-data-science\\\/#website\"},\"primaryImageOfPage\":{\"@id\":\"https:\\\/\\\/sites.hslu.ch\\\/applied-data-science\\\/spannungsfeld-datensammlung-datenschutz\\\/#primaryimage\"},\"image\":{\"@id\":\"https:\\\/\\\/sites.hslu.ch\\\/applied-data-science\\\/spannungsfeld-datensammlung-datenschutz\\\/#primaryimage\"},\"thumbnailUrl\":\"https:\\\/\\\/sites.hslu.ch\\\/applied-data-science\\\/wp-content\\\/uploads\\\/sites\\\/4\\\/2019\\\/12\\\/Data_Privacy_1440_960_px.jpg\",\"datePublished\":\"2019-12-11T10:52:50+00:00\",\"dateModified\":\"2023-04-24T12:24:03+00:00\",\"author\":{\"@id\":\"https:\\\/\\\/sites.hslu.ch\\\/applied-data-science\\\/#\\\/schema\\\/person\\\/82a42820e9d93e0127edd48132a5497d\"},\"breadcrumb\":{\"@id\":\"https:\\\/\\\/sites.hslu.ch\\\/applied-data-science\\\/spannungsfeld-datensammlung-datenschutz\\\/#breadcrumb\"},\"inLanguage\":\"en-US\",\"potentialAction\":[{\"@type\":\"ReadAction\",\"target\":[\"https:\\\/\\\/sites.hslu.ch\\\/applied-data-science\\\/spannungsfeld-datensammlung-datenschutz\\\/\"]}]},{\"@type\":\"ImageObject\",\"inLanguage\":\"en-US\",\"@id\":\"https:\\\/\\\/sites.hslu.ch\\\/applied-data-science\\\/spannungsfeld-datensammlung-datenschutz\\\/#primaryimage\",\"url\":\"https:\\\/\\\/sites.hslu.ch\\\/applied-data-science\\\/wp-content\\\/uploads\\\/sites\\\/4\\\/2019\\\/12\\\/Data_Privacy_1440_960_px.jpg\",\"contentUrl\":\"https:\\\/\\\/sites.hslu.ch\\\/applied-data-science\\\/wp-content\\\/uploads\\\/sites\\\/4\\\/2019\\\/12\\\/Data_Privacy_1440_960_px.jpg\",\"width\":1440,\"height\":960,\"caption\":\"Data Privacy\"},{\"@type\":\"BreadcrumbList\",\"@id\":\"https:\\\/\\\/sites.hslu.ch\\\/applied-data-science\\\/spannungsfeld-datensammlung-datenschutz\\\/#breadcrumb\",\"itemListElement\":[{\"@type\":\"ListItem\",\"position\":1,\"name\":\"Home\",\"item\":\"https:\\\/\\\/sites.hslu.ch\\\/applied-data-science\\\/\"},{\"@type\":\"ListItem\",\"position\":2,\"name\":\"Spannungsfeld Datensammlung \\\/ Datenschutz\"}]},{\"@type\":\"WebSite\",\"@id\":\"https:\\\/\\\/sites.hslu.ch\\\/applied-data-science\\\/#website\",\"url\":\"https:\\\/\\\/sites.hslu.ch\\\/applied-data-science\\\/\",\"name\":\"Applied Data Science\",\"description\":\"\",\"potentialAction\":[{\"@type\":\"SearchAction\",\"target\":{\"@type\":\"EntryPoint\",\"urlTemplate\":\"https:\\\/\\\/sites.hslu.ch\\\/applied-data-science\\\/?s={search_term_string}\"},\"query-input\":{\"@type\":\"PropertyValueSpecification\",\"valueRequired\":true,\"valueName\":\"search_term_string\"}}],\"inLanguage\":\"en-US\"},{\"@type\":\"Person\",\"@id\":\"https:\\\/\\\/sites.hslu.ch\\\/applied-data-science\\\/#\\\/schema\\\/person\\\/82a42820e9d93e0127edd48132a5497d\",\"name\":\"stefanmiesch\",\"image\":{\"@type\":\"ImageObject\",\"inLanguage\":\"en-US\",\"@id\":\"https:\\\/\\\/secure.gravatar.com\\\/avatar\\\/b1a0961cacbbbb968b13bbe99aa1c6a82c8c90660f671d119bdfedd87901ab4a?s=96&d=mm&r=g\",\"url\":\"https:\\\/\\\/secure.gravatar.com\\\/avatar\\\/b1a0961cacbbbb968b13bbe99aa1c6a82c8c90660f671d119bdfedd87901ab4a?s=96&d=mm&r=g\",\"contentUrl\":\"https:\\\/\\\/secure.gravatar.com\\\/avatar\\\/b1a0961cacbbbb968b13bbe99aa1c6a82c8c90660f671d119bdfedd87901ab4a?s=96&d=mm&r=g\",\"caption\":\"stefanmiesch\"},\"url\":\"https:\\\/\\\/sites.hslu.ch\\\/applied-data-science\\\/author\\\/stefanmiesch\\\/\"}]}<\/script>\n<!-- \/ Yoast SEO plugin. -->","yoast_head_json":{"title":"Spannungsfeld Datensammlung \/ Datenschutz - Applied Data Science","robots":{"index":"index","follow":"follow","max-snippet":"max-snippet:-1","max-image-preview":"max-image-preview:large","max-video-preview":"max-video-preview:-1"},"canonical":"https:\/\/sites.hslu.ch\/applied-data-science\/spannungsfeld-datensammlung-datenschutz\/","og_locale":"en_US","og_type":"article","og_title":"Spannungsfeld Datensammlung \/ Datenschutz - Applied Data Science","og_description":"Sch\u00e4dliche \u00dcberregulierung oder notwendiger Pers\u00f6nlichkeitsschutz?","og_url":"https:\/\/sites.hslu.ch\/applied-data-science\/spannungsfeld-datensammlung-datenschutz\/","og_site_name":"Applied Data Science","article_published_time":"2019-12-11T10:52:50+00:00","article_modified_time":"2023-04-24T12:24:03+00:00","og_image":[{"width":1440,"height":960,"url":"https:\/\/sites.hslu.ch\/applied-data-science\/wp-content\/uploads\/sites\/4\/2019\/12\/Data_Privacy_1440_960_px.jpg","type":"image\/jpeg"}],"author":"stefanmiesch","twitter_card":"summary_large_image","twitter_misc":{"Written by":"stefanmiesch","Est. reading time":"10 minutes"},"schema":{"@context":"https:\/\/schema.org","@graph":[{"@type":"Article","@id":"https:\/\/sites.hslu.ch\/applied-data-science\/spannungsfeld-datensammlung-datenschutz\/#article","isPartOf":{"@id":"https:\/\/sites.hslu.ch\/applied-data-science\/spannungsfeld-datensammlung-datenschutz\/"},"author":{"name":"stefanmiesch","@id":"https:\/\/sites.hslu.ch\/applied-data-science\/#\/schema\/person\/82a42820e9d93e0127edd48132a5497d"},"headline":"Spannungsfeld Datensammlung \/ Datenschutz","datePublished":"2019-12-11T10:52:50+00:00","dateModified":"2023-04-24T12:24:03+00:00","mainEntityOfPage":{"@id":"https:\/\/sites.hslu.ch\/applied-data-science\/spannungsfeld-datensammlung-datenschutz\/"},"wordCount":2377,"image":{"@id":"https:\/\/sites.hslu.ch\/applied-data-science\/spannungsfeld-datensammlung-datenschutz\/#primaryimage"},"thumbnailUrl":"https:\/\/sites.hslu.ch\/applied-data-science\/wp-content\/uploads\/sites\/4\/2019\/12\/Data_Privacy_1440_960_px.jpg","articleSection":["Data Privacy"],"inLanguage":"en-US"},{"@type":"WebPage","@id":"https:\/\/sites.hslu.ch\/applied-data-science\/spannungsfeld-datensammlung-datenschutz\/","url":"https:\/\/sites.hslu.ch\/applied-data-science\/spannungsfeld-datensammlung-datenschutz\/","name":"Spannungsfeld Datensammlung \/ Datenschutz - Applied Data Science","isPartOf":{"@id":"https:\/\/sites.hslu.ch\/applied-data-science\/#website"},"primaryImageOfPage":{"@id":"https:\/\/sites.hslu.ch\/applied-data-science\/spannungsfeld-datensammlung-datenschutz\/#primaryimage"},"image":{"@id":"https:\/\/sites.hslu.ch\/applied-data-science\/spannungsfeld-datensammlung-datenschutz\/#primaryimage"},"thumbnailUrl":"https:\/\/sites.hslu.ch\/applied-data-science\/wp-content\/uploads\/sites\/4\/2019\/12\/Data_Privacy_1440_960_px.jpg","datePublished":"2019-12-11T10:52:50+00:00","dateModified":"2023-04-24T12:24:03+00:00","author":{"@id":"https:\/\/sites.hslu.ch\/applied-data-science\/#\/schema\/person\/82a42820e9d93e0127edd48132a5497d"},"breadcrumb":{"@id":"https:\/\/sites.hslu.ch\/applied-data-science\/spannungsfeld-datensammlung-datenschutz\/#breadcrumb"},"inLanguage":"en-US","potentialAction":[{"@type":"ReadAction","target":["https:\/\/sites.hslu.ch\/applied-data-science\/spannungsfeld-datensammlung-datenschutz\/"]}]},{"@type":"ImageObject","inLanguage":"en-US","@id":"https:\/\/sites.hslu.ch\/applied-data-science\/spannungsfeld-datensammlung-datenschutz\/#primaryimage","url":"https:\/\/sites.hslu.ch\/applied-data-science\/wp-content\/uploads\/sites\/4\/2019\/12\/Data_Privacy_1440_960_px.jpg","contentUrl":"https:\/\/sites.hslu.ch\/applied-data-science\/wp-content\/uploads\/sites\/4\/2019\/12\/Data_Privacy_1440_960_px.jpg","width":1440,"height":960,"caption":"Data Privacy"},{"@type":"BreadcrumbList","@id":"https:\/\/sites.hslu.ch\/applied-data-science\/spannungsfeld-datensammlung-datenschutz\/#breadcrumb","itemListElement":[{"@type":"ListItem","position":1,"name":"Home","item":"https:\/\/sites.hslu.ch\/applied-data-science\/"},{"@type":"ListItem","position":2,"name":"Spannungsfeld Datensammlung \/ Datenschutz"}]},{"@type":"WebSite","@id":"https:\/\/sites.hslu.ch\/applied-data-science\/#website","url":"https:\/\/sites.hslu.ch\/applied-data-science\/","name":"Applied Data Science","description":"","potentialAction":[{"@type":"SearchAction","target":{"@type":"EntryPoint","urlTemplate":"https:\/\/sites.hslu.ch\/applied-data-science\/?s={search_term_string}"},"query-input":{"@type":"PropertyValueSpecification","valueRequired":true,"valueName":"search_term_string"}}],"inLanguage":"en-US"},{"@type":"Person","@id":"https:\/\/sites.hslu.ch\/applied-data-science\/#\/schema\/person\/82a42820e9d93e0127edd48132a5497d","name":"stefanmiesch","image":{"@type":"ImageObject","inLanguage":"en-US","@id":"https:\/\/secure.gravatar.com\/avatar\/b1a0961cacbbbb968b13bbe99aa1c6a82c8c90660f671d119bdfedd87901ab4a?s=96&d=mm&r=g","url":"https:\/\/secure.gravatar.com\/avatar\/b1a0961cacbbbb968b13bbe99aa1c6a82c8c90660f671d119bdfedd87901ab4a?s=96&d=mm&r=g","contentUrl":"https:\/\/secure.gravatar.com\/avatar\/b1a0961cacbbbb968b13bbe99aa1c6a82c8c90660f671d119bdfedd87901ab4a?s=96&d=mm&r=g","caption":"stefanmiesch"},"url":"https:\/\/sites.hslu.ch\/applied-data-science\/author\/stefanmiesch\/"}]}},"_links":{"self":[{"href":"https:\/\/sites.hslu.ch\/applied-data-science\/wp-json\/wp\/v2\/posts\/4577","targetHints":{"allow":["GET"]}}],"collection":[{"href":"https:\/\/sites.hslu.ch\/applied-data-science\/wp-json\/wp\/v2\/posts"}],"about":[{"href":"https:\/\/sites.hslu.ch\/applied-data-science\/wp-json\/wp\/v2\/types\/post"}],"author":[{"embeddable":true,"href":"https:\/\/sites.hslu.ch\/applied-data-science\/wp-json\/wp\/v2\/users\/94"}],"replies":[{"embeddable":true,"href":"https:\/\/sites.hslu.ch\/applied-data-science\/wp-json\/wp\/v2\/comments?post=4577"}],"version-history":[{"count":12,"href":"https:\/\/sites.hslu.ch\/applied-data-science\/wp-json\/wp\/v2\/posts\/4577\/revisions"}],"predecessor-version":[{"id":8829,"href":"https:\/\/sites.hslu.ch\/applied-data-science\/wp-json\/wp\/v2\/posts\/4577\/revisions\/8829"}],"wp:featuredmedia":[{"embeddable":true,"href":"https:\/\/sites.hslu.ch\/applied-data-science\/wp-json\/wp\/v2\/media\/4668"}],"wp:attachment":[{"href":"https:\/\/sites.hslu.ch\/applied-data-science\/wp-json\/wp\/v2\/media?parent=4577"}],"wp:term":[{"taxonomy":"category","embeddable":true,"href":"https:\/\/sites.hslu.ch\/applied-data-science\/wp-json\/wp\/v2\/categories?post=4577"},{"taxonomy":"post_tag","embeddable":true,"href":"https:\/\/sites.hslu.ch\/applied-data-science\/wp-json\/wp\/v2\/tags?post=4577"}],"curies":[{"name":"wp","href":"https:\/\/api.w.org\/{rel}","templated":true}]}}